{"id":1896410,"date":"2026-04-22T06:00:28","date_gmt":"2026-04-22T03:00:28","guid":{"rendered":"https:\/\/analyse.optim.biz\/?p=1896410"},"modified":"2026-04-22T06:00:28","modified_gmt":"2026-04-22T03:00:28","slug":"perchezitii-de-amploare-in-bistrita-si-salaj-inclusiv-la-locuinta-presedintelui-cj-bistrita-radu-moldovan-surse","status":"publish","type":"post","link":"https:\/\/analyse.optim.biz\/?p=1896410","title":{"rendered":"Perchezi\u021bii de amploare \u00een Bistri\u021ba \u0219i S\u0103laj, inclusiv la locuin\u021ba pre\u0219edintelui CJ Bistri\u021ba Radu Moldovan &#8211; SURSE"},"content":{"rendered":"<p>[analyse_image type=&#8221;featured&#8221; src=&#8221;https:\/\/media.realitatea.net\/multimedia\/image\/202604\/w1920\/Bistrita_perchezitii_CJ-BN_003_3c2b5b874d.jpg&#8221;]<\/p>\n<div class=\"article-box-content\">\n&lt;!&#8211;            <\/p>\n<div class=\"article-box-content\" role=\"section\" aria-label=\"Con&#539;inutul articolului\">&#8211;&gt;<\/p>\n<div id=\"digital-atelier-mobile\"><\/div>\n<div id=\"permanent-position-before-content\"><\/div>\n<div id=\"digital-atelier-desktop\"><\/div>\n<div class=\"realitatea-article-content-box\">\n<p><strong>UPDATE<\/strong> &#8211; Se pare c\u0103 perchezi\u021bii au loc \u0219i la constructorul Dimex, companie cu activitate \u00een domeniul infrastructurii, potrivit Bistri\u021beanul. De-a lungul timpului, compania a fost &#8220;abonat\u0103&#8221; la contracte din bani public, pe sume uria\u0219e de bani. Surse Bistri\u021beanul.ro au precizat c\u0103 \u0219i la constructorul Frasinul au loc perchezi\u021bii.\u00a0<\/p>\n<div id=\"adocean-mobile-positon\">\n<div data-ao-pid=\"1s3nVeO8d7fVQQxZ8qBwmwF8nJdHUjAHhp2PqUhQfRb.D7\"><\/div>\n<\/p><\/div>\n<p><strong>UPDATE<\/strong> &#8211; Activitatea cu publicul a biroului notarial al Marsinetei Vaida a fost \u00eentrerupt\u0103. Un jandarm este \u00een fa\u021ba u\u0219ii \u0219i nu le permite celor care au treab\u0103 la birou s\u0103 intre.<\/p>\n<p><strong>UPDATE &#8211;<\/strong> Administratorul jude\u021bului, Radu Moldovan, a fost v\u0103zut intr\u00e2nd \u00een sediul Consiliului Jude\u021bean al\u0103turi de anchetatori, av\u00e2nd cu el o cutie cu documente.<\/p>\n<p>Anchetatorii au verificat inclusiv autoturismul pre\u0219edintelui Consiliului Jude\u021bean, precum \u0219i pe cel al so\u021biei acestuia, \u00een cadrul perchezi\u021biilor desf\u0103\u0219urate miercuri diminea\u021b\u0103.<\/p>\n<div id=\"truvid-mobile-postion\"><\/div>\n<div id=\"adocean-desktop-positon\">\n<div data-ao-pid=\"1s3nVeO8d7fVQQxZ8qBwmwF8nJdHUjAHhp2PqUhQfRb.D7\"><\/div>\n<\/div>\n<p><strong>UPDATE &#8211; <\/strong>Procurorii DNA fac, miercuri diminea\u0163\u0103, 69 de perchezi\u0163ii la dou\u0103 institu\u0163ii publice \u015fi la locuin\u0163ele unor persoane, \u00een trei cauze penale privind infrac\u0163iuni de corup\u0163ie \u015fi sp\u0103lare de bani, \u00een contextul achizi\u0163iilor unor lucr\u0103ri de utilitate public\u0103 la Consiliile Jude\u0163ene Bistri\u0163a-N\u0103s\u0103ud \u015fi S\u0103laj, informeaz\u0103 DNA.\u00a0<\/p>\n<p>DNA informeaz\u0103, miercuri diminea\u0163\u0103, c\u0103 procurori din cadrul Direc\u0163iei Na\u0163ionale Anticorup\u0163ie \u2013 Serviciul teritorial Cluj fac cercet\u0103ri \u00een trei cauze penale ce vizeaz\u0103 suspiciuni privind s\u0103v\u00e2r\u015firea, \u00een perioada 2022 &#8211; prezent, a unor infrac\u0163iuni de corup\u0163ie \u015fi asimilate celor de corup\u0163ie, respectiv sp\u0103lare de bani, \u00een contextul achizi\u0163iilor unor lucr\u0103ri de utilitate public\u0103 la nivelul Consiliilor Jude\u0163ene Bistri\u0163a-N\u0103s\u0103ud \u015fi S\u0103laj.<\/p>\n<p>Potrivit sursei citate, \u00een cursul zilei de 22 aprilie 2026, \u00een baza mandatelor emise de instan\u0163a competent\u0103, au loc perchezi\u0163ii domiciliare \u00een 69 de loca\u0163ii din jude\u0163ele Bistri\u0163a-N\u0103s\u0103ud, Cluj, S\u0103laj, Ia\u015fi \u015fi municipiul Bucure\u015fti, fiind vizate sediile a dou\u0103 institu\u0163ii publice, respectiv domiciliile unor persoane fizice \u015fi sediile sau punctele de lucru ale unor operatori economici.\u00a0<\/p>\n<p>De asemenea, \u00een executarea unui ordin european de anchet\u0103, se desf\u0103\u015foar\u0103 activit\u0103\u0163i de perchezi\u0163ie domiciliar\u0103 \u015fi pe teritoriul statului francez, precizeaz\u0103 sursa citat\u0103.<\/p>\n<p>Acestea au loc cu sprijinul Direc\u0163iei Na\u0163ionale Anticorup\u0163ie-Structura central\u0103, a Serviciilor Teritoriale Alba Iulia, Bra\u015fov, Ia\u015fi, Oradea, Pite\u015fti, Suceava \u015fi Timi\u015foara, EUROJUST, I.P.J. Alba, I.P.J. Cluj \u015fi I.P.J. Maramure\u015f, S.R.P.T. Cluj-Napoca, precum \u015fi a Jandarmeriei Rom\u00e2ne.<\/p>\n<div id=\"truvid-desktop-postion\"><\/div>\n<p><strong>\u0218TIREA INI\u021aIAL\u0102<\/strong><\/p>\n<p>Perchezi\u021biile au \u00eenceput \u00een aceast\u0103 diminea\u021b\u0103 \u0219i au loc la locuin\u021ba pre\u0219edintelui Consiliului Jude\u021bean Radu Moldovan, la Consiliul Jude\u021bean, dar \u0219i la o notari\u021b\u0103 din Bistri\u021ba, fost\u0103 so\u021bia fratelui pre\u0219edintelui CJ Radu Moldovan.<\/p>\n<p>Pre\u0219edintele Radu Moldovan este acas\u0103 \u0219i pare s\u0103 colaboreze cu anchetatorii. Acesta a fost surprins \u00een curtea casei sale, potrivit imaginilor publicate de cotidianul local Bistri\u021beanul.<\/p>\n<p><img decoding=\"async\" src=\"https:\/\/media.realitatea.net\/multimedia\/image\/202604\/full\/Bistrita_perchezitii_Radu-Molodvan_6_84213c74cb.jpg\" alt=\"Imagine\" width=\"100%\"><\/p>\n<p><img decoding=\"async\" src=\"https:\/\/media.realitatea.net\/multimedia\/image\/202604\/full\/Bistrita_perchezitii_Radu-Molodvan_5_b5f035d4eb.jpg\" alt=\"Imagine\" width=\"100%\"><\/p>\n<p>Surse apropiate anchetei &#8211; citate de Realitatea PLUS &#8211; indic\u0103 faptul c\u0103 perchezi\u021biile care \u00eel vizeaz\u0103 \u0219i pe Radu Moldovan ar putea avea leg\u0103tur\u0103 cu un anume domeniu, Transilvania, unde ar fi existat suspiciuni privind \u00eentocmirea unor acte notariale \u00een fals.<\/p>\n<p>De asemenea, sursele mai spun c\u0103 &#8211; \u00een func\u021bie de evolu\u021bia anchetei &#8211; verific\u0103rile s-ar putea extinde \u0219i \u00een Cluj Napoca, acolo unde locuie\u0219te cineva implicat \u00een aceast\u0103 situa\u021bie, iar persoana respectiv\u0103, vorbim aici despre o femeie, ar lucra \u00een cadrul Autorit\u0103\u021bii pentru Digitalizarea Rom\u00e2niei (ADR).<\/p>\n<\/p>\n<\/div>\n<div data-ao-pid=\"acVcznEUnS79iL7oRf2OfNAAE8XviPKkQ6AW09XriFv.87\"><\/div>\n<div class=\"realitatea-add\">\n<div class=\"realitatea-in-article-partner\"><\/div>\n<\/div>\n<div class=\"realitatea-partners-news realitatea-partners-design\">\n<hr class=\"realitatea-partners-news-hr\">\n<div class=\"d-flex justify-content-center w-100 flex-row mt-5 mb-5\">\n                                <!--  &amp; \/32628511\/Realitatea.netV2_articol_mobile\/300x250_1 --><\/p>\n<div id=\"div-gpt-ad-1625071005196-0\"><\/div>\n<\/p><\/div>\n<hr class=\"realitatea-partners-news-hr\">\n<article class>\n<div class=\"article-box-image\">\n<figure>\n                    <a href=\"https:\/\/www.tabu.ro\/designerul-care-a-socat-cu-o-colectie-inspirata-din-tragedia-de-la-colectiv-a-murit-la-doar-42-de-ani\/\" data-href=\"\/\/locale.realitatea.net\/2026\/04\/c2fa3a143eb31f2c6066b5b4832e3c96.jpg\" class=\"progressive replace\" title=\"Designerul care a \u0219ocat cu o colec\u021bie inspirat\u0103 din tragedia de la Colectiv a murit la doar 42 de ani\" rel=\"noopener external nofollow\" target=\"_blank\"><br \/>\n                                    <img decoding=\"async\" src=\"https:\/\/media.realitatea.net\/multimedia\/placeholder\/placeholder-article.webp\" class=\"preview w-100\" alt=\"Articol partener\"><br \/>\n                    <\/a><br \/>\n                <\/figure>\n<\/p><\/div>\n<div class=\"article-box-section\">\n<h3>TABU.RO<\/h3>\n<\/p><\/div>\n<div class=\"article-box-title\">\n                <a href=\"https:\/\/www.tabu.ro\/designerul-care-a-socat-cu-o-colectie-inspirata-din-tragedia-de-la-colectiv-a-murit-la-doar-42-de-ani\/\" title=\"Designerul care a \u0219ocat cu o colec\u021bie inspirat\u0103 din tragedia de la Colectiv a murit la doar 42 de ani\" rel=\"noopener external nofollow\" target=\"_blank\"><br \/>\n                    <span>Designerul care a \u0219ocat cu o colec\u021bie inspirat\u0103 din tragedia de la Colectiv a murit la doar 42 de ani<\/span><br \/>\n                <\/a>\n            <\/div>\n<\/article>\n<hr class=\"realitatea-partners-news-hr\">\n            <\/div>\n<\/p><\/div>\n<div class=\"articleBody\" data-key=\"articleBody\">UPDATE &#8211; Se pare ca perchezitii au loc si la constructorul Dimex, companie cu activitate in domeniul infrastructurii, potrivit Bistriteanul. De-a lungul timpului, compania a fost &#8220;abonata&#8221; la contracte din bani public, pe sume uriase de bani. Surse Bistriteanul.ro au precizat ca si la constructorul Frasinul au loc perchezitii. UPDATE &#8211; Activitatea cu publicul a biroului notarial al Marsinetei Vaida a fost intrerupta. Un jandarm este in fata usii si nu le permite celor care au treaba la birou sa intre.UPDATE &#8211; Administratorul judetului, Radu Moldovan, a fost vazut intrand in sediul Consiliului Judetean alaturi de anchetatori, avand cu el o cutie cu documente.Anchetatorii au verificat inclusiv autoturismul presedintelui Consiliului Judetean, precum si pe cel al sotiei acestuia, in cadrul perchezitiilor desfasurate miercuri dimineata.UPDATE &#8211; Procurorii DNA fac, miercuri dimineata, 69 de perchezitii la doua institutii publice si la locuintele unor persoane, in trei cauze penale privind infractiuni de coruptie si spalare de bani, in contextul achizitiilor unor lucrari de utilitate publica la Consiliile Judetene Bistrita-Nasaud si Salaj, informeaza DNA. DNA informeaza, miercuri dimineata, ca procurori din cadrul Directiei Nationale Anticoruptie &#8211; Serviciul teritorial Cluj fac cercetari in trei cauze penale ce vizeaza suspiciuni privind savarsirea, in perioada 2022 &#8211; prezent, a unor infractiuni de coruptie si asimilate celor de coruptie, respectiv spalare de bani, in contextul achizitiilor unor lucrari de utilitate publica la nivelul Consiliilor Judetene Bistrita-Nasaud si Salaj.Potrivit sursei citate, in cursul zilei de 22 aprilie 2026, in baza mandatelor emise de instanta competenta, au loc perchezitii domiciliare in 69 de locatii din judetele Bistrita-Nasaud, Cluj, Salaj, Iasi si municipiul Bucuresti, fiind vizate sediile a doua institutii publice, respectiv domiciliile unor persoane fizice si sediile sau punctele de lucru ale unor operatori economici. De asemenea, in executarea unui ordin european de ancheta, se desfasoara activitati de perchezitie domiciliara si pe teritoriul statului francez, precizeaza sursa citata.Acestea au loc cu sprijinul Directiei Nationale Anticoruptie-Structura centrala, a Serviciilor Teritoriale Alba Iulia, Brasov, Iasi, Oradea, Pitesti, Suceava si Timisoara, EUROJUST, I.P.J. Alba, I.P.J. Cluj si I.P.J. Maramures, S.R.P.T. Cluj-Napoca, precum si a Jandarmeriei Romane.STIREA INITIALAPerchezitiile au inceput in aceasta dimineata si au loc la locuinta presedintelui Consiliului Judetean Radu Moldovan, la Consiliul Judetean, dar si la o notarita din Bistrita, fosta sotia fratelui presedintelui CJ Radu Moldovan.Presedintele Radu Moldovan este acasa si pare sa colaboreze cu anchetatorii. Acesta a fost surprins in curtea casei sale, potrivit imaginilor publicate de cotidianul local Bistriteanul.Surse apropiate anchetei &#8211; citate de Realitatea PLUS &#8211; indica faptul ca perchezitiile care il vizeaza si pe Radu Moldovan ar putea avea legatura cu un anume domeniu, Transilvania, unde ar fi existat suspiciuni privind intocmirea unor acte notariale in fals.De asemenea, sursele mai spun ca &#8211; in functie de evolutia anchetei &#8211; verificarile s-ar putea extinde si in Cluj Napoca, acolo unde locuieste cineva implicat in aceasta situatie, iar persoana respectiva, vorbim aici despre o femeie, ar lucra in cadrul Autoritatii pentru Digitalizarea Romaniei (ADR).<\/div>\n<\/p>\n<p>[analyse_source url=&#8221;https:\/\/www.realitatea.net\/stiri\/actual\/perchezitii-de-amploare-in-bistrita-presedintele-cj-intre-persoanele-vizate_69e863fcbda57f433120de72&#8243;]<\/p>\n","protected":false},"excerpt":{"rendered":"<p>[analyse_image type=&#8221;featured&#8221; src=&#8221;https:\/\/media.realitatea.net\/multimedia\/image\/202604\/w1920\/Bistrita_perchezitii_CJ-BN_003_3c2b5b874d.jpg&#8221;] &lt;!&#8211; &#8211;&gt; UPDATE &#8211; Se pare c\u0103 perchezi\u021bii au loc \u0219i la constructorul Dimex, companie cu activitate \u00een domeniul infrastructurii, potrivit Bistri\u021beanul. De-a lungul timpului, compania a fost &#8220;abonat\u0103&#8221; la contracte din bani public, pe sume uria\u0219e de bani. Surse Bistri\u021beanul.ro au precizat c\u0103 \u0219i la constructorul Frasinul au loc perchezi\u021bii.\u00a0 UPDATE [&hellip;]<\/p>\n","protected":false},"author":1,"featured_media":0,"comment_status":"open","ping_status":"","sticky":false,"template":"","format":"standard","meta":{"footnotes":""},"categories":[89],"tags":[226,15],"class_list":["post-1896410","post","type-post","status-publish","format-standard","hentry","category-romania","tag-crawlmanager","tag-realitatea-net"],"_links":{"self":[{"href":"https:\/\/analyse.optim.biz\/index.php?rest_route=\/wp\/v2\/posts\/1896410","targetHints":{"allow":["GET"]}}],"collection":[{"href":"https:\/\/analyse.optim.biz\/index.php?rest_route=\/wp\/v2\/posts"}],"about":[{"href":"https:\/\/analyse.optim.biz\/index.php?rest_route=\/wp\/v2\/types\/post"}],"author":[{"embeddable":true,"href":"https:\/\/analyse.optim.biz\/index.php?rest_route=\/wp\/v2\/users\/1"}],"replies":[{"embeddable":true,"href":"https:\/\/analyse.optim.biz\/index.php?rest_route=%2Fwp%2Fv2%2Fcomments&post=1896410"}],"version-history":[{"count":0,"href":"https:\/\/analyse.optim.biz\/index.php?rest_route=\/wp\/v2\/posts\/1896410\/revisions"}],"wp:attachment":[{"href":"https:\/\/analyse.optim.biz\/index.php?rest_route=%2Fwp%2Fv2%2Fmedia&parent=1896410"}],"wp:term":[{"taxonomy":"category","embeddable":true,"href":"https:\/\/analyse.optim.biz\/index.php?rest_route=%2Fwp%2Fv2%2Fcategories&post=1896410"},{"taxonomy":"post_tag","embeddable":true,"href":"https:\/\/analyse.optim.biz\/index.php?rest_route=%2Fwp%2Fv2%2Ftags&post=1896410"}],"curies":[{"name":"wp","href":"https:\/\/api.w.org\/{rel}","templated":true}]}}