{"id":1896406,"date":"2026-04-22T07:40:02","date_gmt":"2026-04-22T04:40:02","guid":{"rendered":"https:\/\/analyse.optim.biz\/?p=1896406"},"modified":"2026-04-22T07:40:02","modified_gmt":"2026-04-22T04:40:02","slug":"scenariu-de-criza-la-palatul-victoria-toni-neacsu-cum-poate-fi-guvernata-romania-fara-psd-video","status":"publish","type":"post","link":"https:\/\/analyse.optim.biz\/?p=1896406","title":{"rendered":"Scenariu de criz\u0103 la Palatul Victoria. Toni Neac\u0219u: Cum poate fi guvernat\u0103 Rom\u00e2nia f\u0103r\u0103 PSD | VIDEO"},"content":{"rendered":"<p>[analyse_image type=&#8221;featured&#8221; src=&#8221;https:\/\/media.realitatea.net\/multimedia\/image\/202507\/w1920\/coalitie_fa4e67283c.jpg&#8221;]<\/p>\n<div class=\"article-box-content\">\n&lt;!&#8211;            <\/p>\n<div class=\"article-box-content\" role=\"section\" aria-label=\"Con&#539;inutul articolului\">&#8211;&gt;<\/p>\n<div id=\"digital-atelier-mobile\"><\/div>\n<div id=\"permanent-position-before-content\"><\/div>\n<div id=\"digital-atelier-desktop\"><\/div>\n<div class=\"realitatea-article-content-box\">\n<h2 data-path-to-node=\"1\">Analiza lui Toni Neac\u0219u: De ce ie\u0219irea PSD de la guvernare nu \u00eenseamn\u0103 pr\u0103bu\u0219irea automat\u0103 a Cabinetului<\/h2>\n<p data-path-to-node=\"2\">\u00centr-un moment de maxim\u0103 tensiune politic\u0103, avocatul Toni Neac\u0219u, fost membru al Consiliului Superior al Magistraturii (CSM), ofer\u0103 o clarificare esen\u021bial\u0103 privind viitorul Executivului. Potrivit acestuia, un eventual abandon al coali\u021biei de c\u0103tre Partidul Social Democrat nu echivaleaz\u0103 cu \u00eencetarea mandatului pentru actualul Guvern, arhitectura constitu\u021bional\u0103 oferind solu\u021bii de continuitate.<\/p>\n<div id=\"adocean-mobile-positon\">\n<div data-ao-pid=\"1s3nVeO8d7fVQQxZ8qBwmwF8nJdHUjAHhp2PqUhQfRb.D7\"><\/div>\n<\/p><\/div>\n<h2 data-path-to-node=\"3\">Mecanismul interimatului de 45 de zile<\/h2>\n<p data-path-to-node=\"4\">Toni Neac\u0219u explic\u0103 faptul c\u0103 demisia mini\u0219trilor PSD nu las\u0103 portofoliile respective blocate. \u00cen locul acestora vor fi numi\u021bi mini\u0219tri interimari, selecta\u021bi dintre membrii actuali ai Cabinetului care r\u0103m\u00e2n \u00een func\u021bie. Aceast\u0103 solu\u021bie temporar\u0103 este valabil\u0103 pentru o perioad\u0103 de <strong data-path-to-node=\"4\" data-index-in-node=\"280\">45 de zile<\/strong>, interval \u00een care administra\u021bia poate func\u021biona f\u0103r\u0103 sincope, oferind \u00een acela\u0219i timp r\u0103gazul necesar pentru reconfigur\u0103ri politice sau noi numiri.<\/p>\n<div id=\"truvid-mobile-postion\"><\/div>\n<div id=\"adocean-desktop-positon\">\n<div data-ao-pid=\"1s3nVeO8d7fVQQxZ8qBwmwF8nJdHUjAHhp2PqUhQfRb.D7\"><\/div>\n<\/div>\n<h2 data-path-to-node=\"5\">Mo\u021biunea de cenzur\u0103, singurul obstacol decisiv<\/h2>\n<p data-path-to-node=\"6\">Un aspect crucial subliniat de expertul juridic este c\u0103 mandatul Guvernului nu depinde exclusiv de voin\u021ba unui partener de coali\u021bie de a r\u0103m\u00e2ne la mas\u0103. Singura modalitate legal\u0103 prin care Guvernul poate fi demis este prin intermediul Parlamentului.<\/p>\n<p data-path-to-node=\"7\">Astfel, dac\u0103 for\u021bele politice de opozi\u021bie sau fo\u0219tii parteneri depun o mo\u021biune de cenzur\u0103, dar aceasta nu reu\u0219e\u0219te s\u0103 \u00eentruneasc\u0103 num\u0103rul necesar de voturi pentru a trece, Guvernul r\u0103m\u00e2ne \u00een func\u021bie. \u00cen esen\u021b\u0103, chiar \u0219i f\u0103r\u0103 sprijinul PSD, Cabinetul \u00ee\u0219i p\u0103streaz\u0103 legitimitatea p\u00e2n\u0103 c\u00e2nd este sanc\u021bionat printr-un vot majoritar \u00een Legislativ.<\/p>\n<\/p>\n<div id=\"truvid-desktop-postion\"><\/div>\n<\/div>\n<div data-ao-pid=\"acVcznEUnS79iL7oRf2OfNAAE8XviPKkQ6AW09XriFv.87\"><\/div>\n<div class=\"realitatea-add\">\n<div class=\"realitatea-in-article-partner\"><\/div>\n<\/div>\n<div class=\"realitatea-partners-news realitatea-partners-design\">\n<hr class=\"realitatea-partners-news-hr\">\n<div class=\"d-flex justify-content-center w-100 flex-row mt-5 mb-5\">\n                                <!--  &amp; \/32628511\/Realitatea.netV2_articol_mobile\/300x250_1 --><\/p>\n<div id=\"div-gpt-ad-1625071005196-0\"><\/div>\n<\/p><\/div>\n<hr class=\"realitatea-partners-news-hr\">\n<article class>\n<div class=\"article-box-image\">\n<figure>\n                    <a href=\"https:\/\/www.tabu.ro\/designerul-care-a-socat-cu-o-colectie-inspirata-din-tragedia-de-la-colectiv-a-murit-la-doar-42-de-ani\/\" data-href=\"\/\/locale.realitatea.net\/2026\/04\/c2fa3a143eb31f2c6066b5b4832e3c96.jpg\" class=\"progressive replace\" title=\"Designerul care a \u0219ocat cu o colec\u021bie inspirat\u0103 din tragedia de la Colectiv a murit la doar 42 de ani\" rel=\"noopener external nofollow\" target=\"_blank\"><br \/>\n                                    <img decoding=\"async\" src=\"https:\/\/media.realitatea.net\/multimedia\/placeholder\/placeholder-article.webp\" class=\"preview w-100\" alt=\"Articol partener\"><br \/>\n                    <\/a><br \/>\n                <\/figure>\n<\/p><\/div>\n<div class=\"article-box-section\">\n<h3>TABU.RO<\/h3>\n<\/p><\/div>\n<div class=\"article-box-title\">\n                <a href=\"https:\/\/www.tabu.ro\/designerul-care-a-socat-cu-o-colectie-inspirata-din-tragedia-de-la-colectiv-a-murit-la-doar-42-de-ani\/\" title=\"Designerul care a \u0219ocat cu o colec\u021bie inspirat\u0103 din tragedia de la Colectiv a murit la doar 42 de ani\" rel=\"noopener external nofollow\" target=\"_blank\"><br \/>\n                    <span>Designerul care a \u0219ocat cu o colec\u021bie inspirat\u0103 din tragedia de la Colectiv a murit la doar 42 de ani<\/span><br \/>\n                <\/a>\n            <\/div>\n<\/article>\n<hr class=\"realitatea-partners-news-hr\">\n            <\/div>\n<\/p><\/div>\n<div class=\"articleBody\" data-key=\"articleBody\">Analiza lui Toni Neacsu: De ce iesirea PSD de la guvernare nu inseamna prabusirea automata a CabinetuluiIntr-un moment de maxima tensiune politica, avocatul Toni Neacsu, fost membru al Consiliului Superior al Magistraturii (CSM), ofera o clarificare esentiala privind viitorul Executivului. Potrivit acestuia, un eventual abandon al coalitiei de catre Partidul Social Democrat nu echivaleaza cu incetarea mandatului pentru actualul Guvern, arhitectura constitutionala oferind solutii de continuitate.Mecanismul interimatului de 45 de zileToni Neacsu explica faptul ca demisia ministrilor PSD nu lasa portofoliile respective blocate. In locul acestora vor fi numiti ministri interimari, selectati dintre membrii actuali ai Cabinetului care raman in functie. Aceasta solutie temporara este valabila pentru o perioada de 45 de zile, interval in care administratia poate functiona fara sincope, oferind in acelasi timp ragazul necesar pentru reconfigurari politice sau noi numiri.Motiunea de cenzura, singurul obstacol decisivUn aspect crucial subliniat de expertul juridic este ca mandatul Guvernului nu depinde exclusiv de vointa unui partener de coalitie de a ramane la masa. Singura modalitate legala prin care Guvernul poate fi demis este prin intermediul Parlamentului.Astfel, daca fortele politice de opozitie sau fostii parteneri depun o motiune de cenzura, dar aceasta nu reuseste sa intruneasca numarul necesar de voturi pentru a trece, Guvernul ramane in functie. In esenta, chiar si fara sprijinul PSD, Cabinetul isi pastreaza legitimitatea pana cand este sanctionat printr-un vot majoritar in Legislativ.<\/div>\n<\/p>\n<p>[analyse_source url=&#8221;https:\/\/www.realitatea.net\/stiri\/actual\/scenariu-de-criza-la-palatul-victoria-toni-neacsu-cum-poate-fi-guvernata-romania-fara-psd-video_69e87b52da7fe91d1869b672&#8243;]<\/p>\n","protected":false},"excerpt":{"rendered":"<p>[analyse_image type=&#8221;featured&#8221; src=&#8221;https:\/\/media.realitatea.net\/multimedia\/image\/202507\/w1920\/coalitie_fa4e67283c.jpg&#8221;] &lt;!&#8211; &#8211;&gt; Analiza lui Toni Neac\u0219u: De ce ie\u0219irea PSD de la guvernare nu \u00eenseamn\u0103 pr\u0103bu\u0219irea automat\u0103 a Cabinetului \u00centr-un moment de maxim\u0103 tensiune politic\u0103, avocatul Toni Neac\u0219u, fost membru al Consiliului Superior al Magistraturii (CSM), ofer\u0103 o clarificare esen\u021bial\u0103 privind viitorul Executivului. Potrivit acestuia, un eventual abandon al coali\u021biei de c\u0103tre [&hellip;]<\/p>\n","protected":false},"author":1,"featured_media":0,"comment_status":"open","ping_status":"","sticky":false,"template":"","format":"standard","meta":{"footnotes":""},"categories":[89],"tags":[226,15],"class_list":["post-1896406","post","type-post","status-publish","format-standard","hentry","category-romania","tag-crawlmanager","tag-realitatea-net"],"_links":{"self":[{"href":"https:\/\/analyse.optim.biz\/index.php?rest_route=\/wp\/v2\/posts\/1896406","targetHints":{"allow":["GET"]}}],"collection":[{"href":"https:\/\/analyse.optim.biz\/index.php?rest_route=\/wp\/v2\/posts"}],"about":[{"href":"https:\/\/analyse.optim.biz\/index.php?rest_route=\/wp\/v2\/types\/post"}],"author":[{"embeddable":true,"href":"https:\/\/analyse.optim.biz\/index.php?rest_route=\/wp\/v2\/users\/1"}],"replies":[{"embeddable":true,"href":"https:\/\/analyse.optim.biz\/index.php?rest_route=%2Fwp%2Fv2%2Fcomments&post=1896406"}],"version-history":[{"count":0,"href":"https:\/\/analyse.optim.biz\/index.php?rest_route=\/wp\/v2\/posts\/1896406\/revisions"}],"wp:attachment":[{"href":"https:\/\/analyse.optim.biz\/index.php?rest_route=%2Fwp%2Fv2%2Fmedia&parent=1896406"}],"wp:term":[{"taxonomy":"category","embeddable":true,"href":"https:\/\/analyse.optim.biz\/index.php?rest_route=%2Fwp%2Fv2%2Fcategories&post=1896406"},{"taxonomy":"post_tag","embeddable":true,"href":"https:\/\/analyse.optim.biz\/index.php?rest_route=%2Fwp%2Fv2%2Ftags&post=1896406"}],"curies":[{"name":"wp","href":"https:\/\/api.w.org\/{rel}","templated":true}]}}