{"id":1896328,"date":"2026-04-22T14:07:47","date_gmt":"2026-04-22T11:07:47","guid":{"rendered":"https:\/\/analyse.optim.biz\/?p=1896328"},"modified":"2026-04-22T14:07:47","modified_gmt":"2026-04-22T11:07:47","slug":"barbat-din-osesti-nu-a-scapat-de-bratul-lung-al-legii","status":"publish","type":"post","link":"https:\/\/analyse.optim.biz\/?p=1896328","title":{"rendered":"B\u0103rbat din O\u0219e\u0219ti, nu a sc\u0103pat de bra\u021bul lung al legii"},"content":{"rendered":"<p>[analyse_image type=&#8221;featured&#8221; src=&#8221;https:\/\/vaslui.robo-stiri.ro\/wp-content\/uploads\/2026\/04\/vremeanoua.ro-Gemini_Generate-20260422170743.jpg&#8221;]<\/p>\n<div class=\"tdb-block-inner td-fix-index\"><a class=\"tdb-logo-a\" href=\"https:\/\/vaslui.robo-stiri.ro\/\"><span class=\"tdb-logo-text-wrap\"><span class=\"tdb-logo-text-title\">VS<\/span><span class=\"tdb-logo-text-tagline\">ROBO \u0218TIRI<\/span><\/span><\/a><\/div>\n<div class=\"tdb-block-inner td-fix-index\">\n<div class=\"tdb-weather-deg-wrap\" data-block-uid=\"tdb_header_weather_uid\"><span class=\"tdb-weather-deg\">12.2<\/span><span class=\"tdb-weather-unit\">C<\/span><\/div>\n<div class=\"tdb-weather-city\">Vaslui<\/div>\n<\/div>\n<div class=\"tdb-block-inner td-fix-index\">\n<div class=\"tdb-head-date-txt\">22 aprilie, 2026<\/div>\n<\/div>\n<div class=\"tdb-block-inner td-fix-index\"><a class=\"tdb-logo-a\" href=\"https:\/\/vaslui.robo-stiri.ro\/\"><span class=\"tdb-logo-text-wrap\"><span class=\"tdb-logo-text-title\">VS<\/span><span class=\"tdb-logo-text-tagline\">ROBO \u0218TIRI<\/span><\/span><\/a><\/div>\n<div class=\"tdb-block-inner td-fix-index\">\n<div class=\"tdb-drop-down-search\" aria-labelledby=\"td-header-search-button\">\n<div class=\"tdb-drop-down-search-inner\">\n<div class=\"tdb-search-form-inner\">\n<div class=\"tdb-head-search-placeholder\">scrie aici<\/div>\n<\/div>\n<\/div>\n<\/div>\n<\/div>\n<div class=\"tdb-block-inner td-fix-index\">\n<h1 class=\"tdb-title-text\">B\u0103rbat din O\u0219e\u0219ti, nu a sc\u0103pat de bra\u021bul lung al legii<\/h1>\n<\/div>\n<div class=\"tdb-block-inner td-fix-index\"><time class=\"entry-date updated td-module-date\" datetime=\"2026-04-22T17:07:47+03:00\">22 aprilie 2026<\/time><\/div>\n<div class=\"tdb-block-inner td-fix-index\"><a href=\"https:\/\/vaslui.robo-stiri.ro\/wp-content\/uploads\/2026\/04\/vremeanoua.ro-Gemini_Generate-20260422170743.jpg\" data-caption><img loading=\"lazy\" decoding=\"async\" width=\"1024\" height=\"559\" class=\"entry-thumb td-modal-image\" src=\"https:\/\/vaslui.robo-stiri.ro\/wp-content\/uploads\/2026\/04\/vremeanoua.ro-Gemini_Generate-20260422170743.jpg\" alt title=\"vremeanoua.ro-Gemini_Generate-20260422170743.jpg\"><\/a><\/div>\n<div class=\"td_block_wrap tdb_single_content tdi_64 td-pb-border-top td_block_template_1 td-post-content tagdiv-type\" data-td-block-uid=\"tdi_64\">\n<div class=\"tdb-block-inner td-fix-index\">\n<p>Vasile M., un b\u0103rbat de 50 de ani din comuna O\u0219e\u0219ti a ajuns pe m\u00e2na poli\u021bi\u0219tilor dup\u0103 ce, ame\u021bit de aburii alcoolului, \u0219i-a lovit un cons\u0103tean cu 10 ani mai t\u00e2n\u0103r. Mai exact, \u00een timp ce se afla pe terasa unui bar din localitatea Buda, b\u0103rbatul \u0219i-a adus aminte c\u0103 are o poli\u021b\u0103 de pl\u0103tit astfel c\u0103 \u0219i-a lovit victima cu palma peste fa\u021b\u0103 apoi, cu o piatr\u0103, \u00een zona capului. \u00cen urma loviturilor primite, victima a avut nevoie de 5-6 zile de \u00eengrijiri medicale. \u201e\u00cen urma cercet\u0103rilor efectuate, poli\u021bi\u0219tii Sec\u021biei 2 Poli\u021bie Rural\u0103 Vaslui au stabilit c\u0103, la data de 18 aprilie 2026, ora 17.00, aflat pe terasa unui agent economic din localitatea Buda, comuna O\u0219e\u0219ti, pe fondul unei st\u0103ri conflictuale anterioare, b\u0103rbatul cercetat ar fi agresat fizic victima, lovind-o cu palma peste fa\u021b\u0103, apoi cu o piatr\u0103 \u00een zona capului. La data de 19 aprilie 2026, ca urmare a activit\u0103\u021bilor de cercetare \u0219i a probatoriului administrat, poli\u021bi\u0219tii Sec\u021biei 2 Poli\u021bie Rural\u0103 Vaslui au luat fa\u021b\u0103 de b\u0103rbatul cercetat m\u0103sura re\u021binerii, pentru 24 de ore, ca apoi s\u0103 fie prezentat Parchetului de pe l\u00e2ng\u0103 Judec\u0103toria Vaslui pentru dispunerea unei m\u0103suri preventive. Cercet\u0103rile sunt continuate de c\u0103tre poli\u021bi\u0219ti, sub supravegherea Parchetului de pe l\u00e2ng\u0103 Judec\u0103toria Vaslui, \u00een vederea stabilirii \u0219i prob\u0103rii activit\u0103\u021bii infrac\u021bionale a persoanei cercetate\u201d, a transmis purt\u0103torul de cuv\u00e2nt al IPJ Vaslui. \u00cen plus, dosarul se dovede\u0219te unul pu\u021bin for\u021bat \u00een condi\u021biile \u00een care nici victima \u0219i nici agresorul nu au sesizat poli\u021bi\u0219tii. Din contra, martorii povestesc c\u0103 cei doi se cunosc bine \u0219i, \u00een ziua respectiv\u0103 au b\u0103ut am\u00e2ndoi pe terasa respectiv\u0103. S-au certat la un moment dat \u0219i s-au lovit reciproc, ca apoi s\u0103 plece \u00eempreun\u0103 spre cas\u0103 pentru a continua b\u0103utul. Numai c\u0103 unul dintre cei care au v\u0103zut \u00eentrega scen\u0103 a sunat la 112 \u0219i a anun\u021bat evenimentul. Poli\u021bi\u0219tii s-au sesizat din oficiu, l-au c\u0103utat pe b\u0103rbatul de 50 de ani \u0219i l-au luat pe sus pentru cercet\u0103ri. \u201eVictima nu dore\u0219te s\u0103 depun\u0103 pl\u00e2ngere \u0219i cei doi s-au \u00eemp\u0103cat \u00eenc\u0103 de atunci dup\u0103 ce au plecat \u00eempreun\u0103. Dar legile la noi s-au schimbat a\u0219a c\u0103, dintr-o prostie de genul acesta, po\u021bi ajunge \u00een \u00eenchisoare\u201d, spun oamenii din O\u0219e\u0219ti.<\/p>\n<p>\u00cenchisoare cu suspendare dup\u0103 ce a \u00eenghi\u021bit urechea unui b\u0103rbat cu care a avut un conflict<\/p>\n<p>Vasile M. este cunoscut ca un individ agresiv \u0219i acest lucru s-a concretizat \u00eentr-un alt dosar penal \u00een care a fost condamnat la \u00eenchisoare cu suspendare, \u00een 2023. La acea vreme, Moro\u0219anu a ajuns \u00een fa\u021ba judec\u0103torilor dup\u0103 ce, \u00een timp ce se afla \u00een p\u0103dure cu al\u021bi doi b\u0103rba\u021bi, s-a luat la ceart\u0103 cu unul dintre ace\u0219tia. Pentru a-\u0219i impune punctul de vedere, Moro\u0219anu i-a dat fesul din cap celui cu care se certa \u0219i l-a mu\u0219cat de o ureche. C\u00e2nd a v\u0103zut c\u0103-i lipse\u0219te o parte de ureche, b\u0103rbatul a \u00eenceput s\u0103 o caute. A fost oprit de Moro\u0219anu care i-a transmis: \u201enu o mai c\u0103uta c\u0103 am \u00eenghi\u021bit-o!\u201d Apoi s-a dezbr\u0103cat de pantaloni \u0219i a plecat, \u00een chilo\u021bi, spre cas\u0103.<\/p>\n<p><strong>Sursa:<\/strong><a href=\"https:\/\/www.vremeanoua.ro\/barbat-din-osesti-nu-a-scapat-de-bratul-lung-al-legii\/\" target=\"_blank\" rel=\"nofollow\">https:\/\/www.vremeanoua.ro\/barbat-din-osesti-nu-a-scapat-de-bratul-lung-al-legii\/<\/a><\/p>\n\n<\/div>\n<\/div>\n<div class=\"tdb-block-inner td-fix-index\">\n<p>Vasile M., un b\u0103rbat de 50 de ani din comuna O\u0219e\u0219ti a ajuns pe m\u00e2na poli\u021bi\u0219tilor dup\u0103 ce, ame\u021bit de aburii alcoolului, \u0219i-a lovit un cons\u0103tean cu 10 ani mai t\u00e2n\u0103r. Mai exact, \u00een timp ce se afla pe terasa unui bar din localitatea Buda, b\u0103rbatul \u0219i-a adus aminte c\u0103 are o poli\u021b\u0103 de pl\u0103tit astfel c\u0103 \u0219i-a lovit victima cu palma peste fa\u021b\u0103 apoi, cu o piatr\u0103, \u00een zona capului. \u00cen urma loviturilor primite, victima a avut nevoie de 5-6 zile de \u00eengrijiri medicale. \u201e\u00cen urma cercet\u0103rilor efectuate, poli\u021bi\u0219tii Sec\u021biei 2 Poli\u021bie Rural\u0103 Vaslui au stabilit c\u0103, la data de 18 aprilie 2026, ora 17.00, aflat pe terasa unui agent economic din localitatea Buda, comuna O\u0219e\u0219ti, pe fondul unei st\u0103ri conflictuale anterioare, b\u0103rbatul cercetat ar fi agresat fizic victima, lovind-o cu palma peste fa\u021b\u0103, apoi cu o piatr\u0103 \u00een zona capului. La data de 19 aprilie 2026, ca urmare a activit\u0103\u021bilor de cercetare \u0219i a probatoriului administrat, poli\u021bi\u0219tii Sec\u021biei 2 Poli\u021bie Rural\u0103 Vaslui au luat fa\u021b\u0103 de b\u0103rbatul cercetat m\u0103sura re\u021binerii, pentru 24 de ore, ca apoi s\u0103 fie prezentat Parchetului de pe l\u00e2ng\u0103 Judec\u0103toria Vaslui pentru dispunerea unei m\u0103suri preventive. Cercet\u0103rile sunt continuate de c\u0103tre poli\u021bi\u0219ti, sub supravegherea Parchetului de pe l\u00e2ng\u0103 Judec\u0103toria Vaslui, \u00een vederea stabilirii \u0219i prob\u0103rii activit\u0103\u021bii infrac\u021bionale a persoanei cercetate\u201d, a transmis purt\u0103torul de cuv\u00e2nt al IPJ Vaslui. \u00cen plus, dosarul se dovede\u0219te unul pu\u021bin for\u021bat \u00een condi\u021biile \u00een care nici victima \u0219i nici agresorul nu au sesizat poli\u021bi\u0219tii. Din contra, martorii povestesc c\u0103 cei doi se cunosc bine \u0219i, \u00een ziua respectiv\u0103 au b\u0103ut am\u00e2ndoi pe terasa respectiv\u0103. S-au certat la un moment dat \u0219i s-au lovit reciproc, ca apoi s\u0103 plece \u00eempreun\u0103 spre cas\u0103 pentru a continua b\u0103utul. Numai c\u0103 unul dintre cei care au v\u0103zut \u00eentrega scen\u0103 a sunat la 112 \u0219i a anun\u021bat evenimentul. Poli\u021bi\u0219tii s-au sesizat din oficiu, l-au c\u0103utat pe b\u0103rbatul de 50 de ani \u0219i l-au luat pe sus pentru cercet\u0103ri. \u201eVictima nu dore\u0219te s\u0103 depun\u0103 pl\u00e2ngere \u0219i cei doi s-au \u00eemp\u0103cat \u00eenc\u0103 de atunci dup\u0103 ce au plecat \u00eempreun\u0103. Dar legile la noi s-au schimbat a\u0219a c\u0103, dintr-o prostie de genul acesta, po\u021bi ajunge \u00een \u00eenchisoare\u201d, spun oamenii din O\u0219e\u0219ti.<\/p>\n<p>\u00cenchisoare cu suspendare dup\u0103 ce a \u00eenghi\u021bit urechea unui b\u0103rbat cu care a avut un conflict<\/p>\n<p>Vasile M. este cunoscut ca un individ agresiv \u0219i acest lucru s-a concretizat \u00eentr-un alt dosar penal \u00een care a fost condamnat la \u00eenchisoare cu suspendare, \u00een 2023. La acea vreme, Moro\u0219anu a ajuns \u00een fa\u021ba judec\u0103torilor dup\u0103 ce, \u00een timp ce se afla \u00een p\u0103dure cu al\u021bi doi b\u0103rba\u021bi, s-a luat la ceart\u0103 cu unul dintre ace\u0219tia. Pentru a-\u0219i impune punctul de vedere, Moro\u0219anu i-a dat fesul din cap celui cu care se certa \u0219i l-a mu\u0219cat de o ureche. C\u00e2nd a v\u0103zut c\u0103-i lipse\u0219te o parte de ureche, b\u0103rbatul a \u00eenceput s\u0103 o caute. A fost oprit de Moro\u0219anu care i-a transmis: \u201enu o mai c\u0103uta c\u0103 am \u00eenghi\u021bit-o!\u201d Apoi s-a dezbr\u0103cat de pantaloni \u0219i a plecat, \u00een chilo\u021bi, spre cas\u0103.<\/p>\n<p><strong>Sursa:<\/strong><a href=\"https:\/\/www.vremeanoua.ro\/barbat-din-osesti-nu-a-scapat-de-bratul-lung-al-legii\/\" target=\"_blank\" rel=\"nofollow\">https:\/\/www.vremeanoua.ro\/barbat-din-osesti-nu-a-scapat-de-bratul-lung-al-legii\/<\/a><\/p>\n\n<\/div>\n<div class=\"tdb-block-inner td-fix-index\"><a class=\"tdb-logo-a\" href=\"https:\/\/vaslui.robo-stiri.ro\/\"><span class=\"tdb-logo-text-wrap\"><span class=\"tdb-logo-text-title\">VS<\/span><span class=\"tdb-logo-text-tagline\">ROBO \u0218TIRI<\/span><\/span><\/a><\/div>\n<p>[analyse_source url=&#8221;https:\/\/vaslui.robo-stiri.ro\/barbat-din-osesti-nu-a-scapat-de-bratul-lung-al-legii\/&#8221;]<\/p>\n","protected":false},"excerpt":{"rendered":"<p>[analyse_image type=&#8221;featured&#8221; src=&#8221;https:\/\/vaslui.robo-stiri.ro\/wp-content\/uploads\/2026\/04\/vremeanoua.ro-Gemini_Generate-20260422170743.jpg&#8221;] VSROBO \u0218TIRI 12.2C Vaslui 22 aprilie, 2026 VSROBO \u0218TIRI scrie aici B\u0103rbat din O\u0219e\u0219ti, nu a sc\u0103pat de bra\u021bul lung al legii 22 aprilie 2026 Vasile M., un b\u0103rbat de 50 de ani din comuna O\u0219e\u0219ti a ajuns pe m\u00e2na poli\u021bi\u0219tilor dup\u0103 ce, ame\u021bit de aburii alcoolului, \u0219i-a lovit un cons\u0103tean cu [&hellip;]<\/p>\n","protected":false},"author":1,"featured_media":0,"comment_status":"open","ping_status":"","sticky":false,"template":"","format":"standard","meta":{"footnotes":""},"categories":[89],"tags":[226,217],"class_list":["post-1896328","post","type-post","status-publish","format-standard","hentry","category-romania","tag-crawlmanager","tag-vaslui-robo-stiri-ro"],"_links":{"self":[{"href":"https:\/\/analyse.optim.biz\/index.php?rest_route=\/wp\/v2\/posts\/1896328","targetHints":{"allow":["GET"]}}],"collection":[{"href":"https:\/\/analyse.optim.biz\/index.php?rest_route=\/wp\/v2\/posts"}],"about":[{"href":"https:\/\/analyse.optim.biz\/index.php?rest_route=\/wp\/v2\/types\/post"}],"author":[{"embeddable":true,"href":"https:\/\/analyse.optim.biz\/index.php?rest_route=\/wp\/v2\/users\/1"}],"replies":[{"embeddable":true,"href":"https:\/\/analyse.optim.biz\/index.php?rest_route=%2Fwp%2Fv2%2Fcomments&post=1896328"}],"version-history":[{"count":0,"href":"https:\/\/analyse.optim.biz\/index.php?rest_route=\/wp\/v2\/posts\/1896328\/revisions"}],"wp:attachment":[{"href":"https:\/\/analyse.optim.biz\/index.php?rest_route=%2Fwp%2Fv2%2Fmedia&parent=1896328"}],"wp:term":[{"taxonomy":"category","embeddable":true,"href":"https:\/\/analyse.optim.biz\/index.php?rest_route=%2Fwp%2Fv2%2Fcategories&post=1896328"},{"taxonomy":"post_tag","embeddable":true,"href":"https:\/\/analyse.optim.biz\/index.php?rest_route=%2Fwp%2Fv2%2Ftags&post=1896328"}],"curies":[{"name":"wp","href":"https:\/\/api.w.org\/{rel}","templated":true}]}}