{"id":1896319,"date":"2026-04-22T08:44:57","date_gmt":"2026-04-22T05:44:57","guid":{"rendered":"https:\/\/analyse.optim.biz\/?p=1896319"},"modified":"2026-04-22T08:44:57","modified_gmt":"2026-04-22T05:44:57","slug":"pnl-tulcea-sustine-asumarea-in-continuare-a-responsabilitatii-actului-de-guvernare-cu-ilie-bolojan-premier-pentru-o-romanie-onesta-fara-privilegii-si-sinecuri","status":"publish","type":"post","link":"https:\/\/analyse.optim.biz\/?p=1896319","title":{"rendered":"PNL Tulcea sus\u021bine asumarea \u00een continuare a responsabilit\u0103\u021bii actului de guvernare cu Ilie Bolojan premier, pentru o Rom\u00e2nie onest\u0103, f\u0103r\u0103 privilegii \u0219i sinecuri"},"content":{"rendered":"<p>[analyse_image type=&#8221;featured&#8221; src=&#8221;https:\/\/dobrogeanews.b-cdn.net\/wp-content\/uploads\/2026\/04\/BPN-PNL.jpg&#8221;]<\/p>\n<div id=\"post-70144\" class=\"entry single-default post-70144 post type-post status-publish format-standard has-post-thumbnail hentry category-politica\">\n<div>\n<div class=\"ss-follow-wrapper ss-clearfix ss-regular-buttons ss-columns-1 ss-default-style\">\n<div class=\"ss-follow-column\" data-ss-sf-network-id='\"facebook\"'><a href=\"https:\/\/www.facebook.com\/dobrogeanews\" class=\"ss-follow-network ss-facebook-color\" rel=\"nofollow noopener\" aria-label=\"facebook\" target=\"_blank\"><span class=\"ss-follow-network-label\">Urm\u0103re\u015fte-ne \u015fi pe Facebook!<\/span><span class=\"ss-follow-network-count\"><span class=\"ss-follow-network-count-number\">57K<\/span><span class=\"ss-follow-network-count-label\">Followers<\/span><\/span><\/a><\/div>\n<\/div>\n<\/div>\n<p>Organiza\u021bia PNL Jude\u021bul Tulcea sus\u021bine \u00een mod ferm \u0219i hot\u0103r\u00e2t Rezolu\u021bia adoptat\u0103 de Biroul na\u021bional al PNL \u0219i, implicit, pe Ilie Bolojan \u00een calitate de premier, conform declara\u021biei pre\u0219edintelui PNL Jude\u021bul Tulcea, \u0218tefan Ilie, pe care o red\u0103m \u00een continuare:<\/p>\n<figure class=\"wp-block-image size-full is-resized\">\n<source type=\"image\/webp\" data-lazy-srcset=\"https:\/\/dobrogeanews.b-cdn.net\/wp-content\/uploads\/2026\/04\/BPN-PNL.jpg.webp 2560w, https:\/\/dobrogeanews.b-cdn.net\/wp-content\/uploads\/2026\/04\/BPN-PNL-300x246.jpg.webp 300w, https:\/\/dobrogeanews.b-cdn.net\/wp-content\/uploads\/2026\/04\/BPN-PNL-1024x840.jpg.webp 1024w, https:\/\/dobrogeanews.b-cdn.net\/wp-content\/uploads\/2026\/04\/BPN-PNL-768x630.jpg.webp 768w, https:\/\/dobrogeanews.b-cdn.net\/wp-content\/uploads\/2026\/04\/BPN-PNL-1536x1260.jpg.webp 1536w, https:\/\/dobrogeanews.b-cdn.net\/wp-content\/uploads\/2026\/04\/BPN-PNL-2048x1680.jpg.webp 2048w\" sizes=\"(max-width: 640px) 100vw, 640px\" \/><br \/>\n<img loading=\"lazy\" decoding=\"async\" src=\"https:\/\/dobrogeanews.b-cdn.net\/wp-content\/uploads\/2026\/04\/BPN-PNL.jpg\" alt=\"\" width=\"640\" height=\"525\"><\/figure>\n<p>\u201eAm participat la toate reuniunile de lucru de la sediul central al Partidului Na\u021bional Liberal, am exprimat, \u00een nume personal \u0219i \u00een numele colegilor mei pe care i-am consultat de fiecare dat\u0103, sus\u021binerea total\u0103 a pre\u0219edintelui PNL \u0219i a premierului Ilie Bolojan \u00een toate demersurile sale. <\/p>\n<p>Suntem \u00eentr-un moment de r\u0103scruce nu doar la nivel na\u021bional, ne confrunt\u0103m cu unele dintre cele mai complexe provoc\u0103ri, fiecare cet\u0103\u021bean simte \u00een fiecare zi multiplele crize care ne afecteaz\u0103 din toate punctele de vedere, astfel \u00eenc\u00e2t, nu era cel mai potrivit moment s\u0103 plec\u0103m unii sau al\u021bii de la guvernare atunci c\u00e2nd urmeaz\u0103 finalizarea reformelor asumate. Doar pentru c\u0103 este greu.<\/p>\n<p>Sunt colegi primari din jude\u021b c\u0103 trebuie s\u0103 mergem p\u00e2n\u0103 la cap\u0103t cu Ilie Bolojan (!) chiar dac\u0103 asta \u00eenseamn\u0103 opozi\u021bie. Am ajuns cu aceste convingeri la Bucure\u0219ti \u0219i m-am bucurat nespus s\u0103 v\u0103d Unitate. Sus\u021binere. Hot\u0103r\u00e2re. Toate filialele PNL, f\u0103r\u0103 nicio excep\u021bie, sunt aliniate \u00een spatele pre\u0219edintelui partidului, Ilie Bolojan, \u0219i sus\u021bin asumarea \u00een continuare a responsabilit\u0103\u021bii actului de guvernare, pentru o Rom\u00e2nie onest\u0103, f\u0103r\u0103 privilegii \u0219i sinecuri.<\/p>\n<p>Am ales s\u0103 fim deasupra vremurilor dificile pe care le tr\u0103im, am ales s\u0103 fim uni\u021bi pentru Rom\u00e2nia \u0219i am ales s\u0103 nu fim niciodat\u0103 anexa PSD.<\/p>\n<p><strong>REZOLU\u021aIE A BIROULUI POLITIC NA\u021aIONAL AL PNL<\/strong><\/p>\n<p>Biroul Politic Na\u021bional al Partidului Na\u021bional Liberal \u0219i Grupurile Parlamentare ale PNL \u00ee\u0219i reafirm\u0103 angajamentul ferm pentru continuarea guvern\u0103rii \u0219i pentru implementarea reformelor asumate \u00een fa\u021ba rom\u00e2nilor, prin programul de guvernare.<\/p>\n<p>PNL \u00ee\u0219i exprim\u0103 sprijinul ferm pentru continuarea guvern\u0103rii sub conducerea prim-ministrului Ilie Bolojan \u0219i pentru finalizarea reformelor asumate.<\/p>\n<p>PNL constat\u0103 c\u0103 decizia PSD de a provoca o criz\u0103 politic\u0103 \u00eentr-un moment critic pentru Rom\u00e2nia este un act de iresponsabilitate \u0219i o fug\u0103 de r\u0103spundere fa\u021b\u0103 de actul de guvernare, inclusiv pentru \u00eent\u00e2rzierile majore \u00een absorb\u021bia fondurilor europene.<\/p>\n<p>PNL respinge orice tentativ\u0103 de abandonare a reformelor, inclusiv a celor de corectare a deficitului bugetar, \u0219i subliniaz\u0103 c\u0103 Rom\u00e2nia nu \u00ee\u0219i poate permite blocaje institu\u021bionale \u00eentr-un context economic \u0219i interna\u021bional dificil.<\/p>\n<p>De asemenea, reconfirm\u0103 c\u0103, dac\u0103 PSD va trece de la declara\u021bii la declan\u0219area efectiv\u0103 a unei crize politice, PNL nu va mai face parte dintr-o Coali\u021bie cu aceast\u0103 forma\u021biune politic\u0103.<\/p>\n<p>PNL respinge categoric ultimatumul PSD \u0219i consider\u0103 c\u0103 nu exist\u0103 niciun motiv pentru ca prim ministrul s\u0103 plece din func\u021bie.<\/p>\n<p>PNL \u00eel mandateaz\u0103 pe prim-ministrul Ilie Bolojan ca, \u00eempreun\u0103 cu echipa liberal\u0103 din institu\u021biile guvernamentale, s\u0103 continue s\u0103 sus\u021bin\u0103 modernizarea statului rom\u00e2n \u00een beneficiul cet\u0103\u021benilor prin:<\/p>\n<ul>\n<li>continuarea reformelor<\/li>\n<li>eliminarea risipei \u0219i a privilegiilor;<\/li>\n<li>accelerarea absorb\u021biei fondurilor europene;<\/li>\n<li>asigurarea stabilit\u0103\u021bii<\/li>\n<\/ul>\n<p>Vreau s\u0103-i asigur pe tulceni de buna noastr\u0103 credin\u021b\u0103 \u0219i de faptul c\u0103 vom face tot ceea ce este posibil \u0219i legal ca s\u0103 ne \u00eendeplinim toate proiectele pe care ni le-am asumat. Rela\u021bia \u00eentre membrii consiliului municipal Tulcea este \u00een general \u00eendreptat\u0103 \u00een interesul cet\u0103\u021beanului indiferent de culoarea politic\u0103. Interesul cet\u0103\u021beanului este dincolo de interesele partidelor politice. Iar noi suntem hot\u0103r\u00e2\u021bi s\u0103 ne facem datoria. P\u00e2n\u0103 la cap\u0103t\u201d<\/p>\n<p> (\u0218tefan Ilie, pre\u0219edinte al PNL Jude\u021b Tulcea, primarul Municipiului Tulcea)<\/p>\n<div class=\"monsterinsights-inline-popular-posts monsterinsights-inline-popular-posts-charlie monsterinsights-popular-posts-styled\">\n<div class=\"monsterinsights-inline-popular-posts-text\"><span class=\"monsterinsights-inline-popular-posts-label\">Vezi \u0219i:<\/span><\/p>\n<div class=\"monsterinsights-inline-popular-posts-post\"><a class=\"monsterinsights-inline-popular-posts-title\" href=\"https:\/\/www.dobrogeanews.ro\/impozitul-pe-imobile-2026-in-municipiul-tulcea-pe-intelesul-tuturor-cine-benefiaza-de-reduceri-informatii-detaliate\/\">Impozitul pe imobile\/2026 \u00een Municipiul Tulcea, pe \u00een\u021belesul tuturor. Cine benefiaz\u0103 de reduceri. Informa\u021bii detaliate<\/a><\/div>\n<div class=\"monsterinsights-inline-popular-posts-post\"><a class=\"monsterinsights-inline-popular-posts-title\" href=\"https:\/\/www.dobrogeanews.ro\/video-primarul-stefan-ilie-raspunde-intrebarilor-privind-reabilitarea-strazilor-din-municipiul-tulcea\/\">(Video) Primarul \u0218tefan Ilie, r\u0103spunde \u00eentreb\u0103rilor privind reabilitarea Str\u0103zilor din Municipiul Tulcea<\/a><\/div>\n<div class=\"monsterinsights-inline-popular-posts-post\"><a class=\"monsterinsights-inline-popular-posts-title\" href=\"https:\/\/www.dobrogeanews.ro\/tulcea-noile-tarife-pentru-transport-public-rutier-si-naval\/\">Tulcea: Noile tarife pentru transport public (rutier \u0219i naval)<\/a><\/div>\n<\/div>\n<\/div>\n<p class=\"has-text-align-center has-white-color has-text-color has-background\"><span><a href=\"https:\/\/news.google.com\/publications\/CAAqBwgKMIu5pgsw88O-Aw?ceid=RO:ro&amp;oc=3\">Urm\u0103ri\u0163i \u015etirile Dobrogeanews \u015fi pe Google News<\/a><\/span><\/p>\n<\/div>\n<div id=\"post-70144\" class=\"entry single-default post-70144 post type-post status-publish format-standard has-post-thumbnail hentry category-politica\">\n<div>\n<div class=\"ss-follow-wrapper ss-clearfix ss-regular-buttons ss-columns-1 ss-default-style\">\n<div class=\"ss-follow-column\" data-ss-sf-network-id='\"facebook\"'><a href=\"https:\/\/www.facebook.com\/dobrogeanews\" class=\"ss-follow-network ss-facebook-color\" rel=\"nofollow noopener\" aria-label=\"facebook\" target=\"_blank\"><span class=\"ss-follow-network-label\">Urm\u0103re\u015fte-ne \u015fi pe Facebook!<\/span><span class=\"ss-follow-network-count\"><span class=\"ss-follow-network-count-number\">57K<\/span><span class=\"ss-follow-network-count-label\">Followers<\/span><\/span><\/a><\/div>\n<\/div>\n<\/div>\n<p>Organiza\u021bia PNL Jude\u021bul Tulcea sus\u021bine \u00een mod ferm \u0219i hot\u0103r\u00e2t Rezolu\u021bia adoptat\u0103 de Biroul na\u021bional al PNL \u0219i, implicit, pe Ilie Bolojan \u00een calitate de premier, conform declara\u021biei pre\u0219edintelui PNL Jude\u021bul Tulcea, \u0218tefan Ilie, pe care o red\u0103m \u00een continuare:<\/p>\n<figure class=\"wp-block-image size-full is-resized\">\n<source type=\"image\/webp\" data-lazy-srcset=\"https:\/\/dobrogeanews.b-cdn.net\/wp-content\/uploads\/2026\/04\/BPN-PNL.jpg.webp 2560w, https:\/\/dobrogeanews.b-cdn.net\/wp-content\/uploads\/2026\/04\/BPN-PNL-300x246.jpg.webp 300w, https:\/\/dobrogeanews.b-cdn.net\/wp-content\/uploads\/2026\/04\/BPN-PNL-1024x840.jpg.webp 1024w, https:\/\/dobrogeanews.b-cdn.net\/wp-content\/uploads\/2026\/04\/BPN-PNL-768x630.jpg.webp 768w, https:\/\/dobrogeanews.b-cdn.net\/wp-content\/uploads\/2026\/04\/BPN-PNL-1536x1260.jpg.webp 1536w, https:\/\/dobrogeanews.b-cdn.net\/wp-content\/uploads\/2026\/04\/BPN-PNL-2048x1680.jpg.webp 2048w\" sizes=\"(max-width: 640px) 100vw, 640px\" \/><br \/>\n<img loading=\"lazy\" decoding=\"async\" src=\"https:\/\/dobrogeanews.b-cdn.net\/wp-content\/uploads\/2026\/04\/BPN-PNL.jpg\" alt=\"\" width=\"640\" height=\"525\"><\/figure>\n<p>\u201eAm participat la toate reuniunile de lucru de la sediul central al Partidului Na\u021bional Liberal, am exprimat, \u00een nume personal \u0219i \u00een numele colegilor mei pe care i-am consultat de fiecare dat\u0103, sus\u021binerea total\u0103 a pre\u0219edintelui PNL \u0219i a premierului Ilie Bolojan \u00een toate demersurile sale. <\/p>\n<p>Suntem \u00eentr-un moment de r\u0103scruce nu doar la nivel na\u021bional, ne confrunt\u0103m cu unele dintre cele mai complexe provoc\u0103ri, fiecare cet\u0103\u021bean simte \u00een fiecare zi multiplele crize care ne afecteaz\u0103 din toate punctele de vedere, astfel \u00eenc\u00e2t, nu era cel mai potrivit moment s\u0103 plec\u0103m unii sau al\u021bii de la guvernare atunci c\u00e2nd urmeaz\u0103 finalizarea reformelor asumate. Doar pentru c\u0103 este greu.<\/p>\n<p>Sunt colegi primari din jude\u021b c\u0103 trebuie s\u0103 mergem p\u00e2n\u0103 la cap\u0103t cu Ilie Bolojan (!) chiar dac\u0103 asta \u00eenseamn\u0103 opozi\u021bie. Am ajuns cu aceste convingeri la Bucure\u0219ti \u0219i m-am bucurat nespus s\u0103 v\u0103d Unitate. Sus\u021binere. Hot\u0103r\u00e2re. Toate filialele PNL, f\u0103r\u0103 nicio excep\u021bie, sunt aliniate \u00een spatele pre\u0219edintelui partidului, Ilie Bolojan, \u0219i sus\u021bin asumarea \u00een continuare a responsabilit\u0103\u021bii actului de guvernare, pentru o Rom\u00e2nie onest\u0103, f\u0103r\u0103 privilegii \u0219i sinecuri.<\/p>\n<p>Am ales s\u0103 fim deasupra vremurilor dificile pe care le tr\u0103im, am ales s\u0103 fim uni\u021bi pentru Rom\u00e2nia \u0219i am ales s\u0103 nu fim niciodat\u0103 anexa PSD.<\/p>\n<p><strong>REZOLU\u021aIE A BIROULUI POLITIC NA\u021aIONAL AL PNL<\/strong><\/p>\n<p>Biroul Politic Na\u021bional al Partidului Na\u021bional Liberal \u0219i Grupurile Parlamentare ale PNL \u00ee\u0219i reafirm\u0103 angajamentul ferm pentru continuarea guvern\u0103rii \u0219i pentru implementarea reformelor asumate \u00een fa\u021ba rom\u00e2nilor, prin programul de guvernare.<\/p>\n<p>PNL \u00ee\u0219i exprim\u0103 sprijinul ferm pentru continuarea guvern\u0103rii sub conducerea prim-ministrului Ilie Bolojan \u0219i pentru finalizarea reformelor asumate.<\/p>\n<p>PNL constat\u0103 c\u0103 decizia PSD de a provoca o criz\u0103 politic\u0103 \u00eentr-un moment critic pentru Rom\u00e2nia este un act de iresponsabilitate \u0219i o fug\u0103 de r\u0103spundere fa\u021b\u0103 de actul de guvernare, inclusiv pentru \u00eent\u00e2rzierile majore \u00een absorb\u021bia fondurilor europene.<\/p>\n<p>PNL respinge orice tentativ\u0103 de abandonare a reformelor, inclusiv a celor de corectare a deficitului bugetar, \u0219i subliniaz\u0103 c\u0103 Rom\u00e2nia nu \u00ee\u0219i poate permite blocaje institu\u021bionale \u00eentr-un context economic \u0219i interna\u021bional dificil.<\/p>\n<p>De asemenea, reconfirm\u0103 c\u0103, dac\u0103 PSD va trece de la declara\u021bii la declan\u0219area efectiv\u0103 a unei crize politice, PNL nu va mai face parte dintr-o Coali\u021bie cu aceast\u0103 forma\u021biune politic\u0103.<\/p>\n<p>PNL respinge categoric ultimatumul PSD \u0219i consider\u0103 c\u0103 nu exist\u0103 niciun motiv pentru ca prim ministrul s\u0103 plece din func\u021bie.<\/p>\n<p>PNL \u00eel mandateaz\u0103 pe prim-ministrul Ilie Bolojan ca, \u00eempreun\u0103 cu echipa liberal\u0103 din institu\u021biile guvernamentale, s\u0103 continue s\u0103 sus\u021bin\u0103 modernizarea statului rom\u00e2n \u00een beneficiul cet\u0103\u021benilor prin:<\/p>\n<ul>\n<li>continuarea reformelor<\/li>\n<li>eliminarea risipei \u0219i a privilegiilor;<\/li>\n<li>accelerarea absorb\u021biei fondurilor europene;<\/li>\n<li>asigurarea stabilit\u0103\u021bii<\/li>\n<\/ul>\n<p>Vreau s\u0103-i asigur pe tulceni de buna noastr\u0103 credin\u021b\u0103 \u0219i de faptul c\u0103 vom face tot ceea ce este posibil \u0219i legal ca s\u0103 ne \u00eendeplinim toate proiectele pe care ni le-am asumat. Rela\u021bia \u00eentre membrii consiliului municipal Tulcea este \u00een general \u00eendreptat\u0103 \u00een interesul cet\u0103\u021beanului indiferent de culoarea politic\u0103. Interesul cet\u0103\u021beanului este dincolo de interesele partidelor politice. Iar noi suntem hot\u0103r\u00e2\u021bi s\u0103 ne facem datoria. P\u00e2n\u0103 la cap\u0103t\u201d<\/p>\n<p> (\u0218tefan Ilie, pre\u0219edinte al PNL Jude\u021b Tulcea, primarul Municipiului Tulcea)<\/p>\n<div class=\"monsterinsights-inline-popular-posts monsterinsights-inline-popular-posts-charlie monsterinsights-popular-posts-styled\">\n<div class=\"monsterinsights-inline-popular-posts-text\"><span class=\"monsterinsights-inline-popular-posts-label\">Vezi \u0219i:<\/span><\/p>\n<div class=\"monsterinsights-inline-popular-posts-post\"><a class=\"monsterinsights-inline-popular-posts-title\" href=\"https:\/\/www.dobrogeanews.ro\/impozitul-pe-imobile-2026-in-municipiul-tulcea-pe-intelesul-tuturor-cine-benefiaza-de-reduceri-informatii-detaliate\/\">Impozitul pe imobile\/2026 \u00een Municipiul Tulcea, pe \u00een\u021belesul tuturor. Cine benefiaz\u0103 de reduceri. Informa\u021bii detaliate<\/a><\/div>\n<div class=\"monsterinsights-inline-popular-posts-post\"><a class=\"monsterinsights-inline-popular-posts-title\" href=\"https:\/\/www.dobrogeanews.ro\/video-primarul-stefan-ilie-raspunde-intrebarilor-privind-reabilitarea-strazilor-din-municipiul-tulcea\/\">(Video) Primarul \u0218tefan Ilie, r\u0103spunde \u00eentreb\u0103rilor privind reabilitarea Str\u0103zilor din Municipiul Tulcea<\/a><\/div>\n<div class=\"monsterinsights-inline-popular-posts-post\"><a class=\"monsterinsights-inline-popular-posts-title\" href=\"https:\/\/www.dobrogeanews.ro\/tulcea-noile-tarife-pentru-transport-public-rutier-si-naval\/\">Tulcea: Noile tarife pentru transport public (rutier \u0219i naval)<\/a><\/div>\n<\/div>\n<\/div>\n<p class=\"has-text-align-center has-white-color has-text-color has-background\"><span><a href=\"https:\/\/news.google.com\/publications\/CAAqBwgKMIu5pgsw88O-Aw?ceid=RO:ro&amp;oc=3\">Urm\u0103ri\u0163i \u015etirile Dobrogeanews \u015fi pe Google News<\/a><\/span><\/p>\n<\/div>\n<p>[analyse_source url=&#8221;https:\/\/www.dobrogeanews.ro\/pnl-tulcea-sustine-asumarea-in-continuare-a-responsabilitatii-actului-de-guvernare-cu-ilie-bolojan-premier-pentru-o-romanie-onesta-fara-privilegii-si-sinecuri\/&#8221;]<\/p>\n","protected":false},"excerpt":{"rendered":"<p>[analyse_image type=&#8221;featured&#8221; src=&#8221;https:\/\/dobrogeanews.b-cdn.net\/wp-content\/uploads\/2026\/04\/BPN-PNL.jpg&#8221;] Urm\u0103re\u015fte-ne \u015fi pe Facebook!57KFollowers Organiza\u021bia PNL Jude\u021bul Tulcea sus\u021bine \u00een mod ferm \u0219i hot\u0103r\u00e2t Rezolu\u021bia adoptat\u0103 de Biroul na\u021bional al PNL \u0219i, implicit, pe Ilie Bolojan \u00een calitate de premier, conform declara\u021biei pre\u0219edintelui PNL Jude\u021bul Tulcea, \u0218tefan Ilie, pe care o red\u0103m \u00een continuare: \u201eAm participat la toate reuniunile de lucru de [&hellip;]<\/p>\n","protected":false},"author":1,"featured_media":0,"comment_status":"open","ping_status":"","sticky":false,"template":"","format":"standard","meta":{"footnotes":""},"categories":[89],"tags":[226,223],"class_list":["post-1896319","post","type-post","status-publish","format-standard","hentry","category-romania","tag-crawlmanager","tag-dobrogeanews-ro"],"_links":{"self":[{"href":"https:\/\/analyse.optim.biz\/index.php?rest_route=\/wp\/v2\/posts\/1896319","targetHints":{"allow":["GET"]}}],"collection":[{"href":"https:\/\/analyse.optim.biz\/index.php?rest_route=\/wp\/v2\/posts"}],"about":[{"href":"https:\/\/analyse.optim.biz\/index.php?rest_route=\/wp\/v2\/types\/post"}],"author":[{"embeddable":true,"href":"https:\/\/analyse.optim.biz\/index.php?rest_route=\/wp\/v2\/users\/1"}],"replies":[{"embeddable":true,"href":"https:\/\/analyse.optim.biz\/index.php?rest_route=%2Fwp%2Fv2%2Fcomments&post=1896319"}],"version-history":[{"count":0,"href":"https:\/\/analyse.optim.biz\/index.php?rest_route=\/wp\/v2\/posts\/1896319\/revisions"}],"wp:attachment":[{"href":"https:\/\/analyse.optim.biz\/index.php?rest_route=%2Fwp%2Fv2%2Fmedia&parent=1896319"}],"wp:term":[{"taxonomy":"category","embeddable":true,"href":"https:\/\/analyse.optim.biz\/index.php?rest_route=%2Fwp%2Fv2%2Fcategories&post=1896319"},{"taxonomy":"post_tag","embeddable":true,"href":"https:\/\/analyse.optim.biz\/index.php?rest_route=%2Fwp%2Fv2%2Ftags&post=1896319"}],"curies":[{"name":"wp","href":"https:\/\/api.w.org\/{rel}","templated":true}]}}