{"id":1896217,"date":"2026-04-22T09:43:37","date_gmt":"2026-04-22T06:43:37","guid":{"rendered":"https:\/\/analyse.optim.biz\/?p=1896217"},"modified":"2026-04-22T09:43:37","modified_gmt":"2026-04-22T06:43:37","slug":"viceprimarul-dan-ioan-cusnir-raspunde-dur-raportului-de-activitate-prezentat-de-consilierul-lucian-harsovschi-in-parcul-sipote-tripleta-harsovschi-lungu-ciutac-nu-a-pus-macar-o-floare-dar-a-impropri","status":"publish","type":"post","link":"https:\/\/analyse.optim.biz\/?p=1896217","title":{"rendered":"Viceprimarul Dan Ioan Cu\u0219nir r\u0103spunde dur raportului de activitate prezentat de consilierul Lucian Har\u0219ovschi: \u00cen Parcul \u0218ipote tripleta Har\u0219ovschi\/Lungu\/Ciutac nu a pus m\u0103car o floare, dar a \u00eempropriet\u0103rit unele persoane acolo"},"content":{"rendered":"<p>[analyse_image type=&#8221;featured&#8221; src=&#8221;https:\/\/www.newsbucovina.ro\/wp-content\/uploads\/2024\/11\/Cusnir-3.pnghttps:\/\/cdn.newsbucovina.ro\/wp-content\/uploads\/2024\/11\/Cusnir-3.png&#8221;]<\/p>\n<div class=\"td-post-content tagdiv-type\">\n<div class=\"td-a-rec td-a-rec-id-content_top  tdi_3 td_block_template_1\"><strong>Intr\u0103 acum \u0219i \u00een grupul de <\/p>\n<div class=\"wp-block-button\"><a class=\"wp-block-button__link wp-element-button\" href=\"https:\/\/t.me\/+TH8wcfnp8fw5NWI0\">Telegram News Bucovina<\/a><\/div>\n<p><\/strong><\/div>\n<p>Viceprimarul municipiului Suceava, Dan Ioan Cu\u0219nir, a venit cu o replic\u0103 ferm\u0103 la raportul de activitate publicat de consilierul local Lucian Har\u0219ovschi, fost viceprimar, acuz\u00e2ndu-l c\u0103 \u00eencearc\u0103 s\u0103 \u00ee\u0219i atribuie merite pentru proiecte realizate integral \u00een mandatul actual.<\/p>\n<figure class=\"wp-block-image size-large\"><a href=\"https:\/\/cdn.newsbucovina.ro\/wp-content\/uploads\/2025\/03\/Cusnir.png\"><img loading=\"lazy\" decoding=\"async\" width=\"1024\" height=\"559\" src=\"https:\/\/cdn.newsbucovina.ro\/wp-content\/uploads\/2025\/03\/Cusnir-1024x559.png.webp\" alt class=\"wp-image-405460\"><\/a><\/figure>\n<p>\u00centr-un mesaj public, viceprimarul Cu\u0219nir \u00eel descrie pe Lucian Har\u0219ovschi ca fiind \u201eexponent principal al celor 20 de ani \u00een care Suceava a b\u0103tut pasul pe loc\u201d \u0219i afirm\u0103 c\u0103 acesta \u00eencearc\u0103 s\u0103 induc\u0103 ideea c\u0103 ceea ce se \u00eent\u00e2mpl\u0103 \u00een municipiu \u00eencep\u00e2nd din 2025 ar fi o continuare a mandatului s\u0103u al\u0103turi de fostul primar Lungu \u0219i de Ioan Ciutac.<\/p>\n<p>\u201eSperan\u021ba este c\u0103 institu\u021biile statului \u00eei vor aduce cu picioarele pe p\u0103m\u00e2nt pentru jaful organizat din bugetul public \u0219i din domeniul public. P\u00e2n\u0103 atunci, se pare c\u0103 trebuie s\u0103 aducem aminte ce am preluat \u0219i ce facem noi\u201d, a transmis viceprimarul.<\/p>\n<p>Referitor la Parcul \u0218ipote, Dan Ioan Cu\u0219nir precizeaz\u0103 c\u0103 \u201eNU au f\u0103cut NIMIC\u201d administra\u021biile anterioare.<\/p>\n<p>\u201eTot ceea ce s-a f\u0103cut \u00een Parcul \u0218ipote nu are nicio leg\u0103tur\u0103 cu tripleta Har\u0219ovschi\/Lungu\/Ciutac. Tot conceptul, toat\u0103 g\u00e2ndirea, toat\u0103 munca, totul a fost 100% realizat \u00een anul 2025 de c\u0103tre administra\u021bia R\u00eembu\u201d, a subliniat viceprimarul.<\/p>\n<p>Acesta a mers mai departe afirm\u00e2nd c\u0103 Har\u0219ovschi \u201enu a pus nici m\u0103car o floare acolo\u201d, \u201enu exist\u0103 o roab\u0103 de p\u0103m\u00e2nt mutat\u0103 de el acolo\u201d \u0219i \u201enu este nici m\u0103car o cu\u0219c\u0103 pentru porumbei f\u0103cut\u0103 de el\u201d.<\/p>\n<p>\u00cen ceea ce prive\u0219te proiectul european ce urmeaz\u0103 a fi implementat \u00een acest an pentru Parcul \u0218ipote, viceprimarul a precizat c\u0103 finan\u021barea a fost semnat\u0103 de administra\u021bia R\u00eembu \u00een 2025, pe alocare ADR Nord-Est, iar proiectul tehnic, documenta\u021bia \u0219i toate demersurile pentru ob\u021binerea finan\u021b\u0103rii au fost realizate de echipa de Proiecte Europene tot \u00een 2025.<\/p>\n<p>\u201eTotu\u0219i nu putem spune c\u0103 cei dinainte nu au f\u0103cut nimic. Au f\u0103cut! Au \u00eempropriet\u0103rit \u00een Parcul \u0218ipote; oameni care aveau de primit teren agricol sau ima\u0219 au primit, de la fosta administra\u021bie, parcele \u00een parcul \u0218ipote care are regim silvic\u201d, a ad\u0103ugat Dan Ioan Cu\u0219nir.<\/p>\n<p>Mesajul se \u00eencheie cu o \u00eentrebare retoric\u0103: \u201eAceste personaje, care se preocup\u0103 doar de imagine \u00een loc de valoare, sunt demne de dispre\u021b sau de mil\u0103?\u201d<\/p>\n<p>Reac\u021bia viceprimarului vine la scurt timp dup\u0103 ce consilierul local Lucian Har\u0219ovschi a prezentat un raport detaliat de activitate pentru perioada 2024-2025, \u00een care subliniaz\u0103 importan\u021ba continuit\u0103\u021bii proiectelor pentru suceveni, dincolo de culori politice. Har\u0219ovschi este singurul consilier local care a f\u0103cut public un astfel de raport, documentul fiind disponibil pe site-ul Prim\u0103riei Municipiului Suceava.<\/p>\n<figure class=\"wp-block-embed is-type-video is-provider-youtube wp-block-embed-youtube wp-embed-aspect-16-9 wp-has-aspect-ratio\">\n<div class=\"wp-block-embed__wrapper\">\n<div class=\"youtube-embed\" data-video_id=\"c7iLFNmUnAg\"><iframe loading=\"lazy\" title=\"Alex avea prioritate! Alex a murit..!!! Cine urmeaz\u0103??? \" width=\"696\" height=\"392\" src=\"https:\/\/www.youtube.com\/embed\/c7iLFNmUnAg?feature=oembed&amp;enablejsapi=1\" frameborder allow=\"accelerometer; autoplay; clipboard-write; encrypted-media; gyroscope; picture-in-picture; web-share\" referrerpolicy=\"strict-origin-when-cross-origin\" allowfullscreen><\/iframe><\/div>\n<\/div>\n<\/figure>\n<div class=\"td-a-rec td-a-rec-id-content_bottom  tdi_4 td_block_template_1\"><strong>Intr\u0103 acum \u0219i \u00een grupul de <\/p>\n<div class=\"wp-block-button\"><a class=\"wp-block-button__link wp-element-button\" href=\"https:\/\/t.me\/+TH8wcfnp8fw5NWI0\">Telegram News Bucovina<\/a><\/div>\n<p><\/strong><\/div>\n<\/div>\n<div class=\"td-post-content tagdiv-type\">\n<div class=\"td-a-rec td-a-rec-id-content_top  tdi_3 td_block_template_1\"><strong>Intr\u0103 acum \u0219i \u00een grupul de <\/p>\n<div class=\"wp-block-button\"><a class=\"wp-block-button__link wp-element-button\" href=\"https:\/\/t.me\/+TH8wcfnp8fw5NWI0\">Telegram News Bucovina<\/a><\/div>\n<p><\/strong><\/div>\n<p>Viceprimarul municipiului Suceava, Dan Ioan Cu\u0219nir, a venit cu o replic\u0103 ferm\u0103 la raportul de activitate publicat de consilierul local Lucian Har\u0219ovschi, fost viceprimar, acuz\u00e2ndu-l c\u0103 \u00eencearc\u0103 s\u0103 \u00ee\u0219i atribuie merite pentru proiecte realizate integral \u00een mandatul actual.<\/p>\n<figure class=\"wp-block-image size-large\"><a href=\"https:\/\/cdn.newsbucovina.ro\/wp-content\/uploads\/2025\/03\/Cusnir.png\"><img loading=\"lazy\" decoding=\"async\" width=\"1024\" height=\"559\" src=\"https:\/\/cdn.newsbucovina.ro\/wp-content\/uploads\/2025\/03\/Cusnir-1024x559.png.webp\" alt class=\"wp-image-405460\"><\/a><\/figure>\n<p>\u00centr-un mesaj public, viceprimarul Cu\u0219nir \u00eel descrie pe Lucian Har\u0219ovschi ca fiind \u201eexponent principal al celor 20 de ani \u00een care Suceava a b\u0103tut pasul pe loc\u201d \u0219i afirm\u0103 c\u0103 acesta \u00eencearc\u0103 s\u0103 induc\u0103 ideea c\u0103 ceea ce se \u00eent\u00e2mpl\u0103 \u00een municipiu \u00eencep\u00e2nd din 2025 ar fi o continuare a mandatului s\u0103u al\u0103turi de fostul primar Lungu \u0219i de Ioan Ciutac.<\/p>\n<p>\u201eSperan\u021ba este c\u0103 institu\u021biile statului \u00eei vor aduce cu picioarele pe p\u0103m\u00e2nt pentru jaful organizat din bugetul public \u0219i din domeniul public. P\u00e2n\u0103 atunci, se pare c\u0103 trebuie s\u0103 aducem aminte ce am preluat \u0219i ce facem noi\u201d, a transmis viceprimarul.<\/p>\n<p>Referitor la Parcul \u0218ipote, Dan Ioan Cu\u0219nir precizeaz\u0103 c\u0103 \u201eNU au f\u0103cut NIMIC\u201d administra\u021biile anterioare.<\/p>\n<p>\u201eTot ceea ce s-a f\u0103cut \u00een Parcul \u0218ipote nu are nicio leg\u0103tur\u0103 cu tripleta Har\u0219ovschi\/Lungu\/Ciutac. Tot conceptul, toat\u0103 g\u00e2ndirea, toat\u0103 munca, totul a fost 100% realizat \u00een anul 2025 de c\u0103tre administra\u021bia R\u00eembu\u201d, a subliniat viceprimarul.<\/p>\n<p>Acesta a mers mai departe afirm\u00e2nd c\u0103 Har\u0219ovschi \u201enu a pus nici m\u0103car o floare acolo\u201d, \u201enu exist\u0103 o roab\u0103 de p\u0103m\u00e2nt mutat\u0103 de el acolo\u201d \u0219i \u201enu este nici m\u0103car o cu\u0219c\u0103 pentru porumbei f\u0103cut\u0103 de el\u201d.<\/p>\n<p>\u00cen ceea ce prive\u0219te proiectul european ce urmeaz\u0103 a fi implementat \u00een acest an pentru Parcul \u0218ipote, viceprimarul a precizat c\u0103 finan\u021barea a fost semnat\u0103 de administra\u021bia R\u00eembu \u00een 2025, pe alocare ADR Nord-Est, iar proiectul tehnic, documenta\u021bia \u0219i toate demersurile pentru ob\u021binerea finan\u021b\u0103rii au fost realizate de echipa de Proiecte Europene tot \u00een 2025.<\/p>\n<p>\u201eTotu\u0219i nu putem spune c\u0103 cei dinainte nu au f\u0103cut nimic. Au f\u0103cut! Au \u00eempropriet\u0103rit \u00een Parcul \u0218ipote; oameni care aveau de primit teren agricol sau ima\u0219 au primit, de la fosta administra\u021bie, parcele \u00een parcul \u0218ipote care are regim silvic\u201d, a ad\u0103ugat Dan Ioan Cu\u0219nir.<\/p>\n<p>Mesajul se \u00eencheie cu o \u00eentrebare retoric\u0103: \u201eAceste personaje, care se preocup\u0103 doar de imagine \u00een loc de valoare, sunt demne de dispre\u021b sau de mil\u0103?\u201d<\/p>\n<p>Reac\u021bia viceprimarului vine la scurt timp dup\u0103 ce consilierul local Lucian Har\u0219ovschi a prezentat un raport detaliat de activitate pentru perioada 2024-2025, \u00een care subliniaz\u0103 importan\u021ba continuit\u0103\u021bii proiectelor pentru suceveni, dincolo de culori politice. Har\u0219ovschi este singurul consilier local care a f\u0103cut public un astfel de raport, documentul fiind disponibil pe site-ul Prim\u0103riei Municipiului Suceava.<\/p>\n<figure class=\"wp-block-embed is-type-video is-provider-youtube wp-block-embed-youtube wp-embed-aspect-16-9 wp-has-aspect-ratio\">\n<div class=\"wp-block-embed__wrapper\">\n<div class=\"youtube-embed\" data-video_id=\"c7iLFNmUnAg\"><iframe loading=\"lazy\" title=\"Alex avea prioritate! Alex a murit..!!! Cine urmeaz\u0103??? \" width=\"696\" height=\"392\" src=\"https:\/\/www.youtube.com\/embed\/c7iLFNmUnAg?feature=oembed&amp;enablejsapi=1\" frameborder allow=\"accelerometer; autoplay; clipboard-write; encrypted-media; gyroscope; picture-in-picture; web-share\" referrerpolicy=\"strict-origin-when-cross-origin\" allowfullscreen><\/iframe><\/div>\n<\/div>\n<\/figure>\n<div class=\"td-a-rec td-a-rec-id-content_bottom  tdi_4 td_block_template_1\"><strong>Intr\u0103 acum \u0219i \u00een grupul de <\/p>\n<div class=\"wp-block-button\"><a class=\"wp-block-button__link wp-element-button\" href=\"https:\/\/t.me\/+TH8wcfnp8fw5NWI0\">Telegram News Bucovina<\/a><\/div>\n<p><\/strong><\/div>\n<\/div>\n<p>[analyse_source url=&#8221;https:\/\/www.newsbucovina.ro\/featured\/436727\/viceprimarul-dan-ioan-cusnir-raspunde-dur-raportului-de-activitate-prezentat-de-consilierul-lucian-harsovschi-in-parcul-sipote-tripleta-harsovschi-lungu-ciutac-nu-a-pus-macar-o-floare-dar-a-impropri&#8221;]<\/p>\n","protected":false},"excerpt":{"rendered":"<p>[analyse_image type=&#8221;featured&#8221; src=&#8221;https:\/\/www.newsbucovina.ro\/wp-content\/uploads\/2024\/11\/Cusnir-3.pnghttps:\/\/cdn.newsbucovina.ro\/wp-content\/uploads\/2024\/11\/Cusnir-3.png&#8221;] Intr\u0103 acum \u0219i \u00een grupul de Telegram News Bucovina Viceprimarul municipiului Suceava, Dan Ioan Cu\u0219nir, a venit cu o replic\u0103 ferm\u0103 la raportul de activitate publicat de consilierul local Lucian Har\u0219ovschi, fost viceprimar, acuz\u00e2ndu-l c\u0103 \u00eencearc\u0103 s\u0103 \u00ee\u0219i atribuie merite pentru proiecte realizate integral \u00een mandatul actual. \u00centr-un mesaj public, viceprimarul Cu\u0219nir [&hellip;]<\/p>\n","protected":false},"author":1,"featured_media":0,"comment_status":"open","ping_status":"","sticky":false,"template":"","format":"standard","meta":{"footnotes":""},"categories":[89],"tags":[226,165],"class_list":["post-1896217","post","type-post","status-publish","format-standard","hentry","category-romania","tag-crawlmanager","tag-newsbucovina-ro"],"_links":{"self":[{"href":"https:\/\/analyse.optim.biz\/index.php?rest_route=\/wp\/v2\/posts\/1896217","targetHints":{"allow":["GET"]}}],"collection":[{"href":"https:\/\/analyse.optim.biz\/index.php?rest_route=\/wp\/v2\/posts"}],"about":[{"href":"https:\/\/analyse.optim.biz\/index.php?rest_route=\/wp\/v2\/types\/post"}],"author":[{"embeddable":true,"href":"https:\/\/analyse.optim.biz\/index.php?rest_route=\/wp\/v2\/users\/1"}],"replies":[{"embeddable":true,"href":"https:\/\/analyse.optim.biz\/index.php?rest_route=%2Fwp%2Fv2%2Fcomments&post=1896217"}],"version-history":[{"count":0,"href":"https:\/\/analyse.optim.biz\/index.php?rest_route=\/wp\/v2\/posts\/1896217\/revisions"}],"wp:attachment":[{"href":"https:\/\/analyse.optim.biz\/index.php?rest_route=%2Fwp%2Fv2%2Fmedia&parent=1896217"}],"wp:term":[{"taxonomy":"category","embeddable":true,"href":"https:\/\/analyse.optim.biz\/index.php?rest_route=%2Fwp%2Fv2%2Fcategories&post=1896217"},{"taxonomy":"post_tag","embeddable":true,"href":"https:\/\/analyse.optim.biz\/index.php?rest_route=%2Fwp%2Fv2%2Ftags&post=1896217"}],"curies":[{"name":"wp","href":"https:\/\/api.w.org\/{rel}","templated":true}]}}