{"id":1896214,"date":"2026-04-22T06:25:56","date_gmt":"2026-04-22T03:25:56","guid":{"rendered":"https:\/\/analyse.optim.biz\/?p=1896214"},"modified":"2026-04-22T06:25:56","modified_gmt":"2026-04-22T03:25:56","slug":"consilierul-local-sucevean-lucian-harsovschi-prezinta-raportul-de-activitate-proiectele-pentru-suceveni-trebuie-duse-la-capat-dincolo-de-culori-politice","status":"publish","type":"post","link":"https:\/\/analyse.optim.biz\/?p=1896214","title":{"rendered":"Consilierul local sucevean Lucian Har\u0219ovschi prezint\u0103 raportul de activitate: \u201eProiectele pentru suceveni trebuie duse la cap\u0103t, dincolo de culori politice\u201d"},"content":{"rendered":"<p>[analyse_image type=&#8221;featured&#8221; src=&#8221;https:\/\/www.newsbucovina.ro\/wp-content\/uploads\/2024\/03\/harsovschi-1.pnghttps:\/\/cdn.newsbucovina.ro\/wp-content\/uploads\/2024\/03\/harsovschi-1.png&#8221;]<\/p>\n<div class=\"td-post-content tagdiv-type\">\n<div class=\"td-a-rec td-a-rec-id-content_top  tdi_3 td_block_template_1\"><strong>Intr\u0103 acum \u0219i \u00een grupul de <\/p>\n<div class=\"wp-block-button\"><a class=\"wp-block-button__link wp-element-button\" href=\"https:\/\/t.me\/+TH8wcfnp8fw5NWI0\">Telegram News Bucovina<\/a><\/div>\n<p><\/strong><\/div>\n<p>Fostul viceprimar al Suceava, Lucian Har\u0219ovschi, \u00een prezent consilier local, a transmis un raport de activitate \u00een care subliniaz\u0103 stadiul mai multor proiecte ini\u021biate \u00een mandatul anterior \u0219i aflate \u00eenc\u0103 \u00een implementare.<\/p>\n<figure class=\"wp-block-image size-large\"><a href=\"https:\/\/cdn.newsbucovina.ro\/wp-content\/uploads\/2024\/09\/harsovschi.png\"><img loading=\"lazy\" decoding=\"async\" width=\"1024\" height=\"572\" src=\"https:\/\/cdn.newsbucovina.ro\/wp-content\/uploads\/2024\/09\/harsovschi-1024x572.png\" alt class=\"wp-image-394905\"><\/a><\/figure>\n<p>Har\u0219ovschi afirm\u0103 c\u0103 scopul s\u0103u \u00een aceast\u0103 perioad\u0103 a fost \u201easigurarea medierii \u0219i continuit\u0103\u021bii\u201d, astfel \u00eenc\u00e2t investi\u021biile \u00eencepute de administra\u021bia din care a f\u0103cut parte s\u0103 nu fie blocate, ci finalizate \u201e\u00een interesul tuturor sucevenilor\u201d.<br \/>Potrivit acestuia, proiectele trebuie privite ca investi\u021bii ale comunit\u0103\u021bii, \u201enu ale unei culori politice\u201d. Consilierul local sus\u021bine c\u0103 s-a implicat pentru ca acestea s\u0103 mearg\u0103 mai departe \u0219i a intervenit public doar \u00een situa\u021biile \u00een care dialogul institu\u021bional nu a fost suficient pentru deblocarea unor decizii.<\/p>\n<p>Raportul de activitate, un document de aproximativ zece pagini, \u00eenregistrat pe site-ul Prim\u0103riei Suceava \u00een 27 ianuarie a.c.,reprezint\u0103 o raritate \u00een actualul mandat al Consiliului Local Suceava, Har\u0219ovschi fiind singurul consilier care l-a prezentat public pentru perioada 2024-2025. Documentul exemplific\u0103 rolul s\u0103u \u00een men\u021binerea \u0219i finalizarea mai multor investi\u021bii \u00eencepute \u00een mandatul anterior, cu accent pe interesul public al sucevenilor.<\/p>\n<p>Prin acest demers, fostul viceprimar reitereaz\u0103 angajamentul pentru o administra\u021bie orientat\u0103 spre rezultate concrete, independent de schimb\u0103rile politice. Detalii complete despre proiectele men\u021bionate, stadiul lor de implementare \u0219i contribu\u021bia sa se reg\u0103sesc \u00een raportul oficial publicat pe site-ul Prim\u0103riei Municipiului Suceava.<\/p>\n<figure class=\"wp-block-embed is-type-video is-provider-youtube wp-block-embed-youtube wp-embed-aspect-16-9 wp-has-aspect-ratio\">\n<div class=\"wp-block-embed__wrapper\">\n<div class=\"youtube-embed\" data-video_id=\"c7iLFNmUnAg\"><iframe loading=\"lazy\" title=\"Alex avea prioritate! Alex a murit..!!! Cine urmeaz\u0103??? \" width=\"696\" height=\"392\" src=\"https:\/\/www.youtube.com\/embed\/c7iLFNmUnAg?feature=oembed&amp;enablejsapi=1\" frameborder allow=\"accelerometer; autoplay; clipboard-write; encrypted-media; gyroscope; picture-in-picture; web-share\" referrerpolicy=\"strict-origin-when-cross-origin\" allowfullscreen><\/iframe><\/div>\n<\/div>\n<\/figure>\n<div class=\"td-a-rec td-a-rec-id-content_bottom  tdi_4 td_block_template_1\"><strong>Intr\u0103 acum \u0219i \u00een grupul de <\/p>\n<div class=\"wp-block-button\"><a class=\"wp-block-button__link wp-element-button\" href=\"https:\/\/t.me\/+TH8wcfnp8fw5NWI0\">Telegram News Bucovina<\/a><\/div>\n<p><\/strong><\/div>\n<\/div>\n<div class=\"td-post-content tagdiv-type\">\n<div class=\"td-a-rec td-a-rec-id-content_top  tdi_3 td_block_template_1\"><strong>Intr\u0103 acum \u0219i \u00een grupul de <\/p>\n<div class=\"wp-block-button\"><a class=\"wp-block-button__link wp-element-button\" href=\"https:\/\/t.me\/+TH8wcfnp8fw5NWI0\">Telegram News Bucovina<\/a><\/div>\n<p><\/strong><\/div>\n<p>Fostul viceprimar al Suceava, Lucian Har\u0219ovschi, \u00een prezent consilier local, a transmis un raport de activitate \u00een care subliniaz\u0103 stadiul mai multor proiecte ini\u021biate \u00een mandatul anterior \u0219i aflate \u00eenc\u0103 \u00een implementare.<\/p>\n<figure class=\"wp-block-image size-large\"><a href=\"https:\/\/cdn.newsbucovina.ro\/wp-content\/uploads\/2024\/09\/harsovschi.png\"><img loading=\"lazy\" decoding=\"async\" width=\"1024\" height=\"572\" src=\"https:\/\/cdn.newsbucovina.ro\/wp-content\/uploads\/2024\/09\/harsovschi-1024x572.png\" alt class=\"wp-image-394905\"><\/a><\/figure>\n<p>Har\u0219ovschi afirm\u0103 c\u0103 scopul s\u0103u \u00een aceast\u0103 perioad\u0103 a fost \u201easigurarea medierii \u0219i continuit\u0103\u021bii\u201d, astfel \u00eenc\u00e2t investi\u021biile \u00eencepute de administra\u021bia din care a f\u0103cut parte s\u0103 nu fie blocate, ci finalizate \u201e\u00een interesul tuturor sucevenilor\u201d.<br \/>Potrivit acestuia, proiectele trebuie privite ca investi\u021bii ale comunit\u0103\u021bii, \u201enu ale unei culori politice\u201d. Consilierul local sus\u021bine c\u0103 s-a implicat pentru ca acestea s\u0103 mearg\u0103 mai departe \u0219i a intervenit public doar \u00een situa\u021biile \u00een care dialogul institu\u021bional nu a fost suficient pentru deblocarea unor decizii.<\/p>\n<p>Raportul de activitate, un document de aproximativ zece pagini, \u00eenregistrat pe site-ul Prim\u0103riei Suceava \u00een 27 ianuarie a.c.,reprezint\u0103 o raritate \u00een actualul mandat al Consiliului Local Suceava, Har\u0219ovschi fiind singurul consilier care l-a prezentat public pentru perioada 2024-2025. Documentul exemplific\u0103 rolul s\u0103u \u00een men\u021binerea \u0219i finalizarea mai multor investi\u021bii \u00eencepute \u00een mandatul anterior, cu accent pe interesul public al sucevenilor.<\/p>\n<p>Prin acest demers, fostul viceprimar reitereaz\u0103 angajamentul pentru o administra\u021bie orientat\u0103 spre rezultate concrete, independent de schimb\u0103rile politice. Detalii complete despre proiectele men\u021bionate, stadiul lor de implementare \u0219i contribu\u021bia sa se reg\u0103sesc \u00een raportul oficial publicat pe site-ul Prim\u0103riei Municipiului Suceava.<\/p>\n<figure class=\"wp-block-embed is-type-video is-provider-youtube wp-block-embed-youtube wp-embed-aspect-16-9 wp-has-aspect-ratio\">\n<div class=\"wp-block-embed__wrapper\">\n<div class=\"youtube-embed\" data-video_id=\"c7iLFNmUnAg\"><iframe loading=\"lazy\" title=\"Alex avea prioritate! Alex a murit..!!! Cine urmeaz\u0103??? \" width=\"696\" height=\"392\" src=\"https:\/\/www.youtube.com\/embed\/c7iLFNmUnAg?feature=oembed&amp;enablejsapi=1\" frameborder allow=\"accelerometer; autoplay; clipboard-write; encrypted-media; gyroscope; picture-in-picture; web-share\" referrerpolicy=\"strict-origin-when-cross-origin\" allowfullscreen><\/iframe><\/div>\n<\/div>\n<\/figure>\n<div class=\"td-a-rec td-a-rec-id-content_bottom  tdi_4 td_block_template_1\"><strong>Intr\u0103 acum \u0219i \u00een grupul de <\/p>\n<div class=\"wp-block-button\"><a class=\"wp-block-button__link wp-element-button\" href=\"https:\/\/t.me\/+TH8wcfnp8fw5NWI0\">Telegram News Bucovina<\/a><\/div>\n<p><\/strong><\/div>\n<\/div>\n<p>[analyse_source url=&#8221;https:\/\/www.newsbucovina.ro\/politica\/436702\/consilierul-local-sucevean-lucian-harsovschi-prezinta-raportul-de-activitate-proiectele-pentru-suceveni-trebuie-duse-la-capat-dincolo-de-culori-politice&#8221;]<\/p>\n","protected":false},"excerpt":{"rendered":"<p>[analyse_image type=&#8221;featured&#8221; src=&#8221;https:\/\/www.newsbucovina.ro\/wp-content\/uploads\/2024\/03\/harsovschi-1.pnghttps:\/\/cdn.newsbucovina.ro\/wp-content\/uploads\/2024\/03\/harsovschi-1.png&#8221;] Intr\u0103 acum \u0219i \u00een grupul de Telegram News Bucovina Fostul viceprimar al Suceava, Lucian Har\u0219ovschi, \u00een prezent consilier local, a transmis un raport de activitate \u00een care subliniaz\u0103 stadiul mai multor proiecte ini\u021biate \u00een mandatul anterior \u0219i aflate \u00eenc\u0103 \u00een implementare. Har\u0219ovschi afirm\u0103 c\u0103 scopul s\u0103u \u00een aceast\u0103 perioad\u0103 a fost \u201easigurarea [&hellip;]<\/p>\n","protected":false},"author":1,"featured_media":0,"comment_status":"open","ping_status":"","sticky":false,"template":"","format":"standard","meta":{"footnotes":""},"categories":[89],"tags":[226,165],"class_list":["post-1896214","post","type-post","status-publish","format-standard","hentry","category-romania","tag-crawlmanager","tag-newsbucovina-ro"],"_links":{"self":[{"href":"https:\/\/analyse.optim.biz\/index.php?rest_route=\/wp\/v2\/posts\/1896214","targetHints":{"allow":["GET"]}}],"collection":[{"href":"https:\/\/analyse.optim.biz\/index.php?rest_route=\/wp\/v2\/posts"}],"about":[{"href":"https:\/\/analyse.optim.biz\/index.php?rest_route=\/wp\/v2\/types\/post"}],"author":[{"embeddable":true,"href":"https:\/\/analyse.optim.biz\/index.php?rest_route=\/wp\/v2\/users\/1"}],"replies":[{"embeddable":true,"href":"https:\/\/analyse.optim.biz\/index.php?rest_route=%2Fwp%2Fv2%2Fcomments&post=1896214"}],"version-history":[{"count":0,"href":"https:\/\/analyse.optim.biz\/index.php?rest_route=\/wp\/v2\/posts\/1896214\/revisions"}],"wp:attachment":[{"href":"https:\/\/analyse.optim.biz\/index.php?rest_route=%2Fwp%2Fv2%2Fmedia&parent=1896214"}],"wp:term":[{"taxonomy":"category","embeddable":true,"href":"https:\/\/analyse.optim.biz\/index.php?rest_route=%2Fwp%2Fv2%2Fcategories&post=1896214"},{"taxonomy":"post_tag","embeddable":true,"href":"https:\/\/analyse.optim.biz\/index.php?rest_route=%2Fwp%2Fv2%2Ftags&post=1896214"}],"curies":[{"name":"wp","href":"https:\/\/api.w.org\/{rel}","templated":true}]}}