{"id":1896210,"date":"2026-04-22T13:17:32","date_gmt":"2026-04-22T10:17:32","guid":{"rendered":"https:\/\/analyse.optim.biz\/?p=1896210"},"modified":"2026-04-22T13:17:32","modified_gmt":"2026-04-22T10:17:32","slug":"actiune-de-amploare-a-politiei-transporturi-suceava-in-cazul-activitatilor-de-colectare-a-deseurilor-feroase-si-neferoase","status":"publish","type":"post","link":"https:\/\/analyse.optim.biz\/?p=1896210","title":{"rendered":"Ac\u021biune de amploare a Poli\u021biei Transporturi Suceava \u00een cazul activit\u0103\u021bilor de colectare a de\u0219eurilor feroase \u0219i neferoase"},"content":{"rendered":"<p>[analyse_image type=&#8221;featured&#8221; src=&#8221;https:\/\/www.newsbucovina.ro\/wp-content\/uploads\/2026\/04\/IMG-20260421-WA0024.jpghttps:\/\/cdn.newsbucovina.ro\/wp-content\/uploads\/2026\/04\/IMG-20260421-WA0024.jpg&#8221;]<\/p>\n<div class=\"td-post-content tagdiv-type\">\n<div class=\"td-a-rec td-a-rec-id-content_top  tdi_3 td_block_template_1\"><strong>Intr\u0103 acum \u0219i \u00een grupul de <\/p>\n<div class=\"wp-block-button\"><a class=\"wp-block-button__link wp-element-button\" href=\"https:\/\/t.me\/+TH8wcfnp8fw5NWI0\">Telegram News Bucovina<\/a><\/div>\n<p><\/strong><\/div>\n<p>Poli\u021bi\u0219tii din cadrul Serviciului Jude\u021bean de Poli\u021bie Transporturi Suceava au organizat mar\u021bi, 21 aprilie 2026, o ac\u021biune ampl\u0103 pentru prevenirea \u0219i combaterea ilegalit\u0103\u021bilor comise de agen\u021bii economici care desf\u0103\u0219oar\u0103 activit\u0103\u021bi de colectare \u0219i valorificare a de\u0219eurilor feroase \u0219i neferoase, cu accent pe identificarea pieselor \u0219i componentelor provenite din re\u021beaua feroviar\u0103.<\/p>\n<figure class=\"wp-block-gallery has-nested-images columns-default is-cropped wp-block-gallery-1 is-layout-flex wp-block-gallery-is-layout-flex\">\n<figure class=\"wp-block-image size-large\"><a href=\"https:\/\/cdn.newsbucovina.ro\/wp-content\/uploads\/2026\/04\/IMG-20260421-WA0021.jpg\"><img loading=\"lazy\" decoding=\"async\" width=\"1024\" height=\"768\" data-id=\"436756\" src=\"https:\/\/cdn.newsbucovina.ro\/wp-content\/uploads\/2026\/04\/IMG-20260421-WA0021-1024x768.jpg\" alt class=\"wp-image-436756\"><\/a><\/figure>\n<figure class=\"wp-block-image size-large\"><a href=\"https:\/\/cdn.newsbucovina.ro\/wp-content\/uploads\/2026\/04\/IMG-20260421-WA0024.jpg\"><img loading=\"lazy\" decoding=\"async\" width=\"1024\" height=\"768\" data-id=\"436755\" src=\"https:\/\/cdn.newsbucovina.ro\/wp-content\/uploads\/2026\/04\/IMG-20260421-WA0024-1024x768.jpg\" alt class=\"wp-image-436755\"><\/a><\/figure>\n<figure class=\"wp-block-image size-large\"><a href=\"https:\/\/cdn.newsbucovina.ro\/wp-content\/uploads\/2026\/04\/IMG-20260421-WA0026.jpg\"><img loading=\"lazy\" decoding=\"async\" width=\"1024\" height=\"768\" data-id=\"436757\" src=\"https:\/\/cdn.newsbucovina.ro\/wp-content\/uploads\/2026\/04\/IMG-20260421-WA0026-1024x768.jpg\" alt class=\"wp-image-436757\"><\/a><\/figure>\n<\/figure>\n<p>\u00cen ac\u021biune au fost implica\u021bi poli\u021bi\u0219ti din Serviciul Investigarea Criminalit\u0103\u021bii Economice al Inspectoratului de Poli\u021bie Jude\u021bean Suceava, lucr\u0103tori ai Direc\u021biei Generale Antifraud\u0103, ai G\u0103rzii Na\u021bionale de Mediu, precum \u0219i jandarmi.<\/p>\n<p>Au fost verificate 7 centre de colectare, fiind legitimate 59 de persoane.<\/p>\n<p>\u00cen urma controalelor, poli\u021bi\u0219tii au aplicat 22 de sanc\u021biuni contraven\u021bionale, \u00een valoare total\u0103 de 66.012 lei.<\/p>\n<p>Printre neregulile constatate se num\u0103r\u0103 faptul c\u0103, la dou\u0103 centre de colectare, borderourile de achizi\u021bie a materialelor feroase \u0219i neferoase nu erau completate conform legisla\u021biei \u00een vigoare.<\/p>\n<p>Operatorilor economici le-au fost aplicate sanc\u021biuni contraven\u021bionale prev\u0103zute de art. 1 alin. 2 lit. d) din O.U.G. nr. 31\/2011.De asemenea, au fost aplicate amenzi pentru \u00eenc\u0103lcarea normelor de protec\u021bie a mediului, pentru nerespectarea prevederilor legale privind contabilitatea \u0219i sistemele de plat\u0103.<\/p>\n<p>Tot \u00een cadrul ac\u021biunii, poli\u021bi\u0219tii au oprit \u00een trafic o autoutilitar\u0103 care transporta material lemnos f\u0103r\u0103 documente de provenien\u021b\u0103, fiind confiscat\u0103 cantitatea de 2,15 metri cubi de material lemnos.<\/p>\n<p>Ac\u021biunile de verificare \u0219i control vor continua la nivelul jude\u021bului Suceava, scopul principal fiind prevenirea \u0219i combaterea faptelor ilicite prev\u0103zute de Ordonan\u021ba de Urgen\u021b\u0103 nr. 31\/2011 privind interzicerea achizi\u021bion\u0103rii de la persoane fizice a metalelor feroase \u0219i neferoase utilizate \u00een activitatea feroviar\u0103, combaterea evaziunii fiscale, protejarea bugetului de stat \u0219i investigarea eventualelor infrac\u021biuni comise \u00een domeniu.<\/p>\n<p>Poli\u021bia transmite c\u0103 astfel de ac\u021biuni vor fi repetate periodic pentru a descuraja practicile ilegale din acest sector.<\/p>\n<div class=\"td-a-rec td-a-rec-id-content_bottom  tdi_4 td_block_template_1\"><strong>Intr\u0103 acum \u0219i \u00een grupul de <\/p>\n<div class=\"wp-block-button\"><a class=\"wp-block-button__link wp-element-button\" href=\"https:\/\/t.me\/+TH8wcfnp8fw5NWI0\">Telegram News Bucovina<\/a><\/div>\n<p><\/strong><\/div>\n<\/div>\n<div class=\"td-post-content tagdiv-type\">\n<div class=\"td-a-rec td-a-rec-id-content_top  tdi_3 td_block_template_1\"><strong>Intr\u0103 acum \u0219i \u00een grupul de <\/p>\n<div class=\"wp-block-button\"><a class=\"wp-block-button__link wp-element-button\" href=\"https:\/\/t.me\/+TH8wcfnp8fw5NWI0\">Telegram News Bucovina<\/a><\/div>\n<p><\/strong><\/div>\n<p>Poli\u021bi\u0219tii din cadrul Serviciului Jude\u021bean de Poli\u021bie Transporturi Suceava au organizat mar\u021bi, 21 aprilie 2026, o ac\u021biune ampl\u0103 pentru prevenirea \u0219i combaterea ilegalit\u0103\u021bilor comise de agen\u021bii economici care desf\u0103\u0219oar\u0103 activit\u0103\u021bi de colectare \u0219i valorificare a de\u0219eurilor feroase \u0219i neferoase, cu accent pe identificarea pieselor \u0219i componentelor provenite din re\u021beaua feroviar\u0103.<\/p>\n<figure class=\"wp-block-gallery has-nested-images columns-default is-cropped wp-block-gallery-1 is-layout-flex wp-block-gallery-is-layout-flex\">\n<figure class=\"wp-block-image size-large\"><a href=\"https:\/\/cdn.newsbucovina.ro\/wp-content\/uploads\/2026\/04\/IMG-20260421-WA0021.jpg\"><img loading=\"lazy\" decoding=\"async\" width=\"1024\" height=\"768\" data-id=\"436756\" src=\"https:\/\/cdn.newsbucovina.ro\/wp-content\/uploads\/2026\/04\/IMG-20260421-WA0021-1024x768.jpg\" alt class=\"wp-image-436756\"><\/a><\/figure>\n<figure class=\"wp-block-image size-large\"><a href=\"https:\/\/cdn.newsbucovina.ro\/wp-content\/uploads\/2026\/04\/IMG-20260421-WA0024.jpg\"><img loading=\"lazy\" decoding=\"async\" width=\"1024\" height=\"768\" data-id=\"436755\" src=\"https:\/\/cdn.newsbucovina.ro\/wp-content\/uploads\/2026\/04\/IMG-20260421-WA0024-1024x768.jpg\" alt class=\"wp-image-436755\"><\/a><\/figure>\n<figure class=\"wp-block-image size-large\"><a href=\"https:\/\/cdn.newsbucovina.ro\/wp-content\/uploads\/2026\/04\/IMG-20260421-WA0026.jpg\"><img loading=\"lazy\" decoding=\"async\" width=\"1024\" height=\"768\" data-id=\"436757\" src=\"https:\/\/cdn.newsbucovina.ro\/wp-content\/uploads\/2026\/04\/IMG-20260421-WA0026-1024x768.jpg\" alt class=\"wp-image-436757\"><\/a><\/figure>\n<\/figure>\n<p>\u00cen ac\u021biune au fost implica\u021bi poli\u021bi\u0219ti din Serviciul Investigarea Criminalit\u0103\u021bii Economice al Inspectoratului de Poli\u021bie Jude\u021bean Suceava, lucr\u0103tori ai Direc\u021biei Generale Antifraud\u0103, ai G\u0103rzii Na\u021bionale de Mediu, precum \u0219i jandarmi.<\/p>\n<p>Au fost verificate 7 centre de colectare, fiind legitimate 59 de persoane.<\/p>\n<p>\u00cen urma controalelor, poli\u021bi\u0219tii au aplicat 22 de sanc\u021biuni contraven\u021bionale, \u00een valoare total\u0103 de 66.012 lei.<\/p>\n<p>Printre neregulile constatate se num\u0103r\u0103 faptul c\u0103, la dou\u0103 centre de colectare, borderourile de achizi\u021bie a materialelor feroase \u0219i neferoase nu erau completate conform legisla\u021biei \u00een vigoare.<\/p>\n<p>Operatorilor economici le-au fost aplicate sanc\u021biuni contraven\u021bionale prev\u0103zute de art. 1 alin. 2 lit. d) din O.U.G. nr. 31\/2011.De asemenea, au fost aplicate amenzi pentru \u00eenc\u0103lcarea normelor de protec\u021bie a mediului, pentru nerespectarea prevederilor legale privind contabilitatea \u0219i sistemele de plat\u0103.<\/p>\n<p>Tot \u00een cadrul ac\u021biunii, poli\u021bi\u0219tii au oprit \u00een trafic o autoutilitar\u0103 care transporta material lemnos f\u0103r\u0103 documente de provenien\u021b\u0103, fiind confiscat\u0103 cantitatea de 2,15 metri cubi de material lemnos.<\/p>\n<p>Ac\u021biunile de verificare \u0219i control vor continua la nivelul jude\u021bului Suceava, scopul principal fiind prevenirea \u0219i combaterea faptelor ilicite prev\u0103zute de Ordonan\u021ba de Urgen\u021b\u0103 nr. 31\/2011 privind interzicerea achizi\u021bion\u0103rii de la persoane fizice a metalelor feroase \u0219i neferoase utilizate \u00een activitatea feroviar\u0103, combaterea evaziunii fiscale, protejarea bugetului de stat \u0219i investigarea eventualelor infrac\u021biuni comise \u00een domeniu.<\/p>\n<p>Poli\u021bia transmite c\u0103 astfel de ac\u021biuni vor fi repetate periodic pentru a descuraja practicile ilegale din acest sector.<\/p>\n<div class=\"td-a-rec td-a-rec-id-content_bottom  tdi_4 td_block_template_1\"><strong>Intr\u0103 acum \u0219i \u00een grupul de <\/p>\n<div class=\"wp-block-button\"><a class=\"wp-block-button__link wp-element-button\" href=\"https:\/\/t.me\/+TH8wcfnp8fw5NWI0\">Telegram News Bucovina<\/a><\/div>\n<p><\/strong><\/div>\n<\/div>\n<p>[analyse_source url=&#8221;https:\/\/www.newsbucovina.ro\/actualitate\/436754\/actiune-de-amploare-a-politiei-transporturi-suceava-in-cazul-activitatilor-de-colectare-a-deseurilor-feroase-si-neferoase&#8221;]<\/p>\n","protected":false},"excerpt":{"rendered":"<p>[analyse_image type=&#8221;featured&#8221; src=&#8221;https:\/\/www.newsbucovina.ro\/wp-content\/uploads\/2026\/04\/IMG-20260421-WA0024.jpghttps:\/\/cdn.newsbucovina.ro\/wp-content\/uploads\/2026\/04\/IMG-20260421-WA0024.jpg&#8221;] Intr\u0103 acum \u0219i \u00een grupul de Telegram News Bucovina Poli\u021bi\u0219tii din cadrul Serviciului Jude\u021bean de Poli\u021bie Transporturi Suceava au organizat mar\u021bi, 21 aprilie 2026, o ac\u021biune ampl\u0103 pentru prevenirea \u0219i combaterea ilegalit\u0103\u021bilor comise de agen\u021bii economici care desf\u0103\u0219oar\u0103 activit\u0103\u021bi de colectare \u0219i valorificare a de\u0219eurilor feroase \u0219i neferoase, cu accent pe identificarea [&hellip;]<\/p>\n","protected":false},"author":1,"featured_media":0,"comment_status":"open","ping_status":"","sticky":false,"template":"","format":"standard","meta":{"footnotes":""},"categories":[89],"tags":[226,165],"class_list":["post-1896210","post","type-post","status-publish","format-standard","hentry","category-romania","tag-crawlmanager","tag-newsbucovina-ro"],"_links":{"self":[{"href":"https:\/\/analyse.optim.biz\/index.php?rest_route=\/wp\/v2\/posts\/1896210","targetHints":{"allow":["GET"]}}],"collection":[{"href":"https:\/\/analyse.optim.biz\/index.php?rest_route=\/wp\/v2\/posts"}],"about":[{"href":"https:\/\/analyse.optim.biz\/index.php?rest_route=\/wp\/v2\/types\/post"}],"author":[{"embeddable":true,"href":"https:\/\/analyse.optim.biz\/index.php?rest_route=\/wp\/v2\/users\/1"}],"replies":[{"embeddable":true,"href":"https:\/\/analyse.optim.biz\/index.php?rest_route=%2Fwp%2Fv2%2Fcomments&post=1896210"}],"version-history":[{"count":0,"href":"https:\/\/analyse.optim.biz\/index.php?rest_route=\/wp\/v2\/posts\/1896210\/revisions"}],"wp:attachment":[{"href":"https:\/\/analyse.optim.biz\/index.php?rest_route=%2Fwp%2Fv2%2Fmedia&parent=1896210"}],"wp:term":[{"taxonomy":"category","embeddable":true,"href":"https:\/\/analyse.optim.biz\/index.php?rest_route=%2Fwp%2Fv2%2Fcategories&post=1896210"},{"taxonomy":"post_tag","embeddable":true,"href":"https:\/\/analyse.optim.biz\/index.php?rest_route=%2Fwp%2Fv2%2Ftags&post=1896210"}],"curies":[{"name":"wp","href":"https:\/\/api.w.org\/{rel}","templated":true}]}}