{"id":1896208,"date":"2026-04-22T11:27:04","date_gmt":"2026-04-22T08:27:04","guid":{"rendered":"https:\/\/analyse.optim.biz\/?p=1896208"},"modified":"2026-04-22T11:27:04","modified_gmt":"2026-04-22T08:27:04","slug":"ocolul-silvic-malini-continua-campania-de-impaduriri-4-000-de-puieti-de-molid-brad-si-paltin-de-munte-plantati-deja","status":"publish","type":"post","link":"https:\/\/analyse.optim.biz\/?p=1896208","title":{"rendered":"Ocolul Silvic M\u0103lini continu\u0103 campania de \u00eemp\u0103duriri: 4.000 de puie\u021bi de molid, brad \u0219i paltin de munte planta\u021bi deja"},"content":{"rendered":"<p>[analyse_image type=&#8221;featured&#8221; src=&#8221;https:\/\/www.newsbucovina.ro\/wp-content\/uploads\/2026\/04\/impadurire-tudor-placinta.jpghttps:\/\/cdn.newsbucovina.ro\/wp-content\/uploads\/2026\/04\/impadurire-tudor-placinta.jpg&#8221;]<\/p>\n<div class=\"td-post-content tagdiv-type\">\n<div class=\"td-a-rec td-a-rec-id-content_top  tdi_3 td_block_template_1\"><strong>Intr\u0103 acum \u0219i \u00een grupul de <\/p>\n<div class=\"wp-block-button\"><a class=\"wp-block-button__link wp-element-button\" href=\"https:\/\/t.me\/+TH8wcfnp8fw5NWI0\">Telegram News Bucovina<\/a><\/div>\n<p><\/strong><\/div>\n<p>Silvicultorii de la Ocolul Silvic M\u0103lini, din cadrul Direc\u021biei Silvice Suceava, au plantat deja 4.000 de puie\u021bi forestieri de molid, brad \u0219i paltin de munte \u00een parcela 10E. Ac\u021biunea face parte din campania de \u00eemp\u0103duriri de prim\u0103var\u0103 2026 derulat\u0103 de Regia Na\u021bional\u0103 a P\u0103durilor \u2013 Romsilva.<\/p>\n<figure class=\"wp-block-image size-large\"><a href=\"https:\/\/cdn.newsbucovina.ro\/wp-content\/uploads\/2026\/04\/impadurire-tudor-placinta.jpg\"><img loading=\"lazy\" decoding=\"async\" width=\"1024\" height=\"576\" src=\"https:\/\/cdn.newsbucovina.ro\/wp-content\/uploads\/2026\/04\/impadurire-tudor-placinta-1024x576.jpg\" alt class=\"wp-image-436733\"><\/a><\/figure>\n<p>Lucr\u0103rile s-au desf\u0103\u0219urat \u00een terenurile administrate de ocolul silvic, contribuind la regenerarea fondului forestier proprietate public\u0103 a statului. Puie\u021bii ale\u0219i \u2013 specii adaptate condi\u021biilor montane din zon\u0103 \u2013 asigur\u0103 o bun\u0103 priz\u0103 \u0219i dezvoltare viitoare a arboretului t\u00e2n\u0103r.<\/p>\n<p>\u00cen acest an, Ocolul Silvic M\u0103lini are planificat s\u0103 \u00eemp\u0103dureasc\u0103 integral o suprafa\u021b\u0103 de 16,65 hectare \u0219i s\u0103 execute lucr\u0103ri de complet\u0103ri pe alte 13,94 hectare. Aceste ac\u021biuni se \u00eenscriu \u00een eforturile sus\u021binute ale Direc\u021biei Silvice Suceava de a men\u021bine \u0219i extinde suprafe\u021bele \u00eemp\u0103durite din jude\u021b, asigur\u00e2nd at\u00e2t protec\u021bia mediului, c\u00e2t \u0219i resursele lemnoase pe termen lung.<\/p>\n<p>La nivel na\u021bional, \u00een campania de \u00eemp\u0103duriri din prim\u0103vara anului 2026, Regia Na\u021bional\u0103 a P\u0103durilor \u2013 Romsilva vizeaz\u0103 regenerarea a 7.112 hectare \u00een fondul forestier proprietatea public\u0103 a statului. Dintre acestea, 4.520 hectare vor fi realizate prin regenerare natural\u0103, iar 2.592 hectare prin lucr\u0103ri de \u00eemp\u0103duriri artificiale. Pentru toate activit\u0103\u021bile de \u00eemp\u0103duriri, complet\u0103ri \u0219i refaceri vor fi utiliza\u021bi aproximativ 22 de milioane de puie\u021bi forestieri produ\u0219i \u00een pepinierele proprii ale Regiei.<\/p>\n<p>Aceste cifre reflect\u0103 un efort consistent de regenerare a p\u0103durilor. \u00cen ultimii \u0219ase ani, Romsilva a regenerat \u00een total 83.584 hectare de fond forestier proprietate public\u0103 a statului, din care 26.736 hectare prin lucr\u0103ri de \u00eemp\u0103duriri \u0219i 56.848 hectare prin regener\u0103ri naturale. \u00cen aceast\u0103 perioad\u0103 au fost planta\u021bi peste 155 de milioane de puie\u021bi forestieri, demonstr\u00e2nd angajamentul constant fa\u021b\u0103 de gestionarea durabil\u0103 a resurselor forestiere.<\/p>\n<figure class=\"wp-block-embed is-type-video is-provider-youtube wp-block-embed-youtube wp-embed-aspect-16-9 wp-has-aspect-ratio\">\n<div class=\"wp-block-embed__wrapper\">\n<div class=\"youtube-embed\" data-video_id=\"c7iLFNmUnAg\"><iframe loading=\"lazy\" title=\"Alex avea prioritate! Alex a murit..!!! Cine urmeaz\u0103??? \" width=\"696\" height=\"392\" src=\"https:\/\/www.youtube.com\/embed\/c7iLFNmUnAg?feature=oembed&amp;enablejsapi=1\" frameborder allow=\"accelerometer; autoplay; clipboard-write; encrypted-media; gyroscope; picture-in-picture; web-share\" referrerpolicy=\"strict-origin-when-cross-origin\" allowfullscreen><\/iframe><\/div>\n<\/div>\n<\/figure>\n<div class=\"td-a-rec td-a-rec-id-content_bottom  tdi_4 td_block_template_1\"><strong>Intr\u0103 acum \u0219i \u00een grupul de <\/p>\n<div class=\"wp-block-button\"><a class=\"wp-block-button__link wp-element-button\" href=\"https:\/\/t.me\/+TH8wcfnp8fw5NWI0\">Telegram News Bucovina<\/a><\/div>\n<p><\/strong><\/div>\n<\/div>\n<div class=\"td-post-content tagdiv-type\">\n<div class=\"td-a-rec td-a-rec-id-content_top  tdi_3 td_block_template_1\"><strong>Intr\u0103 acum \u0219i \u00een grupul de <\/p>\n<div class=\"wp-block-button\"><a class=\"wp-block-button__link wp-element-button\" href=\"https:\/\/t.me\/+TH8wcfnp8fw5NWI0\">Telegram News Bucovina<\/a><\/div>\n<p><\/strong><\/div>\n<p>Silvicultorii de la Ocolul Silvic M\u0103lini, din cadrul Direc\u021biei Silvice Suceava, au plantat deja 4.000 de puie\u021bi forestieri de molid, brad \u0219i paltin de munte \u00een parcela 10E. Ac\u021biunea face parte din campania de \u00eemp\u0103duriri de prim\u0103var\u0103 2026 derulat\u0103 de Regia Na\u021bional\u0103 a P\u0103durilor \u2013 Romsilva.<\/p>\n<figure class=\"wp-block-image size-large\"><a href=\"https:\/\/cdn.newsbucovina.ro\/wp-content\/uploads\/2026\/04\/impadurire-tudor-placinta.jpg\"><img loading=\"lazy\" decoding=\"async\" width=\"1024\" height=\"576\" src=\"https:\/\/cdn.newsbucovina.ro\/wp-content\/uploads\/2026\/04\/impadurire-tudor-placinta-1024x576.jpg\" alt class=\"wp-image-436733\"><\/a><\/figure>\n<p>Lucr\u0103rile s-au desf\u0103\u0219urat \u00een terenurile administrate de ocolul silvic, contribuind la regenerarea fondului forestier proprietate public\u0103 a statului. Puie\u021bii ale\u0219i \u2013 specii adaptate condi\u021biilor montane din zon\u0103 \u2013 asigur\u0103 o bun\u0103 priz\u0103 \u0219i dezvoltare viitoare a arboretului t\u00e2n\u0103r.<\/p>\n<p>\u00cen acest an, Ocolul Silvic M\u0103lini are planificat s\u0103 \u00eemp\u0103dureasc\u0103 integral o suprafa\u021b\u0103 de 16,65 hectare \u0219i s\u0103 execute lucr\u0103ri de complet\u0103ri pe alte 13,94 hectare. Aceste ac\u021biuni se \u00eenscriu \u00een eforturile sus\u021binute ale Direc\u021biei Silvice Suceava de a men\u021bine \u0219i extinde suprafe\u021bele \u00eemp\u0103durite din jude\u021b, asigur\u00e2nd at\u00e2t protec\u021bia mediului, c\u00e2t \u0219i resursele lemnoase pe termen lung.<\/p>\n<p>La nivel na\u021bional, \u00een campania de \u00eemp\u0103duriri din prim\u0103vara anului 2026, Regia Na\u021bional\u0103 a P\u0103durilor \u2013 Romsilva vizeaz\u0103 regenerarea a 7.112 hectare \u00een fondul forestier proprietatea public\u0103 a statului. Dintre acestea, 4.520 hectare vor fi realizate prin regenerare natural\u0103, iar 2.592 hectare prin lucr\u0103ri de \u00eemp\u0103duriri artificiale. Pentru toate activit\u0103\u021bile de \u00eemp\u0103duriri, complet\u0103ri \u0219i refaceri vor fi utiliza\u021bi aproximativ 22 de milioane de puie\u021bi forestieri produ\u0219i \u00een pepinierele proprii ale Regiei.<\/p>\n<p>Aceste cifre reflect\u0103 un efort consistent de regenerare a p\u0103durilor. \u00cen ultimii \u0219ase ani, Romsilva a regenerat \u00een total 83.584 hectare de fond forestier proprietate public\u0103 a statului, din care 26.736 hectare prin lucr\u0103ri de \u00eemp\u0103duriri \u0219i 56.848 hectare prin regener\u0103ri naturale. \u00cen aceast\u0103 perioad\u0103 au fost planta\u021bi peste 155 de milioane de puie\u021bi forestieri, demonstr\u00e2nd angajamentul constant fa\u021b\u0103 de gestionarea durabil\u0103 a resurselor forestiere.<\/p>\n<figure class=\"wp-block-embed is-type-video is-provider-youtube wp-block-embed-youtube wp-embed-aspect-16-9 wp-has-aspect-ratio\">\n<div class=\"wp-block-embed__wrapper\">\n<div class=\"youtube-embed\" data-video_id=\"c7iLFNmUnAg\"><iframe loading=\"lazy\" title=\"Alex avea prioritate! Alex a murit..!!! Cine urmeaz\u0103??? \" width=\"696\" height=\"392\" src=\"https:\/\/www.youtube.com\/embed\/c7iLFNmUnAg?feature=oembed&amp;enablejsapi=1\" frameborder allow=\"accelerometer; autoplay; clipboard-write; encrypted-media; gyroscope; picture-in-picture; web-share\" referrerpolicy=\"strict-origin-when-cross-origin\" allowfullscreen><\/iframe><\/div>\n<\/div>\n<\/figure>\n<div class=\"td-a-rec td-a-rec-id-content_bottom  tdi_4 td_block_template_1\"><strong>Intr\u0103 acum \u0219i \u00een grupul de <\/p>\n<div class=\"wp-block-button\"><a class=\"wp-block-button__link wp-element-button\" href=\"https:\/\/t.me\/+TH8wcfnp8fw5NWI0\">Telegram News Bucovina<\/a><\/div>\n<p><\/strong><\/div>\n<\/div>\n<p>[analyse_source url=&#8221;https:\/\/www.newsbucovina.ro\/actualitate\/436732\/ocolul-silvic-malini-continua-campania-de-impaduriri-4-000-de-puieti-de-molid-brad-si-paltin-de-munte-plantati-deja&#8221;]<\/p>\n","protected":false},"excerpt":{"rendered":"<p>[analyse_image type=&#8221;featured&#8221; src=&#8221;https:\/\/www.newsbucovina.ro\/wp-content\/uploads\/2026\/04\/impadurire-tudor-placinta.jpghttps:\/\/cdn.newsbucovina.ro\/wp-content\/uploads\/2026\/04\/impadurire-tudor-placinta.jpg&#8221;] Intr\u0103 acum \u0219i \u00een grupul de Telegram News Bucovina Silvicultorii de la Ocolul Silvic M\u0103lini, din cadrul Direc\u021biei Silvice Suceava, au plantat deja 4.000 de puie\u021bi forestieri de molid, brad \u0219i paltin de munte \u00een parcela 10E. Ac\u021biunea face parte din campania de \u00eemp\u0103duriri de prim\u0103var\u0103 2026 derulat\u0103 de Regia Na\u021bional\u0103 a [&hellip;]<\/p>\n","protected":false},"author":1,"featured_media":0,"comment_status":"open","ping_status":"","sticky":false,"template":"","format":"standard","meta":{"footnotes":""},"categories":[89],"tags":[226,165],"class_list":["post-1896208","post","type-post","status-publish","format-standard","hentry","category-romania","tag-crawlmanager","tag-newsbucovina-ro"],"_links":{"self":[{"href":"https:\/\/analyse.optim.biz\/index.php?rest_route=\/wp\/v2\/posts\/1896208","targetHints":{"allow":["GET"]}}],"collection":[{"href":"https:\/\/analyse.optim.biz\/index.php?rest_route=\/wp\/v2\/posts"}],"about":[{"href":"https:\/\/analyse.optim.biz\/index.php?rest_route=\/wp\/v2\/types\/post"}],"author":[{"embeddable":true,"href":"https:\/\/analyse.optim.biz\/index.php?rest_route=\/wp\/v2\/users\/1"}],"replies":[{"embeddable":true,"href":"https:\/\/analyse.optim.biz\/index.php?rest_route=%2Fwp%2Fv2%2Fcomments&post=1896208"}],"version-history":[{"count":0,"href":"https:\/\/analyse.optim.biz\/index.php?rest_route=\/wp\/v2\/posts\/1896208\/revisions"}],"wp:attachment":[{"href":"https:\/\/analyse.optim.biz\/index.php?rest_route=%2Fwp%2Fv2%2Fmedia&parent=1896208"}],"wp:term":[{"taxonomy":"category","embeddable":true,"href":"https:\/\/analyse.optim.biz\/index.php?rest_route=%2Fwp%2Fv2%2Fcategories&post=1896208"},{"taxonomy":"post_tag","embeddable":true,"href":"https:\/\/analyse.optim.biz\/index.php?rest_route=%2Fwp%2Fv2%2Ftags&post=1896208"}],"curies":[{"name":"wp","href":"https:\/\/api.w.org\/{rel}","templated":true}]}}