{"id":1896206,"date":"2026-04-22T08:21:40","date_gmt":"2026-04-22T05:21:40","guid":{"rendered":"https:\/\/analyse.optim.biz\/?p=1896206"},"modified":"2026-04-22T08:21:40","modified_gmt":"2026-04-22T05:21:40","slug":"opt-echipe-de-liceeni-din-suceava-isi-prezinta-planurile-de-afaceri-in-semifinala-judeteana-a-maratonului-pentru-educatie-antreprenoriala-iv","status":"publish","type":"post","link":"https:\/\/analyse.optim.biz\/?p=1896206","title":{"rendered":"Opt echipe de liceeni din Suceava \u00ee\u0219i prezint\u0103 planurile de afaceri \u00een semifinala jude\u021bean\u0103 a \u201eMaratonului pentru Educa\u021bie Antreprenorial\u0103\u201d IV"},"content":{"rendered":"<p>[analyse_image type=&#8221;featured&#8221; src=&#8221;https:\/\/www.newsbucovina.ro\/wp-content\/uploads\/2026\/04\/WhatsApp-Image-2026-04-15-at-14.50.59-1.jpeghttps:\/\/cdn.newsbucovina.ro\/wp-content\/uploads\/2026\/04\/WhatsApp-Image-2026-04-15-at-14.50.59-1.jpeg&#8221;]<\/p>\n<div class=\"td-post-content tagdiv-type\">\n<div class=\"td-a-rec td-a-rec-id-content_top  tdi_3 td_block_template_1\"><strong>Intr\u0103 acum \u0219i \u00een grupul de <\/p>\n<div class=\"wp-block-button\"><a class=\"wp-block-button__link wp-element-button\" href=\"https:\/\/t.me\/+TH8wcfnp8fw5NWI0\">Telegram News Bucovina<\/a><\/div>\n<p><\/strong><\/div>\n<p>Confedera\u021bia Na\u021bional\u0103 pentru Antreprenoriat Feminin (CONAF) \u2013 Sucursala Suceava organizeaz\u0103 joi, 23 aprilie 2026, \u00eencep\u00e2nd cu ora 09:00, la Teatrul Municipal \u201eMatei Vi\u0219niec\u201d, semifinala jude\u021bean\u0103 a competi\u021biei de planuri de afaceri \u201eMaratonul pentru Educa\u021bie Antreprenorial\u0103\u201d IV.<\/p>\n<div class=\"wp-block-image\">\n<figure class=\"aligncenter size-large\"><a href=\"https:\/\/cdn.newsbucovina.ro\/wp-content\/uploads\/2026\/04\/WhatsApp-Image-2026-04-15-at-14.50.59.jpeg\"><img loading=\"lazy\" decoding=\"async\" width=\"768\" height=\"1024\" src=\"https:\/\/cdn.newsbucovina.ro\/wp-content\/uploads\/2026\/04\/WhatsApp-Image-2026-04-15-at-14.50.59-768x1024.jpeg\" alt class=\"wp-image-436714\"><\/a><\/figure>\n<\/div>\n<p>Evenimentul face parte din cea de-a patra edi\u021bie a programului na\u021bional omonim, dedicat descoperirii voca\u021biei antreprenoriale \u0219i dezvolt\u0103rii spiritului de ini\u021biativ\u0103 \u00een r\u00e2ndul tinerilor. Programul este implementat \u00een 30 de jude\u021be \u0219i se deruleaz\u0103 \u00een parteneriat cu Ministerul Educa\u021biei \u0219i Cercet\u0103rii, Universitatea de Vest din Timi\u0219oara \u0219i Asocia\u021bia Na\u021bional\u0103 a Antreprenorilor, av\u00e2nd Banca Na\u021bional\u0103 a Rom\u00e2niei (BNR) ca partener strategic. Conceptul programului este \u00eenregistrat la OSIM, confirm\u00e2nd caracterul s\u0103u inovator.<\/p>\n<p>\u00cen contextul actual, marcat de transform\u0103ri rapide ale pie\u021bei muncii, educa\u021bia antreprenorial\u0103 devine o competen\u021b\u0103 esen\u021bial\u0103. Prin acest program, CONAF ofer\u0103 liceenilor cadrul necesar pentru a-\u0219i testa ideile de afaceri, a-\u0219i dezvolta g\u00e2ndirea critic\u0103 \u0219i a-\u0219i construi \u00eencrederea \u00een propriile capacit\u0103\u021bi.<\/p>\n<p>La semifinala de la Suceava particip\u0103 <strong>8 echipe<\/strong>, formate din 4-6 liceeni fiecare, care vor prezenta planuri de afaceri elaborate \u00een urma sesiunilor de educa\u021bie antreprenorial\u0103 desf\u0103\u0219urate \u00eencep\u00e2nd din octombrie 2025. Peste 1.000 de liceeni din jude\u021b au beneficiat de aceste ore practice, sus\u021binute de antreprenori locali implica\u021bi activ \u00een formarea noii genera\u021bii.<\/p>\n<p>Echipele vor fi evaluate de un juriu format din antreprenori \u0219i profesioni\u0219ti cu experien\u021b\u0103, care vor analiza criteriile esen\u021biale: originalitatea \u0219i fezabilitatea ideii de afaceri, coeren\u021ba planului de business, strategia de implementare, capacitatea de lucru \u00een echip\u0103 \u0219i calitatea prezent\u0103rii.<\/p>\n<p>Echipa c\u00e2\u0219tig\u0103toare a locului 1 se va califica direct \u00een finala na\u021bional\u0103 de la Bucure\u0219ti, unde va beneficia de sesiuni de mentorat, interac\u021biune cu antreprenori de top \u0219i validarea ideilor \u00eentr-un cadru competitiv de anvergur\u0103 na\u021bional\u0103.<\/p>\n<p>\u201eEduca\u021bia antreprenorial\u0103 nu \u00eenseamn\u0103 doar business, ci formarea unei mentalit\u0103\u021bi bazate pe curaj, asumarea responsabilit\u0103\u021bii \u0219i capacitatea de a transforma ideile \u00een realitate. Prin acest program, le oferim liceenilor informa\u021bie, experien\u021b\u0103, inspira\u021bie \u0219i direc\u021bie, pentru c\u0103 viitorul nu se a\u0219teapt\u0103 \u2013 se construie\u0219te\u201d, au transmis reprezentan\u021bii CONAF Suceava.<\/p>\n<p>La eveniment sunt a\u0219tepta\u021bi reprezentan\u021bi ai autorit\u0103\u021bilor locale, ai mediului educa\u021bional \u0219i antreprenorial, profesori coordonatori \u0219i elevi implica\u021bi \u00een program. Accesul publicului este liber, \u00een limita locurilor disponibile.<\/p>\n<p>\u201eMaratonul pentru Educa\u021bie Antreprenorial\u0103\u201d este cel mai amplu program na\u021bional dedicat liceenilor care conecteaz\u0103 educa\u021bia formal\u0103 cu mediul real de business, contribuind la formarea unei genera\u021bii adaptabile \u0219i orientate spre ini\u021biativ\u0103 economic\u0103.<\/p>\n<figure class=\"wp-block-embed is-type-video is-provider-youtube wp-block-embed-youtube wp-embed-aspect-16-9 wp-has-aspect-ratio\">\n<div class=\"wp-block-embed__wrapper\">\n<div class=\"youtube-embed\" data-video_id=\"c7iLFNmUnAg\"><iframe loading=\"lazy\" title=\"Alex avea prioritate! Alex a murit..!!! Cine urmeaz\u0103??? \" width=\"696\" height=\"392\" src=\"https:\/\/www.youtube.com\/embed\/c7iLFNmUnAg?feature=oembed&amp;enablejsapi=1\" frameborder allow=\"accelerometer; autoplay; clipboard-write; encrypted-media; gyroscope; picture-in-picture; web-share\" referrerpolicy=\"strict-origin-when-cross-origin\" allowfullscreen><\/iframe><\/div>\n<\/div>\n<\/figure>\n<div class=\"td-a-rec td-a-rec-id-content_bottom  tdi_4 td_block_template_1\"><strong>Intr\u0103 acum \u0219i \u00een grupul de <\/p>\n<div class=\"wp-block-button\"><a class=\"wp-block-button__link wp-element-button\" href=\"https:\/\/t.me\/+TH8wcfnp8fw5NWI0\">Telegram News Bucovina<\/a><\/div>\n<p><\/strong><\/div>\n<\/div>\n<div class=\"td-post-content tagdiv-type\">\n<div class=\"td-a-rec td-a-rec-id-content_top  tdi_3 td_block_template_1\"><strong>Intr\u0103 acum \u0219i \u00een grupul de <\/p>\n<div class=\"wp-block-button\"><a class=\"wp-block-button__link wp-element-button\" href=\"https:\/\/t.me\/+TH8wcfnp8fw5NWI0\">Telegram News Bucovina<\/a><\/div>\n<p><\/strong><\/div>\n<p>Confedera\u021bia Na\u021bional\u0103 pentru Antreprenoriat Feminin (CONAF) \u2013 Sucursala Suceava organizeaz\u0103 joi, 23 aprilie 2026, \u00eencep\u00e2nd cu ora 09:00, la Teatrul Municipal \u201eMatei Vi\u0219niec\u201d, semifinala jude\u021bean\u0103 a competi\u021biei de planuri de afaceri \u201eMaratonul pentru Educa\u021bie Antreprenorial\u0103\u201d IV.<\/p>\n<div class=\"wp-block-image\">\n<figure class=\"aligncenter size-large\"><a href=\"https:\/\/cdn.newsbucovina.ro\/wp-content\/uploads\/2026\/04\/WhatsApp-Image-2026-04-15-at-14.50.59.jpeg\"><img loading=\"lazy\" decoding=\"async\" width=\"768\" height=\"1024\" src=\"https:\/\/cdn.newsbucovina.ro\/wp-content\/uploads\/2026\/04\/WhatsApp-Image-2026-04-15-at-14.50.59-768x1024.jpeg\" alt class=\"wp-image-436714\"><\/a><\/figure>\n<\/div>\n<p>Evenimentul face parte din cea de-a patra edi\u021bie a programului na\u021bional omonim, dedicat descoperirii voca\u021biei antreprenoriale \u0219i dezvolt\u0103rii spiritului de ini\u021biativ\u0103 \u00een r\u00e2ndul tinerilor. Programul este implementat \u00een 30 de jude\u021be \u0219i se deruleaz\u0103 \u00een parteneriat cu Ministerul Educa\u021biei \u0219i Cercet\u0103rii, Universitatea de Vest din Timi\u0219oara \u0219i Asocia\u021bia Na\u021bional\u0103 a Antreprenorilor, av\u00e2nd Banca Na\u021bional\u0103 a Rom\u00e2niei (BNR) ca partener strategic. Conceptul programului este \u00eenregistrat la OSIM, confirm\u00e2nd caracterul s\u0103u inovator.<\/p>\n<p>\u00cen contextul actual, marcat de transform\u0103ri rapide ale pie\u021bei muncii, educa\u021bia antreprenorial\u0103 devine o competen\u021b\u0103 esen\u021bial\u0103. Prin acest program, CONAF ofer\u0103 liceenilor cadrul necesar pentru a-\u0219i testa ideile de afaceri, a-\u0219i dezvolta g\u00e2ndirea critic\u0103 \u0219i a-\u0219i construi \u00eencrederea \u00een propriile capacit\u0103\u021bi.<\/p>\n<p>La semifinala de la Suceava particip\u0103 <strong>8 echipe<\/strong>, formate din 4-6 liceeni fiecare, care vor prezenta planuri de afaceri elaborate \u00een urma sesiunilor de educa\u021bie antreprenorial\u0103 desf\u0103\u0219urate \u00eencep\u00e2nd din octombrie 2025. Peste 1.000 de liceeni din jude\u021b au beneficiat de aceste ore practice, sus\u021binute de antreprenori locali implica\u021bi activ \u00een formarea noii genera\u021bii.<\/p>\n<p>Echipele vor fi evaluate de un juriu format din antreprenori \u0219i profesioni\u0219ti cu experien\u021b\u0103, care vor analiza criteriile esen\u021biale: originalitatea \u0219i fezabilitatea ideii de afaceri, coeren\u021ba planului de business, strategia de implementare, capacitatea de lucru \u00een echip\u0103 \u0219i calitatea prezent\u0103rii.<\/p>\n<p>Echipa c\u00e2\u0219tig\u0103toare a locului 1 se va califica direct \u00een finala na\u021bional\u0103 de la Bucure\u0219ti, unde va beneficia de sesiuni de mentorat, interac\u021biune cu antreprenori de top \u0219i validarea ideilor \u00eentr-un cadru competitiv de anvergur\u0103 na\u021bional\u0103.<\/p>\n<p>\u201eEduca\u021bia antreprenorial\u0103 nu \u00eenseamn\u0103 doar business, ci formarea unei mentalit\u0103\u021bi bazate pe curaj, asumarea responsabilit\u0103\u021bii \u0219i capacitatea de a transforma ideile \u00een realitate. Prin acest program, le oferim liceenilor informa\u021bie, experien\u021b\u0103, inspira\u021bie \u0219i direc\u021bie, pentru c\u0103 viitorul nu se a\u0219teapt\u0103 \u2013 se construie\u0219te\u201d, au transmis reprezentan\u021bii CONAF Suceava.<\/p>\n<p>La eveniment sunt a\u0219tepta\u021bi reprezentan\u021bi ai autorit\u0103\u021bilor locale, ai mediului educa\u021bional \u0219i antreprenorial, profesori coordonatori \u0219i elevi implica\u021bi \u00een program. Accesul publicului este liber, \u00een limita locurilor disponibile.<\/p>\n<p>\u201eMaratonul pentru Educa\u021bie Antreprenorial\u0103\u201d este cel mai amplu program na\u021bional dedicat liceenilor care conecteaz\u0103 educa\u021bia formal\u0103 cu mediul real de business, contribuind la formarea unei genera\u021bii adaptabile \u0219i orientate spre ini\u021biativ\u0103 economic\u0103.<\/p>\n<figure class=\"wp-block-embed is-type-video is-provider-youtube wp-block-embed-youtube wp-embed-aspect-16-9 wp-has-aspect-ratio\">\n<div class=\"wp-block-embed__wrapper\">\n<div class=\"youtube-embed\" data-video_id=\"c7iLFNmUnAg\"><iframe loading=\"lazy\" title=\"Alex avea prioritate! Alex a murit..!!! Cine urmeaz\u0103??? \" width=\"696\" height=\"392\" src=\"https:\/\/www.youtube.com\/embed\/c7iLFNmUnAg?feature=oembed&amp;enablejsapi=1\" frameborder allow=\"accelerometer; autoplay; clipboard-write; encrypted-media; gyroscope; picture-in-picture; web-share\" referrerpolicy=\"strict-origin-when-cross-origin\" allowfullscreen><\/iframe><\/div>\n<\/div>\n<\/figure>\n<div class=\"td-a-rec td-a-rec-id-content_bottom  tdi_4 td_block_template_1\"><strong>Intr\u0103 acum \u0219i \u00een grupul de <\/p>\n<div class=\"wp-block-button\"><a class=\"wp-block-button__link wp-element-button\" href=\"https:\/\/t.me\/+TH8wcfnp8fw5NWI0\">Telegram News Bucovina<\/a><\/div>\n<p><\/strong><\/div>\n<\/div>\n<p>[analyse_source url=&#8221;https:\/\/www.newsbucovina.ro\/actualitate\/436713\/opt-echipe-de-liceeni-din-suceava-isi-prezinta-planurile-de-afaceri-in-semifinala-judeteana-a-maratonului-pentru-educatie-antreprenoriala-iv&#8221;]<\/p>\n","protected":false},"excerpt":{"rendered":"<p>[analyse_image type=&#8221;featured&#8221; src=&#8221;https:\/\/www.newsbucovina.ro\/wp-content\/uploads\/2026\/04\/WhatsApp-Image-2026-04-15-at-14.50.59-1.jpeghttps:\/\/cdn.newsbucovina.ro\/wp-content\/uploads\/2026\/04\/WhatsApp-Image-2026-04-15-at-14.50.59-1.jpeg&#8221;] Intr\u0103 acum \u0219i \u00een grupul de Telegram News Bucovina Confedera\u021bia Na\u021bional\u0103 pentru Antreprenoriat Feminin (CONAF) \u2013 Sucursala Suceava organizeaz\u0103 joi, 23 aprilie 2026, \u00eencep\u00e2nd cu ora 09:00, la Teatrul Municipal \u201eMatei Vi\u0219niec\u201d, semifinala jude\u021bean\u0103 a competi\u021biei de planuri de afaceri \u201eMaratonul pentru Educa\u021bie Antreprenorial\u0103\u201d IV. Evenimentul face parte din cea de-a patra [&hellip;]<\/p>\n","protected":false},"author":1,"featured_media":0,"comment_status":"open","ping_status":"","sticky":false,"template":"","format":"standard","meta":{"footnotes":""},"categories":[89],"tags":[226,165],"class_list":["post-1896206","post","type-post","status-publish","format-standard","hentry","category-romania","tag-crawlmanager","tag-newsbucovina-ro"],"_links":{"self":[{"href":"https:\/\/analyse.optim.biz\/index.php?rest_route=\/wp\/v2\/posts\/1896206","targetHints":{"allow":["GET"]}}],"collection":[{"href":"https:\/\/analyse.optim.biz\/index.php?rest_route=\/wp\/v2\/posts"}],"about":[{"href":"https:\/\/analyse.optim.biz\/index.php?rest_route=\/wp\/v2\/types\/post"}],"author":[{"embeddable":true,"href":"https:\/\/analyse.optim.biz\/index.php?rest_route=\/wp\/v2\/users\/1"}],"replies":[{"embeddable":true,"href":"https:\/\/analyse.optim.biz\/index.php?rest_route=%2Fwp%2Fv2%2Fcomments&post=1896206"}],"version-history":[{"count":0,"href":"https:\/\/analyse.optim.biz\/index.php?rest_route=\/wp\/v2\/posts\/1896206\/revisions"}],"wp:attachment":[{"href":"https:\/\/analyse.optim.biz\/index.php?rest_route=%2Fwp%2Fv2%2Fmedia&parent=1896206"}],"wp:term":[{"taxonomy":"category","embeddable":true,"href":"https:\/\/analyse.optim.biz\/index.php?rest_route=%2Fwp%2Fv2%2Fcategories&post=1896206"},{"taxonomy":"post_tag","embeddable":true,"href":"https:\/\/analyse.optim.biz\/index.php?rest_route=%2Fwp%2Fv2%2Ftags&post=1896206"}],"curies":[{"name":"wp","href":"https:\/\/api.w.org\/{rel}","templated":true}]}}