{"id":1896204,"date":"2026-04-22T08:00:26","date_gmt":"2026-04-22T05:00:26","guid":{"rendered":"https:\/\/analyse.optim.biz\/?p=1896204"},"modified":"2026-04-22T08:00:26","modified_gmt":"2026-04-22T05:00:26","slug":"anm-emite-avertizari-meteo-pentru-suceava-si-zona-de-nord-est-precipitatii-mixte-ninsori-la-munte-si-vant-puternic-pana-joi-seara","status":"publish","type":"post","link":"https:\/\/analyse.optim.biz\/?p=1896204","title":{"rendered":"ANM emite avertiz\u0103ri meteo pentru Suceava \u0219i zona de nord-est: precipita\u021bii mixte, ninsori la munte \u0219i v\u00e2nt puternic p\u00e2n\u0103 joi sear\u0103"},"content":{"rendered":"<p>[analyse_image type=&#8221;featured&#8221; src=&#8221;https:\/\/www.newsbucovina.ro\/wp-content\/uploads\/2023\/03\/vant-puternic.jpghttps:\/\/cdn.newsbucovina.ro\/wp-content\/uploads\/2023\/03\/vant-puternic.jpg&#8221;]<\/p>\n<div class=\"td-post-content tagdiv-type\">\n<div class=\"td-a-rec td-a-rec-id-content_top  tdi_3 td_block_template_1\"><strong>Intr\u0103 acum \u0219i \u00een grupul de <\/p>\n<div class=\"wp-block-button\"><a class=\"wp-block-button__link wp-element-button\" href=\"https:\/\/t.me\/+TH8wcfnp8fw5NWI0\">Telegram News Bucovina<\/a><\/div>\n<p><\/strong><\/div>\n<p>Administra\u021bia Na\u021bional\u0103 de Meteorologie (ANM) a transmis o informare meteorologic\u0103 valabil\u0103 de miercuri, ora 10:00, p\u00e2n\u0103 vineri, 24 aprilie, ora 10:00, care vizeaz\u0103 precipita\u021bii mixte, ninsori la altitudini mari \u0219i intensific\u0103ri ale v\u00e2ntului \u00een mai multe regiuni ale \u021b\u0103rii, inclusiv \u00een nordul Moldovei \u0219i \u00een Carpa\u021bii Orientali.<\/p>\n<div class=\"wp-block-image\">\n<figure class=\"aligncenter size-full\"><a href=\"https:\/\/cdn.newsbucovina.ro\/wp-content\/uploads\/2023\/03\/vant-puternic.jpg\"><img loading=\"lazy\" decoding=\"async\" width=\"750\" height=\"422\" src=\"https:\/\/cdn.newsbucovina.ro\/wp-content\/uploads\/2023\/03\/vant-puternic.jpg.webp\" alt class=\"wp-image-361372\"><\/a><\/figure>\n<\/div>\n<p>Totodat\u0103, au fost emise cod galben \u0219i cod portocaliu de v\u00e2nt puternic pentru joi.<\/p>\n<p>Potrivit meteorologilor, miercuri (22 aprilie), la munte \u0219i trec\u0103tor \u00een estul \u0219i sudul Transilvaniei vor fi precipita\u021bii mixte. La altitudini mai mari de 1400 m, \u00een Carpa\u021bii Meridionali \u0219i \u00een Carpa\u021bii Orientali, va ninge \u0219i se va depune un strat nou de z\u0103pad\u0103, \u00een medie de circa 5 cm.<\/p>\n<p>Temporar, v\u00e2ntul va avea intensific\u0103ri \u00een regiunile vestice \u0219i sud-vestice, cu rafale de 40-45 km\/h.<\/p>\n<p>Joi (23 aprilie), intensific\u0103rile v\u00e2ntului se vor extinde \u00een toate regiunile, cu rafale \u00een general de 40-50 km\/h, iar la munte \u0219i \u00een regiunile nordice, estice \u0219i centrale, local de peste 55-60 km\/h.<\/p>\n<p>Vremea va fi rece pentru aceast\u0103 perioad\u0103 a anului at\u00e2t miercuri, c\u00e2t \u0219i joi.<\/p>\n<p>\u00cen cursul nop\u021bilor, pe alocuri se va produce brum\u0103, \u00een special \u00een regiunile intracarpatice \u0219i \u00een zonele deluroase.<\/p>\n<p>ANM a emis cod galben de v\u00e2nt pentru joi, 23 aprilie, \u00eentre orele 09:00 \u0219i 22:00. Vor fi intensific\u0103ri ale v\u00e2ntului cu viteze de 50-70 km\/h \u00een Moldova, Transilvania, Maramure\u0219, sudul Banatului, sud-vestul Olteniei, nord-estul Munteniei \u0219i Dobrogea. La munte, rafalele vor atinge 70-90 km\/h.<\/p>\n<p>Pentru intervalul 23 aprilie, ora 12:00 \u2013 ora 20:00, a fost emis cod portocaliu de intensific\u0103ri puternice ale v\u00e2ntului. Acesta vizeaz\u0103 jude\u021bele Boto\u0219ani \u0219i Ia\u0219i, precum \u0219i zona joas\u0103 a jude\u021bului Suceava, unde temporar v\u00e2ntul va sufla cu rafale de 70-90 km\/h.<\/p>\n<p>Intensific\u0103ri puternice ale v\u00e2ntului se vor \u00eenregistra \u0219i \u00een Carpa\u021bii Meridionali, de Curbur\u0103 \u0219i \u00een Mun\u021bii Apuseni, la altitudini de peste 1600 m, cu rafale de 90-130 km\/h.<\/p>\n<figure class=\"wp-block-embed is-type-video is-provider-youtube wp-block-embed-youtube wp-embed-aspect-16-9 wp-has-aspect-ratio\">\n<div class=\"wp-block-embed__wrapper\">\n<div class=\"youtube-embed\" data-video_id=\"c7iLFNmUnAg\"><iframe loading=\"lazy\" title=\"Alex avea prioritate! Alex a murit..!!! Cine urmeaz\u0103??? \" width=\"696\" height=\"392\" src=\"https:\/\/www.youtube.com\/embed\/c7iLFNmUnAg?feature=oembed&amp;enablejsapi=1\" frameborder allow=\"accelerometer; autoplay; clipboard-write; encrypted-media; gyroscope; picture-in-picture; web-share\" referrerpolicy=\"strict-origin-when-cross-origin\" allowfullscreen><\/iframe><\/div>\n<\/div>\n<\/figure>\n<div class=\"td-a-rec td-a-rec-id-content_bottom  tdi_4 td_block_template_1\"><strong>Intr\u0103 acum \u0219i \u00een grupul de <\/p>\n<div class=\"wp-block-button\"><a class=\"wp-block-button__link wp-element-button\" href=\"https:\/\/t.me\/+TH8wcfnp8fw5NWI0\">Telegram News Bucovina<\/a><\/div>\n<p><\/strong><\/div>\n<\/div>\n<div class=\"td-post-content tagdiv-type\">\n<div class=\"td-a-rec td-a-rec-id-content_top  tdi_3 td_block_template_1\"><strong>Intr\u0103 acum \u0219i \u00een grupul de <\/p>\n<div class=\"wp-block-button\"><a class=\"wp-block-button__link wp-element-button\" href=\"https:\/\/t.me\/+TH8wcfnp8fw5NWI0\">Telegram News Bucovina<\/a><\/div>\n<p><\/strong><\/div>\n<p>Administra\u021bia Na\u021bional\u0103 de Meteorologie (ANM) a transmis o informare meteorologic\u0103 valabil\u0103 de miercuri, ora 10:00, p\u00e2n\u0103 vineri, 24 aprilie, ora 10:00, care vizeaz\u0103 precipita\u021bii mixte, ninsori la altitudini mari \u0219i intensific\u0103ri ale v\u00e2ntului \u00een mai multe regiuni ale \u021b\u0103rii, inclusiv \u00een nordul Moldovei \u0219i \u00een Carpa\u021bii Orientali.<\/p>\n<div class=\"wp-block-image\">\n<figure class=\"aligncenter size-full\"><a href=\"https:\/\/cdn.newsbucovina.ro\/wp-content\/uploads\/2023\/03\/vant-puternic.jpg\"><img loading=\"lazy\" decoding=\"async\" width=\"750\" height=\"422\" src=\"https:\/\/cdn.newsbucovina.ro\/wp-content\/uploads\/2023\/03\/vant-puternic.jpg.webp\" alt class=\"wp-image-361372\"><\/a><\/figure>\n<\/div>\n<p>Totodat\u0103, au fost emise cod galben \u0219i cod portocaliu de v\u00e2nt puternic pentru joi.<\/p>\n<p>Potrivit meteorologilor, miercuri (22 aprilie), la munte \u0219i trec\u0103tor \u00een estul \u0219i sudul Transilvaniei vor fi precipita\u021bii mixte. La altitudini mai mari de 1400 m, \u00een Carpa\u021bii Meridionali \u0219i \u00een Carpa\u021bii Orientali, va ninge \u0219i se va depune un strat nou de z\u0103pad\u0103, \u00een medie de circa 5 cm.<\/p>\n<p>Temporar, v\u00e2ntul va avea intensific\u0103ri \u00een regiunile vestice \u0219i sud-vestice, cu rafale de 40-45 km\/h.<\/p>\n<p>Joi (23 aprilie), intensific\u0103rile v\u00e2ntului se vor extinde \u00een toate regiunile, cu rafale \u00een general de 40-50 km\/h, iar la munte \u0219i \u00een regiunile nordice, estice \u0219i centrale, local de peste 55-60 km\/h.<\/p>\n<p>Vremea va fi rece pentru aceast\u0103 perioad\u0103 a anului at\u00e2t miercuri, c\u00e2t \u0219i joi.<\/p>\n<p>\u00cen cursul nop\u021bilor, pe alocuri se va produce brum\u0103, \u00een special \u00een regiunile intracarpatice \u0219i \u00een zonele deluroase.<\/p>\n<p>ANM a emis cod galben de v\u00e2nt pentru joi, 23 aprilie, \u00eentre orele 09:00 \u0219i 22:00. Vor fi intensific\u0103ri ale v\u00e2ntului cu viteze de 50-70 km\/h \u00een Moldova, Transilvania, Maramure\u0219, sudul Banatului, sud-vestul Olteniei, nord-estul Munteniei \u0219i Dobrogea. La munte, rafalele vor atinge 70-90 km\/h.<\/p>\n<p>Pentru intervalul 23 aprilie, ora 12:00 \u2013 ora 20:00, a fost emis cod portocaliu de intensific\u0103ri puternice ale v\u00e2ntului. Acesta vizeaz\u0103 jude\u021bele Boto\u0219ani \u0219i Ia\u0219i, precum \u0219i zona joas\u0103 a jude\u021bului Suceava, unde temporar v\u00e2ntul va sufla cu rafale de 70-90 km\/h.<\/p>\n<p>Intensific\u0103ri puternice ale v\u00e2ntului se vor \u00eenregistra \u0219i \u00een Carpa\u021bii Meridionali, de Curbur\u0103 \u0219i \u00een Mun\u021bii Apuseni, la altitudini de peste 1600 m, cu rafale de 90-130 km\/h.<\/p>\n<figure class=\"wp-block-embed is-type-video is-provider-youtube wp-block-embed-youtube wp-embed-aspect-16-9 wp-has-aspect-ratio\">\n<div class=\"wp-block-embed__wrapper\">\n<div class=\"youtube-embed\" data-video_id=\"c7iLFNmUnAg\"><iframe loading=\"lazy\" title=\"Alex avea prioritate! Alex a murit..!!! Cine urmeaz\u0103??? \" width=\"696\" height=\"392\" src=\"https:\/\/www.youtube.com\/embed\/c7iLFNmUnAg?feature=oembed&amp;enablejsapi=1\" frameborder allow=\"accelerometer; autoplay; clipboard-write; encrypted-media; gyroscope; picture-in-picture; web-share\" referrerpolicy=\"strict-origin-when-cross-origin\" allowfullscreen><\/iframe><\/div>\n<\/div>\n<\/figure>\n<div class=\"td-a-rec td-a-rec-id-content_bottom  tdi_4 td_block_template_1\"><strong>Intr\u0103 acum \u0219i \u00een grupul de <\/p>\n<div class=\"wp-block-button\"><a class=\"wp-block-button__link wp-element-button\" href=\"https:\/\/t.me\/+TH8wcfnp8fw5NWI0\">Telegram News Bucovina<\/a><\/div>\n<p><\/strong><\/div>\n<\/div>\n<p>[analyse_source url=&#8221;https:\/\/www.newsbucovina.ro\/actualitate\/436705\/anm-emite-avertizari-meteo-pentru-suceava-si-zona-de-nord-est-precipitatii-mixte-ninsori-la-munte-si-vant-puternic-pana-joi-seara&#8221;]<\/p>\n","protected":false},"excerpt":{"rendered":"<p>[analyse_image type=&#8221;featured&#8221; src=&#8221;https:\/\/www.newsbucovina.ro\/wp-content\/uploads\/2023\/03\/vant-puternic.jpghttps:\/\/cdn.newsbucovina.ro\/wp-content\/uploads\/2023\/03\/vant-puternic.jpg&#8221;] Intr\u0103 acum \u0219i \u00een grupul de Telegram News Bucovina Administra\u021bia Na\u021bional\u0103 de Meteorologie (ANM) a transmis o informare meteorologic\u0103 valabil\u0103 de miercuri, ora 10:00, p\u00e2n\u0103 vineri, 24 aprilie, ora 10:00, care vizeaz\u0103 precipita\u021bii mixte, ninsori la altitudini mari \u0219i intensific\u0103ri ale v\u00e2ntului \u00een mai multe regiuni ale \u021b\u0103rii, inclusiv \u00een nordul Moldovei [&hellip;]<\/p>\n","protected":false},"author":1,"featured_media":0,"comment_status":"open","ping_status":"","sticky":false,"template":"","format":"standard","meta":{"footnotes":""},"categories":[89],"tags":[226,165],"class_list":["post-1896204","post","type-post","status-publish","format-standard","hentry","category-romania","tag-crawlmanager","tag-newsbucovina-ro"],"_links":{"self":[{"href":"https:\/\/analyse.optim.biz\/index.php?rest_route=\/wp\/v2\/posts\/1896204","targetHints":{"allow":["GET"]}}],"collection":[{"href":"https:\/\/analyse.optim.biz\/index.php?rest_route=\/wp\/v2\/posts"}],"about":[{"href":"https:\/\/analyse.optim.biz\/index.php?rest_route=\/wp\/v2\/types\/post"}],"author":[{"embeddable":true,"href":"https:\/\/analyse.optim.biz\/index.php?rest_route=\/wp\/v2\/users\/1"}],"replies":[{"embeddable":true,"href":"https:\/\/analyse.optim.biz\/index.php?rest_route=%2Fwp%2Fv2%2Fcomments&post=1896204"}],"version-history":[{"count":0,"href":"https:\/\/analyse.optim.biz\/index.php?rest_route=\/wp\/v2\/posts\/1896204\/revisions"}],"wp:attachment":[{"href":"https:\/\/analyse.optim.biz\/index.php?rest_route=%2Fwp%2Fv2%2Fmedia&parent=1896204"}],"wp:term":[{"taxonomy":"category","embeddable":true,"href":"https:\/\/analyse.optim.biz\/index.php?rest_route=%2Fwp%2Fv2%2Fcategories&post=1896204"},{"taxonomy":"post_tag","embeddable":true,"href":"https:\/\/analyse.optim.biz\/index.php?rest_route=%2Fwp%2Fv2%2Ftags&post=1896204"}],"curies":[{"name":"wp","href":"https:\/\/api.w.org\/{rel}","templated":true}]}}