{"id":1896201,"date":"2026-04-21T12:28:27","date_gmt":"2026-04-21T09:28:27","guid":{"rendered":"https:\/\/analyse.optim.biz\/?p=1896201"},"modified":"2026-04-21T12:28:27","modified_gmt":"2026-04-21T09:28:27","slug":"primarul-din-mitocu-dragomirnei-radu-reziuc-scapa-de-arestul-la-domiciliu-si-a-fost-plasat-sub-control-judiciar","status":"publish","type":"post","link":"https:\/\/analyse.optim.biz\/?p=1896201","title":{"rendered":"Primarul din Mitocu Dragomirnei, Radu Reziuc, scap\u0103 de arestul la domiciliu \u0219i a fost plasat sub control judiciar"},"content":{"rendered":"<p>[analyse_image type=&#8221;featured&#8221; src=&#8221;https:\/\/www.newsbucovina.ro\/wp-content\/uploads\/2026\/02\/Screenshot.pnghttps:\/\/cdn.newsbucovina.ro\/wp-content\/uploads\/2026\/02\/Screenshot.png&#8221;]<\/p>\n<div class=\"td-post-content tagdiv-type\">\n<div class=\"td-a-rec td-a-rec-id-content_top  tdi_3 td_block_template_1\"><strong>Intr\u0103 acum \u0219i \u00een grupul de <\/p>\n<div class=\"wp-block-button\"><a class=\"wp-block-button__link wp-element-button\" href=\"https:\/\/t.me\/+TH8wcfnp8fw5NWI0\">Telegram News Bucovina<\/a><\/div>\n<p><\/strong><\/div>\n<p>Judec\u0103toria Suceava a decis mar\u021bi, 21 aprilie 2026, \u00eenlocuirea m\u0103surii arestului la domiciliu cu m\u0103sura controlului judiciar pe o perioad\u0103 de 60 de zile pentru primarul comunei Mitocu Dragomirnei, Radu Constantin Reziuc.<\/p>\n<div class=\"wp-block-image\">\n<figure class=\"aligncenter size-full\"><a href=\"https:\/\/cdn.newsbucovina.ro\/wp-content\/uploads\/2022\/06\/reziuc.jpg\"><img loading=\"lazy\" decoding=\"async\" width=\"632\" height=\"445\" src=\"https:\/\/cdn.newsbucovina.ro\/wp-content\/uploads\/2022\/06\/reziuc.jpg.webp\" alt class=\"wp-image-345739\"><\/a><\/figure>\n<\/div>\n<p>Decizia a fost pronun\u021bat\u0103 \u00een camer\u0103 de consiliu, \u00een dosarul \u00een care Reziuc Radu Constantin este trimis \u00een judecat\u0103 pentru violen\u021b\u0103 \u00een familie, lovire sau alte violen\u021be \u0219i dou\u0103 infrac\u021biuni de lipsire de libertate \u00een mod ilegal.<\/p>\n<p>Ieri, 20 aprilie 2026, procurorii Parchetului de pe l\u00e2ng\u0103 Judec\u0103toria Suceava au dispus trimiterea \u00een judecat\u0103 a primarului Radu Reziuc.<\/p>\n<p>Acesta este acuzat c\u0103, pe fondul unui conflict cu concubina sa, ar fi exercitat acte de violen\u021b\u0103 fizic\u0103 asupra acesteia \u0219i asupra fiicei femeii, lovindu-le cu pumnii \u0219i picioarele. De asemenea, ar fi lipsit de libertate ilegal cele dou\u0103 persoane v\u0103t\u0103mate.<\/p>\n<p>\u00cen \u00eencheierea de ast\u0103zi, 21 aprilie 2026, judec\u0103torii au constatat legalitatea \u0219i temeinicia m\u0103surii arestului la domiciliu dispus\u0103 anterior, dar au decis \u00eenlocuirea acesteia cu controlul judiciar pentru 60 de zile, \u00eencep\u00e2nd de la data r\u0103m\u00e2nerii definitive a hot\u0103r\u00e2rii.<\/p>\n<p>Pe durata controlului judiciar, inculpatul Radu Reziuc are obliga\u021bia s\u0103 respecte urm\u0103toarele m\u0103suri:<\/p>\n<ul class=\"wp-block-list\">\n<li>s\u0103 se prezinte \u00een fa\u021ba judec\u0103torului sau a instan\u021bei ori de c\u00e2te ori este chemat;<\/li>\n<li>s\u0103 anun\u021be imediat orice schimbare a locuin\u021bei;<\/li>\n<li>s\u0103 se prezinte la Sec\u021bia 8 Poli\u021bie Rural\u0103 Ad\u00e2ncata conform programului de supraveghere;<\/li>\n<li>s\u0103 nu p\u0103r\u0103seasc\u0103 teritoriul jude\u021bului Suceava f\u0103r\u0103 \u00eencuviin\u021barea instan\u021bei;<\/li>\n<li>s\u0103 nu se apropie la mai pu\u021bin de 100 de metri de persoanele v\u0103t\u0103mate Stanciu Alina \u0219i P\u00eenzaru Yasmina Maria;<\/li>\n<li>s\u0103 nu comunice, direct sau indirect, cu martorii Stanciu Virginia \u0219i Stanciu Dumitru;<\/li>\n<li>s\u0103 nu de\u021bin\u0103, s\u0103 nu foloseasc\u0103 \u0219i s\u0103 nu poarte arme.<\/li>\n<\/ul>\n<p>Judec\u0103torii au atras aten\u021bia inculpatului c\u0103 nerespectarea cu rea-credin\u021b\u0103 a acestor obliga\u021bii poate duce la \u00eenlocuirea controlului judiciar cu arestul la domiciliu sau arestarea preventiv\u0103.<\/p>\n<p>Cererea de revocare a arestului la domiciliu a fost respins\u0103 ca ne\u00eentemeiat\u0103. Hot\u0103r\u00e2rea poate fi contestat\u0103 \u00een termen de 48 de ore de la comunicare.<\/p>\n<figure class=\"wp-block-embed is-type-video is-provider-youtube wp-block-embed-youtube wp-embed-aspect-16-9 wp-has-aspect-ratio\">\n<div class=\"wp-block-embed__wrapper\">\n<div class=\"youtube-embed\" data-video_id=\"9_OWzkg4Pxg\"><iframe loading=\"lazy\" title=\"Cum Transformi o r\u00e2p\u0103 \u00een Raiul b\u0103rba\u021bilor - CE AR FI S\u0102 ... bei bere afumat\u0103 ..cu gust de afine?\" width=\"696\" height=\"392\" src=\"https:\/\/www.youtube.com\/embed\/9_OWzkg4Pxg?start=2&amp;feature=oembed\" frameborder allow=\"accelerometer; autoplay; clipboard-write; encrypted-media; gyroscope; picture-in-picture; web-share\" referrerpolicy=\"strict-origin-when-cross-origin\" allowfullscreen><\/iframe><\/div>\n<\/div>\n<\/figure>\n<div class=\"td-a-rec td-a-rec-id-content_bottom  tdi_4 td_block_template_1\"><strong>Intr\u0103 acum \u0219i \u00een grupul de <\/p>\n<div class=\"wp-block-button\"><a class=\"wp-block-button__link wp-element-button\" href=\"https:\/\/t.me\/+TH8wcfnp8fw5NWI0\">Telegram News Bucovina<\/a><\/div>\n<p><\/strong><\/div>\n<\/div>\n<div class=\"td-post-content tagdiv-type\">\n<div class=\"td-a-rec td-a-rec-id-content_top  tdi_3 td_block_template_1\"><strong>Intr\u0103 acum \u0219i \u00een grupul de <\/p>\n<div class=\"wp-block-button\"><a class=\"wp-block-button__link wp-element-button\" href=\"https:\/\/t.me\/+TH8wcfnp8fw5NWI0\">Telegram News Bucovina<\/a><\/div>\n<p><\/strong><\/div>\n<p>Judec\u0103toria Suceava a decis mar\u021bi, 21 aprilie 2026, \u00eenlocuirea m\u0103surii arestului la domiciliu cu m\u0103sura controlului judiciar pe o perioad\u0103 de 60 de zile pentru primarul comunei Mitocu Dragomirnei, Radu Constantin Reziuc.<\/p>\n<div class=\"wp-block-image\">\n<figure class=\"aligncenter size-full\"><a href=\"https:\/\/cdn.newsbucovina.ro\/wp-content\/uploads\/2022\/06\/reziuc.jpg\"><img loading=\"lazy\" decoding=\"async\" width=\"632\" height=\"445\" src=\"https:\/\/cdn.newsbucovina.ro\/wp-content\/uploads\/2022\/06\/reziuc.jpg.webp\" alt class=\"wp-image-345739\"><\/a><\/figure>\n<\/div>\n<p>Decizia a fost pronun\u021bat\u0103 \u00een camer\u0103 de consiliu, \u00een dosarul \u00een care Reziuc Radu Constantin este trimis \u00een judecat\u0103 pentru violen\u021b\u0103 \u00een familie, lovire sau alte violen\u021be \u0219i dou\u0103 infrac\u021biuni de lipsire de libertate \u00een mod ilegal.<\/p>\n<p>Ieri, 20 aprilie 2026, procurorii Parchetului de pe l\u00e2ng\u0103 Judec\u0103toria Suceava au dispus trimiterea \u00een judecat\u0103 a primarului Radu Reziuc.<\/p>\n<p>Acesta este acuzat c\u0103, pe fondul unui conflict cu concubina sa, ar fi exercitat acte de violen\u021b\u0103 fizic\u0103 asupra acesteia \u0219i asupra fiicei femeii, lovindu-le cu pumnii \u0219i picioarele. De asemenea, ar fi lipsit de libertate ilegal cele dou\u0103 persoane v\u0103t\u0103mate.<\/p>\n<p>\u00cen \u00eencheierea de ast\u0103zi, 21 aprilie 2026, judec\u0103torii au constatat legalitatea \u0219i temeinicia m\u0103surii arestului la domiciliu dispus\u0103 anterior, dar au decis \u00eenlocuirea acesteia cu controlul judiciar pentru 60 de zile, \u00eencep\u00e2nd de la data r\u0103m\u00e2nerii definitive a hot\u0103r\u00e2rii.<\/p>\n<p>Pe durata controlului judiciar, inculpatul Radu Reziuc are obliga\u021bia s\u0103 respecte urm\u0103toarele m\u0103suri:<\/p>\n<ul class=\"wp-block-list\">\n<li>s\u0103 se prezinte \u00een fa\u021ba judec\u0103torului sau a instan\u021bei ori de c\u00e2te ori este chemat;<\/li>\n<li>s\u0103 anun\u021be imediat orice schimbare a locuin\u021bei;<\/li>\n<li>s\u0103 se prezinte la Sec\u021bia 8 Poli\u021bie Rural\u0103 Ad\u00e2ncata conform programului de supraveghere;<\/li>\n<li>s\u0103 nu p\u0103r\u0103seasc\u0103 teritoriul jude\u021bului Suceava f\u0103r\u0103 \u00eencuviin\u021barea instan\u021bei;<\/li>\n<li>s\u0103 nu se apropie la mai pu\u021bin de 100 de metri de persoanele v\u0103t\u0103mate Stanciu Alina \u0219i P\u00eenzaru Yasmina Maria;<\/li>\n<li>s\u0103 nu comunice, direct sau indirect, cu martorii Stanciu Virginia \u0219i Stanciu Dumitru;<\/li>\n<li>s\u0103 nu de\u021bin\u0103, s\u0103 nu foloseasc\u0103 \u0219i s\u0103 nu poarte arme.<\/li>\n<\/ul>\n<p>Judec\u0103torii au atras aten\u021bia inculpatului c\u0103 nerespectarea cu rea-credin\u021b\u0103 a acestor obliga\u021bii poate duce la \u00eenlocuirea controlului judiciar cu arestul la domiciliu sau arestarea preventiv\u0103.<\/p>\n<p>Cererea de revocare a arestului la domiciliu a fost respins\u0103 ca ne\u00eentemeiat\u0103. Hot\u0103r\u00e2rea poate fi contestat\u0103 \u00een termen de 48 de ore de la comunicare.<\/p>\n<figure class=\"wp-block-embed is-type-video is-provider-youtube wp-block-embed-youtube wp-embed-aspect-16-9 wp-has-aspect-ratio\">\n<div class=\"wp-block-embed__wrapper\">\n<div class=\"youtube-embed\" data-video_id=\"9_OWzkg4Pxg\"><iframe loading=\"lazy\" title=\"Cum Transformi o r\u00e2p\u0103 \u00een Raiul b\u0103rba\u021bilor - CE AR FI S\u0102 ... bei bere afumat\u0103 ..cu gust de afine?\" width=\"696\" height=\"392\" src=\"https:\/\/www.youtube.com\/embed\/9_OWzkg4Pxg?start=2&amp;feature=oembed\" frameborder allow=\"accelerometer; autoplay; clipboard-write; encrypted-media; gyroscope; picture-in-picture; web-share\" referrerpolicy=\"strict-origin-when-cross-origin\" allowfullscreen><\/iframe><\/div>\n<\/div>\n<\/figure>\n<div class=\"td-a-rec td-a-rec-id-content_bottom  tdi_4 td_block_template_1\"><strong>Intr\u0103 acum \u0219i \u00een grupul de <\/p>\n<div class=\"wp-block-button\"><a class=\"wp-block-button__link wp-element-button\" href=\"https:\/\/t.me\/+TH8wcfnp8fw5NWI0\">Telegram News Bucovina<\/a><\/div>\n<p><\/strong><\/div>\n<\/div>\n<p>[analyse_source url=&#8221;https:\/\/www.newsbucovina.ro\/actualitate\/436681\/primarul-din-mitocu-dragomirnei-radu-reziuc-scapa-de-arestul-la-domiciliu-si-a-fost-plasat-sub-control-judiciar&#8221;]<\/p>\n","protected":false},"excerpt":{"rendered":"<p>[analyse_image type=&#8221;featured&#8221; src=&#8221;https:\/\/www.newsbucovina.ro\/wp-content\/uploads\/2026\/02\/Screenshot.pnghttps:\/\/cdn.newsbucovina.ro\/wp-content\/uploads\/2026\/02\/Screenshot.png&#8221;] Intr\u0103 acum \u0219i \u00een grupul de Telegram News Bucovina Judec\u0103toria Suceava a decis mar\u021bi, 21 aprilie 2026, \u00eenlocuirea m\u0103surii arestului la domiciliu cu m\u0103sura controlului judiciar pe o perioad\u0103 de 60 de zile pentru primarul comunei Mitocu Dragomirnei, Radu Constantin Reziuc. Decizia a fost pronun\u021bat\u0103 \u00een camer\u0103 de consiliu, \u00een dosarul \u00een [&hellip;]<\/p>\n","protected":false},"author":1,"featured_media":0,"comment_status":"open","ping_status":"","sticky":false,"template":"","format":"standard","meta":{"footnotes":""},"categories":[89],"tags":[226,165],"class_list":["post-1896201","post","type-post","status-publish","format-standard","hentry","category-romania","tag-crawlmanager","tag-newsbucovina-ro"],"_links":{"self":[{"href":"https:\/\/analyse.optim.biz\/index.php?rest_route=\/wp\/v2\/posts\/1896201","targetHints":{"allow":["GET"]}}],"collection":[{"href":"https:\/\/analyse.optim.biz\/index.php?rest_route=\/wp\/v2\/posts"}],"about":[{"href":"https:\/\/analyse.optim.biz\/index.php?rest_route=\/wp\/v2\/types\/post"}],"author":[{"embeddable":true,"href":"https:\/\/analyse.optim.biz\/index.php?rest_route=\/wp\/v2\/users\/1"}],"replies":[{"embeddable":true,"href":"https:\/\/analyse.optim.biz\/index.php?rest_route=%2Fwp%2Fv2%2Fcomments&post=1896201"}],"version-history":[{"count":0,"href":"https:\/\/analyse.optim.biz\/index.php?rest_route=\/wp\/v2\/posts\/1896201\/revisions"}],"wp:attachment":[{"href":"https:\/\/analyse.optim.biz\/index.php?rest_route=%2Fwp%2Fv2%2Fmedia&parent=1896201"}],"wp:term":[{"taxonomy":"category","embeddable":true,"href":"https:\/\/analyse.optim.biz\/index.php?rest_route=%2Fwp%2Fv2%2Fcategories&post=1896201"},{"taxonomy":"post_tag","embeddable":true,"href":"https:\/\/analyse.optim.biz\/index.php?rest_route=%2Fwp%2Fv2%2Ftags&post=1896201"}],"curies":[{"name":"wp","href":"https:\/\/api.w.org\/{rel}","templated":true}]}}