{"id":1896199,"date":"2026-04-21T10:36:26","date_gmt":"2026-04-21T07:36:26","guid":{"rendered":"https:\/\/analyse.optim.biz\/?p=1896199"},"modified":"2026-04-21T10:36:26","modified_gmt":"2026-04-21T07:36:26","slug":"recensamantul-general-al-circulatiei-rutiere-a-inceput-astazi-cele-mai-multe-puncte-de-recenzare-din-regiune-sase-sunt-in-judetul-suceava","status":"publish","type":"post","link":"https:\/\/analyse.optim.biz\/?p=1896199","title":{"rendered":"Recens\u0103m\u00e2ntul general al circula\u021biei rutiere a \u00eenceput ast\u0103zi. Cele mai multe puncte de recenzare din regiune, \u0219ase, sunt \u00een jude\u021bul Suceava"},"content":{"rendered":"<p>[analyse_image type=&#8221;featured&#8221; src=&#8221;https:\/\/www.newsbucovina.ro\/wp-content\/uploads\/2026\/04\/676782052_1280689240828512_6421819728056426241_n-1.jpghttps:\/\/cdn.newsbucovina.ro\/wp-content\/uploads\/2026\/04\/676782052_1280689240828512_6421819728056426241_n-1.jpg&#8221;]<\/p>\n<div class=\"td-post-content tagdiv-type\">\n<div class=\"td-a-rec td-a-rec-id-content_top  tdi_3 td_block_template_1\"><strong>Intr\u0103 acum \u0219i \u00een grupul de <\/p>\n<div class=\"wp-block-button\"><a class=\"wp-block-button__link wp-element-button\" href=\"https:\/\/t.me\/+TH8wcfnp8fw5NWI0\">Telegram News Bucovina<\/a><\/div>\n<p><\/strong><\/div>\n<p>Recens\u0103m\u00e2ntul general al circula\u021biei rutiere a demarat mar\u021bi, 21 aprilie 2026, la nivel na\u021bional. Ac\u021biunea, coordonat\u0103 de Centrul de Studii Tehnice Rutiere \u0219i Informatic\u0103 din cadrul Companiei Na\u021bionale de Administrare a Infrastructurii Rutiere (CNAIR SA), se desf\u0103\u0219oar\u0103 simultan pe \u00eentreg teritoriul Rom\u00e2niei \u0219i vizeaz\u0103 colectarea datelor esen\u021biale despre intensitatea \u0219i structura traficului rutier.<\/p>\n<figure class=\"wp-block-image size-large\"><a href=\"https:\/\/cdn.newsbucovina.ro\/wp-content\/uploads\/2026\/04\/676782052_1280689240828512_6421819728056426241_n.jpg\"><img loading=\"lazy\" decoding=\"async\" width=\"1024\" height=\"768\" src=\"https:\/\/cdn.newsbucovina.ro\/wp-content\/uploads\/2026\/04\/676782052_1280689240828512_6421819728056426241_n-1024x768.jpg\" alt class=\"wp-image-436660\"><\/a><\/figure>\n<p>La nivelul Direc\u021biei Regionale de Drumuri \u0219i Poduri Ia\u0219i, care include \u0219i jude\u021bul Suceava, recens\u0103m\u00e2ntul se realizeaz\u0103 at\u00e2t automat, prin contori de trafic instala\u021bi pe drumurile na\u021bionale \u0219i autostr\u0103zi, c\u00e2t \u0219i manual, prin operatori specializa\u021bi amplasa\u021bi \u00een puncte strategice. Scopul principal al acestei ac\u021biuni este actualizarea indicilor de evolu\u021bie a cererii de transport, \u00eembun\u0103t\u0103\u021birea bazei de date a modelelor de transport \u0219i fundamentarea deciziilor privind investi\u021biile \u00een infrastructura rutier\u0103, \u00eentre\u021binerea drumurilor \u0219i cre\u0219terea siguran\u021bei rutiere.<\/p>\n<p><strong>Punctele de recenzare manual\u0103 din jude\u021bul Suceava sunt urm\u0103toarele:<\/strong><\/p>\n<ul class=\"wp-block-list\">\n<li>DN 2, km 407+100<\/li>\n<li>DN 2, km 429+850<\/li>\n<li>DN 17, km 225+220<\/li>\n<li>DN 17A, km 20+580<\/li>\n<li>DN 17A, km 62+440<\/li>\n<li>Centura R\u0103d\u0103u\u021bi (CRD), km 12+400<\/li>\n<\/ul>\n<p>\u00cen jude\u021bele din aria DRDP Ia\u0219i au fost stabilite \u0219i alte puncte de \u00eenregistrare manual\u0103:<\/p>\n<ul class=\"wp-block-list\">\n<li>Jude\u021bul Boto\u0219ani \u2013 DN 29F, km 0+100<\/li>\n<li>Jude\u021bul Ia\u0219i \u2013 DN 28G, km 1+050<\/li>\n<li>Jude\u021bul Bac\u0103u \u2013 A7 \u2013 Varianta Ocolitoare Bac\u0103u, km 0+265<\/li>\n<li>Jude\u021bul Vaslui \u2013 DN 24G (Varianta Ocolitoare B\u00e2rlad), km 3+000 \u0219i DN 24A \u2013 PCTF Bumb\u0103\u021ba, km 2+300<\/li>\n<\/ul>\n<p>Recens\u0103m\u00e2ntul va continua p\u00e2n\u0103 \u00een luna noiembrie 2026, pentru a permite colectarea datelor \u00een perioade diferite ale anului, la intervale orare variate \u0219i \u00een fiecare zi a s\u0103pt\u0103m\u00e2nii. Aceast\u0103 abordare asigur\u0103 o imagine c\u00e2t mai precis\u0103 \u0219i reprezentativ\u0103 a traficului rutier pe drumurile na\u021bionale din regiune.<\/p>\n<p>Organizatorii precizeaz\u0103 c\u0103 ac\u021biunea nu presupune oprirea vehiculelor \u00een trafic. Echipele de recenzori sunt amplasate \u00een afara p\u0103r\u021bii carosabile, astfel \u00eenc\u00e2t circula\u021bia auto s\u0103 se desf\u0103\u0219oare \u00een condi\u021bii normale, f\u0103r\u0103 restric\u021bii sau perturb\u0103ri.<\/p>\n<p>Datele ob\u021binute \u00een urma recens\u0103m\u00e2ntului vor fi utilizate pentru optimizarea re\u021belei de drumuri, planificarea proiectelor de modernizare \u0219i cre\u0219terea siguran\u021bei participan\u021bilor la trafic, contribuind astfel la dezvoltarea infrastructurii rutiere din nord-estul Rom\u00e2niei, inclusiv din jude\u021bul Suceava.<\/p>\n<figure class=\"wp-block-embed is-type-video is-provider-youtube wp-block-embed-youtube wp-embed-aspect-16-9 wp-has-aspect-ratio\">\n<div class=\"wp-block-embed__wrapper\">\n<div class=\"youtube-embed\" data-video_id=\"9_OWzkg4Pxg\"><iframe loading=\"lazy\" title=\"Cum Transformi o r\u00e2p\u0103 \u00een Raiul b\u0103rba\u021bilor - CE AR FI S\u0102 ... bei bere afumat\u0103 ..cu gust de afine?\" width=\"696\" height=\"392\" src=\"https:\/\/www.youtube.com\/embed\/9_OWzkg4Pxg?start=2&amp;feature=oembed\" frameborder allow=\"accelerometer; autoplay; clipboard-write; encrypted-media; gyroscope; picture-in-picture; web-share\" referrerpolicy=\"strict-origin-when-cross-origin\" allowfullscreen><\/iframe><\/div>\n<\/div>\n<\/figure>\n<div class=\"td-a-rec td-a-rec-id-content_bottom  tdi_4 td_block_template_1\"><strong>Intr\u0103 acum \u0219i \u00een grupul de <\/p>\n<div class=\"wp-block-button\"><a class=\"wp-block-button__link wp-element-button\" href=\"https:\/\/t.me\/+TH8wcfnp8fw5NWI0\">Telegram News Bucovina<\/a><\/div>\n<p><\/strong><\/div>\n<\/div>\n<div class=\"td-post-content tagdiv-type\">\n<div class=\"td-a-rec td-a-rec-id-content_top  tdi_3 td_block_template_1\"><strong>Intr\u0103 acum \u0219i \u00een grupul de <\/p>\n<div class=\"wp-block-button\"><a class=\"wp-block-button__link wp-element-button\" href=\"https:\/\/t.me\/+TH8wcfnp8fw5NWI0\">Telegram News Bucovina<\/a><\/div>\n<p><\/strong><\/div>\n<p>Recens\u0103m\u00e2ntul general al circula\u021biei rutiere a demarat mar\u021bi, 21 aprilie 2026, la nivel na\u021bional. Ac\u021biunea, coordonat\u0103 de Centrul de Studii Tehnice Rutiere \u0219i Informatic\u0103 din cadrul Companiei Na\u021bionale de Administrare a Infrastructurii Rutiere (CNAIR SA), se desf\u0103\u0219oar\u0103 simultan pe \u00eentreg teritoriul Rom\u00e2niei \u0219i vizeaz\u0103 colectarea datelor esen\u021biale despre intensitatea \u0219i structura traficului rutier.<\/p>\n<figure class=\"wp-block-image size-large\"><a href=\"https:\/\/cdn.newsbucovina.ro\/wp-content\/uploads\/2026\/04\/676782052_1280689240828512_6421819728056426241_n.jpg\"><img loading=\"lazy\" decoding=\"async\" width=\"1024\" height=\"768\" src=\"https:\/\/cdn.newsbucovina.ro\/wp-content\/uploads\/2026\/04\/676782052_1280689240828512_6421819728056426241_n-1024x768.jpg\" alt class=\"wp-image-436660\"><\/a><\/figure>\n<p>La nivelul Direc\u021biei Regionale de Drumuri \u0219i Poduri Ia\u0219i, care include \u0219i jude\u021bul Suceava, recens\u0103m\u00e2ntul se realizeaz\u0103 at\u00e2t automat, prin contori de trafic instala\u021bi pe drumurile na\u021bionale \u0219i autostr\u0103zi, c\u00e2t \u0219i manual, prin operatori specializa\u021bi amplasa\u021bi \u00een puncte strategice. Scopul principal al acestei ac\u021biuni este actualizarea indicilor de evolu\u021bie a cererii de transport, \u00eembun\u0103t\u0103\u021birea bazei de date a modelelor de transport \u0219i fundamentarea deciziilor privind investi\u021biile \u00een infrastructura rutier\u0103, \u00eentre\u021binerea drumurilor \u0219i cre\u0219terea siguran\u021bei rutiere.<\/p>\n<p><strong>Punctele de recenzare manual\u0103 din jude\u021bul Suceava sunt urm\u0103toarele:<\/strong><\/p>\n<ul class=\"wp-block-list\">\n<li>DN 2, km 407+100<\/li>\n<li>DN 2, km 429+850<\/li>\n<li>DN 17, km 225+220<\/li>\n<li>DN 17A, km 20+580<\/li>\n<li>DN 17A, km 62+440<\/li>\n<li>Centura R\u0103d\u0103u\u021bi (CRD), km 12+400<\/li>\n<\/ul>\n<p>\u00cen jude\u021bele din aria DRDP Ia\u0219i au fost stabilite \u0219i alte puncte de \u00eenregistrare manual\u0103:<\/p>\n<ul class=\"wp-block-list\">\n<li>Jude\u021bul Boto\u0219ani \u2013 DN 29F, km 0+100<\/li>\n<li>Jude\u021bul Ia\u0219i \u2013 DN 28G, km 1+050<\/li>\n<li>Jude\u021bul Bac\u0103u \u2013 A7 \u2013 Varianta Ocolitoare Bac\u0103u, km 0+265<\/li>\n<li>Jude\u021bul Vaslui \u2013 DN 24G (Varianta Ocolitoare B\u00e2rlad), km 3+000 \u0219i DN 24A \u2013 PCTF Bumb\u0103\u021ba, km 2+300<\/li>\n<\/ul>\n<p>Recens\u0103m\u00e2ntul va continua p\u00e2n\u0103 \u00een luna noiembrie 2026, pentru a permite colectarea datelor \u00een perioade diferite ale anului, la intervale orare variate \u0219i \u00een fiecare zi a s\u0103pt\u0103m\u00e2nii. Aceast\u0103 abordare asigur\u0103 o imagine c\u00e2t mai precis\u0103 \u0219i reprezentativ\u0103 a traficului rutier pe drumurile na\u021bionale din regiune.<\/p>\n<p>Organizatorii precizeaz\u0103 c\u0103 ac\u021biunea nu presupune oprirea vehiculelor \u00een trafic. Echipele de recenzori sunt amplasate \u00een afara p\u0103r\u021bii carosabile, astfel \u00eenc\u00e2t circula\u021bia auto s\u0103 se desf\u0103\u0219oare \u00een condi\u021bii normale, f\u0103r\u0103 restric\u021bii sau perturb\u0103ri.<\/p>\n<p>Datele ob\u021binute \u00een urma recens\u0103m\u00e2ntului vor fi utilizate pentru optimizarea re\u021belei de drumuri, planificarea proiectelor de modernizare \u0219i cre\u0219terea siguran\u021bei participan\u021bilor la trafic, contribuind astfel la dezvoltarea infrastructurii rutiere din nord-estul Rom\u00e2niei, inclusiv din jude\u021bul Suceava.<\/p>\n<figure class=\"wp-block-embed is-type-video is-provider-youtube wp-block-embed-youtube wp-embed-aspect-16-9 wp-has-aspect-ratio\">\n<div class=\"wp-block-embed__wrapper\">\n<div class=\"youtube-embed\" data-video_id=\"9_OWzkg4Pxg\"><iframe loading=\"lazy\" title=\"Cum Transformi o r\u00e2p\u0103 \u00een Raiul b\u0103rba\u021bilor - CE AR FI S\u0102 ... bei bere afumat\u0103 ..cu gust de afine?\" width=\"696\" height=\"392\" src=\"https:\/\/www.youtube.com\/embed\/9_OWzkg4Pxg?start=2&amp;feature=oembed\" frameborder allow=\"accelerometer; autoplay; clipboard-write; encrypted-media; gyroscope; picture-in-picture; web-share\" referrerpolicy=\"strict-origin-when-cross-origin\" allowfullscreen><\/iframe><\/div>\n<\/div>\n<\/figure>\n<div class=\"td-a-rec td-a-rec-id-content_bottom  tdi_4 td_block_template_1\"><strong>Intr\u0103 acum \u0219i \u00een grupul de <\/p>\n<div class=\"wp-block-button\"><a class=\"wp-block-button__link wp-element-button\" href=\"https:\/\/t.me\/+TH8wcfnp8fw5NWI0\">Telegram News Bucovina<\/a><\/div>\n<p><\/strong><\/div>\n<\/div>\n<p>[analyse_source url=&#8221;https:\/\/www.newsbucovina.ro\/actualitate\/436659\/recensamantul-general-al-circulatiei-rutiere-a-inceput-astazi-cele-mai-multe-puncte-de-recenzare-din-regiune-sase-sunt-in-judetul-suceava&#8221;]<\/p>\n","protected":false},"excerpt":{"rendered":"<p>[analyse_image type=&#8221;featured&#8221; src=&#8221;https:\/\/www.newsbucovina.ro\/wp-content\/uploads\/2026\/04\/676782052_1280689240828512_6421819728056426241_n-1.jpghttps:\/\/cdn.newsbucovina.ro\/wp-content\/uploads\/2026\/04\/676782052_1280689240828512_6421819728056426241_n-1.jpg&#8221;] Intr\u0103 acum \u0219i \u00een grupul de Telegram News Bucovina Recens\u0103m\u00e2ntul general al circula\u021biei rutiere a demarat mar\u021bi, 21 aprilie 2026, la nivel na\u021bional. Ac\u021biunea, coordonat\u0103 de Centrul de Studii Tehnice Rutiere \u0219i Informatic\u0103 din cadrul Companiei Na\u021bionale de Administrare a Infrastructurii Rutiere (CNAIR SA), se desf\u0103\u0219oar\u0103 simultan pe \u00eentreg teritoriul Rom\u00e2niei \u0219i [&hellip;]<\/p>\n","protected":false},"author":1,"featured_media":0,"comment_status":"open","ping_status":"","sticky":false,"template":"","format":"standard","meta":{"footnotes":""},"categories":[89],"tags":[226,165],"class_list":["post-1896199","post","type-post","status-publish","format-standard","hentry","category-romania","tag-crawlmanager","tag-newsbucovina-ro"],"_links":{"self":[{"href":"https:\/\/analyse.optim.biz\/index.php?rest_route=\/wp\/v2\/posts\/1896199","targetHints":{"allow":["GET"]}}],"collection":[{"href":"https:\/\/analyse.optim.biz\/index.php?rest_route=\/wp\/v2\/posts"}],"about":[{"href":"https:\/\/analyse.optim.biz\/index.php?rest_route=\/wp\/v2\/types\/post"}],"author":[{"embeddable":true,"href":"https:\/\/analyse.optim.biz\/index.php?rest_route=\/wp\/v2\/users\/1"}],"replies":[{"embeddable":true,"href":"https:\/\/analyse.optim.biz\/index.php?rest_route=%2Fwp%2Fv2%2Fcomments&post=1896199"}],"version-history":[{"count":0,"href":"https:\/\/analyse.optim.biz\/index.php?rest_route=\/wp\/v2\/posts\/1896199\/revisions"}],"wp:attachment":[{"href":"https:\/\/analyse.optim.biz\/index.php?rest_route=%2Fwp%2Fv2%2Fmedia&parent=1896199"}],"wp:term":[{"taxonomy":"category","embeddable":true,"href":"https:\/\/analyse.optim.biz\/index.php?rest_route=%2Fwp%2Fv2%2Fcategories&post=1896199"},{"taxonomy":"post_tag","embeddable":true,"href":"https:\/\/analyse.optim.biz\/index.php?rest_route=%2Fwp%2Fv2%2Ftags&post=1896199"}],"curies":[{"name":"wp","href":"https:\/\/api.w.org\/{rel}","templated":true}]}}