{"id":1896197,"date":"2026-04-22T08:50:14","date_gmt":"2026-04-22T05:50:14","guid":{"rendered":"https:\/\/analyse.optim.biz\/?p=1896197"},"modified":"2026-04-22T08:50:14","modified_gmt":"2026-04-22T05:50:14","slug":"statul-roman-ramane-nereformabil-pana-si-republica-moldova-ne-depaseste-cu-o-reforma-administrativa-ce-reduce-drastic-numarul-de-raioane-si-de-primarii-de-dr-adrian-botezatu-sociolog","status":"publish","type":"post","link":"https:\/\/analyse.optim.biz\/?p=1896197","title":{"rendered":"Statul rom\u00e2n r\u0103m\u00e2ne nereformabil. P\u00e2n\u0103 \u0219i Republica Moldova ne dep\u0103\u0219e\u0219te cu o reform\u0103 administrativ\u0103 ce reduce drastic num\u0103rul de raioane \u0219i de prim\u0103rii, \u00a0de dr. Adrian Botezatu, sociolog"},"content":{"rendered":"<p>[analyse_image type=&#8221;featured&#8221; src=&#8221;https:\/\/www.newsbucovina.ro\/wp-content\/uploads\/2026\/04\/WhatsApp-Image-2026-04-22-at-09.29.48.jpeghttps:\/\/cdn.newsbucovina.ro\/wp-content\/uploads\/2026\/04\/WhatsApp-Image-2026-04-22-at-09.29.48.jpeg&#8221;]<\/p>\n<div class=\"td-post-content tagdiv-type\">\n<div class=\"td-a-rec td-a-rec-id-content_top  tdi_3 td_block_template_1\"><strong>Intr\u0103 acum \u0219i \u00een grupul de <\/p>\n<div class=\"wp-block-button\"><a class=\"wp-block-button__link wp-element-button\" href=\"https:\/\/t.me\/+TH8wcfnp8fw5NWI0\">Telegram News Bucovina<\/a><\/div>\n<p><\/strong><\/div>\n<p>Republica Moldova a luat o decizie curajoas\u0103 \u0219i necesar\u0103: \u00eencepe o reform\u0103 administrativ\u0103 real\u0103 \u0219i consistent\u0103. \u021aara vecin\u0103 va trece de la actualul model cu 32 de raioane la doar 10 raioane, reduc\u00e2nd drastic num\u0103rul de structuri administrative intermediare. Totodat\u0103, la nivel local, se va realiza o comasare a prim\u0103riilor, stabilindu-se un prag minim de 3.000 de locuitori pentru o comun\u0103.<\/p>\n<figure class=\"wp-block-image size-large\"><a href=\"https:\/\/cdn.newsbucovina.ro\/wp-content\/uploads\/2026\/04\/WhatsApp-Image-2026-04-22-at-09.29.48.jpeg\"><img loading=\"lazy\" decoding=\"async\" width=\"1024\" height=\"576\" src=\"https:\/\/cdn.newsbucovina.ro\/wp-content\/uploads\/2026\/04\/WhatsApp-Image-2026-04-22-at-09.29.48-1024x576.jpeg\" alt class=\"wp-image-436722\"><\/a><\/figure>\n<p>\u00cen prezent, 87% dintre prim\u0103riile din R. Moldova se afl\u0103 sub acest prag.<\/p>\n<p>Noul model administrativ urmeaz\u0103 s\u0103 fie implementat p\u00e2n\u0103 \u00een 2027, ceea ce \u00eenseamn\u0103 c\u0103 alegerile locale din acel an vor fi organizate deja pe noua structur\u0103.<\/p>\n<p>Pentru compara\u021bie, situa\u021bia din nordul Rom\u00e2niei este \u00eengrijor\u0103toare.<\/p>\n<p>\u00cen jude\u021bul Suceava, din cele 98 de comune, 74 au sub 5.000 de locuitori \u2013 adic\u0103 73%. \u00cen jude\u021bul Boto\u0219ani, din 71 de comune, 61 se afl\u0103 sub acela\u0219i prag, reprezent\u00e2nd 86%. Situa\u021bia nu este cu mult diferit\u0103 \u00een majoritatea jude\u021belor \u021b\u0103rii.<\/p>\n<p>Reforma din R. Moldova vine \u00eentr-un context \u00een care Rom\u00e2nia de\u021bine, de departe, cel mai stufos sistem administrativ din Uniunea European\u0103 \u0219i se afl\u0103 pe locul al treilea \u00een lume, dup\u0103 Rusia \u0219i Statele Unite ale Americii, \u00een ceea ce prive\u0219te num\u0103rul de unit\u0103\u021bi administrativ-teritoriale raportat la popula\u021bie.<\/p>\n<p>\u00cen loc s\u0103 recunoasc\u0103 aceast\u0103 realitate \u0219i s\u0103 treac\u0103 la reforme concrete, \u00een Rom\u00e2nia discu\u021biile despre reform\u0103 administrativ\u0103 r\u0103m\u00e2n, de prea multe ori, simple declara\u021bii politice f\u0103r\u0103 acoperire.<\/p>\n<p>Comasarea comunelor, reducerea num\u0103rului de prim\u0103rii \u0219i ra\u021bionalizarea cheltuielilor publice par subiecte tabu, pe care nimeni nu vrea s\u0103 le abordeze cu seriozitate.<\/p>\n<p>Faptul c\u0103 o \u021bar\u0103 cu resurse mult mai limitate, precum Republica Moldova, reu\u0219e\u0219te s\u0103 ini\u021bieze o astfel de reform\u0103 profund\u0103, \u00een timp ce Rom\u00e2nia continu\u0103 s\u0103 men\u021bin\u0103 un aparat administrativ supradimensionat \u0219i extrem de costisitor, spune multe despre capacitatea real\u0103 de reform\u0103 a statului rom\u00e2n. Din p\u0103cate, dovezile arat\u0103 c\u0103, dincolo de discursuri, Statul Rom\u00e2n r\u0103m\u00e2ne, \u00een multe privin\u021be, nereformabil.<\/p>\n<figure class=\"wp-block-embed is-type-video is-provider-youtube wp-block-embed-youtube wp-embed-aspect-16-9 wp-has-aspect-ratio\">\n<div class=\"wp-block-embed__wrapper\">\n<div class=\"youtube-embed\" data-video_id=\"c7iLFNmUnAg\"><iframe loading=\"lazy\" title=\"Alex avea prioritate! Alex a murit..!!! Cine urmeaz\u0103??? \" width=\"696\" height=\"392\" src=\"https:\/\/www.youtube.com\/embed\/c7iLFNmUnAg?feature=oembed&amp;enablejsapi=1\" frameborder allow=\"accelerometer; autoplay; clipboard-write; encrypted-media; gyroscope; picture-in-picture; web-share\" referrerpolicy=\"strict-origin-when-cross-origin\" allowfullscreen><\/iframe><\/div>\n<\/div>\n<\/figure>\n<div class=\"td-a-rec td-a-rec-id-content_bottom  tdi_4 td_block_template_1\"><strong>Intr\u0103 acum \u0219i \u00een grupul de <\/p>\n<div class=\"wp-block-button\"><a class=\"wp-block-button__link wp-element-button\" href=\"https:\/\/t.me\/+TH8wcfnp8fw5NWI0\">Telegram News Bucovina<\/a><\/div>\n<p><\/strong><\/div>\n<\/div>\n<div class=\"td-post-content tagdiv-type\">\n<div class=\"td-a-rec td-a-rec-id-content_top  tdi_3 td_block_template_1\"><strong>Intr\u0103 acum \u0219i \u00een grupul de <\/p>\n<div class=\"wp-block-button\"><a class=\"wp-block-button__link wp-element-button\" href=\"https:\/\/t.me\/+TH8wcfnp8fw5NWI0\">Telegram News Bucovina<\/a><\/div>\n<p><\/strong><\/div>\n<p>Republica Moldova a luat o decizie curajoas\u0103 \u0219i necesar\u0103: \u00eencepe o reform\u0103 administrativ\u0103 real\u0103 \u0219i consistent\u0103. \u021aara vecin\u0103 va trece de la actualul model cu 32 de raioane la doar 10 raioane, reduc\u00e2nd drastic num\u0103rul de structuri administrative intermediare. Totodat\u0103, la nivel local, se va realiza o comasare a prim\u0103riilor, stabilindu-se un prag minim de 3.000 de locuitori pentru o comun\u0103.<\/p>\n<figure class=\"wp-block-image size-large\"><a href=\"https:\/\/cdn.newsbucovina.ro\/wp-content\/uploads\/2026\/04\/WhatsApp-Image-2026-04-22-at-09.29.48.jpeg\"><img loading=\"lazy\" decoding=\"async\" width=\"1024\" height=\"576\" src=\"https:\/\/cdn.newsbucovina.ro\/wp-content\/uploads\/2026\/04\/WhatsApp-Image-2026-04-22-at-09.29.48-1024x576.jpeg\" alt class=\"wp-image-436722\"><\/a><\/figure>\n<p>\u00cen prezent, 87% dintre prim\u0103riile din R. Moldova se afl\u0103 sub acest prag.<\/p>\n<p>Noul model administrativ urmeaz\u0103 s\u0103 fie implementat p\u00e2n\u0103 \u00een 2027, ceea ce \u00eenseamn\u0103 c\u0103 alegerile locale din acel an vor fi organizate deja pe noua structur\u0103.<\/p>\n<p>Pentru compara\u021bie, situa\u021bia din nordul Rom\u00e2niei este \u00eengrijor\u0103toare.<\/p>\n<p>\u00cen jude\u021bul Suceava, din cele 98 de comune, 74 au sub 5.000 de locuitori \u2013 adic\u0103 73%. \u00cen jude\u021bul Boto\u0219ani, din 71 de comune, 61 se afl\u0103 sub acela\u0219i prag, reprezent\u00e2nd 86%. Situa\u021bia nu este cu mult diferit\u0103 \u00een majoritatea jude\u021belor \u021b\u0103rii.<\/p>\n<p>Reforma din R. Moldova vine \u00eentr-un context \u00een care Rom\u00e2nia de\u021bine, de departe, cel mai stufos sistem administrativ din Uniunea European\u0103 \u0219i se afl\u0103 pe locul al treilea \u00een lume, dup\u0103 Rusia \u0219i Statele Unite ale Americii, \u00een ceea ce prive\u0219te num\u0103rul de unit\u0103\u021bi administrativ-teritoriale raportat la popula\u021bie.<\/p>\n<p>\u00cen loc s\u0103 recunoasc\u0103 aceast\u0103 realitate \u0219i s\u0103 treac\u0103 la reforme concrete, \u00een Rom\u00e2nia discu\u021biile despre reform\u0103 administrativ\u0103 r\u0103m\u00e2n, de prea multe ori, simple declara\u021bii politice f\u0103r\u0103 acoperire.<\/p>\n<p>Comasarea comunelor, reducerea num\u0103rului de prim\u0103rii \u0219i ra\u021bionalizarea cheltuielilor publice par subiecte tabu, pe care nimeni nu vrea s\u0103 le abordeze cu seriozitate.<\/p>\n<p>Faptul c\u0103 o \u021bar\u0103 cu resurse mult mai limitate, precum Republica Moldova, reu\u0219e\u0219te s\u0103 ini\u021bieze o astfel de reform\u0103 profund\u0103, \u00een timp ce Rom\u00e2nia continu\u0103 s\u0103 men\u021bin\u0103 un aparat administrativ supradimensionat \u0219i extrem de costisitor, spune multe despre capacitatea real\u0103 de reform\u0103 a statului rom\u00e2n. Din p\u0103cate, dovezile arat\u0103 c\u0103, dincolo de discursuri, Statul Rom\u00e2n r\u0103m\u00e2ne, \u00een multe privin\u021be, nereformabil.<\/p>\n<figure class=\"wp-block-embed is-type-video is-provider-youtube wp-block-embed-youtube wp-embed-aspect-16-9 wp-has-aspect-ratio\">\n<div class=\"wp-block-embed__wrapper\">\n<div class=\"youtube-embed\" data-video_id=\"c7iLFNmUnAg\"><iframe loading=\"lazy\" title=\"Alex avea prioritate! Alex a murit..!!! Cine urmeaz\u0103??? \" width=\"696\" height=\"392\" src=\"https:\/\/www.youtube.com\/embed\/c7iLFNmUnAg?feature=oembed&amp;enablejsapi=1\" frameborder allow=\"accelerometer; autoplay; clipboard-write; encrypted-media; gyroscope; picture-in-picture; web-share\" referrerpolicy=\"strict-origin-when-cross-origin\" allowfullscreen><\/iframe><\/div>\n<\/div>\n<\/figure>\n<div class=\"td-a-rec td-a-rec-id-content_bottom  tdi_4 td_block_template_1\"><strong>Intr\u0103 acum \u0219i \u00een grupul de <\/p>\n<div class=\"wp-block-button\"><a class=\"wp-block-button__link wp-element-button\" href=\"https:\/\/t.me\/+TH8wcfnp8fw5NWI0\">Telegram News Bucovina<\/a><\/div>\n<p><\/strong><\/div>\n<\/div>\n<p>[analyse_source url=&#8221;https:\/\/www.newsbucovina.ro\/opinii\/436721\/statul-roman-ramane-nereformabil-pana-si-republica-moldova-ne-depaseste-cu-o-reforma-administrativa-ce-reduce-drastic-numarul-de-raioane-si-de-primarii-de-dr-adrian-botezatu-sociolog&#8221;]<\/p>\n","protected":false},"excerpt":{"rendered":"<p>[analyse_image type=&#8221;featured&#8221; src=&#8221;https:\/\/www.newsbucovina.ro\/wp-content\/uploads\/2026\/04\/WhatsApp-Image-2026-04-22-at-09.29.48.jpeghttps:\/\/cdn.newsbucovina.ro\/wp-content\/uploads\/2026\/04\/WhatsApp-Image-2026-04-22-at-09.29.48.jpeg&#8221;] Intr\u0103 acum \u0219i \u00een grupul de Telegram News Bucovina Republica Moldova a luat o decizie curajoas\u0103 \u0219i necesar\u0103: \u00eencepe o reform\u0103 administrativ\u0103 real\u0103 \u0219i consistent\u0103. \u021aara vecin\u0103 va trece de la actualul model cu 32 de raioane la doar 10 raioane, reduc\u00e2nd drastic num\u0103rul de structuri administrative intermediare. Totodat\u0103, la nivel local, [&hellip;]<\/p>\n","protected":false},"author":1,"featured_media":0,"comment_status":"open","ping_status":"","sticky":false,"template":"","format":"standard","meta":{"footnotes":""},"categories":[89],"tags":[226,165],"class_list":["post-1896197","post","type-post","status-publish","format-standard","hentry","category-romania","tag-crawlmanager","tag-newsbucovina-ro"],"_links":{"self":[{"href":"https:\/\/analyse.optim.biz\/index.php?rest_route=\/wp\/v2\/posts\/1896197","targetHints":{"allow":["GET"]}}],"collection":[{"href":"https:\/\/analyse.optim.biz\/index.php?rest_route=\/wp\/v2\/posts"}],"about":[{"href":"https:\/\/analyse.optim.biz\/index.php?rest_route=\/wp\/v2\/types\/post"}],"author":[{"embeddable":true,"href":"https:\/\/analyse.optim.biz\/index.php?rest_route=\/wp\/v2\/users\/1"}],"replies":[{"embeddable":true,"href":"https:\/\/analyse.optim.biz\/index.php?rest_route=%2Fwp%2Fv2%2Fcomments&post=1896197"}],"version-history":[{"count":0,"href":"https:\/\/analyse.optim.biz\/index.php?rest_route=\/wp\/v2\/posts\/1896197\/revisions"}],"wp:attachment":[{"href":"https:\/\/analyse.optim.biz\/index.php?rest_route=%2Fwp%2Fv2%2Fmedia&parent=1896197"}],"wp:term":[{"taxonomy":"category","embeddable":true,"href":"https:\/\/analyse.optim.biz\/index.php?rest_route=%2Fwp%2Fv2%2Fcategories&post=1896197"},{"taxonomy":"post_tag","embeddable":true,"href":"https:\/\/analyse.optim.biz\/index.php?rest_route=%2Fwp%2Fv2%2Ftags&post=1896197"}],"curies":[{"name":"wp","href":"https:\/\/api.w.org\/{rel}","templated":true}]}}