{"id":1896193,"date":"2026-04-22T11:20:19","date_gmt":"2026-04-22T08:20:19","guid":{"rendered":"https:\/\/analyse.optim.biz\/?p=1896193"},"modified":"2026-04-22T11:20:19","modified_gmt":"2026-04-22T08:20:19","slug":"doi-barbati-arestati-preventiv-pentru-30-de-zile-dupa-ce-pe-timp-de-noapte-au-agresat-si-jefuit-de-7000-de-lei-un-alt-barbat-in-locuinta-sa-din-udesti","status":"publish","type":"post","link":"https:\/\/analyse.optim.biz\/?p=1896193","title":{"rendered":"Doi b\u0103rba\u021bi aresta\u021bi preventiv pentru 30 de zile dup\u0103 ce pe timp de noapte au agresat \u0219i jefuit de 7000 de lei un alt b\u0103rbat \u00een locuin\u021ba sa din Ude\u0219ti"},"content":{"rendered":"<p>[analyse_image type=&#8221;featured&#8221; src=&#8221;https:\/\/www.newsbucovina.ro\/wp-content\/uploads\/2026\/04\/agresiune-bataie.jpghttps:\/\/cdn.newsbucovina.ro\/wp-content\/uploads\/2026\/04\/agresiune-bataie.jpg&#8221;]<\/p>\n<div class=\"td-post-content tagdiv-type\">\n<div class=\"td-a-rec td-a-rec-id-content_top  tdi_3 td_block_template_1\"><strong>Intr\u0103 acum \u0219i \u00een grupul de <\/p>\n<div class=\"wp-block-button\"><a class=\"wp-block-button__link wp-element-button\" href=\"https:\/\/t.me\/+TH8wcfnp8fw5NWI0\">Telegram News Bucovina<\/a><\/div>\n<p><\/strong><\/div>\n<p>Doi b\u0103rba\u021bi au fost aresta\u021bi preventiv, miercuri,  pentru 30 de zile dup\u0103 ce, \u00een noaptea de 17 martie, au agresat fizic un b\u0103rbat \u00een locuin\u021ba sa din satul \u0218tirb\u0103\u021b, comuna Ude\u0219ti, \u0219i i-au sustras aproximativ 7.000 de lei.<\/p>\n<figure class=\"wp-block-image size-full\"><a href=\"https:\/\/cdn.newsbucovina.ro\/wp-content\/uploads\/2022\/08\/bataie-politia.jpg\"><img loading=\"lazy\" decoding=\"async\" width=\"1024\" height=\"614\" src=\"https:\/\/cdn.newsbucovina.ro\/wp-content\/uploads\/2022\/08\/bataie-politia.jpg.webp\" alt class=\"wp-image-348916\"><\/a><\/figure>\n<p>Potrivit unui comunicat transmis de Prim-procurorul Parchetului de pe l\u00e2ng\u0103 Judec\u0103toria Suceava, prin ordonan\u021ba din data de 21 aprilie 2026 s-a dispus punerea \u00een mi\u0219care a ac\u021biunii penale fa\u021b\u0103 de cei doi inculpa\u021bi pentru s\u0103v\u00e2r\u0219irea infrac\u021biunilor de t\u00e2lh\u0103rie calificat\u0103 \u0219i violen\u021b\u0103.<\/p>\n<p>Faptele au avut loc la data de 17 martie 2026, \u00een jurul orei 03:00, \u00eentr-o locuin\u021b\u0103 din satul \u0218tirb\u0103\u021b, comuna Ude\u0219ti. Cei doi inculpa\u021bi au lovit cu pumnii \u0219i palmele persoana v\u0103t\u0103mat\u0103 de mai multe ori la nivelul capului, provoc\u00e2ndu-i leziuni care necesit\u0103 pentru vindecare 5-7 zile de \u00eengrijiri medicale, conform certificatului medico-legal emis de Serviciul de Medicin\u0103 Legal\u0103 Suceava.<\/p>\n<p>Scopul agresiunii a fost sustragerea sumei de aproximativ 7.000 de lei pe care persoana v\u0103t\u0103mat\u0103 o avea \u00een buzunarul st\u00e2ng al gecii.<\/p>\n<p>Dup\u0103 ce au luat banii, unul dintre inculpa\u021bi a luat \u00een m\u00e2n\u0103 un topor pentru a intimida victima, \u00een timp ce cel\u0103lalt a continuat s\u0103 o agreseze fizic, str\u00e2ng\u00e2nd-o de g\u00e2t.<\/p>\n<p>La data de 21 aprilie 2026, procurorul a dispus re\u021binerea preventiv\u0103 a celor doi inculpa\u021bi pentru o perioad\u0103 de 24 de ore.<\/p>\n<p>\u00a0\u00cen cursul zilei de 22 aprilie 2026, inculpa\u021bii au fost prezenta\u021bi judec\u0103torului de drepturi \u0219i libert\u0103\u021bi din cadrul Judec\u0103toriei Suceava cu propunere de arestare preventiv\u0103.<\/p>\n<p>Propunerea a fost \u00eensu\u0219it\u0103, iar pe numele celor doi au fost emise mandate de arestare preventiv\u0103 pentru o durat\u0103 de 30 de zile.<\/p>\n<p>Cercet\u0103rile \u00een cauz\u0103 continu\u0103 sub supravegherea Parchetului de pe l\u00e2ng\u0103 Judec\u0103toria Suceava, \u00een vederea l\u0103muririi tuturor \u00eemprejur\u0103rilor de fapt \u0219i a circumstan\u021belor comiterii faptelor.<\/p>\n<figure class=\"wp-block-embed is-type-video is-provider-youtube wp-block-embed-youtube wp-embed-aspect-16-9 wp-has-aspect-ratio\">\n<div class=\"wp-block-embed__wrapper\">\n<div class=\"youtube-embed\" data-video_id=\"c7iLFNmUnAg\"><iframe loading=\"lazy\" title=\"Alex avea prioritate! Alex a murit..!!! Cine urmeaz\u0103??? \" width=\"696\" height=\"392\" src=\"https:\/\/www.youtube.com\/embed\/c7iLFNmUnAg?feature=oembed&amp;enablejsapi=1\" frameborder allow=\"accelerometer; autoplay; clipboard-write; encrypted-media; gyroscope; picture-in-picture; web-share\" referrerpolicy=\"strict-origin-when-cross-origin\" allowfullscreen><\/iframe><\/div>\n<\/div>\n<\/figure>\n<div class=\"td-a-rec td-a-rec-id-content_bottom  tdi_4 td_block_template_1\"><strong>Intr\u0103 acum \u0219i \u00een grupul de <\/p>\n<div class=\"wp-block-button\"><a class=\"wp-block-button__link wp-element-button\" href=\"https:\/\/t.me\/+TH8wcfnp8fw5NWI0\">Telegram News Bucovina<\/a><\/div>\n<p><\/strong><\/div>\n<\/div>\n<div class=\"td-post-content tagdiv-type\">\n<div class=\"td-a-rec td-a-rec-id-content_top  tdi_3 td_block_template_1\"><strong>Intr\u0103 acum \u0219i \u00een grupul de <\/p>\n<div class=\"wp-block-button\"><a class=\"wp-block-button__link wp-element-button\" href=\"https:\/\/t.me\/+TH8wcfnp8fw5NWI0\">Telegram News Bucovina<\/a><\/div>\n<p><\/strong><\/div>\n<p>Doi b\u0103rba\u021bi au fost aresta\u021bi preventiv, miercuri,  pentru 30 de zile dup\u0103 ce, \u00een noaptea de 17 martie, au agresat fizic un b\u0103rbat \u00een locuin\u021ba sa din satul \u0218tirb\u0103\u021b, comuna Ude\u0219ti, \u0219i i-au sustras aproximativ 7.000 de lei.<\/p>\n<figure class=\"wp-block-image size-full\"><a href=\"https:\/\/cdn.newsbucovina.ro\/wp-content\/uploads\/2022\/08\/bataie-politia.jpg\"><img loading=\"lazy\" decoding=\"async\" width=\"1024\" height=\"614\" src=\"https:\/\/cdn.newsbucovina.ro\/wp-content\/uploads\/2022\/08\/bataie-politia.jpg.webp\" alt class=\"wp-image-348916\"><\/a><\/figure>\n<p>Potrivit unui comunicat transmis de Prim-procurorul Parchetului de pe l\u00e2ng\u0103 Judec\u0103toria Suceava, prin ordonan\u021ba din data de 21 aprilie 2026 s-a dispus punerea \u00een mi\u0219care a ac\u021biunii penale fa\u021b\u0103 de cei doi inculpa\u021bi pentru s\u0103v\u00e2r\u0219irea infrac\u021biunilor de t\u00e2lh\u0103rie calificat\u0103 \u0219i violen\u021b\u0103.<\/p>\n<p>Faptele au avut loc la data de 17 martie 2026, \u00een jurul orei 03:00, \u00eentr-o locuin\u021b\u0103 din satul \u0218tirb\u0103\u021b, comuna Ude\u0219ti. Cei doi inculpa\u021bi au lovit cu pumnii \u0219i palmele persoana v\u0103t\u0103mat\u0103 de mai multe ori la nivelul capului, provoc\u00e2ndu-i leziuni care necesit\u0103 pentru vindecare 5-7 zile de \u00eengrijiri medicale, conform certificatului medico-legal emis de Serviciul de Medicin\u0103 Legal\u0103 Suceava.<\/p>\n<p>Scopul agresiunii a fost sustragerea sumei de aproximativ 7.000 de lei pe care persoana v\u0103t\u0103mat\u0103 o avea \u00een buzunarul st\u00e2ng al gecii.<\/p>\n<p>Dup\u0103 ce au luat banii, unul dintre inculpa\u021bi a luat \u00een m\u00e2n\u0103 un topor pentru a intimida victima, \u00een timp ce cel\u0103lalt a continuat s\u0103 o agreseze fizic, str\u00e2ng\u00e2nd-o de g\u00e2t.<\/p>\n<p>La data de 21 aprilie 2026, procurorul a dispus re\u021binerea preventiv\u0103 a celor doi inculpa\u021bi pentru o perioad\u0103 de 24 de ore.<\/p>\n<p>\u00a0\u00cen cursul zilei de 22 aprilie 2026, inculpa\u021bii au fost prezenta\u021bi judec\u0103torului de drepturi \u0219i libert\u0103\u021bi din cadrul Judec\u0103toriei Suceava cu propunere de arestare preventiv\u0103.<\/p>\n<p>Propunerea a fost \u00eensu\u0219it\u0103, iar pe numele celor doi au fost emise mandate de arestare preventiv\u0103 pentru o durat\u0103 de 30 de zile.<\/p>\n<p>Cercet\u0103rile \u00een cauz\u0103 continu\u0103 sub supravegherea Parchetului de pe l\u00e2ng\u0103 Judec\u0103toria Suceava, \u00een vederea l\u0103muririi tuturor \u00eemprejur\u0103rilor de fapt \u0219i a circumstan\u021belor comiterii faptelor.<\/p>\n<figure class=\"wp-block-embed is-type-video is-provider-youtube wp-block-embed-youtube wp-embed-aspect-16-9 wp-has-aspect-ratio\">\n<div class=\"wp-block-embed__wrapper\">\n<div class=\"youtube-embed\" data-video_id=\"c7iLFNmUnAg\"><iframe loading=\"lazy\" title=\"Alex avea prioritate! Alex a murit..!!! Cine urmeaz\u0103??? \" width=\"696\" height=\"392\" src=\"https:\/\/www.youtube.com\/embed\/c7iLFNmUnAg?feature=oembed&amp;enablejsapi=1\" frameborder allow=\"accelerometer; autoplay; clipboard-write; encrypted-media; gyroscope; picture-in-picture; web-share\" referrerpolicy=\"strict-origin-when-cross-origin\" allowfullscreen><\/iframe><\/div>\n<\/div>\n<\/figure>\n<div class=\"td-a-rec td-a-rec-id-content_bottom  tdi_4 td_block_template_1\"><strong>Intr\u0103 acum \u0219i \u00een grupul de <\/p>\n<div class=\"wp-block-button\"><a class=\"wp-block-button__link wp-element-button\" href=\"https:\/\/t.me\/+TH8wcfnp8fw5NWI0\">Telegram News Bucovina<\/a><\/div>\n<p><\/strong><\/div>\n<\/div>\n<p>[analyse_source url=&#8221;https:\/\/www.newsbucovina.ro\/social\/436729\/doi-barbati-arestati-preventiv-pentru-30-de-zile-dupa-ce-pe-timp-de-noapte-au-agresat-si-jefuit-de-7000-de-lei-un-alt-barbat-in-locuinta-sa-din-udesti&#8221;]<\/p>\n","protected":false},"excerpt":{"rendered":"<p>[analyse_image type=&#8221;featured&#8221; src=&#8221;https:\/\/www.newsbucovina.ro\/wp-content\/uploads\/2026\/04\/agresiune-bataie.jpghttps:\/\/cdn.newsbucovina.ro\/wp-content\/uploads\/2026\/04\/agresiune-bataie.jpg&#8221;] Intr\u0103 acum \u0219i \u00een grupul de Telegram News Bucovina Doi b\u0103rba\u021bi au fost aresta\u021bi preventiv, miercuri, pentru 30 de zile dup\u0103 ce, \u00een noaptea de 17 martie, au agresat fizic un b\u0103rbat \u00een locuin\u021ba sa din satul \u0218tirb\u0103\u021b, comuna Ude\u0219ti, \u0219i i-au sustras aproximativ 7.000 de lei. Potrivit unui comunicat transmis de [&hellip;]<\/p>\n","protected":false},"author":1,"featured_media":0,"comment_status":"open","ping_status":"","sticky":false,"template":"","format":"standard","meta":{"footnotes":""},"categories":[89],"tags":[226,165],"class_list":["post-1896193","post","type-post","status-publish","format-standard","hentry","category-romania","tag-crawlmanager","tag-newsbucovina-ro"],"_links":{"self":[{"href":"https:\/\/analyse.optim.biz\/index.php?rest_route=\/wp\/v2\/posts\/1896193","targetHints":{"allow":["GET"]}}],"collection":[{"href":"https:\/\/analyse.optim.biz\/index.php?rest_route=\/wp\/v2\/posts"}],"about":[{"href":"https:\/\/analyse.optim.biz\/index.php?rest_route=\/wp\/v2\/types\/post"}],"author":[{"embeddable":true,"href":"https:\/\/analyse.optim.biz\/index.php?rest_route=\/wp\/v2\/users\/1"}],"replies":[{"embeddable":true,"href":"https:\/\/analyse.optim.biz\/index.php?rest_route=%2Fwp%2Fv2%2Fcomments&post=1896193"}],"version-history":[{"count":0,"href":"https:\/\/analyse.optim.biz\/index.php?rest_route=\/wp\/v2\/posts\/1896193\/revisions"}],"wp:attachment":[{"href":"https:\/\/analyse.optim.biz\/index.php?rest_route=%2Fwp%2Fv2%2Fmedia&parent=1896193"}],"wp:term":[{"taxonomy":"category","embeddable":true,"href":"https:\/\/analyse.optim.biz\/index.php?rest_route=%2Fwp%2Fv2%2Fcategories&post=1896193"},{"taxonomy":"post_tag","embeddable":true,"href":"https:\/\/analyse.optim.biz\/index.php?rest_route=%2Fwp%2Fv2%2Ftags&post=1896193"}],"curies":[{"name":"wp","href":"https:\/\/api.w.org\/{rel}","templated":true}]}}