{"id":1896190,"date":"2026-04-22T08:58:00","date_gmt":"2026-04-22T05:58:00","guid":{"rendered":"https:\/\/analyse.optim.biz\/?p=1896190"},"modified":"2026-04-22T08:58:00","modified_gmt":"2026-04-22T05:58:00","slug":"barbat-retinut-24-de-ore-de-procurorii-din-radauti-dupa-ce-a-condus-beat-si-fara-permis-a-avut-o-alcoolemie-de-peste-200-g%e2%80%b0","status":"publish","type":"post","link":"https:\/\/analyse.optim.biz\/?p=1896190","title":{"rendered":"B\u0103rbat re\u021binut 24 de ore de procurorii din R\u0103d\u0103u\u021bi dup\u0103 ce a condus beat \u0219i f\u0103r\u0103 permis. A avut o alcoolemie de peste 2,00 g\u2030"},"content":{"rendered":"<p>[analyse_image type=&#8221;featured&#8221; src=&#8221;https:\/\/www.newsbucovina.ro\/wp-content\/uploads\/2024\/03\/politie.pnghttps:\/\/cdn.newsbucovina.ro\/wp-content\/uploads\/2024\/03\/politie.png&#8221;]<\/p>\n<div class=\"td-post-content tagdiv-type\">\n<div class=\"td-a-rec td-a-rec-id-content_top  tdi_3 td_block_template_1\"><strong>Intr\u0103 acum \u0219i \u00een grupul de <\/p>\n<div class=\"wp-block-button\"><a class=\"wp-block-button__link wp-element-button\" href=\"https:\/\/t.me\/+TH8wcfnp8fw5NWI0\">Telegram News Bucovina<\/a><\/div>\n<p><\/strong><\/div>\n<p>Un b\u0103rbat a fost re\u021binut preventiv pentru 24 de ore de procurorii Parchetului de pe l\u00e2ng\u0103 Judec\u0103toria R\u0103d\u0103u\u021bi, dup\u0103 ce a condus un autoturism pe drumurile publice \u00een stare de ebrietate \u0219i f\u0103r\u0103 permis de conducere.<\/p>\n<div class=\"wp-block-image\">\n<figure class=\"aligncenter size-full\"><a href=\"https:\/\/cdn.newsbucovina.ro\/wp-content\/uploads\/2025\/10\/retinere-politie.png\"><img loading=\"lazy\" decoding=\"async\" width=\"540\" height=\"315\" src=\"https:\/\/cdn.newsbucovina.ro\/wp-content\/uploads\/2025\/10\/retinere-politie.png\" alt class=\"wp-image-421810\"><\/a><\/figure>\n<\/div>\n<p>Potrivit unui comunicat transmis de Biroul de informare public\u0103 \u0219i rela\u021bii cu presa al Parchetului de pe l\u00e2ng\u0103 Judec\u0103toria R\u0103d\u0103u\u021bi, procurorul de caz a dispus punerea \u00een mi\u0219care a ac\u021biunii penale fa\u021b\u0103 de inculpat pentru s\u0103v\u00e2r\u0219irea a dou\u0103 infrac\u021biuni: conducerea unui vehicul sub influen\u021ba b\u0103uturilor alcoolice \u0219i conducerea unui vehicul f\u0103r\u0103 permis de conducere, s\u0103v\u00e2r\u0219ite \u00een concurs real.<\/p>\n<p>Faptele au avut loc \u00een noaptea de 14 aprilie 2026, \u00een jurul orei 03:30. B\u0103rbatul, care nu de\u021binea permis de conducere valabil pentru nicio categorie de vehicule, a condus un autoturism pe drumurile publice din zona R\u0103d\u0103u\u021bi, de\u0219i avea o alcoolemie de peste 2,00 g\u2030 alcool pur \u00een s\u00e2nge. Acesta a fost depistat \u00een flagrant de c\u0103tre poli\u021bi\u0219ti.<\/p>\n<p>La data de 21 aprilie 2026, procurorul a dispus re\u021binerea preventiv\u0103 a inculpatului pentru o perioad\u0103 de 24 de ore, m\u0103sur\u0103 valabil\u0103 p\u00e2n\u0103 la data de 22 aprilie 2026. Ulterior, fa\u021b\u0103 de acesta a fost dispus\u0103 m\u0103sura controlului judiciar pe o perioad\u0103 de 60 de zile.<\/p>\n<p>Cercet\u0103rile \u00een cauz\u0103 continu\u0103 pentru l\u0103murirea tuturor \u00eemprejur\u0103rilor de fapt \u0219i stabilirea r\u0103spunderii juridice.<\/p>\n<figure class=\"wp-block-embed is-type-video is-provider-youtube wp-block-embed-youtube wp-embed-aspect-16-9 wp-has-aspect-ratio\">\n<div class=\"wp-block-embed__wrapper\">\n<div class=\"youtube-embed\" data-video_id=\"c7iLFNmUnAg\"><iframe loading=\"lazy\" title=\"Alex avea prioritate! Alex a murit..!!! Cine urmeaz\u0103??? \" width=\"696\" height=\"392\" src=\"https:\/\/www.youtube.com\/embed\/c7iLFNmUnAg?feature=oembed&amp;enablejsapi=1\" frameborder allow=\"accelerometer; autoplay; clipboard-write; encrypted-media; gyroscope; picture-in-picture; web-share\" referrerpolicy=\"strict-origin-when-cross-origin\" allowfullscreen><\/iframe><\/div>\n<\/div>\n<\/figure>\n<div class=\"td-a-rec td-a-rec-id-content_bottom  tdi_4 td_block_template_1\"><strong>Intr\u0103 acum \u0219i \u00een grupul de <\/p>\n<div class=\"wp-block-button\"><a class=\"wp-block-button__link wp-element-button\" href=\"https:\/\/t.me\/+TH8wcfnp8fw5NWI0\">Telegram News Bucovina<\/a><\/div>\n<p><\/strong><\/div>\n<\/div>\n<div class=\"td-post-content tagdiv-type\">\n<div class=\"td-a-rec td-a-rec-id-content_top  tdi_3 td_block_template_1\"><strong>Intr\u0103 acum \u0219i \u00een grupul de <\/p>\n<div class=\"wp-block-button\"><a class=\"wp-block-button__link wp-element-button\" href=\"https:\/\/t.me\/+TH8wcfnp8fw5NWI0\">Telegram News Bucovina<\/a><\/div>\n<p><\/strong><\/div>\n<p>Un b\u0103rbat a fost re\u021binut preventiv pentru 24 de ore de procurorii Parchetului de pe l\u00e2ng\u0103 Judec\u0103toria R\u0103d\u0103u\u021bi, dup\u0103 ce a condus un autoturism pe drumurile publice \u00een stare de ebrietate \u0219i f\u0103r\u0103 permis de conducere.<\/p>\n<div class=\"wp-block-image\">\n<figure class=\"aligncenter size-full\"><a href=\"https:\/\/cdn.newsbucovina.ro\/wp-content\/uploads\/2025\/10\/retinere-politie.png\"><img loading=\"lazy\" decoding=\"async\" width=\"540\" height=\"315\" src=\"https:\/\/cdn.newsbucovina.ro\/wp-content\/uploads\/2025\/10\/retinere-politie.png\" alt class=\"wp-image-421810\"><\/a><\/figure>\n<\/div>\n<p>Potrivit unui comunicat transmis de Biroul de informare public\u0103 \u0219i rela\u021bii cu presa al Parchetului de pe l\u00e2ng\u0103 Judec\u0103toria R\u0103d\u0103u\u021bi, procurorul de caz a dispus punerea \u00een mi\u0219care a ac\u021biunii penale fa\u021b\u0103 de inculpat pentru s\u0103v\u00e2r\u0219irea a dou\u0103 infrac\u021biuni: conducerea unui vehicul sub influen\u021ba b\u0103uturilor alcoolice \u0219i conducerea unui vehicul f\u0103r\u0103 permis de conducere, s\u0103v\u00e2r\u0219ite \u00een concurs real.<\/p>\n<p>Faptele au avut loc \u00een noaptea de 14 aprilie 2026, \u00een jurul orei 03:30. B\u0103rbatul, care nu de\u021binea permis de conducere valabil pentru nicio categorie de vehicule, a condus un autoturism pe drumurile publice din zona R\u0103d\u0103u\u021bi, de\u0219i avea o alcoolemie de peste 2,00 g\u2030 alcool pur \u00een s\u00e2nge. Acesta a fost depistat \u00een flagrant de c\u0103tre poli\u021bi\u0219ti.<\/p>\n<p>La data de 21 aprilie 2026, procurorul a dispus re\u021binerea preventiv\u0103 a inculpatului pentru o perioad\u0103 de 24 de ore, m\u0103sur\u0103 valabil\u0103 p\u00e2n\u0103 la data de 22 aprilie 2026. Ulterior, fa\u021b\u0103 de acesta a fost dispus\u0103 m\u0103sura controlului judiciar pe o perioad\u0103 de 60 de zile.<\/p>\n<p>Cercet\u0103rile \u00een cauz\u0103 continu\u0103 pentru l\u0103murirea tuturor \u00eemprejur\u0103rilor de fapt \u0219i stabilirea r\u0103spunderii juridice.<\/p>\n<figure class=\"wp-block-embed is-type-video is-provider-youtube wp-block-embed-youtube wp-embed-aspect-16-9 wp-has-aspect-ratio\">\n<div class=\"wp-block-embed__wrapper\">\n<div class=\"youtube-embed\" data-video_id=\"c7iLFNmUnAg\"><iframe loading=\"lazy\" title=\"Alex avea prioritate! Alex a murit..!!! Cine urmeaz\u0103??? \" width=\"696\" height=\"392\" src=\"https:\/\/www.youtube.com\/embed\/c7iLFNmUnAg?feature=oembed&amp;enablejsapi=1\" frameborder allow=\"accelerometer; autoplay; clipboard-write; encrypted-media; gyroscope; picture-in-picture; web-share\" referrerpolicy=\"strict-origin-when-cross-origin\" allowfullscreen><\/iframe><\/div>\n<\/div>\n<\/figure>\n<div class=\"td-a-rec td-a-rec-id-content_bottom  tdi_4 td_block_template_1\"><strong>Intr\u0103 acum \u0219i \u00een grupul de <\/p>\n<div class=\"wp-block-button\"><a class=\"wp-block-button__link wp-element-button\" href=\"https:\/\/t.me\/+TH8wcfnp8fw5NWI0\">Telegram News Bucovina<\/a><\/div>\n<p><\/strong><\/div>\n<\/div>\n<p>[analyse_source url=&#8221;https:\/\/www.newsbucovina.ro\/radauti\/436724\/barbat-retinut-24-de-ore-de-procurorii-din-radauti-dupa-ce-a-condus-beat-si-fara-permis-a-avut-o-alcoolemie-de-peste-200-g%e2%80%b0&#8243;]<\/p>\n","protected":false},"excerpt":{"rendered":"<p>[analyse_image type=&#8221;featured&#8221; src=&#8221;https:\/\/www.newsbucovina.ro\/wp-content\/uploads\/2024\/03\/politie.pnghttps:\/\/cdn.newsbucovina.ro\/wp-content\/uploads\/2024\/03\/politie.png&#8221;] Intr\u0103 acum \u0219i \u00een grupul de Telegram News Bucovina Un b\u0103rbat a fost re\u021binut preventiv pentru 24 de ore de procurorii Parchetului de pe l\u00e2ng\u0103 Judec\u0103toria R\u0103d\u0103u\u021bi, dup\u0103 ce a condus un autoturism pe drumurile publice \u00een stare de ebrietate \u0219i f\u0103r\u0103 permis de conducere. Potrivit unui comunicat transmis de Biroul de [&hellip;]<\/p>\n","protected":false},"author":1,"featured_media":0,"comment_status":"open","ping_status":"","sticky":false,"template":"","format":"standard","meta":{"footnotes":""},"categories":[89],"tags":[226,165],"class_list":["post-1896190","post","type-post","status-publish","format-standard","hentry","category-romania","tag-crawlmanager","tag-newsbucovina-ro"],"_links":{"self":[{"href":"https:\/\/analyse.optim.biz\/index.php?rest_route=\/wp\/v2\/posts\/1896190","targetHints":{"allow":["GET"]}}],"collection":[{"href":"https:\/\/analyse.optim.biz\/index.php?rest_route=\/wp\/v2\/posts"}],"about":[{"href":"https:\/\/analyse.optim.biz\/index.php?rest_route=\/wp\/v2\/types\/post"}],"author":[{"embeddable":true,"href":"https:\/\/analyse.optim.biz\/index.php?rest_route=\/wp\/v2\/users\/1"}],"replies":[{"embeddable":true,"href":"https:\/\/analyse.optim.biz\/index.php?rest_route=%2Fwp%2Fv2%2Fcomments&post=1896190"}],"version-history":[{"count":0,"href":"https:\/\/analyse.optim.biz\/index.php?rest_route=\/wp\/v2\/posts\/1896190\/revisions"}],"wp:attachment":[{"href":"https:\/\/analyse.optim.biz\/index.php?rest_route=%2Fwp%2Fv2%2Fmedia&parent=1896190"}],"wp:term":[{"taxonomy":"category","embeddable":true,"href":"https:\/\/analyse.optim.biz\/index.php?rest_route=%2Fwp%2Fv2%2Fcategories&post=1896190"},{"taxonomy":"post_tag","embeddable":true,"href":"https:\/\/analyse.optim.biz\/index.php?rest_route=%2Fwp%2Fv2%2Ftags&post=1896190"}],"curies":[{"name":"wp","href":"https:\/\/api.w.org\/{rel}","templated":true}]}}