{"id":1896187,"date":"2026-04-21T11:24:13","date_gmt":"2026-04-21T08:24:13","guid":{"rendered":"https:\/\/analyse.optim.biz\/?p=1896187"},"modified":"2026-04-21T11:24:13","modified_gmt":"2026-04-21T08:24:13","slug":"accident-rutier-la-radauti-un-sofer-in-varsta-de-82-de-ani-a-ignorat-indicatorul-stop-si-a-provocat-o-coliziune-cu-un-alt-autoturism-ce-a-ricosat-intr-un-stalp","status":"publish","type":"post","link":"https:\/\/analyse.optim.biz\/?p=1896187","title":{"rendered":"Accident rutier la R\u0103d\u0103u\u021bi: Un \u0219ofer \u00een v\u00e2rst\u0103 de 82 de ani a ignorat indicatorul \u201eStop\u201d \u0219i a provocat o coliziune cu un alt autoturism ce a rico\u0219at \u00eentr-un st\u00e2lp"},"content":{"rendered":"<p>[analyse_image type=&#8221;featured&#8221; src=&#8221;https:\/\/www.newsbucovina.ro\/wp-content\/uploads\/2026\/04\/stop-intersectie.pnghttps:\/\/cdn.newsbucovina.ro\/wp-content\/uploads\/2026\/04\/stop-intersectie.png&#8221;]<\/p>\n<div class=\"td-post-content tagdiv-type\">\n<div class=\"td-a-rec td-a-rec-id-content_top  tdi_3 td_block_template_1\"><strong>Intr\u0103 acum \u0219i \u00een grupul de <\/p>\n<div class=\"wp-block-button\"><a class=\"wp-block-button__link wp-element-button\" href=\"https:\/\/t.me\/+TH8wcfnp8fw5NWI0\">Telegram News Bucovina<\/a><\/div>\n<p><\/strong><\/div>\n<p>Un b\u0103rbat de 82 de ani din comuna Brodina a provocat, luni diminea\u021b\u0103, un accident rutier la intersec\u021bia str\u0103zilor Teiului \u0219i Putnei din municipiul R\u0103d\u0103u\u021bi, dup\u0103 ce nu a respectat semnifica\u021bia indicatorului \u201eStop\u201d. \u00cen urma impactului, o femeie de 45 de ani, pasager\u0103 \u00een cel\u0103lalt autoturism, a fost r\u0103nit\u0103 u\u0219or \u0219i transportat\u0103 la spital.<\/p>\n<div class=\"wp-block-image\">\n<figure class=\"aligncenter size-full\"><a href=\"https:\/\/cdn.newsbucovina.ro\/wp-content\/uploads\/2026\/04\/stop-intersectie.png\"><img loading=\"lazy\" decoding=\"async\" width=\"940\" height=\"566\" src=\"https:\/\/cdn.newsbucovina.ro\/wp-content\/uploads\/2026\/04\/stop-intersectie.png\" alt class=\"wp-image-436672\"><\/a><figcaption class=\"wp-element-caption\">Foto ilustrativ\u0103 <\/figcaption><\/figure>\n<\/div>\n<p>Potrivit primelor date ale anchetei, accidentul s-a produs la data de 20 aprilie 2026, \u00een jurul orei 09:50 c\u00e2nd un b\u0103rbat de 82 de ani, din comuna Brodina, conducea autoturismul pe strada Teiului, \u00eendrept\u00e2ndu-se spre strada Putnei. Ajuns \u00een intersec\u021bie, nu a oprit la indicatorul \u201eStop\u201d \u0219i a efectuat virajul la st\u00e2nga, fiind acro\u0219at de un autoturism Ford condus de un b\u0103rbat de 48 de ani, din comuna Vicovu de Jos.<\/p>\n<p>Autoturismul Ford circula pe strada Putnei, dinspre centrul municipiului R\u0103d\u0103u\u021bi. \u00cen momentul impactului, \u00een Ford se afla ca pasager\u0103 pe locul din dreapta spate o femeie de 45 de ani, din comuna Fr\u0103t\u0103u\u021bii Vechi.<\/p>\n<p>Ca urmare a coliziunii, autoturismul Ford a rico\u0219at \u0219i a lovit un st\u00e2lp de electricitate. \u00cen urma accidentului, pasagera din Ford a suferit v\u0103t\u0103m\u0103ri corporale u\u0219oare. Ea a fost transportat\u0103 la Spitalul Municipal R\u0103d\u0103u\u021bi, unde cadrele medicale i-au stabilit diagnosticul \u201etraumatism cranio-cerebral \u2013 r\u0103nit\u0103 u\u0219or\u201d.<\/p>\n<p>Ambii conduc\u0103tori auto au fost testa\u021bi cu aparatul etilotest, rezultatele fiind negative \u2013 0,00 mg\/l alcool pur \u00een aerul expirat.<\/p>\n<p>Poli\u021bi\u0219tii care s-au deplasat la fa\u021ba locului au \u00eentocmit dosar penal sub aspectul s\u0103v\u00e2r\u0219irii infrac\u021biunii de \u201ev\u0103t\u0103mare corporal\u0103 din culp\u0103\u201d.<\/p>\n<figure class=\"wp-block-embed is-type-video is-provider-youtube wp-block-embed-youtube wp-embed-aspect-16-9 wp-has-aspect-ratio\">\n<div class=\"wp-block-embed__wrapper\">\n<div class=\"youtube-embed\" data-video_id=\"9_OWzkg4Pxg\"><iframe loading=\"lazy\" title=\"Cum Transformi o r\u00e2p\u0103 \u00een Raiul b\u0103rba\u021bilor - CE AR FI S\u0102 ... bei bere afumat\u0103 ..cu gust de afine?\" width=\"696\" height=\"392\" src=\"https:\/\/www.youtube.com\/embed\/9_OWzkg4Pxg?start=2&amp;feature=oembed\" frameborder allow=\"accelerometer; autoplay; clipboard-write; encrypted-media; gyroscope; picture-in-picture; web-share\" referrerpolicy=\"strict-origin-when-cross-origin\" allowfullscreen><\/iframe><\/div>\n<\/div>\n<\/figure>\n<div class=\"td-a-rec td-a-rec-id-content_bottom  tdi_4 td_block_template_1\"><strong>Intr\u0103 acum \u0219i \u00een grupul de <\/p>\n<div class=\"wp-block-button\"><a class=\"wp-block-button__link wp-element-button\" href=\"https:\/\/t.me\/+TH8wcfnp8fw5NWI0\">Telegram News Bucovina<\/a><\/div>\n<p><\/strong><\/div>\n<\/div>\n<div class=\"td-post-content tagdiv-type\">\n<div class=\"td-a-rec td-a-rec-id-content_top  tdi_3 td_block_template_1\"><strong>Intr\u0103 acum \u0219i \u00een grupul de <\/p>\n<div class=\"wp-block-button\"><a class=\"wp-block-button__link wp-element-button\" href=\"https:\/\/t.me\/+TH8wcfnp8fw5NWI0\">Telegram News Bucovina<\/a><\/div>\n<p><\/strong><\/div>\n<p>Un b\u0103rbat de 82 de ani din comuna Brodina a provocat, luni diminea\u021b\u0103, un accident rutier la intersec\u021bia str\u0103zilor Teiului \u0219i Putnei din municipiul R\u0103d\u0103u\u021bi, dup\u0103 ce nu a respectat semnifica\u021bia indicatorului \u201eStop\u201d. \u00cen urma impactului, o femeie de 45 de ani, pasager\u0103 \u00een cel\u0103lalt autoturism, a fost r\u0103nit\u0103 u\u0219or \u0219i transportat\u0103 la spital.<\/p>\n<div class=\"wp-block-image\">\n<figure class=\"aligncenter size-full\"><a href=\"https:\/\/cdn.newsbucovina.ro\/wp-content\/uploads\/2026\/04\/stop-intersectie.png\"><img loading=\"lazy\" decoding=\"async\" width=\"940\" height=\"566\" src=\"https:\/\/cdn.newsbucovina.ro\/wp-content\/uploads\/2026\/04\/stop-intersectie.png\" alt class=\"wp-image-436672\"><\/a><figcaption class=\"wp-element-caption\">Foto ilustrativ\u0103 <\/figcaption><\/figure>\n<\/div>\n<p>Potrivit primelor date ale anchetei, accidentul s-a produs la data de 20 aprilie 2026, \u00een jurul orei 09:50 c\u00e2nd un b\u0103rbat de 82 de ani, din comuna Brodina, conducea autoturismul pe strada Teiului, \u00eendrept\u00e2ndu-se spre strada Putnei. Ajuns \u00een intersec\u021bie, nu a oprit la indicatorul \u201eStop\u201d \u0219i a efectuat virajul la st\u00e2nga, fiind acro\u0219at de un autoturism Ford condus de un b\u0103rbat de 48 de ani, din comuna Vicovu de Jos.<\/p>\n<p>Autoturismul Ford circula pe strada Putnei, dinspre centrul municipiului R\u0103d\u0103u\u021bi. \u00cen momentul impactului, \u00een Ford se afla ca pasager\u0103 pe locul din dreapta spate o femeie de 45 de ani, din comuna Fr\u0103t\u0103u\u021bii Vechi.<\/p>\n<p>Ca urmare a coliziunii, autoturismul Ford a rico\u0219at \u0219i a lovit un st\u00e2lp de electricitate. \u00cen urma accidentului, pasagera din Ford a suferit v\u0103t\u0103m\u0103ri corporale u\u0219oare. Ea a fost transportat\u0103 la Spitalul Municipal R\u0103d\u0103u\u021bi, unde cadrele medicale i-au stabilit diagnosticul \u201etraumatism cranio-cerebral \u2013 r\u0103nit\u0103 u\u0219or\u201d.<\/p>\n<p>Ambii conduc\u0103tori auto au fost testa\u021bi cu aparatul etilotest, rezultatele fiind negative \u2013 0,00 mg\/l alcool pur \u00een aerul expirat.<\/p>\n<p>Poli\u021bi\u0219tii care s-au deplasat la fa\u021ba locului au \u00eentocmit dosar penal sub aspectul s\u0103v\u00e2r\u0219irii infrac\u021biunii de \u201ev\u0103t\u0103mare corporal\u0103 din culp\u0103\u201d.<\/p>\n<figure class=\"wp-block-embed is-type-video is-provider-youtube wp-block-embed-youtube wp-embed-aspect-16-9 wp-has-aspect-ratio\">\n<div class=\"wp-block-embed__wrapper\">\n<div class=\"youtube-embed\" data-video_id=\"9_OWzkg4Pxg\"><iframe loading=\"lazy\" title=\"Cum Transformi o r\u00e2p\u0103 \u00een Raiul b\u0103rba\u021bilor - CE AR FI S\u0102 ... bei bere afumat\u0103 ..cu gust de afine?\" width=\"696\" height=\"392\" src=\"https:\/\/www.youtube.com\/embed\/9_OWzkg4Pxg?start=2&amp;feature=oembed\" frameborder allow=\"accelerometer; autoplay; clipboard-write; encrypted-media; gyroscope; picture-in-picture; web-share\" referrerpolicy=\"strict-origin-when-cross-origin\" allowfullscreen><\/iframe><\/div>\n<\/div>\n<\/figure>\n<div class=\"td-a-rec td-a-rec-id-content_bottom  tdi_4 td_block_template_1\"><strong>Intr\u0103 acum \u0219i \u00een grupul de <\/p>\n<div class=\"wp-block-button\"><a class=\"wp-block-button__link wp-element-button\" href=\"https:\/\/t.me\/+TH8wcfnp8fw5NWI0\">Telegram News Bucovina<\/a><\/div>\n<p><\/strong><\/div>\n<\/div>\n<p>[analyse_source url=&#8221;https:\/\/www.newsbucovina.ro\/radauti\/436671\/accident-rutier-la-radauti-un-sofer-in-varsta-de-82-de-ani-a-ignorat-indicatorul-stop-si-a-provocat-o-coliziune-cu-un-alt-autoturism-ce-a-ricosat-intr-un-stalp&#8221;]<\/p>\n","protected":false},"excerpt":{"rendered":"<p>[analyse_image type=&#8221;featured&#8221; src=&#8221;https:\/\/www.newsbucovina.ro\/wp-content\/uploads\/2026\/04\/stop-intersectie.pnghttps:\/\/cdn.newsbucovina.ro\/wp-content\/uploads\/2026\/04\/stop-intersectie.png&#8221;] Intr\u0103 acum \u0219i \u00een grupul de Telegram News Bucovina Un b\u0103rbat de 82 de ani din comuna Brodina a provocat, luni diminea\u021b\u0103, un accident rutier la intersec\u021bia str\u0103zilor Teiului \u0219i Putnei din municipiul R\u0103d\u0103u\u021bi, dup\u0103 ce nu a respectat semnifica\u021bia indicatorului \u201eStop\u201d. \u00cen urma impactului, o femeie de 45 de ani, pasager\u0103 [&hellip;]<\/p>\n","protected":false},"author":1,"featured_media":0,"comment_status":"open","ping_status":"","sticky":false,"template":"","format":"standard","meta":{"footnotes":""},"categories":[89],"tags":[226,165],"class_list":["post-1896187","post","type-post","status-publish","format-standard","hentry","category-romania","tag-crawlmanager","tag-newsbucovina-ro"],"_links":{"self":[{"href":"https:\/\/analyse.optim.biz\/index.php?rest_route=\/wp\/v2\/posts\/1896187","targetHints":{"allow":["GET"]}}],"collection":[{"href":"https:\/\/analyse.optim.biz\/index.php?rest_route=\/wp\/v2\/posts"}],"about":[{"href":"https:\/\/analyse.optim.biz\/index.php?rest_route=\/wp\/v2\/types\/post"}],"author":[{"embeddable":true,"href":"https:\/\/analyse.optim.biz\/index.php?rest_route=\/wp\/v2\/users\/1"}],"replies":[{"embeddable":true,"href":"https:\/\/analyse.optim.biz\/index.php?rest_route=%2Fwp%2Fv2%2Fcomments&post=1896187"}],"version-history":[{"count":0,"href":"https:\/\/analyse.optim.biz\/index.php?rest_route=\/wp\/v2\/posts\/1896187\/revisions"}],"wp:attachment":[{"href":"https:\/\/analyse.optim.biz\/index.php?rest_route=%2Fwp%2Fv2%2Fmedia&parent=1896187"}],"wp:term":[{"taxonomy":"category","embeddable":true,"href":"https:\/\/analyse.optim.biz\/index.php?rest_route=%2Fwp%2Fv2%2Fcategories&post=1896187"},{"taxonomy":"post_tag","embeddable":true,"href":"https:\/\/analyse.optim.biz\/index.php?rest_route=%2Fwp%2Fv2%2Ftags&post=1896187"}],"curies":[{"name":"wp","href":"https:\/\/api.w.org\/{rel}","templated":true}]}}