{"id":1896184,"date":"2026-04-21T11:02:37","date_gmt":"2026-04-21T08:02:37","guid":{"rendered":"https:\/\/analyse.optim.biz\/?p=1896184"},"modified":"2026-04-21T11:02:37","modified_gmt":"2026-04-21T08:02:37","slug":"soferul-ranit-dupa-ce-a-intrat-cu-masina-intr-un-parapet-la-falticeni-era-beat-la-volan","status":"publish","type":"post","link":"https:\/\/analyse.optim.biz\/?p=1896184","title":{"rendered":"\u0218oferul r\u0103nit dup\u0103 ce a intrat cu ma\u0219ina \u00eentr-un parapet la F\u0103lticeni era beat la volan"},"content":{"rendered":"<p>[analyse_image type=&#8221;featured&#8221; src=&#8221;https:\/\/www.newsbucovina.ro\/wp-content\/uploads\/2026\/04\/WhatsApp-Image-2026-04-20-at-21.29.52-e1776769239992.jpeghttps:\/\/cdn.newsbucovina.ro\/wp-content\/uploads\/2026\/04\/WhatsApp-Image-2026-04-20-at-21.29.52-e1776769239992.jpeg&#8221;]<\/p>\n<div class=\"td-post-content tagdiv-type\">\n<div class=\"td-a-rec td-a-rec-id-content_top  tdi_3 td_block_template_1\"><strong>Intr\u0103 acum \u0219i \u00een grupul de <\/p>\n<div class=\"wp-block-button\"><a class=\"wp-block-button__link wp-element-button\" href=\"https:\/\/t.me\/+TH8wcfnp8fw5NWI0\">Telegram News Bucovina<\/a><\/div>\n<p><\/strong><\/div>\n<p>Un b\u0103rbat de 54 de ani a fost r\u0103nit, luni sear\u0103, 20 aprilie 2026, dup\u0103 ce a pierdut controlul volanului pe o strad\u0103 din municipiul F\u0103lticeni \u0219i a intrat cu autoturismul \u00eentr-un parapet metalic. \u0218oferul emana halen\u0103 alcoolic\u0103 \u0219i a fost transportat la spital cu diagnostice multiple.<\/p>\n<div class=\"wp-block-image\">\n<figure class=\"aligncenter size-large\"><a href=\"https:\/\/cdn.newsbucovina.ro\/wp-content\/uploads\/2026\/04\/WhatsApp-Image-2026-04-20-at-21.29.52-e1776769239992.jpeg\"><img loading=\"lazy\" decoding=\"async\" width=\"768\" height=\"1024\" src=\"https:\/\/cdn.newsbucovina.ro\/wp-content\/uploads\/2026\/04\/WhatsApp-Image-2026-04-20-at-21.29.52-768x1024.jpeg\" alt class=\"wp-image-436626\"><\/a><\/figure>\n<\/div>\n<p>Potrivit primelor date ale anchetei, accidentul s-a produs \u00een jurul orei 21:05, pe strada Plt. Ghini\u021b\u0103 din F\u0103lticeni. B\u0103rbatul, care conducea un autoturism Volkswagen circula din direc\u021bia F\u0103lticeni spre Baia. Ajuns \u00eentr-o curb\u0103 la st\u00e2nga, pe carosabil umed din cauza ploii, nu a adaptat viteza la condi\u021biile de drum \u0219i a pierdut controlul direc\u021biei.<\/p>\n<p>Autoturismul a intrat \u00een coliziune frontal\u0103 cu parapetul metalic de pe partea dreapt\u0103 a sensului de mers. \u00cen urma impactului, conduc\u0103torul auto a suferit v\u0103t\u0103m\u0103ri corporale \u0219i a fost transportat de ambulan\u021b\u0103 la Unitatea de Primiri Urgen\u021be a Spitalului Jude\u021bean de Urgen\u021b\u0103 \u201eSf. Ioan cel Nou\u201d Suceava.<\/p>\n<p>La fa\u021ba locului s-a deplasat o echip\u0103 operativ\u0103 din cadrul Poli\u021biei Municipiului F\u0103lticeni, care a efectuat cercetarea la fa\u021ba locului. Testul cu etilometrul a indicat prezen\u021ba alcoolului \u00een aerul expirat, motiv pentru care b\u0103rbatului i-au fost recoltate probe biologice de s\u00e2nge la spital.<\/p>\n<p>Examinarea medical\u0103 a stabilit diagnosticul: contuzii prin accident rutier, traumatism cranio-cerebral mediu, traumatism toraco-abdominal \u0219i etilism acut.<\/p>\n<p>Din primele verific\u0103ri efectuate de poli\u021bi\u0219ti, cauza principal\u0103 a accidentului a fost neadaptarea vitezei la condi\u021biile de drum (carosabil umed, ploaie) \u0219i consumul de alcool.<\/p>\n<p>\u00cen cauz\u0103 a fost deschis dosar penal pentru s\u0103v\u00e2r\u0219irea a dou\u0103 infrac\u021biuni: v\u0103t\u0103mare corporal\u0103 din culp\u0103 \u0219i conducerea unui vehicul sub influen\u021ba alcoolului.<\/p>\n<figure class=\"wp-block-embed is-type-video is-provider-youtube wp-block-embed-youtube wp-embed-aspect-16-9 wp-has-aspect-ratio\">\n<div class=\"wp-block-embed__wrapper\">\n<div class=\"youtube-embed\" data-video_id=\"9_OWzkg4Pxg\"><iframe loading=\"lazy\" title=\"Cum Transformi o r\u00e2p\u0103 \u00een Raiul b\u0103rba\u021bilor - CE AR FI S\u0102 ... bei bere afumat\u0103 ..cu gust de afine?\" width=\"696\" height=\"392\" src=\"https:\/\/www.youtube.com\/embed\/9_OWzkg4Pxg?start=2&amp;feature=oembed\" frameborder allow=\"accelerometer; autoplay; clipboard-write; encrypted-media; gyroscope; picture-in-picture; web-share\" referrerpolicy=\"strict-origin-when-cross-origin\" allowfullscreen><\/iframe><\/div>\n<\/div>\n<\/figure>\n<div class=\"td-a-rec td-a-rec-id-content_bottom  tdi_4 td_block_template_1\"><strong>Intr\u0103 acum \u0219i \u00een grupul de <\/p>\n<div class=\"wp-block-button\"><a class=\"wp-block-button__link wp-element-button\" href=\"https:\/\/t.me\/+TH8wcfnp8fw5NWI0\">Telegram News Bucovina<\/a><\/div>\n<p><\/strong><\/div>\n<\/div>\n<div class=\"td-post-content tagdiv-type\">\n<div class=\"td-a-rec td-a-rec-id-content_top  tdi_3 td_block_template_1\"><strong>Intr\u0103 acum \u0219i \u00een grupul de <\/p>\n<div class=\"wp-block-button\"><a class=\"wp-block-button__link wp-element-button\" href=\"https:\/\/t.me\/+TH8wcfnp8fw5NWI0\">Telegram News Bucovina<\/a><\/div>\n<p><\/strong><\/div>\n<p>Un b\u0103rbat de 54 de ani a fost r\u0103nit, luni sear\u0103, 20 aprilie 2026, dup\u0103 ce a pierdut controlul volanului pe o strad\u0103 din municipiul F\u0103lticeni \u0219i a intrat cu autoturismul \u00eentr-un parapet metalic. \u0218oferul emana halen\u0103 alcoolic\u0103 \u0219i a fost transportat la spital cu diagnostice multiple.<\/p>\n<div class=\"wp-block-image\">\n<figure class=\"aligncenter size-large\"><a href=\"https:\/\/cdn.newsbucovina.ro\/wp-content\/uploads\/2026\/04\/WhatsApp-Image-2026-04-20-at-21.29.52-e1776769239992.jpeg\"><img loading=\"lazy\" decoding=\"async\" width=\"768\" height=\"1024\" src=\"https:\/\/cdn.newsbucovina.ro\/wp-content\/uploads\/2026\/04\/WhatsApp-Image-2026-04-20-at-21.29.52-768x1024.jpeg\" alt class=\"wp-image-436626\"><\/a><\/figure>\n<\/div>\n<p>Potrivit primelor date ale anchetei, accidentul s-a produs \u00een jurul orei 21:05, pe strada Plt. Ghini\u021b\u0103 din F\u0103lticeni. B\u0103rbatul, care conducea un autoturism Volkswagen circula din direc\u021bia F\u0103lticeni spre Baia. Ajuns \u00eentr-o curb\u0103 la st\u00e2nga, pe carosabil umed din cauza ploii, nu a adaptat viteza la condi\u021biile de drum \u0219i a pierdut controlul direc\u021biei.<\/p>\n<p>Autoturismul a intrat \u00een coliziune frontal\u0103 cu parapetul metalic de pe partea dreapt\u0103 a sensului de mers. \u00cen urma impactului, conduc\u0103torul auto a suferit v\u0103t\u0103m\u0103ri corporale \u0219i a fost transportat de ambulan\u021b\u0103 la Unitatea de Primiri Urgen\u021be a Spitalului Jude\u021bean de Urgen\u021b\u0103 \u201eSf. Ioan cel Nou\u201d Suceava.<\/p>\n<p>La fa\u021ba locului s-a deplasat o echip\u0103 operativ\u0103 din cadrul Poli\u021biei Municipiului F\u0103lticeni, care a efectuat cercetarea la fa\u021ba locului. Testul cu etilometrul a indicat prezen\u021ba alcoolului \u00een aerul expirat, motiv pentru care b\u0103rbatului i-au fost recoltate probe biologice de s\u00e2nge la spital.<\/p>\n<p>Examinarea medical\u0103 a stabilit diagnosticul: contuzii prin accident rutier, traumatism cranio-cerebral mediu, traumatism toraco-abdominal \u0219i etilism acut.<\/p>\n<p>Din primele verific\u0103ri efectuate de poli\u021bi\u0219ti, cauza principal\u0103 a accidentului a fost neadaptarea vitezei la condi\u021biile de drum (carosabil umed, ploaie) \u0219i consumul de alcool.<\/p>\n<p>\u00cen cauz\u0103 a fost deschis dosar penal pentru s\u0103v\u00e2r\u0219irea a dou\u0103 infrac\u021biuni: v\u0103t\u0103mare corporal\u0103 din culp\u0103 \u0219i conducerea unui vehicul sub influen\u021ba alcoolului.<\/p>\n<figure class=\"wp-block-embed is-type-video is-provider-youtube wp-block-embed-youtube wp-embed-aspect-16-9 wp-has-aspect-ratio\">\n<div class=\"wp-block-embed__wrapper\">\n<div class=\"youtube-embed\" data-video_id=\"9_OWzkg4Pxg\"><iframe loading=\"lazy\" title=\"Cum Transformi o r\u00e2p\u0103 \u00een Raiul b\u0103rba\u021bilor - CE AR FI S\u0102 ... bei bere afumat\u0103 ..cu gust de afine?\" width=\"696\" height=\"392\" src=\"https:\/\/www.youtube.com\/embed\/9_OWzkg4Pxg?start=2&amp;feature=oembed\" frameborder allow=\"accelerometer; autoplay; clipboard-write; encrypted-media; gyroscope; picture-in-picture; web-share\" referrerpolicy=\"strict-origin-when-cross-origin\" allowfullscreen><\/iframe><\/div>\n<\/div>\n<\/figure>\n<div class=\"td-a-rec td-a-rec-id-content_bottom  tdi_4 td_block_template_1\"><strong>Intr\u0103 acum \u0219i \u00een grupul de <\/p>\n<div class=\"wp-block-button\"><a class=\"wp-block-button__link wp-element-button\" href=\"https:\/\/t.me\/+TH8wcfnp8fw5NWI0\">Telegram News Bucovina<\/a><\/div>\n<p><\/strong><\/div>\n<\/div>\n<p>[analyse_source url=&#8221;https:\/\/www.newsbucovina.ro\/falticeni\/436669\/soferul-ranit-dupa-ce-a-intrat-cu-masina-intr-un-parapet-la-falticeni-era-beat-la-volan&#8221;]<\/p>\n","protected":false},"excerpt":{"rendered":"<p>[analyse_image type=&#8221;featured&#8221; src=&#8221;https:\/\/www.newsbucovina.ro\/wp-content\/uploads\/2026\/04\/WhatsApp-Image-2026-04-20-at-21.29.52-e1776769239992.jpeghttps:\/\/cdn.newsbucovina.ro\/wp-content\/uploads\/2026\/04\/WhatsApp-Image-2026-04-20-at-21.29.52-e1776769239992.jpeg&#8221;] Intr\u0103 acum \u0219i \u00een grupul de Telegram News Bucovina Un b\u0103rbat de 54 de ani a fost r\u0103nit, luni sear\u0103, 20 aprilie 2026, dup\u0103 ce a pierdut controlul volanului pe o strad\u0103 din municipiul F\u0103lticeni \u0219i a intrat cu autoturismul \u00eentr-un parapet metalic. \u0218oferul emana halen\u0103 alcoolic\u0103 \u0219i a fost transportat la [&hellip;]<\/p>\n","protected":false},"author":1,"featured_media":0,"comment_status":"open","ping_status":"","sticky":false,"template":"","format":"standard","meta":{"footnotes":""},"categories":[89],"tags":[226,165],"class_list":["post-1896184","post","type-post","status-publish","format-standard","hentry","category-romania","tag-crawlmanager","tag-newsbucovina-ro"],"_links":{"self":[{"href":"https:\/\/analyse.optim.biz\/index.php?rest_route=\/wp\/v2\/posts\/1896184","targetHints":{"allow":["GET"]}}],"collection":[{"href":"https:\/\/analyse.optim.biz\/index.php?rest_route=\/wp\/v2\/posts"}],"about":[{"href":"https:\/\/analyse.optim.biz\/index.php?rest_route=\/wp\/v2\/types\/post"}],"author":[{"embeddable":true,"href":"https:\/\/analyse.optim.biz\/index.php?rest_route=\/wp\/v2\/users\/1"}],"replies":[{"embeddable":true,"href":"https:\/\/analyse.optim.biz\/index.php?rest_route=%2Fwp%2Fv2%2Fcomments&post=1896184"}],"version-history":[{"count":0,"href":"https:\/\/analyse.optim.biz\/index.php?rest_route=\/wp\/v2\/posts\/1896184\/revisions"}],"wp:attachment":[{"href":"https:\/\/analyse.optim.biz\/index.php?rest_route=%2Fwp%2Fv2%2Fmedia&parent=1896184"}],"wp:term":[{"taxonomy":"category","embeddable":true,"href":"https:\/\/analyse.optim.biz\/index.php?rest_route=%2Fwp%2Fv2%2Fcategories&post=1896184"},{"taxonomy":"post_tag","embeddable":true,"href":"https:\/\/analyse.optim.biz\/index.php?rest_route=%2Fwp%2Fv2%2Ftags&post=1896184"}],"curies":[{"name":"wp","href":"https:\/\/api.w.org\/{rel}","templated":true}]}}