{"id":1896182,"date":"2026-04-21T10:52:21","date_gmt":"2026-04-21T07:52:21","guid":{"rendered":"https:\/\/analyse.optim.biz\/?p=1896182"},"modified":"2026-04-21T10:52:21","modified_gmt":"2026-04-21T07:52:21","slug":"detaliile-accidentului-cu-trei-victime-de-la-praxia-un-sofer-a-pierdut-controlul-masinii-intr-o-curba-din-cauza-vitezei-si-a-lovit-frontal-un-alt-autoturism","status":"publish","type":"post","link":"https:\/\/analyse.optim.biz\/?p=1896182","title":{"rendered":"Detaliile accidentului cu trei victime de la Praxia: Un \u0219ofer a pierdut controlul ma\u0219inii \u00eentr-o curb\u0103 din cauza vitezei \u0219i a lovit frontal un alt autoturism"},"content":{"rendered":"<p>[analyse_image type=&#8221;featured&#8221; src=&#8221;https:\/\/www.newsbucovina.ro\/wp-content\/uploads\/2026\/04\/WhatsApp-Image-2026-04-20-at-18.11.30-3-1.jpeghttps:\/\/cdn.newsbucovina.ro\/wp-content\/uploads\/2026\/04\/WhatsApp-Image-2026-04-20-at-18.11.30-3-1.jpeg&#8221;]<\/p>\n<div class=\"td-post-content tagdiv-type\">\n<div class=\"td-a-rec td-a-rec-id-content_top  tdi_3 td_block_template_1\"><strong>Intr\u0103 acum \u0219i \u00een grupul de <\/p>\n<div class=\"wp-block-button\"><a class=\"wp-block-button__link wp-element-button\" href=\"https:\/\/t.me\/+TH8wcfnp8fw5NWI0\">Telegram News Bucovina<\/a><\/div>\n<p><\/strong><\/div>\n<p>La data de 20 aprilie 2026, \u00een jurul orei 17:30, pe DN 15C, \u00een zona localit\u0103\u021bii Praxia (comuna F\u00e2nt\u00e2na Mare), s-a produs un accident rutier soldat cu trei victime.<\/p>\n<figure class=\"wp-block-image size-large\"><a href=\"https:\/\/cdn.newsbucovina.ro\/wp-content\/uploads\/2026\/04\/WhatsApp-Image-2026-04-20-at-18.11.30-3-1.jpeg\"><img loading=\"lazy\" decoding=\"async\" width=\"1024\" height=\"576\" src=\"https:\/\/cdn.newsbucovina.ro\/wp-content\/uploads\/2026\/04\/WhatsApp-Image-2026-04-20-at-18.11.30-3-1-1024x576.jpeg\" alt class=\"wp-image-436598\"><\/a><\/figure>\n<p>Potrivit datelor din ancheta poli\u021bi\u0219tilor, \u0219oferul unui autoturism Hyundai cu num\u0103r de \u00eenmatriculare din Suceava, care circula din direc\u021bia F\u00e2nt\u00e2na Mare spre Boroaia, a pierdut controlul direc\u021biei \u00eentr-o curb\u0103 la st\u00e2nga.<\/p>\n<p>Din cauza neadapt\u0103rii vitezei la condi\u021biile de drum (carosabil umed), autovehiculul a p\u0103truns pe contrasens \u0219i a intrat \u00een coliziune frontal\u0103 cu un autoturism BMW care circula regulamentar din sens opus.<\/p>\n<p>\u00cen urma impactului au fost r\u0103nite u\u0219or cele trei persoane aflate \u00een cele dou\u0103 autoturisme: conduc\u0103torul auto \u0219i pasagerul din Hyundai, precum \u0219i \u0219oferi\u021ba din BMW.<\/p>\n<p>Toate victimele au fost transportate cu ambulan\u021ba la Spitalul Municipal F\u0103lticeni pentru acordarea de \u00eengrijiri medicale.<\/p>\n<p>Testele cu etilometrul efectuate la fa\u021ba locului au indicat rezultate negative \u00een ambele cazuri.<\/p>\n<p>Din primele cercet\u0103ri efectuate de poli\u021bie, cauza principal\u0103 a accidentului a fost neadaptarea vitezei la condi\u021biile de drum \u0219i p\u0103trunderea pe contrasens de c\u0103tre conduc\u0103torul autoturismului Hyundai.<\/p>\n<p>Victimele au fost diagnosticate cu urm\u0103toarele afec\u021biuni:<\/p>\n<ul class=\"wp-block-list\">\n<li>conduc\u0103tor auto din Hyundai: traumatism cranio-cerebral u\u0219or \u0219i hematom frontal, traumatism la genunchiul drept;<\/li>\n<li>pasagerul din Hyundai: contuzii u\u0219oare \u0219i traumatism cranio-cerebral u\u0219or;<\/li>\n<li>conduc\u0103toarea auto din BMW: contuzie a coloanei cervicale \u0219i contuzie toraco-abdominal\u0103.<\/li>\n<\/ul>\n<figure class=\"wp-block-embed is-type-video is-provider-youtube wp-block-embed-youtube wp-embed-aspect-16-9 wp-has-aspect-ratio\">\n<div class=\"wp-block-embed__wrapper\">\n<div class=\"youtube-embed\" data-video_id=\"9_OWzkg4Pxg\"><iframe loading=\"lazy\" title=\"Cum Transformi o r\u00e2p\u0103 \u00een Raiul b\u0103rba\u021bilor - CE AR FI S\u0102 ... bei bere afumat\u0103 ..cu gust de afine?\" width=\"696\" height=\"392\" src=\"https:\/\/www.youtube.com\/embed\/9_OWzkg4Pxg?start=2&amp;feature=oembed\" frameborder allow=\"accelerometer; autoplay; clipboard-write; encrypted-media; gyroscope; picture-in-picture; web-share\" referrerpolicy=\"strict-origin-when-cross-origin\" allowfullscreen><\/iframe><\/div>\n<\/div>\n<\/figure>\n<div class=\"td-a-rec td-a-rec-id-content_bottom  tdi_4 td_block_template_1\"><strong>Intr\u0103 acum \u0219i \u00een grupul de <\/p>\n<div class=\"wp-block-button\"><a class=\"wp-block-button__link wp-element-button\" href=\"https:\/\/t.me\/+TH8wcfnp8fw5NWI0\">Telegram News Bucovina<\/a><\/div>\n<p><\/strong><\/div>\n<\/div>\n<div class=\"td-post-content tagdiv-type\">\n<div class=\"td-a-rec td-a-rec-id-content_top  tdi_3 td_block_template_1\"><strong>Intr\u0103 acum \u0219i \u00een grupul de <\/p>\n<div class=\"wp-block-button\"><a class=\"wp-block-button__link wp-element-button\" href=\"https:\/\/t.me\/+TH8wcfnp8fw5NWI0\">Telegram News Bucovina<\/a><\/div>\n<p><\/strong><\/div>\n<p>La data de 20 aprilie 2026, \u00een jurul orei 17:30, pe DN 15C, \u00een zona localit\u0103\u021bii Praxia (comuna F\u00e2nt\u00e2na Mare), s-a produs un accident rutier soldat cu trei victime.<\/p>\n<figure class=\"wp-block-image size-large\"><a href=\"https:\/\/cdn.newsbucovina.ro\/wp-content\/uploads\/2026\/04\/WhatsApp-Image-2026-04-20-at-18.11.30-3-1.jpeg\"><img loading=\"lazy\" decoding=\"async\" width=\"1024\" height=\"576\" src=\"https:\/\/cdn.newsbucovina.ro\/wp-content\/uploads\/2026\/04\/WhatsApp-Image-2026-04-20-at-18.11.30-3-1-1024x576.jpeg\" alt class=\"wp-image-436598\"><\/a><\/figure>\n<p>Potrivit datelor din ancheta poli\u021bi\u0219tilor, \u0219oferul unui autoturism Hyundai cu num\u0103r de \u00eenmatriculare din Suceava, care circula din direc\u021bia F\u00e2nt\u00e2na Mare spre Boroaia, a pierdut controlul direc\u021biei \u00eentr-o curb\u0103 la st\u00e2nga.<\/p>\n<p>Din cauza neadapt\u0103rii vitezei la condi\u021biile de drum (carosabil umed), autovehiculul a p\u0103truns pe contrasens \u0219i a intrat \u00een coliziune frontal\u0103 cu un autoturism BMW care circula regulamentar din sens opus.<\/p>\n<p>\u00cen urma impactului au fost r\u0103nite u\u0219or cele trei persoane aflate \u00een cele dou\u0103 autoturisme: conduc\u0103torul auto \u0219i pasagerul din Hyundai, precum \u0219i \u0219oferi\u021ba din BMW.<\/p>\n<p>Toate victimele au fost transportate cu ambulan\u021ba la Spitalul Municipal F\u0103lticeni pentru acordarea de \u00eengrijiri medicale.<\/p>\n<p>Testele cu etilometrul efectuate la fa\u021ba locului au indicat rezultate negative \u00een ambele cazuri.<\/p>\n<p>Din primele cercet\u0103ri efectuate de poli\u021bie, cauza principal\u0103 a accidentului a fost neadaptarea vitezei la condi\u021biile de drum \u0219i p\u0103trunderea pe contrasens de c\u0103tre conduc\u0103torul autoturismului Hyundai.<\/p>\n<p>Victimele au fost diagnosticate cu urm\u0103toarele afec\u021biuni:<\/p>\n<ul class=\"wp-block-list\">\n<li>conduc\u0103tor auto din Hyundai: traumatism cranio-cerebral u\u0219or \u0219i hematom frontal, traumatism la genunchiul drept;<\/li>\n<li>pasagerul din Hyundai: contuzii u\u0219oare \u0219i traumatism cranio-cerebral u\u0219or;<\/li>\n<li>conduc\u0103toarea auto din BMW: contuzie a coloanei cervicale \u0219i contuzie toraco-abdominal\u0103.<\/li>\n<\/ul>\n<figure class=\"wp-block-embed is-type-video is-provider-youtube wp-block-embed-youtube wp-embed-aspect-16-9 wp-has-aspect-ratio\">\n<div class=\"wp-block-embed__wrapper\">\n<div class=\"youtube-embed\" data-video_id=\"9_OWzkg4Pxg\"><iframe loading=\"lazy\" title=\"Cum Transformi o r\u00e2p\u0103 \u00een Raiul b\u0103rba\u021bilor - CE AR FI S\u0102 ... bei bere afumat\u0103 ..cu gust de afine?\" width=\"696\" height=\"392\" src=\"https:\/\/www.youtube.com\/embed\/9_OWzkg4Pxg?start=2&amp;feature=oembed\" frameborder allow=\"accelerometer; autoplay; clipboard-write; encrypted-media; gyroscope; picture-in-picture; web-share\" referrerpolicy=\"strict-origin-when-cross-origin\" allowfullscreen><\/iframe><\/div>\n<\/div>\n<\/figure>\n<div class=\"td-a-rec td-a-rec-id-content_bottom  tdi_4 td_block_template_1\"><strong>Intr\u0103 acum \u0219i \u00een grupul de <\/p>\n<div class=\"wp-block-button\"><a class=\"wp-block-button__link wp-element-button\" href=\"https:\/\/t.me\/+TH8wcfnp8fw5NWI0\">Telegram News Bucovina<\/a><\/div>\n<p><\/strong><\/div>\n<\/div>\n<p>[analyse_source url=&#8221;https:\/\/www.newsbucovina.ro\/falticeni\/436663\/detaliile-accidentului-cu-trei-victime-de-la-praxia-un-sofer-a-pierdut-controlul-masinii-intr-o-curba-din-cauza-vitezei-si-a-lovit-frontal-un-alt-autoturism&#8221;]<\/p>\n","protected":false},"excerpt":{"rendered":"<p>[analyse_image type=&#8221;featured&#8221; src=&#8221;https:\/\/www.newsbucovina.ro\/wp-content\/uploads\/2026\/04\/WhatsApp-Image-2026-04-20-at-18.11.30-3-1.jpeghttps:\/\/cdn.newsbucovina.ro\/wp-content\/uploads\/2026\/04\/WhatsApp-Image-2026-04-20-at-18.11.30-3-1.jpeg&#8221;] Intr\u0103 acum \u0219i \u00een grupul de Telegram News Bucovina La data de 20 aprilie 2026, \u00een jurul orei 17:30, pe DN 15C, \u00een zona localit\u0103\u021bii Praxia (comuna F\u00e2nt\u00e2na Mare), s-a produs un accident rutier soldat cu trei victime. Potrivit datelor din ancheta poli\u021bi\u0219tilor, \u0219oferul unui autoturism Hyundai cu num\u0103r de \u00eenmatriculare din [&hellip;]<\/p>\n","protected":false},"author":1,"featured_media":0,"comment_status":"open","ping_status":"","sticky":false,"template":"","format":"standard","meta":{"footnotes":""},"categories":[89],"tags":[226,165],"class_list":["post-1896182","post","type-post","status-publish","format-standard","hentry","category-romania","tag-crawlmanager","tag-newsbucovina-ro"],"_links":{"self":[{"href":"https:\/\/analyse.optim.biz\/index.php?rest_route=\/wp\/v2\/posts\/1896182","targetHints":{"allow":["GET"]}}],"collection":[{"href":"https:\/\/analyse.optim.biz\/index.php?rest_route=\/wp\/v2\/posts"}],"about":[{"href":"https:\/\/analyse.optim.biz\/index.php?rest_route=\/wp\/v2\/types\/post"}],"author":[{"embeddable":true,"href":"https:\/\/analyse.optim.biz\/index.php?rest_route=\/wp\/v2\/users\/1"}],"replies":[{"embeddable":true,"href":"https:\/\/analyse.optim.biz\/index.php?rest_route=%2Fwp%2Fv2%2Fcomments&post=1896182"}],"version-history":[{"count":0,"href":"https:\/\/analyse.optim.biz\/index.php?rest_route=\/wp\/v2\/posts\/1896182\/revisions"}],"wp:attachment":[{"href":"https:\/\/analyse.optim.biz\/index.php?rest_route=%2Fwp%2Fv2%2Fmedia&parent=1896182"}],"wp:term":[{"taxonomy":"category","embeddable":true,"href":"https:\/\/analyse.optim.biz\/index.php?rest_route=%2Fwp%2Fv2%2Fcategories&post=1896182"},{"taxonomy":"post_tag","embeddable":true,"href":"https:\/\/analyse.optim.biz\/index.php?rest_route=%2Fwp%2Fv2%2Ftags&post=1896182"}],"curies":[{"name":"wp","href":"https:\/\/api.w.org\/{rel}","templated":true}]}}