{"id":1896177,"date":"2026-04-22T08:11:01","date_gmt":"2026-04-22T05:11:01","guid":{"rendered":"https:\/\/analyse.optim.biz\/?p=1896177"},"modified":"2026-04-22T08:11:01","modified_gmt":"2026-04-22T05:11:01","slug":"gala-internationala-de-kickboxing-la-suceava-pe-22-mai-bogdan-floristean-lupta-pentru-titlul-european-la-hotel-mandachi","status":"publish","type":"post","link":"https:\/\/analyse.optim.biz\/?p=1896177","title":{"rendered":"Gal\u0103 interna\u021bional\u0103 de kickboxing la Suceava pe 22 mai: Bogdan Floristean lupt\u0103 pentru titlul european la Hotel Mandachi"},"content":{"rendered":"<p>[analyse_image type=&#8221;featured&#8221; src=&#8221;https:\/\/www.newsbucovina.ro\/wp-content\/uploads\/2026\/04\/WhatsApp-Image-2026-04-22-at-10.32.19-1.jpeghttps:\/\/cdn.newsbucovina.ro\/wp-content\/uploads\/2026\/04\/WhatsApp-Image-2026-04-22-at-10.32.19-1.jpeg&#8221;]<\/p>\n<div class=\"td-post-content tagdiv-type\">\n<div class=\"td-a-rec td-a-rec-id-content_top  tdi_3 td_block_template_1\"><strong>Intr\u0103 acum \u0219i \u00een grupul de <\/p>\n<div class=\"wp-block-button\"><a class=\"wp-block-button__link wp-element-button\" href=\"https:\/\/t.me\/+TH8wcfnp8fw5NWI0\">Telegram News Bucovina<\/a><\/div>\n<p><\/strong><\/div>\n<p>Pe 22 mai 2026, la Salonul Regatto din cadrul Hotelului Mandachi SPA, va avea loc o gal\u0103 de kickboxing de amploare na\u021bional\u0103 \u0219i interna\u021bional\u0103, care va reuni \u00een ring at\u00e2t sportivi suceveni de top, c\u00e2t \u0219i nume consacrate din kickboxingul rom\u00e2nesc \u0219i european.<\/p>\n<div class=\"wp-block-image\">\n<figure class=\"aligncenter size-large\"><a href=\"https:\/\/cdn.newsbucovina.ro\/wp-content\/uploads\/2026\/04\/WhatsApp-Image-2026-04-22-at-10.32.19.jpeg\"><img loading=\"lazy\" decoding=\"async\" width=\"683\" height=\"1024\" src=\"https:\/\/cdn.newsbucovina.ro\/wp-content\/uploads\/2026\/04\/WhatsApp-Image-2026-04-22-at-10.32.19-683x1024.jpeg\" alt class=\"wp-image-436710\"><\/a><\/figure>\n<\/div>\n<p>Evenimentul, organizat sub egida Glorious Fighting Championship, promite o sear\u0103 plin\u0103 de confrunt\u0103ri de \u00eenalt nivel, cu meciuri na\u021bionale \u0219i interna\u021bionale. Punctul de atrac\u021bie principal al galei va fi lupta suceveanului <strong>Bogdan Floristean<\/strong>, care va urca \u00een ring pentru titlul european, \u00een confruntare direct\u0103 cu italianul <strong>Nino R\u00e2ia<\/strong>, reprezentant al puternicei promo\u021bii Enfusion.<\/p>\n<p>Al\u0103turi de Bogdan Floristean, publicul sucevean va avea ocazia s\u0103 \u00eei sus\u021bin\u0103 \u0219i pe al\u021bi sportivi locali aprecia\u021bi: <strong>Eduard Hu\u021banu<\/strong>, <strong>Gabi P\u0103durean<\/strong>, <strong>Andu Cimpoia\u0219i<\/strong>, <strong>Eric Andrei<\/strong>, <strong>Brum\u0103 Mihai<\/strong> \u0219i <strong>Denis Nu\u021bu<\/strong>. Ace\u0219tia vor reprezenta cu onoare culorile Bucovinei \u00een cadrul unor meciuri competitive.<\/p>\n<p>Gala va beneficia \u0219i de prezen\u021ba unor nume importante din kickboxingul rom\u00e2nesc, precum <strong>C\u0103t\u0103lin Makove<\/strong>, <strong>Remus T\u00e2rpian<\/strong> \u0219i <strong>Bogdan Slabu<\/strong>. Din Constan\u021ba va participa, de asemenea, <strong>Sunni Mustafa<\/strong>, unul dintre sportivii de baz\u0103 ai antrenorului Alex Filip, care a promis un spectacol tehnic \u0219i spectaculos.<\/p>\n<p>Organizatorii anun\u021b\u0103 o serie de confrunt\u0103ri echilibrate, care vor pune \u00een valoare at\u00e2t experien\u021ba \u0219i for\u021ba sportivilor, c\u00e2t \u0219i ambi\u021bia noii genera\u021bii de kickboxeri. Evenimentul reprezint\u0103 o oportunitate important\u0103 pentru dezvoltarea sporturilor de contact \u00een jude\u021bul Suceava \u0219i pentru promovarea performan\u021bei locale pe plan na\u021bional \u0219i interna\u021bional.<\/p>\n<p>Biletele pentru gal\u0103 sunt deja disponibile pe platforma bilete.ro. Publicul este invitat s\u0103 fie al\u0103turi de sportivii suceveni \u0219i s\u0103 sus\u021bin\u0103 performan\u021ba, disciplina \u0219i spiritul de competi\u021bie care definesc aceste confrunt\u0103ri.<\/p>\n<p>Organizatorii promit o sear\u0103 de sport de calitate, cu un program variat de meciuri \u0219i o atmosfer\u0103 vibrant\u0103, pe m\u0103sura a\u0219tept\u0103rilor iubitorilor de kickboxing din \u00eentreaga regiune.<\/p>\n<figure class=\"wp-block-embed is-type-video is-provider-youtube wp-block-embed-youtube wp-embed-aspect-16-9 wp-has-aspect-ratio\">\n<div class=\"wp-block-embed__wrapper\">\n<div class=\"youtube-embed\" data-video_id=\"c7iLFNmUnAg\"><iframe loading=\"lazy\" title=\"Alex avea prioritate! Alex a murit..!!! Cine urmeaz\u0103??? \" width=\"696\" height=\"392\" src=\"https:\/\/www.youtube.com\/embed\/c7iLFNmUnAg?feature=oembed&amp;enablejsapi=1\" frameborder allow=\"accelerometer; autoplay; clipboard-write; encrypted-media; gyroscope; picture-in-picture; web-share\" referrerpolicy=\"strict-origin-when-cross-origin\" allowfullscreen><\/iframe><\/div>\n<\/div>\n<\/figure>\n<div class=\"td-a-rec td-a-rec-id-content_bottom  tdi_4 td_block_template_1\"><strong>Intr\u0103 acum \u0219i \u00een grupul de <\/p>\n<div class=\"wp-block-button\"><a class=\"wp-block-button__link wp-element-button\" href=\"https:\/\/t.me\/+TH8wcfnp8fw5NWI0\">Telegram News Bucovina<\/a><\/div>\n<p><\/strong><\/div>\n<\/div>\n<div class=\"td-post-content tagdiv-type\">\n<div class=\"td-a-rec td-a-rec-id-content_top  tdi_3 td_block_template_1\"><strong>Intr\u0103 acum \u0219i \u00een grupul de <\/p>\n<div class=\"wp-block-button\"><a class=\"wp-block-button__link wp-element-button\" href=\"https:\/\/t.me\/+TH8wcfnp8fw5NWI0\">Telegram News Bucovina<\/a><\/div>\n<p><\/strong><\/div>\n<p>Pe 22 mai 2026, la Salonul Regatto din cadrul Hotelului Mandachi SPA, va avea loc o gal\u0103 de kickboxing de amploare na\u021bional\u0103 \u0219i interna\u021bional\u0103, care va reuni \u00een ring at\u00e2t sportivi suceveni de top, c\u00e2t \u0219i nume consacrate din kickboxingul rom\u00e2nesc \u0219i european.<\/p>\n<div class=\"wp-block-image\">\n<figure class=\"aligncenter size-large\"><a href=\"https:\/\/cdn.newsbucovina.ro\/wp-content\/uploads\/2026\/04\/WhatsApp-Image-2026-04-22-at-10.32.19.jpeg\"><img loading=\"lazy\" decoding=\"async\" width=\"683\" height=\"1024\" src=\"https:\/\/cdn.newsbucovina.ro\/wp-content\/uploads\/2026\/04\/WhatsApp-Image-2026-04-22-at-10.32.19-683x1024.jpeg\" alt class=\"wp-image-436710\"><\/a><\/figure>\n<\/div>\n<p>Evenimentul, organizat sub egida Glorious Fighting Championship, promite o sear\u0103 plin\u0103 de confrunt\u0103ri de \u00eenalt nivel, cu meciuri na\u021bionale \u0219i interna\u021bionale. Punctul de atrac\u021bie principal al galei va fi lupta suceveanului <strong>Bogdan Floristean<\/strong>, care va urca \u00een ring pentru titlul european, \u00een confruntare direct\u0103 cu italianul <strong>Nino R\u00e2ia<\/strong>, reprezentant al puternicei promo\u021bii Enfusion.<\/p>\n<p>Al\u0103turi de Bogdan Floristean, publicul sucevean va avea ocazia s\u0103 \u00eei sus\u021bin\u0103 \u0219i pe al\u021bi sportivi locali aprecia\u021bi: <strong>Eduard Hu\u021banu<\/strong>, <strong>Gabi P\u0103durean<\/strong>, <strong>Andu Cimpoia\u0219i<\/strong>, <strong>Eric Andrei<\/strong>, <strong>Brum\u0103 Mihai<\/strong> \u0219i <strong>Denis Nu\u021bu<\/strong>. Ace\u0219tia vor reprezenta cu onoare culorile Bucovinei \u00een cadrul unor meciuri competitive.<\/p>\n<p>Gala va beneficia \u0219i de prezen\u021ba unor nume importante din kickboxingul rom\u00e2nesc, precum <strong>C\u0103t\u0103lin Makove<\/strong>, <strong>Remus T\u00e2rpian<\/strong> \u0219i <strong>Bogdan Slabu<\/strong>. Din Constan\u021ba va participa, de asemenea, <strong>Sunni Mustafa<\/strong>, unul dintre sportivii de baz\u0103 ai antrenorului Alex Filip, care a promis un spectacol tehnic \u0219i spectaculos.<\/p>\n<p>Organizatorii anun\u021b\u0103 o serie de confrunt\u0103ri echilibrate, care vor pune \u00een valoare at\u00e2t experien\u021ba \u0219i for\u021ba sportivilor, c\u00e2t \u0219i ambi\u021bia noii genera\u021bii de kickboxeri. Evenimentul reprezint\u0103 o oportunitate important\u0103 pentru dezvoltarea sporturilor de contact \u00een jude\u021bul Suceava \u0219i pentru promovarea performan\u021bei locale pe plan na\u021bional \u0219i interna\u021bional.<\/p>\n<p>Biletele pentru gal\u0103 sunt deja disponibile pe platforma bilete.ro. Publicul este invitat s\u0103 fie al\u0103turi de sportivii suceveni \u0219i s\u0103 sus\u021bin\u0103 performan\u021ba, disciplina \u0219i spiritul de competi\u021bie care definesc aceste confrunt\u0103ri.<\/p>\n<p>Organizatorii promit o sear\u0103 de sport de calitate, cu un program variat de meciuri \u0219i o atmosfer\u0103 vibrant\u0103, pe m\u0103sura a\u0219tept\u0103rilor iubitorilor de kickboxing din \u00eentreaga regiune.<\/p>\n<figure class=\"wp-block-embed is-type-video is-provider-youtube wp-block-embed-youtube wp-embed-aspect-16-9 wp-has-aspect-ratio\">\n<div class=\"wp-block-embed__wrapper\">\n<div class=\"youtube-embed\" data-video_id=\"c7iLFNmUnAg\"><iframe loading=\"lazy\" title=\"Alex avea prioritate! Alex a murit..!!! Cine urmeaz\u0103??? \" width=\"696\" height=\"392\" src=\"https:\/\/www.youtube.com\/embed\/c7iLFNmUnAg?feature=oembed&amp;enablejsapi=1\" frameborder allow=\"accelerometer; autoplay; clipboard-write; encrypted-media; gyroscope; picture-in-picture; web-share\" referrerpolicy=\"strict-origin-when-cross-origin\" allowfullscreen><\/iframe><\/div>\n<\/div>\n<\/figure>\n<div class=\"td-a-rec td-a-rec-id-content_bottom  tdi_4 td_block_template_1\"><strong>Intr\u0103 acum \u0219i \u00een grupul de <\/p>\n<div class=\"wp-block-button\"><a class=\"wp-block-button__link wp-element-button\" href=\"https:\/\/t.me\/+TH8wcfnp8fw5NWI0\">Telegram News Bucovina<\/a><\/div>\n<p><\/strong><\/div>\n<\/div>\n<p>[analyse_source url=&#8221;https:\/\/www.newsbucovina.ro\/evenimente\/436709\/gala-internationala-de-kickboxing-la-suceava-pe-22-mai-bogdan-floristean-lupta-pentru-titlul-european-la-hotel-mandachi&#8221;]<\/p>\n","protected":false},"excerpt":{"rendered":"<p>[analyse_image type=&#8221;featured&#8221; src=&#8221;https:\/\/www.newsbucovina.ro\/wp-content\/uploads\/2026\/04\/WhatsApp-Image-2026-04-22-at-10.32.19-1.jpeghttps:\/\/cdn.newsbucovina.ro\/wp-content\/uploads\/2026\/04\/WhatsApp-Image-2026-04-22-at-10.32.19-1.jpeg&#8221;] Intr\u0103 acum \u0219i \u00een grupul de Telegram News Bucovina Pe 22 mai 2026, la Salonul Regatto din cadrul Hotelului Mandachi SPA, va avea loc o gal\u0103 de kickboxing de amploare na\u021bional\u0103 \u0219i interna\u021bional\u0103, care va reuni \u00een ring at\u00e2t sportivi suceveni de top, c\u00e2t \u0219i nume consacrate din kickboxingul rom\u00e2nesc \u0219i european. [&hellip;]<\/p>\n","protected":false},"author":1,"featured_media":0,"comment_status":"open","ping_status":"","sticky":false,"template":"","format":"standard","meta":{"footnotes":""},"categories":[89],"tags":[226,165],"class_list":["post-1896177","post","type-post","status-publish","format-standard","hentry","category-romania","tag-crawlmanager","tag-newsbucovina-ro"],"_links":{"self":[{"href":"https:\/\/analyse.optim.biz\/index.php?rest_route=\/wp\/v2\/posts\/1896177","targetHints":{"allow":["GET"]}}],"collection":[{"href":"https:\/\/analyse.optim.biz\/index.php?rest_route=\/wp\/v2\/posts"}],"about":[{"href":"https:\/\/analyse.optim.biz\/index.php?rest_route=\/wp\/v2\/types\/post"}],"author":[{"embeddable":true,"href":"https:\/\/analyse.optim.biz\/index.php?rest_route=\/wp\/v2\/users\/1"}],"replies":[{"embeddable":true,"href":"https:\/\/analyse.optim.biz\/index.php?rest_route=%2Fwp%2Fv2%2Fcomments&post=1896177"}],"version-history":[{"count":0,"href":"https:\/\/analyse.optim.biz\/index.php?rest_route=\/wp\/v2\/posts\/1896177\/revisions"}],"wp:attachment":[{"href":"https:\/\/analyse.optim.biz\/index.php?rest_route=%2Fwp%2Fv2%2Fmedia&parent=1896177"}],"wp:term":[{"taxonomy":"category","embeddable":true,"href":"https:\/\/analyse.optim.biz\/index.php?rest_route=%2Fwp%2Fv2%2Fcategories&post=1896177"},{"taxonomy":"post_tag","embeddable":true,"href":"https:\/\/analyse.optim.biz\/index.php?rest_route=%2Fwp%2Fv2%2Ftags&post=1896177"}],"curies":[{"name":"wp","href":"https:\/\/api.w.org\/{rel}","templated":true}]}}