{"id":1896174,"date":"2026-04-21T12:09:59","date_gmt":"2026-04-21T09:09:59","guid":{"rendered":"https:\/\/analyse.optim.biz\/?p=1896174"},"modified":"2026-04-21T12:09:59","modified_gmt":"2026-04-21T09:09:59","slug":"un-stradivarius-in-scoli-editie-speciala-la-vatra-dornei-muzica-clasica-ajunge-la-elevii-din-zone-cu-acces-limitat-la-cultura","status":"publish","type":"post","link":"https:\/\/analyse.optim.biz\/?p=1896174","title":{"rendered":"\u201eUn Stradivarius \u00een \u0219coli\u201d \u2013 Edi\u021bie special\u0103 la Vatra Dornei: Muzica clasic\u0103 ajunge la elevii din zone cu acces limitat la cultur\u0103"},"content":{"rendered":"<p>[analyse_image type=&#8221;featured&#8221; src=&#8221;https:\/\/www.newsbucovina.ro\/wp-content\/uploads\/2026\/04\/Un-Stradivarius-in-scoli_4.jpghttps:\/\/cdn.newsbucovina.ro\/wp-content\/uploads\/2026\/04\/Un-Stradivarius-in-scoli_4.jpg&#8221;]<\/p>\n<div class=\"td-post-content tagdiv-type\">\n<div class=\"td-a-rec td-a-rec-id-content_top  tdi_3 td_block_template_1\"><strong>Intr\u0103 acum \u0219i \u00een grupul de <\/p>\n<div class=\"wp-block-button\"><a class=\"wp-block-button__link wp-element-button\" href=\"https:\/\/t.me\/+TH8wcfnp8fw5NWI0\">Telegram News Bucovina<\/a><\/div>\n<p><\/strong><\/div>\n<p>Vineri, 24 aprilie 2026, violonistul R\u0103zvan Stoica, interpret pe celebra vioar\u0103 Stradivarius ex Ernst 1729, \u0219i pianista Andreea Stoica vor sus\u021bine un recital educa\u021bional la Liceul Teoretic \u201eIon Luca\u201d din Vatra Dornei, \u00een cadrul edi\u021biei speciale a proiectului \u201eUn Stradivarius \u00een \u0219coli\u201d.<\/p>\n<div class=\"wp-block-image\">\n<figure class=\"aligncenter size-large\"><a href=\"https:\/\/cdn.newsbucovina.ro\/wp-content\/uploads\/2026\/04\/Afis_Un-Stradivarius-in-scoli_Editie-speciala-nevazatori_2026.png\"><img loading=\"lazy\" decoding=\"async\" width=\"735\" height=\"1024\" src=\"https:\/\/cdn.newsbucovina.ro\/wp-content\/uploads\/2026\/04\/Afis_Un-Stradivarius-in-scoli_Editie-speciala-nevazatori_2026-735x1024.png\" alt class=\"wp-image-436678\"><\/a><\/figure>\n<\/div>\n<p>Proiectul, ini\u021biat de Funda\u021bia Cultural\u0103 Gaudium Animae din Ia\u0219i, a debutat pe 20 aprilie 2026 la Bucure\u0219ti \u0219i se adreseaz\u0103 \u00een mod prioritar copiilor \u0219i adolescen\u021bilor deficien\u021bi de vedere, precum \u0219i elevilor din ora\u0219e \u0219i zone cu acces limitat la cultur\u0103. Edi\u021bia special\u0103 din aprilie \u0219i mai 2026 include \u00eent\u00e2lniri \u0219i recitaluri \u00een 10 \u0219coli speciale \u0219i licee din 7 jude\u021be ale \u021b\u0103rii, printre care \u0219i Suceava.<\/p>\n<p>La Vatra Dornei, muzicienii de talie interna\u021bional\u0103 vor oferi elevilor nu doar un recital, ci \u0219i o adev\u0103rat\u0103 lec\u021bie interactiv\u0103 despre muzic\u0103. Programul artistic cuprinde lucr\u0103ri de Wolfgang Amadeus Mozart, Niccol\u00f2 Paganini, Fritz Kreisler, Antonio Bazzini, Astor Piazzolla, George Enescu \u0219i Ciprian Porumbescu.<\/p>\n<p>Recitalurile sunt completate de dou\u0103 instrumente educa\u021bionale adaptate: \u201ePrima lec\u021bie de muzic\u0103\u201d \u00een format Braille, destinat\u0103 copiilor nev\u0103z\u0103tori, \u0219i o anima\u021bie video explicativ\u0103, accesibil\u0103 elevilor tipici. Acestea prezint\u0103, \u00eentr-un limbaj simplu \u0219i atractiv, cum func\u021bioneaz\u0103 sunetul, etapele confec\u021bion\u0103rii viorii \u0219i arcu\u0219ului, mecanismul vibra\u021biilor corzilor \u0219i transformarea lor \u00een sunet. Scopul este s\u0103 demonstreze c\u0103 \u00een spatele unui instrument muzical se afl\u0103 at\u00e2t me\u0219te\u0219ug artistic, c\u00e2t \u0219i principii \u0219tiin\u021bifice, iar muzica reprezint\u0103 o armonie \u00eentre tehnic\u0103 \u0219i emo\u021bie.<\/p>\n<p>\u00cen paralel cu turneul, Funda\u021bia Gaudium Animae dezvolt\u0103 o platform\u0103 digital\u0103 pe care vor fi disponibile resursele educa\u021bionale adaptate \u2013 at\u00e2t anima\u021bia video, c\u00e2t \u0219i materialul \u00een format Braille (desc\u0103rcabil \u0219i preg\u0103tit pentru tip\u0103rire).<\/p>\n<p>\u201eAm ales acest program pentru c\u0103 \u00eemi doresc ca tinerii s\u0103 fie ini\u021bia\u021bi \u00een arta muzicii clasice, prin \u00eent\u00e2lnirea cu marile repere ale patrimoniului muzical universal \u2013 compozitori fundamentali ale c\u0103ror lucr\u0103ri transmit claritate, for\u021b\u0103 emo\u021bional\u0103 \u0219i profunzime spiritual\u0103. Copiii \u0219i adolescen\u021bii, inclusiv cei din medii cu acces limitat la cultur\u0103 sau cei cu dizabilit\u0103\u021bi de vedere, pot descoperi at\u00e2t frumuse\u021bea armoniei \u0219i a expresiei muzicale, c\u00e2t \u0219i valori universale precum disciplina, creativitatea \u0219i sensibilitatea\u201d, a declarat R\u0103zvan Stoica.<\/p>\n<p>R\u0103zvan Stoica este c\u00e2\u0219tig\u0103torul titlului \u201eCel mai bun violonist din Europa sub 28 de ani\u201d \u00een 2013 \u0219i a ob\u021binut, \u00een urma Concursului Strad Prize de la Salzburg (2009), dreptul de a c\u00e2nta pe vioara Stradivarius ex Ernst 1729. Instrumentul, construit de Antonio Stradivarius la sf\u00e2r\u0219itul Perioadei sale de Aur, i-a fost reconfirmat pentru \u00eenc\u0103 25 de ani \u00een februarie 2026 \u2013 un angajament rar \u0219i extrem de valoros \u00een lumea muzicii clasice.<\/p>\n<p>Andreea Stoica, pianist\u0103 cu o carier\u0103 concertistic\u0103 \u0219i cameral\u0103 sus\u021binut\u0103 pe scene din Olanda, Germania \u0219i Rom\u00e2nia, a debutat la doar 12 ani pe scena Ateneului Rom\u00e2n al\u0103turi de Orchestra Filarmonic\u0103. Este laureat\u0103 a mai multor concursuri interna\u021bionale \u0219i aduce \u00een duo elegan\u021b\u0103, profunzime \u0219i subtilitate interpretativ\u0103.<\/p>\n<p>Proiectul se bucur\u0103 de sprijinul Asocia\u021biei Nev\u0103z\u0103torilor din Rom\u00e2nia, iar echipa include \u0219i muzicologul C\u0103t\u0103lin Sava, cu peste 30 de ani de experien\u021b\u0103 \u00een producerea de emisiuni culturale TV \u0219i radio, inclusiv \u00een cadrul Festivalului Interna\u021bional George Enescu.<\/p>\n<p>Prin aceast\u0103 ini\u021biativ\u0103, Funda\u021bia Cultural\u0103 Gaudium Animae continu\u0103 misiunea de a democratiza accesul la muzica clasic\u0103 de \u00eenalt nivel, transform\u00e2nd fiecare \u00eent\u00e2lnire \u00eentr-o experien\u021b\u0103 memorabil\u0103 care stimuleaz\u0103 imagina\u021bia, sensibilitatea \u0219i orizontul cultural al tinerilor, indiferent de mediul din care provin sau de eventualele dizabilit\u0103\u021bi.<\/p>\n<p>Evenimentul de la Liceul Teoretic \u201eIon Luca\u201d din Vatra Dornei reprezint\u0103 una dintre cele 10 opri ale turneului na\u021bional \u0219i subliniaz\u0103 rolul esen\u021bial al educa\u021biei culturale incluzive \u00een dezvoltarea comunit\u0103\u021bilor locale.<\/p>\n<p>Detalii suplimentare despre \u00eentregul proiect \u0219i despre platforma digital\u0103 \u00een curs de dezvoltare vor fi disponibile pe site-ul Funda\u021biei Gaudium Animae.<\/p>\n<div class=\"td-a-rec td-a-rec-id-content_bottom  tdi_4 td_block_template_1\"><strong>Intr\u0103 acum \u0219i \u00een grupul de <\/p>\n<div class=\"wp-block-button\"><a class=\"wp-block-button__link wp-element-button\" href=\"https:\/\/t.me\/+TH8wcfnp8fw5NWI0\">Telegram News Bucovina<\/a><\/div>\n<p><\/strong><\/div>\n<\/div>\n<div class=\"td-post-content tagdiv-type\">\n<div class=\"td-a-rec td-a-rec-id-content_top  tdi_3 td_block_template_1\"><strong>Intr\u0103 acum \u0219i \u00een grupul de <\/p>\n<div class=\"wp-block-button\"><a class=\"wp-block-button__link wp-element-button\" href=\"https:\/\/t.me\/+TH8wcfnp8fw5NWI0\">Telegram News Bucovina<\/a><\/div>\n<p><\/strong><\/div>\n<p>Vineri, 24 aprilie 2026, violonistul R\u0103zvan Stoica, interpret pe celebra vioar\u0103 Stradivarius ex Ernst 1729, \u0219i pianista Andreea Stoica vor sus\u021bine un recital educa\u021bional la Liceul Teoretic \u201eIon Luca\u201d din Vatra Dornei, \u00een cadrul edi\u021biei speciale a proiectului \u201eUn Stradivarius \u00een \u0219coli\u201d.<\/p>\n<div class=\"wp-block-image\">\n<figure class=\"aligncenter size-large\"><a href=\"https:\/\/cdn.newsbucovina.ro\/wp-content\/uploads\/2026\/04\/Afis_Un-Stradivarius-in-scoli_Editie-speciala-nevazatori_2026.png\"><img loading=\"lazy\" decoding=\"async\" width=\"735\" height=\"1024\" src=\"https:\/\/cdn.newsbucovina.ro\/wp-content\/uploads\/2026\/04\/Afis_Un-Stradivarius-in-scoli_Editie-speciala-nevazatori_2026-735x1024.png\" alt class=\"wp-image-436678\"><\/a><\/figure>\n<\/div>\n<p>Proiectul, ini\u021biat de Funda\u021bia Cultural\u0103 Gaudium Animae din Ia\u0219i, a debutat pe 20 aprilie 2026 la Bucure\u0219ti \u0219i se adreseaz\u0103 \u00een mod prioritar copiilor \u0219i adolescen\u021bilor deficien\u021bi de vedere, precum \u0219i elevilor din ora\u0219e \u0219i zone cu acces limitat la cultur\u0103. Edi\u021bia special\u0103 din aprilie \u0219i mai 2026 include \u00eent\u00e2lniri \u0219i recitaluri \u00een 10 \u0219coli speciale \u0219i licee din 7 jude\u021be ale \u021b\u0103rii, printre care \u0219i Suceava.<\/p>\n<p>La Vatra Dornei, muzicienii de talie interna\u021bional\u0103 vor oferi elevilor nu doar un recital, ci \u0219i o adev\u0103rat\u0103 lec\u021bie interactiv\u0103 despre muzic\u0103. Programul artistic cuprinde lucr\u0103ri de Wolfgang Amadeus Mozart, Niccol\u00f2 Paganini, Fritz Kreisler, Antonio Bazzini, Astor Piazzolla, George Enescu \u0219i Ciprian Porumbescu.<\/p>\n<p>Recitalurile sunt completate de dou\u0103 instrumente educa\u021bionale adaptate: \u201ePrima lec\u021bie de muzic\u0103\u201d \u00een format Braille, destinat\u0103 copiilor nev\u0103z\u0103tori, \u0219i o anima\u021bie video explicativ\u0103, accesibil\u0103 elevilor tipici. Acestea prezint\u0103, \u00eentr-un limbaj simplu \u0219i atractiv, cum func\u021bioneaz\u0103 sunetul, etapele confec\u021bion\u0103rii viorii \u0219i arcu\u0219ului, mecanismul vibra\u021biilor corzilor \u0219i transformarea lor \u00een sunet. Scopul este s\u0103 demonstreze c\u0103 \u00een spatele unui instrument muzical se afl\u0103 at\u00e2t me\u0219te\u0219ug artistic, c\u00e2t \u0219i principii \u0219tiin\u021bifice, iar muzica reprezint\u0103 o armonie \u00eentre tehnic\u0103 \u0219i emo\u021bie.<\/p>\n<p>\u00cen paralel cu turneul, Funda\u021bia Gaudium Animae dezvolt\u0103 o platform\u0103 digital\u0103 pe care vor fi disponibile resursele educa\u021bionale adaptate \u2013 at\u00e2t anima\u021bia video, c\u00e2t \u0219i materialul \u00een format Braille (desc\u0103rcabil \u0219i preg\u0103tit pentru tip\u0103rire).<\/p>\n<p>\u201eAm ales acest program pentru c\u0103 \u00eemi doresc ca tinerii s\u0103 fie ini\u021bia\u021bi \u00een arta muzicii clasice, prin \u00eent\u00e2lnirea cu marile repere ale patrimoniului muzical universal \u2013 compozitori fundamentali ale c\u0103ror lucr\u0103ri transmit claritate, for\u021b\u0103 emo\u021bional\u0103 \u0219i profunzime spiritual\u0103. Copiii \u0219i adolescen\u021bii, inclusiv cei din medii cu acces limitat la cultur\u0103 sau cei cu dizabilit\u0103\u021bi de vedere, pot descoperi at\u00e2t frumuse\u021bea armoniei \u0219i a expresiei muzicale, c\u00e2t \u0219i valori universale precum disciplina, creativitatea \u0219i sensibilitatea\u201d, a declarat R\u0103zvan Stoica.<\/p>\n<p>R\u0103zvan Stoica este c\u00e2\u0219tig\u0103torul titlului \u201eCel mai bun violonist din Europa sub 28 de ani\u201d \u00een 2013 \u0219i a ob\u021binut, \u00een urma Concursului Strad Prize de la Salzburg (2009), dreptul de a c\u00e2nta pe vioara Stradivarius ex Ernst 1729. Instrumentul, construit de Antonio Stradivarius la sf\u00e2r\u0219itul Perioadei sale de Aur, i-a fost reconfirmat pentru \u00eenc\u0103 25 de ani \u00een februarie 2026 \u2013 un angajament rar \u0219i extrem de valoros \u00een lumea muzicii clasice.<\/p>\n<p>Andreea Stoica, pianist\u0103 cu o carier\u0103 concertistic\u0103 \u0219i cameral\u0103 sus\u021binut\u0103 pe scene din Olanda, Germania \u0219i Rom\u00e2nia, a debutat la doar 12 ani pe scena Ateneului Rom\u00e2n al\u0103turi de Orchestra Filarmonic\u0103. Este laureat\u0103 a mai multor concursuri interna\u021bionale \u0219i aduce \u00een duo elegan\u021b\u0103, profunzime \u0219i subtilitate interpretativ\u0103.<\/p>\n<p>Proiectul se bucur\u0103 de sprijinul Asocia\u021biei Nev\u0103z\u0103torilor din Rom\u00e2nia, iar echipa include \u0219i muzicologul C\u0103t\u0103lin Sava, cu peste 30 de ani de experien\u021b\u0103 \u00een producerea de emisiuni culturale TV \u0219i radio, inclusiv \u00een cadrul Festivalului Interna\u021bional George Enescu.<\/p>\n<p>Prin aceast\u0103 ini\u021biativ\u0103, Funda\u021bia Cultural\u0103 Gaudium Animae continu\u0103 misiunea de a democratiza accesul la muzica clasic\u0103 de \u00eenalt nivel, transform\u00e2nd fiecare \u00eent\u00e2lnire \u00eentr-o experien\u021b\u0103 memorabil\u0103 care stimuleaz\u0103 imagina\u021bia, sensibilitatea \u0219i orizontul cultural al tinerilor, indiferent de mediul din care provin sau de eventualele dizabilit\u0103\u021bi.<\/p>\n<p>Evenimentul de la Liceul Teoretic \u201eIon Luca\u201d din Vatra Dornei reprezint\u0103 una dintre cele 10 opri ale turneului na\u021bional \u0219i subliniaz\u0103 rolul esen\u021bial al educa\u021biei culturale incluzive \u00een dezvoltarea comunit\u0103\u021bilor locale.<\/p>\n<p>Detalii suplimentare despre \u00eentregul proiect \u0219i despre platforma digital\u0103 \u00een curs de dezvoltare vor fi disponibile pe site-ul Funda\u021biei Gaudium Animae.<\/p>\n<div class=\"td-a-rec td-a-rec-id-content_bottom  tdi_4 td_block_template_1\"><strong>Intr\u0103 acum \u0219i \u00een grupul de <\/p>\n<div class=\"wp-block-button\"><a class=\"wp-block-button__link wp-element-button\" href=\"https:\/\/t.me\/+TH8wcfnp8fw5NWI0\">Telegram News Bucovina<\/a><\/div>\n<p><\/strong><\/div>\n<\/div>\n<p>[analyse_source url=&#8221;https:\/\/www.newsbucovina.ro\/evenimente\/436677\/un-stradivarius-in-scoli-editie-speciala-la-vatra-dornei-muzica-clasica-ajunge-la-elevii-din-zone-cu-acces-limitat-la-cultura&#8221;]<\/p>\n","protected":false},"excerpt":{"rendered":"<p>[analyse_image type=&#8221;featured&#8221; src=&#8221;https:\/\/www.newsbucovina.ro\/wp-content\/uploads\/2026\/04\/Un-Stradivarius-in-scoli_4.jpghttps:\/\/cdn.newsbucovina.ro\/wp-content\/uploads\/2026\/04\/Un-Stradivarius-in-scoli_4.jpg&#8221;] Intr\u0103 acum \u0219i \u00een grupul de Telegram News Bucovina Vineri, 24 aprilie 2026, violonistul R\u0103zvan Stoica, interpret pe celebra vioar\u0103 Stradivarius ex Ernst 1729, \u0219i pianista Andreea Stoica vor sus\u021bine un recital educa\u021bional la Liceul Teoretic \u201eIon Luca\u201d din Vatra Dornei, \u00een cadrul edi\u021biei speciale a proiectului \u201eUn Stradivarius \u00een \u0219coli\u201d. Proiectul, [&hellip;]<\/p>\n","protected":false},"author":1,"featured_media":0,"comment_status":"open","ping_status":"","sticky":false,"template":"","format":"standard","meta":{"footnotes":""},"categories":[89],"tags":[226,165],"class_list":["post-1896174","post","type-post","status-publish","format-standard","hentry","category-romania","tag-crawlmanager","tag-newsbucovina-ro"],"_links":{"self":[{"href":"https:\/\/analyse.optim.biz\/index.php?rest_route=\/wp\/v2\/posts\/1896174","targetHints":{"allow":["GET"]}}],"collection":[{"href":"https:\/\/analyse.optim.biz\/index.php?rest_route=\/wp\/v2\/posts"}],"about":[{"href":"https:\/\/analyse.optim.biz\/index.php?rest_route=\/wp\/v2\/types\/post"}],"author":[{"embeddable":true,"href":"https:\/\/analyse.optim.biz\/index.php?rest_route=\/wp\/v2\/users\/1"}],"replies":[{"embeddable":true,"href":"https:\/\/analyse.optim.biz\/index.php?rest_route=%2Fwp%2Fv2%2Fcomments&post=1896174"}],"version-history":[{"count":0,"href":"https:\/\/analyse.optim.biz\/index.php?rest_route=\/wp\/v2\/posts\/1896174\/revisions"}],"wp:attachment":[{"href":"https:\/\/analyse.optim.biz\/index.php?rest_route=%2Fwp%2Fv2%2Fmedia&parent=1896174"}],"wp:term":[{"taxonomy":"category","embeddable":true,"href":"https:\/\/analyse.optim.biz\/index.php?rest_route=%2Fwp%2Fv2%2Fcategories&post=1896174"},{"taxonomy":"post_tag","embeddable":true,"href":"https:\/\/analyse.optim.biz\/index.php?rest_route=%2Fwp%2Fv2%2Ftags&post=1896174"}],"curies":[{"name":"wp","href":"https:\/\/api.w.org\/{rel}","templated":true}]}}