{"id":1896071,"date":"2026-04-22T10:11:09","date_gmt":"2026-04-22T07:11:09","guid":{"rendered":"https:\/\/analyse.optim.biz\/?p=1896071"},"modified":"2026-04-22T10:11:09","modified_gmt":"2026-04-22T07:11:09","slug":"descinderi-dna-la-cj-bistrita-nasaud-radu-moldovan-dupa-audieri-au-luat-documente-si-laptopul-nu-stiu-detalii-despre-dosar","status":"publish","type":"post","link":"https:\/\/analyse.optim.biz\/?p=1896071","title":{"rendered":"Descinderi DNA la CJ Bistri\u021ba-N\u0103s\u0103ud. Radu Moldovan, dup\u0103 audieri: \u201eAu luat documente \u0219i laptopul. Nu \u0219tiu detalii despre dosar\u201d"},"content":{"rendered":"<p>[analyse_image type=&#8221;featured&#8221; src=&#8221;https:\/\/media.realitatea.net\/multimedia\/image\/202604\/w1920\/Bistrita_perchezitii_CJ-BN_003_c98947cca6.jpg&#8221;]<\/p>\n<div class=\"article-box-content\">\n&lt;!&#8211;            <\/p>\n<div class=\"article-box-content\" role=\"section\" aria-label=\"Con&#539;inutul articolului\">&#8211;&gt;<\/p>\n<div id=\"digital-atelier-mobile\"><\/div>\n<div id=\"permanent-position-before-content\"><\/div>\n<div id=\"digital-atelier-desktop\"><\/div>\n<div class=\"realitatea-article-content-box\">\n<div>\n<div id=\"SC1r2GgXUwVkFeP3GoBNZ-content-0\">\n<p><strong>UPDATE<\/strong> &#8211; Radu Moldovan a declarat c\u0103, \u00een urma perchezi\u021biilor efectuate at\u00e2t la locuin\u021ba sa, c\u00e2t \u0219i la sediul Consiliului Jude\u021bean, anchetatorii au ridicat mai multe documente \u0219i laptopul s\u0103u de serviciu. El a precizat c\u0103, \u00een acest moment, nu de\u021bine informa\u021bii suplimentare despre direc\u021bia sau detaliile anchetei DNA.<\/p>\n<div id=\"adocean-mobile-positon\">\n<div data-ao-pid=\"1s3nVeO8d7fVQQxZ8qBwmwF8nJdHUjAHhp2PqUhQfRb.D7\"><\/div>\n<\/p><\/div>\n<p>&#8220;&#8221;Nu am foarte multe detalii, mi-au comunicat un dosar penal, mandate de perchezi\u021bie. Au f\u0103cut perchezi\u021biile de rigoare, au luat c\u00e2teva documente, laptopul din birou \u0219i restul, mai multe detalii, doar ei v\u0103 pot da. Nu am fost audiat. Nu cunosc detalii, eu am fost \u00eenso\u021bit de ei, s-au \u00eencheiat activit\u0103\u021bile \u0219i ne-am luat r\u0103mas bun acum zece minute. Eu am ie\u0219it din respect pentru voi s\u0103 v\u0103 dau o declara\u021bie, nu fac comentarii despre acest subiect. Oamenii \u00ee\u0219i fac treaba, colegii mei vor pune la dispozi\u021bie absolut toate documentele, eu le stau la dispozi\u021bie cu orice este de l\u0103murit. Deocamdat\u0103 nu \u0219tiu nimic. Am avut o perchezi\u021bie acas\u0103, am avut o perchezi\u021bie \u00een birou \u0219i cam at\u00e2t. M\u0103 \u00eentorc \u00eenapoi \u00een birou, la lucru&#8221;, a declarat Radu Moldovan la ie\u0219irea de la audieri<strong>.<\/p>\n<p><\/strong>Anterior, din sediul CJ Bistri\u021ba-N\u0103s\u0103ud au ie\u0219it trei angaja\u021bi \u00eenso\u021bi\u021bi de anchetatori, printre care se num\u0103r\u0103 administratorul jude\u021bului, Florin Moldovan, \u0219i \u0219eful Direc\u021biei de drumuri jude\u021bene, Ciprian Ceclan. Ace\u0219tia au fost, la r\u00e2ndul lor, audia\u021bi.\u00a0<\/p>\n<div id=\"truvid-mobile-postion\"><\/div>\n<div id=\"adocean-desktop-positon\">\n<div data-ao-pid=\"1s3nVeO8d7fVQQxZ8qBwmwF8nJdHUjAHhp2PqUhQfRb.D7\"><\/div>\n<\/div>\n<p><strong>\u0218TIREA INI\u021aIAL\u0102<\/strong><\/p>\n<p>Procurorii DNA l-au adus miercuri pe pre\u0219edintele CJ Bistri\u021ba-N\u0103s\u0103ud, Radu Moldovan, la sediul institu\u021biei, dup\u0103 ce \u00een cursul dimine\u021bii au efectuat perchezi\u021bii la domiciliul acestuia. La scurt timp, trei angaja\u021bi ai Consiliului Jude\u021bean au fost sco\u0219i din cl\u0103dire \u0219i condu\u0219i la audieri.<\/p>\n<p>Printre ace\u0219tia se num\u0103r\u0103 administratorul jude\u021bului, Florin Moldovan, \u0219i \u0219eful Direc\u021biei de drumuri jude\u021bene, Ciprian Ceclan. Niciunul dintre cei viza\u021bi nu a dorit s\u0103 comenteze ancheta \u00een desf\u0103\u0219urare.<\/p>\n<div id=\"truvid-desktop-postion\"><\/div>\n<p><img decoding=\"async\" src=\"https:\/\/media.realitatea.net\/multimedia\/image\/202604\/full\/Bistrita_perchezitii_Dimex_379eee2fb7.jpg\" alt=\"Imagine\" width=\"100%\"><\/p>\n<p>Ac\u021biunea face parte dintr-o opera\u021biune ampl\u0103 a Direc\u021biei Na\u021bionale Anticorup\u021bie, care desf\u0103\u0219oar\u0103 miercuri aproape 70 de perchezi\u021bii \u00een Bucure\u0219ti \u0219i \u00een jude\u021bele Bistri\u021ba-N\u0103s\u0103ud, Cluj, S\u0103laj \u0219i Ia\u0219i. Potrivit unui comunicat transmis de DNA, sunt vizate sediile a dou\u0103 institu\u021bii publice, precum \u0219i domiciliile unor persoane fizice \u0219i punctele de lucru ale unor operatori economici.<\/p>\n<p>Ancheta prive\u0219te suspiciuni de sp\u0103lare de bani \u0219i achizi\u021bii de lucr\u0103ri de utilitate public\u0103 la nivelul Consiliilor Jude\u021bene Bistri\u021ba-N\u0103s\u0103ud \u0219i S\u0103laj. Autorit\u0103\u021bile continu\u0103 audierile \u0219i verific\u0103rile \u00een acest dosar complex.<\/p>\n<\/div>\n<\/div>\n<div>\u00a0<\/div>\n<\/div>\n<div data-ao-pid=\"acVcznEUnS79iL7oRf2OfNAAE8XviPKkQ6AW09XriFv.87\"><\/div>\n<div class=\"realitatea-add\">\n<div class=\"realitatea-in-article-partner\"><\/div>\n<\/div>\n<div class=\"realitatea-partners-news realitatea-partners-design\">\n<hr class=\"realitatea-partners-news-hr\">\n<div class=\"d-flex justify-content-center w-100 flex-row mt-5 mb-5\">\n                                <!--  &amp; \/32628511\/Realitatea.netV2_articol_mobile\/300x250_1 --><\/p>\n<div id=\"div-gpt-ad-1625071005196-0\"><\/div>\n<\/p><\/div>\n<hr class=\"realitatea-partners-news-hr\">\n<article class>\n<div class=\"article-box-image\">\n<figure>\n                    <a href=\"https:\/\/www.tabu.ro\/alex-velea-decizie-dupa-ce-piesa-nou-lansata-de-copiii-sai-si-ai-antoniei-a-starnit-valuri-de-controverse\/\" data-href=\"\/\/locale.realitatea.net\/2024\/02\/d6365422c35ae807f5d6133475b922c1.jpg\" class=\"progressive replace\" title=\"Alex Velea, decizie dup\u0103 ce piesa nou lansat\u0103 de copiii s\u0103i \u0219i ai Antoniei a st\u00e2rnit valuri de controverse\" rel=\"noopener external nofollow\" target=\"_blank\"><br \/>\n                                    <img decoding=\"async\" src=\"https:\/\/media.realitatea.net\/multimedia\/placeholder\/placeholder-article.webp\" class=\"preview w-100\" alt=\"Articol partener\"><br \/>\n                    <\/a><br \/>\n                <\/figure>\n<\/p><\/div>\n<div class=\"article-box-section\">\n<h3>TABU.RO<\/h3>\n<\/p><\/div>\n<div class=\"article-box-title\">\n                <a href=\"https:\/\/www.tabu.ro\/alex-velea-decizie-dupa-ce-piesa-nou-lansata-de-copiii-sai-si-ai-antoniei-a-starnit-valuri-de-controverse\/\" title=\"Alex Velea, decizie dup\u0103 ce piesa nou lansat\u0103 de copiii s\u0103i \u0219i ai Antoniei a st\u00e2rnit valuri de controverse\" rel=\"noopener external nofollow\" target=\"_blank\"><br \/>\n                    <span>Alex Velea, decizie dup\u0103 ce piesa nou lansat\u0103 de copiii s\u0103i \u0219i ai Antoniei a st\u00e2rnit valuri de controverse<\/span><br \/>\n                <\/a>\n            <\/div>\n<\/article>\n<hr class=\"realitatea-partners-news-hr\">\n            <\/div>\n<\/p><\/div>\n<div class=\"articleBody\" data-key=\"articleBody\">UPDATE &#8211; Radu Moldovan a declarat ca, in urma perchezitiilor efectuate atat la locuinta sa, cat si la sediul Consiliului Judetean, anchetatorii au ridicat mai multe documente si laptopul sau de serviciu. El a precizat ca, in acest moment, nu detine informatii suplimentare despre directia sau detaliile anchetei DNA.&#8221;&#8221;Nu am foarte multe detalii, mi-au comunicat un dosar penal, mandate de perchezitie. Au facut perchezitiile de rigoare, au luat cateva documente, laptopul din birou si restul, mai multe detalii, doar ei va pot da. Nu am fost audiat. Nu cunosc detalii, eu am fost insotit de ei, s-au incheiat activitatile si ne-am luat ramas bun acum zece minute. Eu am iesit din respect pentru voi sa va dau o declaratie, nu fac comentarii despre acest subiect. Oamenii isi fac treaba, colegii mei vor pune la dispozitie absolut toate documentele, eu le stau la dispozitie cu orice este de lamurit. Deocamdata nu stiu nimic. Am avut o perchezitie acasa, am avut o perchezitie in birou si cam atat. Ma intorc inapoi in birou, la lucru&#8221;, a declarat Radu Moldovan la iesirea de la audieri.Anterior, din sediul CJ Bistrita-Nasaud au iesit trei angajati insotiti de anchetatori, printre care se numara administratorul judetului, Florin Moldovan, si seful Directiei de drumuri judetene, Ciprian Ceclan. Acestia au fost, la randul lor, audiati. STIREA INITIALAProcurorii DNA l-au adus miercuri pe presedintele CJ Bistrita-Nasaud, Radu Moldovan, la sediul institutiei, dupa ce in cursul diminetii au efectuat perchezitii la domiciliul acestuia. La scurt timp, trei angajati ai Consiliului Judetean au fost scosi din cladire si condusi la audieri.Printre acestia se numara administratorul judetului, Florin Moldovan, si seful Directiei de drumuri judetene, Ciprian Ceclan. Niciunul dintre cei vizati nu a dorit sa comenteze ancheta in desfasurare.Actiunea face parte dintr-o operatiune ampla a Directiei Nationale Anticoruptie, care desfasoara miercuri aproape 70 de perchezitii in Bucuresti si in judetele Bistrita-Nasaud, Cluj, Salaj si Iasi. Potrivit unui comunicat transmis de DNA, sunt vizate sediile a doua institutii publice, precum si domiciliile unor persoane fizice si punctele de lucru ale unor operatori economici.Ancheta priveste suspiciuni de spalare de bani si achizitii de lucrari de utilitate publica la nivelul Consiliilor Judetene Bistrita-Nasaud si Salaj. Autoritatile continua audierile si verificarile in acest dosar complex. <\/div>\n<\/p>\n<p>[analyse_source url=&#8221;https:\/\/www.realitatea.net\/stiri\/actual\/descinderi-dna-la-consiliul-judetean-bistritanasaud-radu-moldovan-si-alti-trei-angajati-audiati_69e89ebd8f20ac60783b1447&#8243;]<\/p>\n","protected":false},"excerpt":{"rendered":"<p>[analyse_image type=&#8221;featured&#8221; src=&#8221;https:\/\/media.realitatea.net\/multimedia\/image\/202604\/w1920\/Bistrita_perchezitii_CJ-BN_003_c98947cca6.jpg&#8221;] &lt;!&#8211; &#8211;&gt; UPDATE &#8211; Radu Moldovan a declarat c\u0103, \u00een urma perchezi\u021biilor efectuate at\u00e2t la locuin\u021ba sa, c\u00e2t \u0219i la sediul Consiliului Jude\u021bean, anchetatorii au ridicat mai multe documente \u0219i laptopul s\u0103u de serviciu. El a precizat c\u0103, \u00een acest moment, nu de\u021bine informa\u021bii suplimentare despre direc\u021bia sau detaliile anchetei DNA. &#8220;&#8221;Nu [&hellip;]<\/p>\n","protected":false},"author":1,"featured_media":0,"comment_status":"open","ping_status":"","sticky":false,"template":"","format":"standard","meta":{"footnotes":""},"categories":[89],"tags":[226,15],"class_list":["post-1896071","post","type-post","status-publish","format-standard","hentry","category-romania","tag-crawlmanager","tag-realitatea-net"],"_links":{"self":[{"href":"https:\/\/analyse.optim.biz\/index.php?rest_route=\/wp\/v2\/posts\/1896071","targetHints":{"allow":["GET"]}}],"collection":[{"href":"https:\/\/analyse.optim.biz\/index.php?rest_route=\/wp\/v2\/posts"}],"about":[{"href":"https:\/\/analyse.optim.biz\/index.php?rest_route=\/wp\/v2\/types\/post"}],"author":[{"embeddable":true,"href":"https:\/\/analyse.optim.biz\/index.php?rest_route=\/wp\/v2\/users\/1"}],"replies":[{"embeddable":true,"href":"https:\/\/analyse.optim.biz\/index.php?rest_route=%2Fwp%2Fv2%2Fcomments&post=1896071"}],"version-history":[{"count":0,"href":"https:\/\/analyse.optim.biz\/index.php?rest_route=\/wp\/v2\/posts\/1896071\/revisions"}],"wp:attachment":[{"href":"https:\/\/analyse.optim.biz\/index.php?rest_route=%2Fwp%2Fv2%2Fmedia&parent=1896071"}],"wp:term":[{"taxonomy":"category","embeddable":true,"href":"https:\/\/analyse.optim.biz\/index.php?rest_route=%2Fwp%2Fv2%2Fcategories&post=1896071"},{"taxonomy":"post_tag","embeddable":true,"href":"https:\/\/analyse.optim.biz\/index.php?rest_route=%2Fwp%2Fv2%2Ftags&post=1896071"}],"curies":[{"name":"wp","href":"https:\/\/api.w.org\/{rel}","templated":true}]}}