{"id":1896068,"date":"2026-04-22T10:10:04","date_gmt":"2026-04-22T07:10:04","guid":{"rendered":"https:\/\/analyse.optim.biz\/?p=1896068"},"modified":"2026-04-22T10:10:04","modified_gmt":"2026-04-22T07:10:04","slug":"veste-importanta-pentru-pacienti-prima-zi-de-concediu-medical-va-fi-platita-pentru-cei-cu-boli-grave-si-urgente","status":"publish","type":"post","link":"https:\/\/analyse.optim.biz\/?p=1896068","title":{"rendered":"Veste important\u0103 pentru pacien\u021bi: prima zi de concediu medical va fi pl\u0103tit\u0103 pentru cei cu boli grave \u0219i urgen\u021be"},"content":{"rendered":"<p>[analyse_image type=&#8221;featured&#8221; src=&#8221;https:\/\/media.realitatea.net\/multimedia\/image\/202604\/w1920\/661343971_933171403015953_3882263792354302759_n_ebd34aaf84.jpg&#8221;]<\/p>\n<div class=\"article-box-content\">\n&lt;!&#8211;            <\/p>\n<div class=\"article-box-content\" role=\"section\" aria-label=\"Con&#539;inutul articolului\">&#8211;&gt;<\/p>\n<div id=\"digital-atelier-mobile\"><\/div>\n<div id=\"permanent-position-before-content\"><\/div>\n<div id=\"digital-atelier-desktop\"><\/div>\n<div class=\"realitatea-article-content-box\">\n<p>Oficialul a explicat c\u0103 autorit\u0103\u021bile au \u00eencercat ini\u021bial s\u0103 corecteze problema printr-o ordonan\u021b\u0103 de urgen\u021b\u0103, \u00eens\u0103 aceasta nu a fost adoptat\u0103. Ulterior, proiectul a fost sus\u021binut \u00een Parlament, unde au fost introduse excep\u021bii pentru categoriile vulnerabile.<\/p>\n<div id=\"adocean-mobile-positon\">\n<div data-ao-pid=\"1s3nVeO8d7fVQQxZ8qBwmwF8nJdHUjAHhp2PqUhQfRb.D7\"><\/div>\n<\/p><\/div>\n<\/p>\n<h2>Excep\u021bii pentru plata primei zile de concediu medical<\/h2>\n<p>\u201eAm \u00eencercat s\u0103 corect\u0103m inechitatea generat\u0103 cu prima zi de concediu medical nepl\u0103tit\u0103, rapid, prin ordonan\u021b\u0103 de urgen\u021b\u0103 \u00een Guvern. Nu a trecut. Nu am renun\u021bat \u0219i am sus\u021binut proiectul \u00een Parlament. Ast\u0103zi s-au votat \u00een plenul Camerei Deputa\u021bilor excep\u021biile propuse de Ministerul S\u0103n\u0103t\u0103\u021bii \u0219i care au fost introduse de colegii parlamentari: prima zi de concediu medical va fi pl\u0103tit\u0103 acolo unde nevoia de protec\u021bie este \u0219i mai mare, pentru pacien\u021bii cronici, pacien\u021bii inclu\u0219i \u00een programele na\u021bionale de s\u0103n\u0103tate, pacien\u021bii care beneficiaz\u0103 de spitalizare de zi \u0219i \u00een cazul urgen\u021belor medico-chirurgicale\u201d, a transmis ministrul.<\/p>\n<div id=\"truvid-mobile-postion\"><\/div>\n<div id=\"adocean-desktop-positon\">\n<div data-ao-pid=\"1s3nVeO8d7fVQQxZ8qBwmwF8nJdHUjAHhp2PqUhQfRb.D7\"><\/div>\n<\/div>\n<h2>\u201eNu e o alegere corect\u0103 pentru pacien\u021bi\u201d<\/h2>\n<p>Alexandru Rogobete a subliniat c\u0103 m\u0103sura vine s\u0103 corecteze o situa\u021bie dificil\u0103 pentru mul\u021bi rom\u00e2ni, care erau pu\u0219i \u00een fa\u021ba unei alegeri \u00eentre s\u0103n\u0103tate \u0219i venit.<\/p>\n<p>\u201ePentru mul\u021bi rom\u00e2ni, acea prim\u0103 zi \u00eensemna o alegere imposibil\u0103: mergi bolnav la munc\u0103 sau pierzi bani. Nu e o alegere corect\u0103 \u0219i nu este un sistem care \u00ee\u0219i protejeaz\u0103 oamenii. Concediul medical nu este un beneficiu acordat cu jum\u0103tate de m\u0103sur\u0103. Este o form\u0103 de protec\u021bie real\u0103 \u00a0pentru pacient, pentru cei din jur \u0219i pentru \u00eentregul sistem\u201d, a explicat acesta.<\/p>\n<h2>Mesaj dup\u0103 adoptarea m\u0103surii<\/h2>\n<p>Ministrul a mul\u021bumit parlamentarilor pentru sus\u021binerea proiectului \u0219i a transmis c\u0103 astfel de decizii trebuie duse p\u00e2n\u0103 la cap\u0103t, chiar dac\u0103 nu sunt adoptate din prima.<\/p>\n<p>\u201eMul\u021bumesc comisiilor de s\u0103n\u0103tate \u0219i de munc\u0103 din Parlament \u0219i tuturor colegilor parlamentari care au \u00een\u021beles nevoia de a introduce aceste excep\u021bii. C\u00e2nd o decizie bun\u0103 nu trece din prima, nu o abandonezi. O corectezi, o explici \u0219i o duci p\u00e2n\u0103 la cap\u0103t. Pentru c\u0103 \u00eencrederea se construie\u0219te din decizii care conteaz\u0103 \u00een via\u021ba de zi cu zi\u201d, a mai transmis Alexandru Rogobete.<\/p>\n<div id=\"truvid-desktop-postion\"><\/div>\n<\/div>\n<div data-ao-pid=\"acVcznEUnS79iL7oRf2OfNAAE8XviPKkQ6AW09XriFv.87\"><\/div>\n<div class=\"realitatea-add\">\n<div class=\"realitatea-in-article-partner\"><\/div>\n<\/div>\n<div class=\"realitatea-partners-news realitatea-partners-design\">\n<hr class=\"realitatea-partners-news-hr\">\n<div class=\"d-flex justify-content-center w-100 flex-row mt-5 mb-5\">\n                                <!--  &amp; \/32628511\/Realitatea.netV2_articol_mobile\/300x250_1 --><\/p>\n<div id=\"div-gpt-ad-1625071005196-0\"><\/div>\n<\/p><\/div>\n<hr class=\"realitatea-partners-news-hr\">\n<article class>\n<div class=\"article-box-image\">\n<figure>\n                    <a href=\"https:\/\/www.tabu.ro\/alex-velea-decizie-dupa-ce-piesa-nou-lansata-de-copiii-sai-si-ai-antoniei-a-starnit-valuri-de-controverse\/\" data-href=\"\/\/locale.realitatea.net\/2024\/02\/d6365422c35ae807f5d6133475b922c1.jpg\" class=\"progressive replace\" title=\"Alex Velea, decizie dup\u0103 ce piesa nou lansat\u0103 de copiii s\u0103i \u0219i ai Antoniei a st\u00e2rnit valuri de controverse\" rel=\"noopener external nofollow\" target=\"_blank\"><br \/>\n                                    <img decoding=\"async\" src=\"https:\/\/media.realitatea.net\/multimedia\/placeholder\/placeholder-article.webp\" class=\"preview w-100\" alt=\"Articol partener\"><br \/>\n                    <\/a><br \/>\n                <\/figure>\n<\/p><\/div>\n<div class=\"article-box-section\">\n<h3>TABU.RO<\/h3>\n<\/p><\/div>\n<div class=\"article-box-title\">\n                <a href=\"https:\/\/www.tabu.ro\/alex-velea-decizie-dupa-ce-piesa-nou-lansata-de-copiii-sai-si-ai-antoniei-a-starnit-valuri-de-controverse\/\" title=\"Alex Velea, decizie dup\u0103 ce piesa nou lansat\u0103 de copiii s\u0103i \u0219i ai Antoniei a st\u00e2rnit valuri de controverse\" rel=\"noopener external nofollow\" target=\"_blank\"><br \/>\n                    <span>Alex Velea, decizie dup\u0103 ce piesa nou lansat\u0103 de copiii s\u0103i \u0219i ai Antoniei a st\u00e2rnit valuri de controverse<\/span><br \/>\n                <\/a>\n            <\/div>\n<\/article>\n<hr class=\"realitatea-partners-news-hr\">\n            <\/div>\n<\/p><\/div>\n<div class=\"articleBody\" data-key=\"articleBody\">Oficialul a explicat ca autoritatile au incercat initial sa corecteze problema printr-o ordonanta de urgenta, insa aceasta nu a fost adoptata. Ulterior, proiectul a fost sustinut in Parlament, unde au fost introduse exceptii pentru categoriile vulnerabile.Exceptii pentru plata primei zile de concediu medical,,Am incercat sa corectam inechitatea generata cu prima zi de concediu medical neplatita, rapid, prin ordonanta de urgenta in Guvern. Nu a trecut. Nu am renuntat si am sustinut proiectul in Parlament. Astazi s-au votat in plenul Camerei Deputatilor exceptiile propuse de Ministerul Sanatatii si care au fost introduse de colegii parlamentari: prima zi de concediu medical va fi platita acolo unde nevoia de protectie este si mai mare, pentru pacientii cronici, pacientii inclusi in programele nationale de sanatate, pacientii care beneficiaza de spitalizare de zi si in cazul urgentelor medico-chirurgicale&#8221;, a transmis ministrul.,,Nu e o alegere corecta pentru pacienti&#8221;Alexandru Rogobete a subliniat ca masura vine sa corecteze o situatie dificila pentru multi romani, care erau pusi in fata unei alegeri intre sanatate si venit.,,Pentru multi romani, acea prima zi insemna o alegere imposibila: mergi bolnav la munca sau pierzi bani. Nu e o alegere corecta si nu este un sistem care isi protejeaza oamenii. Concediul medical nu este un beneficiu acordat cu jumatate de masura. Este o forma de protectie reala pentru pacient, pentru cei din jur si pentru intregul sistem&#8221;, a explicat acesta.Mesaj dupa adoptarea masuriiMinistrul a multumit parlamentarilor pentru sustinerea proiectului si a transmis ca astfel de decizii trebuie duse pana la capat, chiar daca nu sunt adoptate din prima.,,Multumesc comisiilor de sanatate si de munca din Parlament si tuturor colegilor parlamentari care au inteles nevoia de a introduce aceste exceptii. Cand o decizie buna nu trece din prima, nu o abandonezi. O corectezi, o explici si o duci pana la capat. Pentru ca increderea se construieste din decizii care conteaza in viata de zi cu zi&#8221;, a mai transmis Alexandru Rogobete.<\/div>\n<\/p>\n<p>[analyse_source url=&#8221;https:\/\/www.realitatea.net\/stiri\/sanatate\/veste-importanta-pentru-pacienti-prima-zi-de-concediu-medical-va-fi-platita-pentru-cei-cu-boli-grave-si-urgente_69e89e7c8f20ac60783b1442&#8243;]<\/p>\n","protected":false},"excerpt":{"rendered":"<p>[analyse_image type=&#8221;featured&#8221; src=&#8221;https:\/\/media.realitatea.net\/multimedia\/image\/202604\/w1920\/661343971_933171403015953_3882263792354302759_n_ebd34aaf84.jpg&#8221;] &lt;!&#8211; &#8211;&gt; Oficialul a explicat c\u0103 autorit\u0103\u021bile au \u00eencercat ini\u021bial s\u0103 corecteze problema printr-o ordonan\u021b\u0103 de urgen\u021b\u0103, \u00eens\u0103 aceasta nu a fost adoptat\u0103. Ulterior, proiectul a fost sus\u021binut \u00een Parlament, unde au fost introduse excep\u021bii pentru categoriile vulnerabile. Excep\u021bii pentru plata primei zile de concediu medical \u201eAm \u00eencercat s\u0103 corect\u0103m inechitatea generat\u0103 [&hellip;]<\/p>\n","protected":false},"author":1,"featured_media":0,"comment_status":"open","ping_status":"","sticky":false,"template":"","format":"standard","meta":{"footnotes":""},"categories":[89],"tags":[226,15],"class_list":["post-1896068","post","type-post","status-publish","format-standard","hentry","category-romania","tag-crawlmanager","tag-realitatea-net"],"_links":{"self":[{"href":"https:\/\/analyse.optim.biz\/index.php?rest_route=\/wp\/v2\/posts\/1896068","targetHints":{"allow":["GET"]}}],"collection":[{"href":"https:\/\/analyse.optim.biz\/index.php?rest_route=\/wp\/v2\/posts"}],"about":[{"href":"https:\/\/analyse.optim.biz\/index.php?rest_route=\/wp\/v2\/types\/post"}],"author":[{"embeddable":true,"href":"https:\/\/analyse.optim.biz\/index.php?rest_route=\/wp\/v2\/users\/1"}],"replies":[{"embeddable":true,"href":"https:\/\/analyse.optim.biz\/index.php?rest_route=%2Fwp%2Fv2%2Fcomments&post=1896068"}],"version-history":[{"count":0,"href":"https:\/\/analyse.optim.biz\/index.php?rest_route=\/wp\/v2\/posts\/1896068\/revisions"}],"wp:attachment":[{"href":"https:\/\/analyse.optim.biz\/index.php?rest_route=%2Fwp%2Fv2%2Fmedia&parent=1896068"}],"wp:term":[{"taxonomy":"category","embeddable":true,"href":"https:\/\/analyse.optim.biz\/index.php?rest_route=%2Fwp%2Fv2%2Fcategories&post=1896068"},{"taxonomy":"post_tag","embeddable":true,"href":"https:\/\/analyse.optim.biz\/index.php?rest_route=%2Fwp%2Fv2%2Ftags&post=1896068"}],"curies":[{"name":"wp","href":"https:\/\/api.w.org\/{rel}","templated":true}]}}