{"id":1896063,"date":"2026-04-22T10:07:51","date_gmt":"2026-04-22T07:07:51","guid":{"rendered":"https:\/\/analyse.optim.biz\/?p=1896063"},"modified":"2026-04-22T10:07:51","modified_gmt":"2026-04-22T07:07:51","slug":"ministrul-justitiei-n-am-scris-demisia-nu-cred-ca-trebuie-sa-discutam-in-termeni-de-ultimatum","status":"publish","type":"post","link":"https:\/\/analyse.optim.biz\/?p=1896063","title":{"rendered":"Ministrul Justi\u021biei: \u201dN-am scris demisia, nu cred c\u0103 trebuie s\u0103 discut\u0103m \u00een termeni de ultimatum\u201d"},"content":{"rendered":"<p>[analyse_image type=&#8221;featured&#8221; src=&#8221;https:\/\/media.realitatea.net\/multimedia\/image\/202601\/w1920\/radu-marinescu_42302df656.jpg&#8221;]<\/p>\n<div class=\"article-box-content\">\n&lt;!&#8211;            <\/p>\n<div class=\"article-box-content\" role=\"section\" aria-label=\"Con&#539;inutul articolului\">&#8211;&gt;<\/p>\n<div id=\"digital-atelier-mobile\"><\/div>\n<div id=\"permanent-position-before-content\"><\/div>\n<div id=\"digital-atelier-desktop\"><\/div>\n<div class=\"realitatea-article-content-box\">\n<p>\u00a0<\/p>\n<div id=\"adocean-mobile-positon\">\n<div data-ao-pid=\"1s3nVeO8d7fVQQxZ8qBwmwF8nJdHUjAHhp2PqUhQfRb.D7\"><\/div>\n<\/p><\/div>\n<p>\u201dN-am scris demisia, nu cred c\u0103 trebuie s\u0103 discut\u0103m \u00een termeni de ultimatum. <a href=\"https:\/\/www.realitatea.net\/stiri\/politica\/consultarimaraton-la-cotroceni-nicusor-dan-discuta-cu-partidele-despre-viitorul-guvernului_69e848fd992ed415001b5f22\" target=\"_blank\" rel=\"noopener\"><span><strong>Partidul Social Democrat<\/strong><\/span><\/a> \u0219i-a prezentat pozi\u021bia. A fost una rezultat\u0103 democratic din voin\u021ba membrilor no\u0219tri \u00een cadrul unei consult\u0103ri foarte largi. (&#8230;)\u00a0<\/p>\n<p>Scrierea unei demisii nu necesit\u0103 dec\u00e2t c\u00e2teva minute p\u00e2n\u0103 la urm\u0103. G\u0103sirea unei solu\u021bii necesit\u0103 foarte mult\u0103 \u00een\u021belepciune, \u00eens\u0103, \u00eenc\u0103 o dat\u0103, trebuie \u00een\u021beles \u0219i punctul de vedere al PSD. Dore\u0219te s\u0103 fie respectat. Este partidul cel mai mare din aceast\u0103 coali\u021bie. Nu a spus niciodat\u0103 c\u0103 se derobeaz\u0103 de responsabilitatea guvern\u0103rii, nu a spus niciodat\u0103 c\u0103 nu-\u0219i asum\u0103 reformele convenite prin programul de guvernare, a spus \u00eens\u0103 c\u0103, at\u00e2t timp c\u00e2t are o identitate politic\u0103 \u0219i \u00een programul de guvernare au fost re\u021binute c\u00e2teva idei \u0219i direc\u021bii de ac\u021biune specifice Partidului Social Democrat, ar trebui \u0219i ele s\u0103 fie respectate\u201d, a declarat Radu Marinescu.\u00a0<\/p>\n<div id=\"truvid-mobile-postion\"><\/div>\n<div id=\"adocean-desktop-positon\">\n<div data-ao-pid=\"1s3nVeO8d7fVQQxZ8qBwmwF8nJdHUjAHhp2PqUhQfRb.D7\"><\/div>\n<\/div>\n<p>Ministrul Justi\u021biei a ad\u0103ugat c\u0103 s-a purtat o discu\u021bie \u00een forul intern al partidului \u0219i mai urmeaz\u0103 altele.<\/p>\n<p>\u201dAm purtat o discu\u021bie \u00een forul intern al partidului, urmeaz\u0103 s\u0103 mai discut\u0103m \u0219i op\u021biunea final\u0103 va fi evident anun\u021bat\u0103 public\u201d, a mai spus oficialul.\u00a0<\/p>\n<div id=\"truvid-desktop-postion\"><\/div>\n<\/div>\n<div data-ao-pid=\"acVcznEUnS79iL7oRf2OfNAAE8XviPKkQ6AW09XriFv.87\"><\/div>\n<div class=\"realitatea-add\">\n<div class=\"realitatea-in-article-partner\"><\/div>\n<\/div>\n<div class=\"realitatea-partners-news realitatea-partners-design\">\n<hr class=\"realitatea-partners-news-hr\">\n<div class=\"d-flex justify-content-center w-100 flex-row mt-5 mb-5\">\n                                <!--  &amp; \/32628511\/Realitatea.netV2_articol_mobile\/300x250_1 --><\/p>\n<div id=\"div-gpt-ad-1625071005196-0\"><\/div>\n<\/p><\/div>\n<hr class=\"realitatea-partners-news-hr\">\n<article class>\n<div class=\"article-box-image\">\n<figure>\n                    <a href=\"https:\/\/www.tabu.ro\/alex-velea-decizie-dupa-ce-piesa-nou-lansata-de-copiii-sai-si-ai-antoniei-a-starnit-valuri-de-controverse\/\" data-href=\"\/\/locale.realitatea.net\/2024\/02\/d6365422c35ae807f5d6133475b922c1.jpg\" class=\"progressive replace\" title=\"Alex Velea, decizie dup\u0103 ce piesa nou lansat\u0103 de copiii s\u0103i \u0219i ai Antoniei a st\u00e2rnit valuri de controverse\" rel=\"noopener external nofollow\" target=\"_blank\"><br \/>\n                                    <img decoding=\"async\" src=\"https:\/\/media.realitatea.net\/multimedia\/placeholder\/placeholder-article.webp\" class=\"preview w-100\" alt=\"Articol partener\"><br \/>\n                    <\/a><br \/>\n                <\/figure>\n<\/p><\/div>\n<div class=\"article-box-section\">\n<h3>TABU.RO<\/h3>\n<\/p><\/div>\n<div class=\"article-box-title\">\n                <a href=\"https:\/\/www.tabu.ro\/alex-velea-decizie-dupa-ce-piesa-nou-lansata-de-copiii-sai-si-ai-antoniei-a-starnit-valuri-de-controverse\/\" title=\"Alex Velea, decizie dup\u0103 ce piesa nou lansat\u0103 de copiii s\u0103i \u0219i ai Antoniei a st\u00e2rnit valuri de controverse\" rel=\"noopener external nofollow\" target=\"_blank\"><br \/>\n                    <span>Alex Velea, decizie dup\u0103 ce piesa nou lansat\u0103 de copiii s\u0103i \u0219i ai Antoniei a st\u00e2rnit valuri de controverse<\/span><br \/>\n                <\/a>\n            <\/div>\n<\/article>\n<hr class=\"realitatea-partners-news-hr\">\n            <\/div>\n<\/p><\/div>\n<div class=\"articleBody\" data-key=\"articleBody\"> &#8220;N-am scris demisia, nu cred ca trebuie sa discutam in termeni de ultimatum. Partidul Social Democrat si-a prezentat pozitia. A fost una rezultata democratic din vointa membrilor nostri in cadrul unei consultari foarte largi. (&#8230;) Scrierea unei demisii nu necesita decat cateva minute pana la urma. Gasirea unei solutii necesita foarte multa intelepciune, insa, inca o data, trebuie inteles si punctul de vedere al PSD. Doreste sa fie respectat. Este partidul cel mai mare din aceasta coalitie. Nu a spus niciodata ca se derobeaza de responsabilitatea guvernarii, nu a spus niciodata ca nu-si asuma reformele convenite prin programul de guvernare, a spus insa ca, atat timp cat are o identitate politica si in programul de guvernare au fost retinute cateva idei si directii de actiune specifice Partidului Social Democrat, ar trebui si ele sa fie respectate&#8221;, a declarat Radu Marinescu. Ministrul Justitiei a adaugat ca s-a purtat o discutie in forul intern al partidului si mai urmeaza altele.&#8221;Am purtat o discutie in forul intern al partidului, urmeaza sa mai discutam si optiunea finala va fi evident anuntata public&#8221;, a mai spus oficialul. <\/div>\n<\/p>\n<p>[analyse_source url=&#8221;https:\/\/www.realitatea.net\/stiri\/actual\/ministrul-justitiei-nam-scris-demisia-nu-cred-ca-trebuie-sa-discutam-in-termeni-de-ultimatum_69e89df78546af0ffe07fbe2&#8243;]<\/p>\n","protected":false},"excerpt":{"rendered":"<p>[analyse_image type=&#8221;featured&#8221; src=&#8221;https:\/\/media.realitatea.net\/multimedia\/image\/202601\/w1920\/radu-marinescu_42302df656.jpg&#8221;] &lt;!&#8211; &#8211;&gt; \u00a0 \u201dN-am scris demisia, nu cred c\u0103 trebuie s\u0103 discut\u0103m \u00een termeni de ultimatum. Partidul Social Democrat \u0219i-a prezentat pozi\u021bia. A fost una rezultat\u0103 democratic din voin\u021ba membrilor no\u0219tri \u00een cadrul unei consult\u0103ri foarte largi. (&#8230;)\u00a0 Scrierea unei demisii nu necesit\u0103 dec\u00e2t c\u00e2teva minute p\u00e2n\u0103 la urm\u0103. G\u0103sirea unei solu\u021bii [&hellip;]<\/p>\n","protected":false},"author":1,"featured_media":0,"comment_status":"open","ping_status":"","sticky":false,"template":"","format":"standard","meta":{"footnotes":""},"categories":[89],"tags":[226,15],"class_list":["post-1896063","post","type-post","status-publish","format-standard","hentry","category-romania","tag-crawlmanager","tag-realitatea-net"],"_links":{"self":[{"href":"https:\/\/analyse.optim.biz\/index.php?rest_route=\/wp\/v2\/posts\/1896063","targetHints":{"allow":["GET"]}}],"collection":[{"href":"https:\/\/analyse.optim.biz\/index.php?rest_route=\/wp\/v2\/posts"}],"about":[{"href":"https:\/\/analyse.optim.biz\/index.php?rest_route=\/wp\/v2\/types\/post"}],"author":[{"embeddable":true,"href":"https:\/\/analyse.optim.biz\/index.php?rest_route=\/wp\/v2\/users\/1"}],"replies":[{"embeddable":true,"href":"https:\/\/analyse.optim.biz\/index.php?rest_route=%2Fwp%2Fv2%2Fcomments&post=1896063"}],"version-history":[{"count":0,"href":"https:\/\/analyse.optim.biz\/index.php?rest_route=\/wp\/v2\/posts\/1896063\/revisions"}],"wp:attachment":[{"href":"https:\/\/analyse.optim.biz\/index.php?rest_route=%2Fwp%2Fv2%2Fmedia&parent=1896063"}],"wp:term":[{"taxonomy":"category","embeddable":true,"href":"https:\/\/analyse.optim.biz\/index.php?rest_route=%2Fwp%2Fv2%2Fcategories&post=1896063"},{"taxonomy":"post_tag","embeddable":true,"href":"https:\/\/analyse.optim.biz\/index.php?rest_route=%2Fwp%2Fv2%2Ftags&post=1896063"}],"curies":[{"name":"wp","href":"https:\/\/api.w.org\/{rel}","templated":true}]}}