{"id":1896060,"date":"2026-04-22T09:54:08","date_gmt":"2026-04-22T06:54:08","guid":{"rendered":"https:\/\/analyse.optim.biz\/?p=1896060"},"modified":"2026-04-22T09:54:08","modified_gmt":"2026-04-22T06:54:08","slug":"doliu-in-lumea-mondena-designer-eugen-olteanu-a-murit-la-42-de-ani","status":"publish","type":"post","link":"https:\/\/analyse.optim.biz\/?p=1896060","title":{"rendered":"Doliu \u00een lumea monden\u0103. Designer Eugen Olteanu a murit la 42 de ani"},"content":{"rendered":"<p>[analyse_image type=&#8221;featured&#8221; src=&#8221;https:\/\/media.realitatea.net\/multimedia\/image\/202604\/w1920\/677186847_27111070648479089_6651434035606481644_n_05ddf19676.jpg&#8221;]<\/p>\n<div class=\"article-box-content\">\n&lt;!&#8211;            <\/p>\n<div class=\"article-box-content\" role=\"section\" aria-label=\"Con&#539;inutul articolului\">&#8211;&gt;<\/p>\n<div id=\"digital-atelier-mobile\"><\/div>\n<div id=\"permanent-position-before-content\"><\/div>\n<div id=\"digital-atelier-desktop\"><\/div>\n<div class=\"realitatea-article-content-box\">\n<p>Designerul Eugen Olteanu s-a stins din via\u021b\u0103 la doar 42 de ani, informa\u021bia fiind confirmat\u0103 de familia acestuia. So\u021bia creatorului de mod\u0103 a publicat un mesaj emo\u021bionant pe re\u021belele de socializare, \u00een care \u00ee\u0219i exprim\u0103 durerea pierderii: \u201eTe voi iubi ve\u0219nic, iubirea mea. Din inima mea nu vei pleca niciodat\u0103.\u201d<\/p>\n<div id=\"adocean-mobile-positon\">\n<div data-ao-pid=\"1s3nVeO8d7fVQQxZ8qBwmwF8nJdHUjAHhp2PqUhQfRb.D7\"><\/div>\n<\/p><\/div>\n<p>Vestea dispari\u021biei sale a provocat un val de reac\u021bii \u00een r\u00e2ndul celor care l-au cunoscut. Printre cei care au transmis mesaje de condolean\u021be se num\u0103r\u0103 \u0219i Sorana Mohamad, fosta membr\u0103 a trupei A.S.I.A., apropiat\u0103 a creatorului de mod\u0103.<\/p>\n<\/p>\n<p>De\u0219i cauza decesului nu a fost f\u0103cut\u0103 public\u0103, un apropiat al designerului a sugerat, \u00eentr-un mesaj postat online, c\u0103 Eugen Olteanu s-ar fi confruntat cu o boal\u0103 grav\u0103 \u00een ultima perioad\u0103.<\/p>\n<div id=\"truvid-desktop-postion\"><\/div>\n<div id=\"truvid-mobile-postion\"><\/div>\n<div id=\"adocean-desktop-positon\">\n<div data-ao-pid=\"1s3nVeO8d7fVQQxZ8qBwmwF8nJdHUjAHhp2PqUhQfRb.D7\"><\/div>\n<\/div>\n<\/div>\n<div data-ao-pid=\"acVcznEUnS79iL7oRf2OfNAAE8XviPKkQ6AW09XriFv.87\"><\/div>\n<div class=\"realitatea-add\">\n<div class=\"realitatea-in-article-partner\"><\/div>\n<\/div>\n<div class=\"realitatea-partners-news realitatea-partners-design\">\n<hr class=\"realitatea-partners-news-hr\">\n<div class=\"d-flex justify-content-center w-100 flex-row mt-5 mb-5\">\n                                <!--  &amp; \/32628511\/Realitatea.netV2_articol_mobile\/300x250_1 --><\/p>\n<div id=\"div-gpt-ad-1625071005196-0\"><\/div>\n<\/p><\/div>\n<hr class=\"realitatea-partners-news-hr\">\n<article class>\n<div class=\"article-box-image\">\n<figure>\n                    <a href=\"https:\/\/www.tabu.ro\/alex-velea-decizie-dupa-ce-piesa-nou-lansata-de-copiii-sai-si-ai-antoniei-a-starnit-valuri-de-controverse\/\" data-href=\"\/\/locale.realitatea.net\/2024\/02\/d6365422c35ae807f5d6133475b922c1.jpg\" class=\"progressive replace\" title=\"Alex Velea, decizie dup\u0103 ce piesa nou lansat\u0103 de copiii s\u0103i \u0219i ai Antoniei a st\u00e2rnit valuri de controverse\" rel=\"noopener external nofollow\" target=\"_blank\"><br \/>\n                                    <img decoding=\"async\" src=\"https:\/\/media.realitatea.net\/multimedia\/placeholder\/placeholder-article.webp\" class=\"preview w-100\" alt=\"Articol partener\"><br \/>\n                    <\/a><br \/>\n                <\/figure>\n<\/p><\/div>\n<div class=\"article-box-section\">\n<h3>TABU.RO<\/h3>\n<\/p><\/div>\n<div class=\"article-box-title\">\n                <a href=\"https:\/\/www.tabu.ro\/alex-velea-decizie-dupa-ce-piesa-nou-lansata-de-copiii-sai-si-ai-antoniei-a-starnit-valuri-de-controverse\/\" title=\"Alex Velea, decizie dup\u0103 ce piesa nou lansat\u0103 de copiii s\u0103i \u0219i ai Antoniei a st\u00e2rnit valuri de controverse\" rel=\"noopener external nofollow\" target=\"_blank\"><br \/>\n                    <span>Alex Velea, decizie dup\u0103 ce piesa nou lansat\u0103 de copiii s\u0103i \u0219i ai Antoniei a st\u00e2rnit valuri de controverse<\/span><br \/>\n                <\/a>\n            <\/div>\n<\/article>\n<hr class=\"realitatea-partners-news-hr\">\n            <\/div>\n<\/p><\/div>\n<div class=\"articleBody\" data-key=\"articleBody\">Designerul Eugen Olteanu s-a stins din viata la doar 42 de ani, informatia fiind confirmata de familia acestuia. Sotia creatorului de moda a publicat un mesaj emotionant pe retelele de socializare, in care isi exprima durerea pierderii: ,,Te voi iubi vesnic, iubirea mea. Din inima mea nu vei pleca niciodata.&#8221;Vestea disparitiei sale a provocat un val de reactii in randul celor care l-au cunoscut. Printre cei care au transmis mesaje de condoleante se numara si Sorana Mohamad, fosta membra a trupei A.S.I.A., apropiata a creatorului de moda.Desi cauza decesului nu a fost facuta publica, un apropiat al designerului a sugerat, intr-un mesaj postat online, ca Eugen Olteanu s-ar fi confruntat cu o boala grava in ultima perioada.<\/div>\n<\/p>\n<p>[analyse_source url=&#8221;https:\/\/www.realitatea.net\/stiri\/monden\/doliu-in-lumea-mondena-designer-eugen-olteanu-a-murit-la-42-de-ani_69e89ac0940c94497045a3c5&#8243;]<\/p>\n","protected":false},"excerpt":{"rendered":"<p>[analyse_image type=&#8221;featured&#8221; src=&#8221;https:\/\/media.realitatea.net\/multimedia\/image\/202604\/w1920\/677186847_27111070648479089_6651434035606481644_n_05ddf19676.jpg&#8221;] &lt;!&#8211; &#8211;&gt; Designerul Eugen Olteanu s-a stins din via\u021b\u0103 la doar 42 de ani, informa\u021bia fiind confirmat\u0103 de familia acestuia. So\u021bia creatorului de mod\u0103 a publicat un mesaj emo\u021bionant pe re\u021belele de socializare, \u00een care \u00ee\u0219i exprim\u0103 durerea pierderii: \u201eTe voi iubi ve\u0219nic, iubirea mea. Din inima mea nu vei pleca niciodat\u0103.\u201d [&hellip;]<\/p>\n","protected":false},"author":1,"featured_media":0,"comment_status":"open","ping_status":"","sticky":false,"template":"","format":"standard","meta":{"footnotes":""},"categories":[89],"tags":[226,15],"class_list":["post-1896060","post","type-post","status-publish","format-standard","hentry","category-romania","tag-crawlmanager","tag-realitatea-net"],"_links":{"self":[{"href":"https:\/\/analyse.optim.biz\/index.php?rest_route=\/wp\/v2\/posts\/1896060","targetHints":{"allow":["GET"]}}],"collection":[{"href":"https:\/\/analyse.optim.biz\/index.php?rest_route=\/wp\/v2\/posts"}],"about":[{"href":"https:\/\/analyse.optim.biz\/index.php?rest_route=\/wp\/v2\/types\/post"}],"author":[{"embeddable":true,"href":"https:\/\/analyse.optim.biz\/index.php?rest_route=\/wp\/v2\/users\/1"}],"replies":[{"embeddable":true,"href":"https:\/\/analyse.optim.biz\/index.php?rest_route=%2Fwp%2Fv2%2Fcomments&post=1896060"}],"version-history":[{"count":0,"href":"https:\/\/analyse.optim.biz\/index.php?rest_route=\/wp\/v2\/posts\/1896060\/revisions"}],"wp:attachment":[{"href":"https:\/\/analyse.optim.biz\/index.php?rest_route=%2Fwp%2Fv2%2Fmedia&parent=1896060"}],"wp:term":[{"taxonomy":"category","embeddable":true,"href":"https:\/\/analyse.optim.biz\/index.php?rest_route=%2Fwp%2Fv2%2Fcategories&post=1896060"},{"taxonomy":"post_tag","embeddable":true,"href":"https:\/\/analyse.optim.biz\/index.php?rest_route=%2Fwp%2Fv2%2Ftags&post=1896060"}],"curies":[{"name":"wp","href":"https:\/\/api.w.org\/{rel}","templated":true}]}}