{"id":1896057,"date":"2026-04-22T09:52:13","date_gmt":"2026-04-22T06:52:13","guid":{"rendered":"https:\/\/analyse.optim.biz\/?p=1896057"},"modified":"2026-04-22T09:52:13","modified_gmt":"2026-04-22T06:52:13","slug":"incendiu-la-un-camin-de-batrani-din-targu-secuiesc-34-de-persoane-au-fost-evacuate","status":"publish","type":"post","link":"https:\/\/analyse.optim.biz\/?p=1896057","title":{"rendered":"Incendiu la un c\u0103min de b\u0103tr\u00e2ni din T\u00e2rgu Secuiesc. 34 de persoane au fost evacuate"},"content":{"rendered":"<p>[analyse_image type=&#8221;featured&#8221; src=&#8221;https:\/\/media.realitatea.net\/multimedia\/image\/202604\/w1920\/incendiu&#8212;2026-04-22T124655189_79cf4fe77e.jpg&#8221;]<\/p>\n<div class=\"article-box-content\">\n&lt;!&#8211;            <\/p>\n<div class=\"article-box-content\" role=\"section\" aria-label=\"Con&#539;inutul articolului\">&#8211;&gt;<\/p>\n<div id=\"digital-atelier-mobile\"><\/div>\n<div id=\"permanent-position-before-content\"><\/div>\n<div id=\"digital-atelier-desktop\"><\/div>\n<div class=\"realitatea-article-content-box\">\n<p>Inspectoratul Jude\u021bean pentru Situa\u021bii de Urgen\u021b\u0103 (ISU) Covasna a transmis c\u0103 <a href=\"https:\/\/www.realitatea.net\/stiri\/actual\/incendiul-de-la-cet-bucuresti-vest-echipele-elcen-efectueaza-o-analiza-tehnica-detaliata-pentru-identificarea-cauzelor-producerii-incidentului_69e895b143d1736e247cb9d2\" target=\"_blank\" rel=\"noopener\"><span><strong>incendiul<\/strong> <\/span><\/a>a fost cauzat, cel mai probabil, de un cablu electric defect.<\/p>\n<div id=\"adocean-mobile-positon\">\n<div data-ao-pid=\"1s3nVeO8d7fVQQxZ8qBwmwF8nJdHUjAHhp2PqUhQfRb.D7\"><\/div>\n<\/p><\/div>\n<p>\u201d\u00cen aceast\u0103 diminea\u021b\u0103, \u00een jurul orei 06:00, pompierii cov\u0103sneni au intervenit pentru stingerea unui incendiu izbucnit la un c\u0103min de b\u0103tr\u00e2ni din municipiul T\u00e2rgu Secuiesc. La fa\u021ba locului au fost mobilizate trei autospeciale de stingere \u0219i un echipaj SMURD.\u00a0<\/p>\n<p>La sosirea echipajelor, incendiul se manifesta \u00een buc\u0103t\u0103rie, cu degaj\u0103ri mari de fum, pe o suprafa\u021b\u0103 de aproximativ 40 de metri p\u0103tra\u021bi. \u00cen urma incendiului au fost afectate bunuri \u0219i elemente din interiorul buc\u0103t\u0103riei.\u00a0<\/p>\n<p>Cauza probabil\u0103 de producere a incendiului a fost un scurtcircuit electric, generat de un cablu electric defect. Pe timpul interven\u021biei, 34 de persoane s-au autoevacuat \u00een siguran\u021b\u0103, f\u0103r\u0103 a necesita \u00eengrijiri medicale\u201d, au anun\u021bat reprezentan\u021bii ISU Covasna.<\/p>\n<div id=\"truvid-desktop-postion\"><\/div>\n<div id=\"truvid-mobile-postion\"><\/div>\n<div id=\"adocean-desktop-positon\">\n<div data-ao-pid=\"1s3nVeO8d7fVQQxZ8qBwmwF8nJdHUjAHhp2PqUhQfRb.D7\"><\/div>\n<\/div>\n<\/div>\n<div data-ao-pid=\"acVcznEUnS79iL7oRf2OfNAAE8XviPKkQ6AW09XriFv.87\"><\/div>\n<div class=\"realitatea-add\">\n<div class=\"realitatea-in-article-partner\"><\/div>\n<\/div>\n<div class=\"realitatea-partners-news realitatea-partners-design\">\n<hr class=\"realitatea-partners-news-hr\">\n<div class=\"d-flex justify-content-center w-100 flex-row mt-5 mb-5\">\n                                <!--  &amp; \/32628511\/Realitatea.netV2_articol_mobile\/300x250_1 --><\/p>\n<div id=\"div-gpt-ad-1625071005196-0\"><\/div>\n<\/p><\/div>\n<hr class=\"realitatea-partners-news-hr\">\n<article class>\n<div class=\"article-box-image\">\n<figure>\n                    <a href=\"https:\/\/www.tabu.ro\/alex-velea-decizie-dupa-ce-piesa-nou-lansata-de-copiii-sai-si-ai-antoniei-a-starnit-valuri-de-controverse\/\" data-href=\"\/\/locale.realitatea.net\/2024\/02\/d6365422c35ae807f5d6133475b922c1.jpg\" class=\"progressive replace\" title=\"Alex Velea, decizie dup\u0103 ce piesa nou lansat\u0103 de copiii s\u0103i \u0219i ai Antoniei a st\u00e2rnit valuri de controverse\" rel=\"noopener external nofollow\" target=\"_blank\"><br \/>\n                                    <img decoding=\"async\" src=\"https:\/\/media.realitatea.net\/multimedia\/placeholder\/placeholder-article.webp\" class=\"preview w-100\" alt=\"Articol partener\"><br \/>\n                    <\/a><br \/>\n                <\/figure>\n<\/p><\/div>\n<div class=\"article-box-section\">\n<h3>TABU.RO<\/h3>\n<\/p><\/div>\n<div class=\"article-box-title\">\n                <a href=\"https:\/\/www.tabu.ro\/alex-velea-decizie-dupa-ce-piesa-nou-lansata-de-copiii-sai-si-ai-antoniei-a-starnit-valuri-de-controverse\/\" title=\"Alex Velea, decizie dup\u0103 ce piesa nou lansat\u0103 de copiii s\u0103i \u0219i ai Antoniei a st\u00e2rnit valuri de controverse\" rel=\"noopener external nofollow\" target=\"_blank\"><br \/>\n                    <span>Alex Velea, decizie dup\u0103 ce piesa nou lansat\u0103 de copiii s\u0103i \u0219i ai Antoniei a st\u00e2rnit valuri de controverse<\/span><br \/>\n                <\/a>\n            <\/div>\n<\/article>\n<hr class=\"realitatea-partners-news-hr\">\n            <\/div>\n<\/p><\/div>\n<div class=\"articleBody\" data-key=\"articleBody\">Inspectoratul Judetean pentru Situatii de Urgenta (ISU) Covasna a transmis ca incendiul a fost cauzat, cel mai probabil, de un cablu electric defect.&#8221;In aceasta dimineata, in jurul orei 06:00, pompierii covasneni au intervenit pentru stingerea unui incendiu izbucnit la un camin de batrani din municipiul Targu Secuiesc. La fata locului au fost mobilizate trei autospeciale de stingere si un echipaj SMURD. La sosirea echipajelor, incendiul se manifesta in bucatarie, cu degajari mari de fum, pe o suprafata de aproximativ 40 de metri patrati. In urma incendiului au fost afectate bunuri si elemente din interiorul bucatariei. Cauza probabila de producere a incendiului a fost un scurtcircuit electric, generat de un cablu electric defect. Pe timpul interventiei, 34 de persoane s-au autoevacuat in siguranta, fara a necesita ingrijiri medicale&#8221;, au anuntat reprezentantii ISU Covasna.<\/div>\n<\/p>\n<p>[analyse_source url=&#8221;https:\/\/www.realitatea.net\/stiri\/actual\/incendiu-la-un-camin-de-batrani-din-targu-secuiesc-34-de-persoane-au-fost-evacuate_69e89a4d0a157c6ba5337792&#8243;]<\/p>\n","protected":false},"excerpt":{"rendered":"<p>[analyse_image type=&#8221;featured&#8221; src=&#8221;https:\/\/media.realitatea.net\/multimedia\/image\/202604\/w1920\/incendiu&#8212;2026-04-22T124655189_79cf4fe77e.jpg&#8221;] &lt;!&#8211; &#8211;&gt; Inspectoratul Jude\u021bean pentru Situa\u021bii de Urgen\u021b\u0103 (ISU) Covasna a transmis c\u0103 incendiul a fost cauzat, cel mai probabil, de un cablu electric defect. \u201d\u00cen aceast\u0103 diminea\u021b\u0103, \u00een jurul orei 06:00, pompierii cov\u0103sneni au intervenit pentru stingerea unui incendiu izbucnit la un c\u0103min de b\u0103tr\u00e2ni din municipiul T\u00e2rgu Secuiesc. La fa\u021ba [&hellip;]<\/p>\n","protected":false},"author":1,"featured_media":0,"comment_status":"open","ping_status":"","sticky":false,"template":"","format":"standard","meta":{"footnotes":""},"categories":[89],"tags":[226,15],"class_list":["post-1896057","post","type-post","status-publish","format-standard","hentry","category-romania","tag-crawlmanager","tag-realitatea-net"],"_links":{"self":[{"href":"https:\/\/analyse.optim.biz\/index.php?rest_route=\/wp\/v2\/posts\/1896057","targetHints":{"allow":["GET"]}}],"collection":[{"href":"https:\/\/analyse.optim.biz\/index.php?rest_route=\/wp\/v2\/posts"}],"about":[{"href":"https:\/\/analyse.optim.biz\/index.php?rest_route=\/wp\/v2\/types\/post"}],"author":[{"embeddable":true,"href":"https:\/\/analyse.optim.biz\/index.php?rest_route=\/wp\/v2\/users\/1"}],"replies":[{"embeddable":true,"href":"https:\/\/analyse.optim.biz\/index.php?rest_route=%2Fwp%2Fv2%2Fcomments&post=1896057"}],"version-history":[{"count":0,"href":"https:\/\/analyse.optim.biz\/index.php?rest_route=\/wp\/v2\/posts\/1896057\/revisions"}],"wp:attachment":[{"href":"https:\/\/analyse.optim.biz\/index.php?rest_route=%2Fwp%2Fv2%2Fmedia&parent=1896057"}],"wp:term":[{"taxonomy":"category","embeddable":true,"href":"https:\/\/analyse.optim.biz\/index.php?rest_route=%2Fwp%2Fv2%2Fcategories&post=1896057"},{"taxonomy":"post_tag","embeddable":true,"href":"https:\/\/analyse.optim.biz\/index.php?rest_route=%2Fwp%2Fv2%2Ftags&post=1896057"}],"curies":[{"name":"wp","href":"https:\/\/api.w.org\/{rel}","templated":true}]}}