{"id":1896054,"date":"2026-04-22T09:48:56","date_gmt":"2026-04-22T06:48:56","guid":{"rendered":"https:\/\/analyse.optim.biz\/?p=1896054"},"modified":"2026-04-22T09:48:56","modified_gmt":"2026-04-22T06:48:56","slug":"ce-au-cerut-social-democratii-in-fata-lui-nicusor-dan-psd-il-vrea-afara-pe-ilie-bolojan-din-guvern-cat-mai-curand-surse","status":"publish","type":"post","link":"https:\/\/analyse.optim.biz\/?p=1896054","title":{"rendered":"Ce au cerut social-democra\u021bii \u00een fa\u021ba lui Nicu\u0219or Dan. PSD \u00eel vrea afar\u0103 pe Ilie Bolojan din Guvern c\u00e2t mai cur\u00e2nd &#8211; SURSE"},"content":{"rendered":"<p>[analyse_image type=&#8221;featured&#8221; src=&#8221;https:\/\/media.realitatea.net\/multimedia\/image\/202604\/w1920\/INSTANT_CONSULTARI_PSD_66_INQUAM_Photos_Octav_Ganea_3f88868fab.jpg&#8221;]<\/p>\n<div class=\"article-box-content\">\n&lt;!&#8211;            <\/p>\n<div class=\"article-box-content\" role=\"section\" aria-label=\"Con&#539;inutul articolului\">&#8211;&gt;<\/p>\n<div id=\"digital-atelier-mobile\"><\/div>\n<div id=\"permanent-position-before-content\"><\/div>\n<div id=\"digital-atelier-desktop\"><\/div>\n<div class=\"realitatea-article-content-box\">\n<p>\u00cen replic\u0103, pre\u0219edintele le-ar fi transmis c\u0103 nu se ia \u00een calcul o am\u00e2nare p\u00e2n\u0103 \u00een luna august, ceea ce \u00eenseamn\u0103 c\u0103 p\u00e2n\u0103 atunci trebuie s\u0103 existe o decizie clar\u0103 \u00een privin\u021ba blocajului din interiorul coali\u021biei. \u00cen acest moment, r\u0103m\u00e2ne esen\u021bial cum va ar\u0103ta aceast\u0103 decizie, \u00een condi\u021biile \u00een care pe masa negocierilor se afl\u0103 mai multe scenarii.<\/p>\n<div id=\"adocean-mobile-positon\">\n<div data-ao-pid=\"1s3nVeO8d7fVQQxZ8qBwmwF8nJdHUjAHhp2PqUhQfRb.D7\"><\/div>\n<\/p><\/div>\n<h2>Ce au cerut social-democra\u021bii \u00een fa\u021ba lui Nicu\u0219or Dan<\/h2>\n<p>Se discut\u0103 at\u00e2t despre \u00eenlocuirea premierului cu o alt\u0103 variant\u0103 din partea PNL, c\u00e2t \u0219i despre posibilitatea unui premier tehnocrat sau chiar a unui premier propus de PSD. Exist\u0103 \u00eens\u0103 \u0219i varianta sus\u021binut\u0103 de Ilie Bolojan, aceea de a r\u0103m\u00e2ne \u00een fruntea unui guvern minoritar, chiar \u0219i \u00een lipsa unei sus\u021bineri clare \u00een Parlament, de\u0219i nu este exclus s\u0103 \u00eencerce s\u0103 \u00ee\u0219i construiasc\u0103 aceast\u0103 majoritate.<\/p>\n<div id=\"truvid-mobile-postion\"><\/div>\n<div id=\"adocean-desktop-positon\">\n<div data-ao-pid=\"1s3nVeO8d7fVQQxZ8qBwmwF8nJdHUjAHhp2PqUhQfRb.D7\"><\/div>\n<\/div>\n<p>Sursele politice sus\u021bin c\u0103 social-democra\u021bii sunt dispu\u0219i s\u0103 \u00eei acorde un termen p\u00e2n\u0103 \u00een luna mai pentru a ob\u021bine sprijin parlamentar. \u00cen cazul \u00een care acest lucru nu se va \u00eent\u00e2mpla, PSD ar putea merge mai departe cu semnarea \u0219i sus\u021binerea unei mo\u021biuni de cenzur\u0103 \u00een Parlament.<\/p>\n<div id=\"truvid-desktop-postion\"><\/div>\n<\/div>\n<div data-ao-pid=\"acVcznEUnS79iL7oRf2OfNAAE8XviPKkQ6AW09XriFv.87\"><\/div>\n<div class=\"realitatea-add\">\n<div class=\"realitatea-in-article-partner\"><\/div>\n<\/div>\n<div class=\"realitatea-partners-news realitatea-partners-design\">\n<hr class=\"realitatea-partners-news-hr\">\n<div class=\"d-flex justify-content-center w-100 flex-row mt-5 mb-5\">\n                                <!--  &amp; \/32628511\/Realitatea.netV2_articol_mobile\/300x250_1 --><\/p>\n<div id=\"div-gpt-ad-1625071005196-0\"><\/div>\n<\/p><\/div>\n<hr class=\"realitatea-partners-news-hr\">\n<article class>\n<div class=\"article-box-image\">\n<figure>\n                    <a href=\"https:\/\/www.tabu.ro\/alex-velea-decizie-dupa-ce-piesa-nou-lansata-de-copiii-sai-si-ai-antoniei-a-starnit-valuri-de-controverse\/\" data-href=\"\/\/locale.realitatea.net\/2024\/02\/d6365422c35ae807f5d6133475b922c1.jpg\" class=\"progressive replace\" title=\"Alex Velea, decizie dup\u0103 ce piesa nou lansat\u0103 de copiii s\u0103i \u0219i ai Antoniei a st\u00e2rnit valuri de controverse\" rel=\"noopener external nofollow\" target=\"_blank\"><br \/>\n                                    <img decoding=\"async\" src=\"https:\/\/media.realitatea.net\/multimedia\/placeholder\/placeholder-article.webp\" class=\"preview w-100\" alt=\"Articol partener\"><br \/>\n                    <\/a><br \/>\n                <\/figure>\n<\/p><\/div>\n<div class=\"article-box-section\">\n<h3>TABU.RO<\/h3>\n<\/p><\/div>\n<div class=\"article-box-title\">\n                <a href=\"https:\/\/www.tabu.ro\/alex-velea-decizie-dupa-ce-piesa-nou-lansata-de-copiii-sai-si-ai-antoniei-a-starnit-valuri-de-controverse\/\" title=\"Alex Velea, decizie dup\u0103 ce piesa nou lansat\u0103 de copiii s\u0103i \u0219i ai Antoniei a st\u00e2rnit valuri de controverse\" rel=\"noopener external nofollow\" target=\"_blank\"><br \/>\n                    <span>Alex Velea, decizie dup\u0103 ce piesa nou lansat\u0103 de copiii s\u0103i \u0219i ai Antoniei a st\u00e2rnit valuri de controverse<\/span><br \/>\n                <\/a>\n            <\/div>\n<\/article>\n<hr class=\"realitatea-partners-news-hr\">\n            <\/div>\n<\/p><\/div>\n<div class=\"articleBody\" data-key=\"articleBody\">In replica, presedintele le-ar fi transmis ca nu se ia in calcul o amanare pana in luna august, ceea ce inseamna ca pana atunci trebuie sa existe o decizie clara in privinta blocajului din interiorul coalitiei. In acest moment, ramane esential cum va arata aceasta decizie, in conditiile in care pe masa negocierilor se afla mai multe scenarii.Ce au cerut social-democratii in fata lui Nicusor DanSe discuta atat despre inlocuirea premierului cu o alta varianta din partea PNL, cat si despre posibilitatea unui premier tehnocrat sau chiar a unui premier propus de PSD. Exista insa si varianta sustinuta de Ilie Bolojan, aceea de a ramane in fruntea unui guvern minoritar, chiar si in lipsa unei sustineri clare in Parlament, desi nu este exclus sa incerce sa isi construiasca aceasta majoritate.Sursele politice sustin ca social-democratii sunt dispusi sa ii acorde un termen pana in luna mai pentru a obtine sprijin parlamentar. In cazul in care acest lucru nu se va intampla, PSD ar putea merge mai departe cu semnarea si sustinerea unei motiuni de cenzura in Parlament.<\/div>\n<\/p>\n<p>[analyse_source url=&#8221;https:\/\/www.realitatea.net\/stiri\/politica\/ce-au-cerut-socialdemocratii-in-fata-lui-nicusor-dan-psd-il-vrea-afara-pe-ilie-bolojan-din-guvern-cat-mai-curand-surse_69e8998800d6555a0f5f7b45&#8243;]<\/p>\n","protected":false},"excerpt":{"rendered":"<p>[analyse_image type=&#8221;featured&#8221; src=&#8221;https:\/\/media.realitatea.net\/multimedia\/image\/202604\/w1920\/INSTANT_CONSULTARI_PSD_66_INQUAM_Photos_Octav_Ganea_3f88868fab.jpg&#8221;] &lt;!&#8211; &#8211;&gt; \u00cen replic\u0103, pre\u0219edintele le-ar fi transmis c\u0103 nu se ia \u00een calcul o am\u00e2nare p\u00e2n\u0103 \u00een luna august, ceea ce \u00eenseamn\u0103 c\u0103 p\u00e2n\u0103 atunci trebuie s\u0103 existe o decizie clar\u0103 \u00een privin\u021ba blocajului din interiorul coali\u021biei. \u00cen acest moment, r\u0103m\u00e2ne esen\u021bial cum va ar\u0103ta aceast\u0103 decizie, \u00een condi\u021biile \u00een care [&hellip;]<\/p>\n","protected":false},"author":1,"featured_media":0,"comment_status":"open","ping_status":"","sticky":false,"template":"","format":"standard","meta":{"footnotes":""},"categories":[89],"tags":[226,15],"class_list":["post-1896054","post","type-post","status-publish","format-standard","hentry","category-romania","tag-crawlmanager","tag-realitatea-net"],"_links":{"self":[{"href":"https:\/\/analyse.optim.biz\/index.php?rest_route=\/wp\/v2\/posts\/1896054","targetHints":{"allow":["GET"]}}],"collection":[{"href":"https:\/\/analyse.optim.biz\/index.php?rest_route=\/wp\/v2\/posts"}],"about":[{"href":"https:\/\/analyse.optim.biz\/index.php?rest_route=\/wp\/v2\/types\/post"}],"author":[{"embeddable":true,"href":"https:\/\/analyse.optim.biz\/index.php?rest_route=\/wp\/v2\/users\/1"}],"replies":[{"embeddable":true,"href":"https:\/\/analyse.optim.biz\/index.php?rest_route=%2Fwp%2Fv2%2Fcomments&post=1896054"}],"version-history":[{"count":0,"href":"https:\/\/analyse.optim.biz\/index.php?rest_route=\/wp\/v2\/posts\/1896054\/revisions"}],"wp:attachment":[{"href":"https:\/\/analyse.optim.biz\/index.php?rest_route=%2Fwp%2Fv2%2Fmedia&parent=1896054"}],"wp:term":[{"taxonomy":"category","embeddable":true,"href":"https:\/\/analyse.optim.biz\/index.php?rest_route=%2Fwp%2Fv2%2Fcategories&post=1896054"},{"taxonomy":"post_tag","embeddable":true,"href":"https:\/\/analyse.optim.biz\/index.php?rest_route=%2Fwp%2Fv2%2Ftags&post=1896054"}],"curies":[{"name":"wp","href":"https:\/\/api.w.org\/{rel}","templated":true}]}}