{"id":1896041,"date":"2026-04-22T09:15:29","date_gmt":"2026-04-22T06:15:29","guid":{"rendered":"https:\/\/analyse.optim.biz\/?p=1896041"},"modified":"2026-04-22T09:15:29","modified_gmt":"2026-04-22T06:15:29","slug":"bolojan-cauta-sustinere-externe-mesaj-din-parlamentul-european","status":"publish","type":"post","link":"https:\/\/analyse.optim.biz\/?p=1896041","title":{"rendered":"Bolojan caut\u0103 sus\u021binere externe: mesaj din Parlamentul European"},"content":{"rendered":"<p>[analyse_image type=&#8221;featured&#8221; src=&#8221;https:\/\/media.realitatea.net\/multimedia\/image\/202212\/w1920\/profimedia-0743317592_f23df12fe4.jpg&#8221;]<\/p>\n<div class=\"article-box-content\">\n&lt;!&#8211;            <\/p>\n<div class=\"article-box-content\" role=\"section\" aria-label=\"Con&#539;inutul articolului\">&#8211;&gt;<\/p>\n<div id=\"digital-atelier-mobile\"><\/div>\n<div id=\"permanent-position-before-content\"><\/div>\n<div id=\"digital-atelier-desktop\"><\/div>\n<div class=\"realitatea-article-content-box\">\n<p data-start=\"0\" data-end=\"322\">Liderul Partidului Popular European, <span class=\"hover:entity-accent entity-underline inline cursor-pointer align-baseline\"><span class=\"whitespace-normal\">Manfred Weber<\/span><\/span> &#8211; familia politic\u0103 european\u0103 din care face parte <span class=\"hover:entity-accent entity-underline inline cursor-pointer align-baseline\"><span class=\"whitespace-normal\">Partidul Na\u021bional Liberal<\/span><\/span> &#8211; a anun\u021bat, \u00eentr-o postare pe contul s\u0103u de Facebook, c\u0103 \u00eel sus\u021bine \u00een continuare pe <span class=\"hover:entity-accent entity-underline inline cursor-pointer align-baseline\"><span class=\"whitespace-normal\">Ilie Bolojan<\/span><\/span> \u00een func\u021bia de premier al Rom\u00e2niei.<\/p>\n<div id=\"adocean-mobile-positon\">\n<div data-ao-pid=\"1s3nVeO8d7fVQQxZ8qBwmwF8nJdHUjAHhp2PqUhQfRb.D7\"><\/div>\n<\/p><\/div>\n<p data-start=\"324\" data-end=\"501\">Liderul european spune c\u0103, p\u00e2n\u0103 acum, premierul a f\u0103cut o treab\u0103 bun\u0103 \u00een ceea ce prive\u0219te reformele pe care \u0219i le-a asumat \u0219i c\u0103 ar trebui s\u0103 conduc\u0103 \u00een continuare Executivul.<\/p>\n<p data-start=\"503\" data-end=\"727\" data-is-last-node data-is-only-node><span class=\"hover:entity-accent entity-underline inline cursor-pointer align-baseline\"><span class=\"whitespace-normal\">Manfred Weber<\/span><\/span> critic\u0103, de asemenea, demersurile <span class=\"hover:entity-accent entity-underline inline cursor-pointer align-baseline\"><span class=\"whitespace-normal\">Partidul Social Democrat<\/span><\/span>, despre care afirm\u0103 c\u0103 \u0219i-ar fi \u00eenc\u0103lcat toate angajamentele fa\u021b\u0103 de structurile europene asumate p\u00e2n\u0103 \u00een prezent.<\/p>\n<\/p>\n<div id=\"truvid-desktop-postion\"><\/div>\n<div id=\"truvid-mobile-postion\"><\/div>\n<div id=\"adocean-desktop-positon\">\n<div data-ao-pid=\"1s3nVeO8d7fVQQxZ8qBwmwF8nJdHUjAHhp2PqUhQfRb.D7\"><\/div>\n<\/div>\n<\/div>\n<div data-ao-pid=\"acVcznEUnS79iL7oRf2OfNAAE8XviPKkQ6AW09XriFv.87\"><\/div>\n<div class=\"realitatea-add\">\n<div class=\"realitatea-in-article-partner\"><\/div>\n<\/div>\n<div class=\"realitatea-partners-news realitatea-partners-design\">\n<hr class=\"realitatea-partners-news-hr\">\n<div class=\"d-flex justify-content-center w-100 flex-row mt-5 mb-5\">\n                                <!--  &amp; \/32628511\/Realitatea.netV2_articol_mobile\/300x250_1 --><\/p>\n<div id=\"div-gpt-ad-1625071005196-0\"><\/div>\n<\/p><\/div>\n<hr class=\"realitatea-partners-news-hr\">\n<article class>\n<div class=\"article-box-image\">\n<figure>\n                    <a href=\"https:\/\/www.tabu.ro\/alex-velea-decizie-dupa-ce-piesa-nou-lansata-de-copiii-sai-si-ai-antoniei-a-starnit-valuri-de-controverse\/\" data-href=\"\/\/locale.realitatea.net\/2024\/02\/d6365422c35ae807f5d6133475b922c1.jpg\" class=\"progressive replace\" title=\"Alex Velea, decizie dup\u0103 ce piesa nou lansat\u0103 de copiii s\u0103i \u0219i ai Antoniei a st\u00e2rnit valuri de controverse\" rel=\"noopener external nofollow\" target=\"_blank\"><br \/>\n                                    <img decoding=\"async\" src=\"https:\/\/media.realitatea.net\/multimedia\/placeholder\/placeholder-article.webp\" class=\"preview w-100\" alt=\"Articol partener\"><br \/>\n                    <\/a><br \/>\n                <\/figure>\n<\/p><\/div>\n<div class=\"article-box-section\">\n<h3>TABU.RO<\/h3>\n<\/p><\/div>\n<div class=\"article-box-title\">\n                <a href=\"https:\/\/www.tabu.ro\/alex-velea-decizie-dupa-ce-piesa-nou-lansata-de-copiii-sai-si-ai-antoniei-a-starnit-valuri-de-controverse\/\" title=\"Alex Velea, decizie dup\u0103 ce piesa nou lansat\u0103 de copiii s\u0103i \u0219i ai Antoniei a st\u00e2rnit valuri de controverse\" rel=\"noopener external nofollow\" target=\"_blank\"><br \/>\n                    <span>Alex Velea, decizie dup\u0103 ce piesa nou lansat\u0103 de copiii s\u0103i \u0219i ai Antoniei a st\u00e2rnit valuri de controverse<\/span><br \/>\n                <\/a>\n            <\/div>\n<\/article>\n<hr class=\"realitatea-partners-news-hr\">\n            <\/div>\n<\/p><\/div>\n<div class=\"articleBody\" data-key=\"articleBody\">Liderul Partidului Popular European, Manfred Weber &#8211; familia politica europeana din care face parte Partidul National Liberal &#8211; a anuntat, intr-o postare pe contul sau de Facebook, ca il sustine in continuare pe Ilie Bolojan in functia de premier al Romaniei.Liderul european spune ca, pana acum, premierul a facut o treaba buna in ceea ce priveste reformele pe care si le-a asumat si ca ar trebui sa conduca in continuare Executivul.Manfred Weber critica, de asemenea, demersurile Partidul Social Democrat, despre care afirma ca si-ar fi incalcat toate angajamentele fata de structurile europene asumate pana in prezent.<\/div>\n<\/p>\n<p>[analyse_source url=&#8221;https:\/\/www.realitatea.net\/stiri\/politica\/bolojan-cauta-sustinere-externe-mesaj-din-parlamentul-european_69e891b138b0520c691f59b2&#8243;]<\/p>\n","protected":false},"excerpt":{"rendered":"<p>[analyse_image type=&#8221;featured&#8221; src=&#8221;https:\/\/media.realitatea.net\/multimedia\/image\/202212\/w1920\/profimedia-0743317592_f23df12fe4.jpg&#8221;] &lt;!&#8211; &#8211;&gt; Liderul Partidului Popular European, Manfred Weber &#8211; familia politic\u0103 european\u0103 din care face parte Partidul Na\u021bional Liberal &#8211; a anun\u021bat, \u00eentr-o postare pe contul s\u0103u de Facebook, c\u0103 \u00eel sus\u021bine \u00een continuare pe Ilie Bolojan \u00een func\u021bia de premier al Rom\u00e2niei. Liderul european spune c\u0103, p\u00e2n\u0103 acum, premierul a f\u0103cut [&hellip;]<\/p>\n","protected":false},"author":1,"featured_media":0,"comment_status":"open","ping_status":"","sticky":false,"template":"","format":"standard","meta":{"footnotes":""},"categories":[89],"tags":[226,15],"class_list":["post-1896041","post","type-post","status-publish","format-standard","hentry","category-romania","tag-crawlmanager","tag-realitatea-net"],"_links":{"self":[{"href":"https:\/\/analyse.optim.biz\/index.php?rest_route=\/wp\/v2\/posts\/1896041","targetHints":{"allow":["GET"]}}],"collection":[{"href":"https:\/\/analyse.optim.biz\/index.php?rest_route=\/wp\/v2\/posts"}],"about":[{"href":"https:\/\/analyse.optim.biz\/index.php?rest_route=\/wp\/v2\/types\/post"}],"author":[{"embeddable":true,"href":"https:\/\/analyse.optim.biz\/index.php?rest_route=\/wp\/v2\/users\/1"}],"replies":[{"embeddable":true,"href":"https:\/\/analyse.optim.biz\/index.php?rest_route=%2Fwp%2Fv2%2Fcomments&post=1896041"}],"version-history":[{"count":0,"href":"https:\/\/analyse.optim.biz\/index.php?rest_route=\/wp\/v2\/posts\/1896041\/revisions"}],"wp:attachment":[{"href":"https:\/\/analyse.optim.biz\/index.php?rest_route=%2Fwp%2Fv2%2Fmedia&parent=1896041"}],"wp:term":[{"taxonomy":"category","embeddable":true,"href":"https:\/\/analyse.optim.biz\/index.php?rest_route=%2Fwp%2Fv2%2Fcategories&post=1896041"},{"taxonomy":"post_tag","embeddable":true,"href":"https:\/\/analyse.optim.biz\/index.php?rest_route=%2Fwp%2Fv2%2Ftags&post=1896041"}],"curies":[{"name":"wp","href":"https:\/\/api.w.org\/{rel}","templated":true}]}}