{"id":1896040,"date":"2026-04-22T10:34:57","date_gmt":"2026-04-22T07:34:57","guid":{"rendered":"https:\/\/analyse.optim.biz\/?p=1896040"},"modified":"2026-04-22T10:34:57","modified_gmt":"2026-04-22T07:34:57","slug":"crima-socanta-in-sectorul-3-un-cetatean-german-de-86-de-ani-suspectat-ca-si-a-ucis-concubina-de-30-de-ani","status":"publish","type":"post","link":"https:\/\/analyse.optim.biz\/?p=1896040","title":{"rendered":"Crim\u0103 \u0219ocant\u0103 \u00een Sectorul 3. Un cet\u0103\u021bean german de 86 de ani, suspectat c\u0103 \u0219i-a ucis concubina de 30 de ani&#8230;"},"content":{"rendered":"<p>[analyse_image type=&#8221;featured&#8221; src=&#8221;https:\/\/cdn.adh.reperio.news\/image-b\/b9f723fc-b01f-4f7f-ae34-625dbdeeb2d5\/index.jpeg?p=f%3Djpeg%26w%3D1200%26h%3D630%26r%3Dcover&#8221;]<\/p>\n<article class=\"svelte-t0js42\">\n<nav>\n<ul class=\"breadcrump svelte-xauq0s\">\n<li class=\"svelte-xauq0s\"><a href=\"\/\" title=\"Adev\u0103rul\" class=\"svelte-xauq0s\">Home<\/a><\/li>\n<li class=\"svelte-xauq0s\"><a href=\"\/stiri-locale\" class=\"svelte-xauq0s\">\u0218tiri locale<\/a><\/li>\n<li class=\"svelte-xauq0s\"><a href=\"\/stiri-locale\/bucuresti\" class=\"svelte-xauq0s\">Bucure\u0219ti<\/a><\/li>\n<li class=\"svelte-xauq0s\"><a href=\"https:\/\/adevarul.ro\/stiri-locale\/bucuresti\/crima-socanta-in-sectorul-3-un-cetatean-german-de-2524445.html\" class=\"svelte-xauq0s\">Crim\u0103 \u0219ocant\u0103 \u00een Sectorul 3. Un cet\u0103\u021bean german de 86 de ani, suspectat c\u0103 \u0219i-a ucis concubina de 30 de ani cu o c\u00e2rj\u0103<\/a><\/li>\n<\/ul>\n<\/nav>\n<p><main class=\"svelte-t0js42\"><\/p>\n<p>Un b\u0103rbat de 86 de ani, cet\u0103\u021bean german, este suspectat c\u0103 \u0219i-ar fi ucis concubina, o rom\u00e2nc\u0103 de 30 de ani. Tragedia s-ar fi produs \u00eentr-o locuin\u021b\u0103 din Sectorul 3 al Capitalei,\u00a0pe fondul unui conflict spontan. B\u0103rbatul se afl\u0103 acum la audieri, iar surse judiciare sus\u021bin c\u0103 acesta are dificult\u0103\u021bi de deplasare.<\/p>\n<div class=\"container-image  svelte-jd4qiv\"><source type=\"image\/webp\" srcset=\"https:\/\/cdn.adh.reperio.news\/image-b\/b9f723fc-b01f-4f7f-ae34-625dbdeeb2d5\/index.jpeg?p=a%3D1%26co%3D1.05%26w%3D1400%26h%3D750%26r%3Dcontain%26f%3Dwebp 1400w\" media=\"(min-width: 1400px)\" \/><\/p>\n<div class=\"caption\">O femeie de 30 de ani a fost ucis\u0103 de concubinul s\u0103u cu 56 de ani mai mare. FOTO: Shutterstock<\/div>\n<\/div>\n<p>\u00cen declara\u021biile oferite anchetatorilor, suspectul a sus\u021binut c\u0103 victima ar fi devenit agresiv\u0103, urc\u00e2ndu-se peste el \u0219i \u00eencerc\u00e2nd s\u0103 \u00eel r\u0103neasc\u0103. Acesta ar fi afirmat c\u0103 a reu\u0219it s\u0103 o \u00eendep\u0103rteze folosindu-se de o c\u00e2rj\u0103, dup\u0103 care ar fi lovit-o \u0219i ulterior ar fi folosit acela\u0219i obiect \u00een alterca\u021bie.<\/p>\n<p>Surse apropiate anchetei precizeaz\u0103 c\u0103, p\u00e2n\u0103 \u00een prezent, \u00eentre cei doi nu existau sesiz\u0103ri sau antecedente privind violen\u021ba domestic\u0103. <\/p>\n<p>Totodat\u0103, victima ar fi fost cunoscut\u0103 de poli\u021bi\u0219ti ca av\u00e2nd probleme legate de\u00a0<a href=\"https:\/\/adevarul.ro\/stiri-interne\/evenimente\/captura-impresionanta-de-droguri-in-mehedinti-un-2520411.html\">consumul de substan\u021be interzise,<\/a>\u00a0iar \u00een momentul incidentului ar fi avut un comportament agresiv, conform Antena 3 CNN.<\/p>\n<p>Anchetatorii continu\u0103 cercet\u0103rile pentru a stabili cu exactitate circumstan\u021bele producerii faptei. B\u0103rbatul urmeaz\u0103 s\u0103 fie audiat \u00een continuare \u0219i supus unor evalu\u0103ri de specialitate, \u00een cadrul anchetei aflate \u00een desf\u0103\u0219urare.<\/p>\n<h2>Femicidul, votat \u00een Parlament de cur\u00e2nd<\/h2>\n<p>Recent, legea care define\u0219te pentru prima dat\u0103 femicidul \u00een legisla\u021bia rom\u00e2neasc\u0103\u00a0<a href=\"https:\/\/adevarul.ro\/politica\/femicidul-votat-in-parlament-legea-prevede-2517797.html\">a fost votat\u0103 decizional de deputa\u021bi<\/a>\u00a0la sf\u00e2r\u0219itul lunii martie. Ini\u021biativa prevede pedepse severe, inclusiv \u00eenchisoarea pe via\u021b\u0103. Actul normativ define\u0219te juridic femicidul. De asemenea, prevede colectarea \u0219i publicarea anual\u0103 de date privind femicidul \u0219i violen\u021bele care \u00eel preced, precum \u0219i protec\u021bie pentru orfanii femicidului, recunoscu\u021bi ca victime directe. <\/p>\n<p>Anul trecut au fost \u00eenregistrate 66 de cazuri de femicid \u00een Rom\u00e2nia, potrivit Centrului FILIA. <\/p>\n<p><\/main><\/p>\n<footer class=\"svelte-t0js42\">\n<div class=\"related-wrap related-footer svelte-1t8qpgs\"><span class=\"related-label svelte-1t8qpgs\">Cite\u0219te \u0219i<\/span><a class=\"related svelte-1t8qpgs\" data-gtrack='{\"event\":\"utm_click\",\"data\":{\"event_category\":\"article_related\"}}' href=\"https:\/\/adevarul.ro\/stiri-interne\/societate\/detalii-socante-in-cazul-baiatului-roman-de-11-2522273.html\" title=\"Alt articol de interes pentru tine\"><img decoding=\"async\" class=\"thumb svelte-1t8qpgs\" src=\"https:\/\/cdn.adh.reperio.news\/image-b\/b6fe21c6-d0fd-420e-bab8-02a13358e765\/index.png\" alt loading=\"lazy\" width=\"80\" height=\"54\"><span class=\"title svelte-1t8qpgs\">Detalii \u0219ocante \u00een cazul b\u0103iatului rom\u00e2n de 11 ani, omor\u00e2t \u00een Spania. Agresorul a ajuns acas\u0103 \u0219i le-a spus p\u0103rin\u021bilor: \u201eTrebuie s\u0103 ne rug\u0103m pentru David\u201d<\/span><\/a><a class=\"related svelte-1t8qpgs\" data-gtrack='{\"event\":\"utm_click\",\"data\":{\"event_category\":\"article_related\"}}' href=\"https:\/\/adevarul.ro\/stiri-interne\/evenimente\/italian-ucis-de-trei-tineri-romani-pe-care-a-2522531.html\" title=\"Alt articol de interes pentru tine\"><img decoding=\"async\" class=\"thumb svelte-1t8qpgs\" src=\"https:\/\/cdn.adh.reperio.news\/image-0\/01a7ec8f-caf3-46be-bf8e-ad83f594e763\/index.jpeg\" alt loading=\"lazy\" width=\"80\" height=\"54\"><span class=\"title svelte-1t8qpgs\">Italian ucis de trei tineri rom\u00e2ni pe care a \u00eencercat s\u0103-i opreasc\u0103 din vandalizarea unui magazin<\/span><\/a><a class=\"related svelte-1t8qpgs\" data-gtrack='{\"event\":\"utm_click\",\"data\":{\"event_category\":\"article_related\"}}' href=\"https:\/\/adevarul.ro\/showbiz\/vedete\/rapper-american-arestat-dupa-ce-o-adolescenta-a-2523407.html\" title=\"Alt articol de interes pentru tine\"><img decoding=\"async\" class=\"thumb svelte-1t8qpgs\" src=\"https:\/\/cdn.adh.reperio.news\/image-c\/ca90b018-ca90-4506-b175-37a607056d92\/index.jpeg\" alt loading=\"lazy\" width=\"80\" height=\"54\"><span class=\"title svelte-1t8qpgs\">Rapper american, arestat dup\u0103 ce o adolescent\u0103 a fost g\u0103sit\u0103 dezmembrat\u0103 \u00een portbagajul ma\u0219inii sale<\/span><\/a><\/div>\n<div class=\"meta svelte-t0js42\">\n<div class=\"authors svelte-t0js42\"><a href=\"\/author\/2086\" rel=\"author\" class=\"svelte-t0js42\">Oana Ababei<\/a><\/div>\n<div class=\"tags svelte-12okeyl\"><span class=\"tags-label metaFont svelte-12okeyl\">Cite\u0219te mai multe despre<\/span><\/p>\n<div class=\"tags-list svelte-12okeyl\"><a href=\"\/tag\/bucuresti\" title=\"Ultimele \u0219tiri despre bucuresti\" class=\"tag-pill svelte-12okeyl\">bucuresti<\/a><a href=\"\/tag\/crima\" title=\"Ultimele \u0219tiri despre crima\" class=\"tag-pill svelte-12okeyl\">crima<\/a><a href=\"\/tag\/capitala\" title=\"Ultimele \u0219tiri despre capitala\" class=\"tag-pill svelte-12okeyl\">capitala<\/a><\/div>\n<\/div>\n<\/div>\n<p><a class=\"moreFromCategory svelte-t0js42\" href=\"\/stiri-locale\/bucuresti\" title=\"Bucure\u0219ti\">Mai multe din <strong class=\"svelte-t0js42\">Bucure\u0219ti<\/strong> \u203a<\/a><\/footer>\n<\/article>\n<p>[analyse_source url=&#8221;https:\/\/adevarul.ro\/stiri-locale\/bucuresti\/crima-socanta-in-sectorul-3-un-cetatean-german-de-2524445.html&#8221;]<\/p>\n","protected":false},"excerpt":{"rendered":"<p>[analyse_image type=&#8221;featured&#8221; src=&#8221;https:\/\/cdn.adh.reperio.news\/image-b\/b9f723fc-b01f-4f7f-ae34-625dbdeeb2d5\/index.jpeg?p=f%3Djpeg%26w%3D1200%26h%3D630%26r%3Dcover&#8221;] Home \u0218tiri locale Bucure\u0219ti Crim\u0103 \u0219ocant\u0103 \u00een Sectorul 3. Un cet\u0103\u021bean german de 86 de ani, suspectat c\u0103 \u0219i-a ucis concubina de 30 de ani cu o c\u00e2rj\u0103 Un b\u0103rbat de 86 de ani, cet\u0103\u021bean german, este suspectat c\u0103 \u0219i-ar fi ucis concubina, o rom\u00e2nc\u0103 de 30 de ani. Tragedia s-ar fi [&hellip;]<\/p>\n","protected":false},"author":1,"featured_media":0,"comment_status":"open","ping_status":"","sticky":false,"template":"","format":"standard","meta":{"footnotes":""},"categories":[89],"tags":[19,226],"class_list":["post-1896040","post","type-post","status-publish","format-standard","hentry","category-romania","tag-adevarul","tag-crawlmanager"],"_links":{"self":[{"href":"https:\/\/analyse.optim.biz\/index.php?rest_route=\/wp\/v2\/posts\/1896040","targetHints":{"allow":["GET"]}}],"collection":[{"href":"https:\/\/analyse.optim.biz\/index.php?rest_route=\/wp\/v2\/posts"}],"about":[{"href":"https:\/\/analyse.optim.biz\/index.php?rest_route=\/wp\/v2\/types\/post"}],"author":[{"embeddable":true,"href":"https:\/\/analyse.optim.biz\/index.php?rest_route=\/wp\/v2\/users\/1"}],"replies":[{"embeddable":true,"href":"https:\/\/analyse.optim.biz\/index.php?rest_route=%2Fwp%2Fv2%2Fcomments&post=1896040"}],"version-history":[{"count":0,"href":"https:\/\/analyse.optim.biz\/index.php?rest_route=\/wp\/v2\/posts\/1896040\/revisions"}],"wp:attachment":[{"href":"https:\/\/analyse.optim.biz\/index.php?rest_route=%2Fwp%2Fv2%2Fmedia&parent=1896040"}],"wp:term":[{"taxonomy":"category","embeddable":true,"href":"https:\/\/analyse.optim.biz\/index.php?rest_route=%2Fwp%2Fv2%2Fcategories&post=1896040"},{"taxonomy":"post_tag","embeddable":true,"href":"https:\/\/analyse.optim.biz\/index.php?rest_route=%2Fwp%2Fv2%2Ftags&post=1896040"}],"curies":[{"name":"wp","href":"https:\/\/api.w.org\/{rel}","templated":true}]}}