{"id":1896038,"date":"2026-04-22T09:12:21","date_gmt":"2026-04-22T06:12:21","guid":{"rendered":"https:\/\/analyse.optim.biz\/?p=1896038"},"modified":"2026-04-22T09:12:21","modified_gmt":"2026-04-22T06:12:21","slug":"ministrul-muncii-anunt-despre-plata-pensiilor-in-plina-criza-politica-in-exclusivitate-la-realitatea-plus-cand-vor-ajunge-ajutoarele-pentru-pensionari-video","status":"publish","type":"post","link":"https:\/\/analyse.optim.biz\/?p=1896038","title":{"rendered":"Ministrul Muncii, anun\u021b despre plata pensiilor \u00een plin\u0103 criz\u0103 politic\u0103, \u00een exclusivitate la Realitatea PLUS. C\u00e2nd vor ajunge ajutoarele pentru pensionari-VIDEO"},"content":{"rendered":"<p>[analyse_image type=&#8221;featured&#8221; src=&#8221;https:\/\/media.realitatea.net\/multimedia\/image\/202604\/w1920\/florin-manole_bd04ddfd0d.jpg&#8221;]<\/p>\n<div class=\"article-box-content\">\n&lt;!&#8211;            <\/p>\n<div class=\"article-box-content\" role=\"section\" aria-label=\"Con&#539;inutul articolului\">&#8211;&gt;<\/p>\n<div id=\"digital-atelier-mobile\"><\/div>\n<div id=\"permanent-position-before-content\"><\/div>\n<div id=\"digital-atelier-desktop\"><\/div>\n<div class=\"realitatea-article-content-box\">\n<p>\u00a0<\/p>\n<div id=\"adocean-mobile-positon\">\n<div data-ao-pid=\"1s3nVeO8d7fVQQxZ8qBwmwF8nJdHUjAHhp2PqUhQfRb.D7\"><\/div>\n<\/p><\/div>\n<p><strong>Alexandra Nistorescu, jurnalist Realitatea PLUS:<\/strong> Domnule ministru, suntem \u00een criz\u0103 politic\u0103. Dac\u0103 este s\u0103 ne uit\u0103m la calendarul pe care l-a\u021bi anun\u021bat, partidul din care face\u021bi parte \u00ee\u0219i retrage m\u00e2ine mini\u0219trii, deci v\u0103 da\u021bi demisia. Ce se \u00eent\u00e2mpl\u0103 cu veniturile oamenilor? S\u0103 ne a\u0219tept\u0103m s\u0103 apar\u0103 poate eventuale \u00eent\u00e2rzieri \u00een <a href=\"https:\/\/www.realitatea.net\/stiri\/economie\/umilinta-pentru-pensionari-pensia-medie-a-crescut-cu-doar-2-lei-in-timp-ce-preturile-au-explodat-cat-pierd-romanii-din-cauza-inflatiei_69e5c28b307bc579800d6a42\" target=\"_blank\" rel=\"noopener\"><span><strong>plata pensiilor<\/strong><\/span><\/a>, a salariilor? Vor mai ajunge acele ajutoare one-off \u00een luna mai?<\/p>\n<p><strong>Florin Manole, ministrul Muncii:<\/strong> Ajutoarele one-off ajung \u00een luna mai. Pensiile \u0219i salariile nu sunt \u00een pericol din niciun punct de vedere. Cele mai multe dintre proiectele din minister sunt convins c\u0103 vor continua \u0219i au o dinamic\u0103 prea pu\u021bin politic\u0103, adic\u0103 au o dinamic\u0103 administrativ\u0103 \u0219i tehnic\u0103. Sunt proiecte pe fonduri europene, au un curs al lor. Nu suntem \u00eentr-o criz\u0103 politic\u0103, suntem \u00eentr-o criz\u0103 economic\u0103, \u00eentr-o criz\u0103 social\u0103, cu o infla\u021bie dubl\u0103 fa\u021b\u0103 de aceea\u0219i lun\u0103 a anului trecut. Suntem cu o putere de cump\u0103rare aproape pr\u0103bu\u0219it\u0103 pentru anumite categorii sociale \u0219i, din aceste motive, trebuia \u0219i trebuie f\u0103cut ceva. Din punctul nostru de vedere, acest &#8220;ceva&#8221; este oprirea actualului curs al unei guvern\u0103ri \u00een care nu suntem deloc de acord cu premierul, noi \u0219i cred c\u0103 80% dintre rom\u00e2ni.<\/p>\n<div id=\"truvid-mobile-postion\"><\/div>\n<div id=\"adocean-desktop-positon\">\n<div data-ao-pid=\"1s3nVeO8d7fVQQxZ8qBwmwF8nJdHUjAHhp2PqUhQfRb.D7\"><\/div>\n<\/div>\n<p><strong>Alexandra Nistorescu, jurnalist Realitatea PLUS:<\/strong> Ce form\u0103 de guvernare vede\u021bi posibil\u0103, astfel \u00eenc\u00e2t s\u0103 vin\u0103 viitorul executiv cu o serie de m\u0103suri prin care s\u0103 redres\u0103m economia, s\u0103 cre\u0219tem puterea de cump\u0103rare?<\/p>\n<p><strong>Florin Manole, ministrul Muncii:<\/strong> V\u0103d nevoia, \u00eens\u0103, a unui premier care s\u0103 \u00een\u021beleag\u0103 mai mult economie sau dac\u0103 nu \u00een\u021belege mai mult despre economie, m\u0103car s\u0103 aib\u0103 deschiderea pentru a asculta opinii ale speciali\u0219tilor, pentru a accepta propuneri de altundeva dec\u00e2t g\u00e2ndite exclusiv de el.<\/p>\n<div id=\"truvid-desktop-postion\"><\/div>\n<\/div>\n<div data-ao-pid=\"acVcznEUnS79iL7oRf2OfNAAE8XviPKkQ6AW09XriFv.87\"><\/div>\n<div class=\"realitatea-add\">\n<div class=\"realitatea-in-article-partner\"><\/div>\n<\/div>\n<div class=\"realitatea-partners-news realitatea-partners-design\">\n<hr class=\"realitatea-partners-news-hr\">\n<div class=\"d-flex justify-content-center w-100 flex-row mt-5 mb-5\">\n                                <!--  &amp; \/32628511\/Realitatea.netV2_articol_mobile\/300x250_1 --><\/p>\n<div id=\"div-gpt-ad-1625071005196-0\"><\/div>\n<\/p><\/div>\n<hr class=\"realitatea-partners-news-hr\">\n<article class>\n<div class=\"article-box-image\">\n<figure>\n                    <a href=\"https:\/\/www.tabu.ro\/alex-velea-decizie-dupa-ce-piesa-nou-lansata-de-copiii-sai-si-ai-antoniei-a-starnit-valuri-de-controverse\/\" data-href=\"\/\/locale.realitatea.net\/2024\/02\/d6365422c35ae807f5d6133475b922c1.jpg\" class=\"progressive replace\" title=\"Alex Velea, decizie dup\u0103 ce piesa nou lansat\u0103 de copiii s\u0103i \u0219i ai Antoniei a st\u00e2rnit valuri de controverse\" rel=\"noopener external nofollow\" target=\"_blank\"><br \/>\n                                    <img decoding=\"async\" src=\"https:\/\/media.realitatea.net\/multimedia\/placeholder\/placeholder-article.webp\" class=\"preview w-100\" alt=\"Articol partener\"><br \/>\n                    <\/a><br \/>\n                <\/figure>\n<\/p><\/div>\n<div class=\"article-box-section\">\n<h3>TABU.RO<\/h3>\n<\/p><\/div>\n<div class=\"article-box-title\">\n                <a href=\"https:\/\/www.tabu.ro\/alex-velea-decizie-dupa-ce-piesa-nou-lansata-de-copiii-sai-si-ai-antoniei-a-starnit-valuri-de-controverse\/\" title=\"Alex Velea, decizie dup\u0103 ce piesa nou lansat\u0103 de copiii s\u0103i \u0219i ai Antoniei a st\u00e2rnit valuri de controverse\" rel=\"noopener external nofollow\" target=\"_blank\"><br \/>\n                    <span>Alex Velea, decizie dup\u0103 ce piesa nou lansat\u0103 de copiii s\u0103i \u0219i ai Antoniei a st\u00e2rnit valuri de controverse<\/span><br \/>\n                <\/a>\n            <\/div>\n<\/article>\n<hr class=\"realitatea-partners-news-hr\">\n            <\/div>\n<\/p><\/div>\n<div class=\"articleBody\" data-key=\"articleBody\"> Alexandra Nistorescu, jurnalist Realitatea PLUS: Domnule ministru, suntem in criza politica. Daca este sa ne uitam la calendarul pe care l-ati anuntat, partidul din care faceti parte isi retrage maine ministrii, deci va dati demisia. Ce se intampla cu veniturile oamenilor? Sa ne asteptam sa apara poate eventuale intarzieri in plata pensiilor, a salariilor? Vor mai ajunge acele ajutoare one-off in luna mai?Florin Manole, ministrul Muncii: Ajutoarele one-off ajung in luna mai. Pensiile si salariile nu sunt in pericol din niciun punct de vedere. Cele mai multe dintre proiectele din minister sunt convins ca vor continua si au o dinamica prea putin politica, adica au o dinamica administrativa si tehnica. Sunt proiecte pe fonduri europene, au un curs al lor. Nu suntem intr-o criza politica, suntem intr-o criza economica, intr-o criza sociala, cu o inflatie dubla fata de aceeasi luna a anului trecut. Suntem cu o putere de cumparare aproape prabusita pentru anumite categorii sociale si, din aceste motive, trebuia si trebuie facut ceva. Din punctul nostru de vedere, acest &#8220;ceva&#8221; este oprirea actualului curs al unei guvernari in care nu suntem deloc de acord cu premierul, noi si cred ca 80% dintre romani.Alexandra Nistorescu, jurnalist Realitatea PLUS: Ce forma de guvernare vedeti posibila, astfel incat sa vina viitorul executiv cu o serie de masuri prin care sa redresam economia, sa crestem puterea de cumparare?Florin Manole, ministrul Muncii: Vad nevoia, insa, a unui premier care sa inteleaga mai mult economie sau daca nu intelege mai mult despre economie, macar sa aiba deschiderea pentru a asculta opinii ale specialistilor, pentru a accepta propuneri de altundeva decat gandite exclusiv de el.<\/div>\n<\/p>\n<p>[analyse_source url=&#8221;https:\/\/www.realitatea.net\/stiri\/actual\/ministrul-muncii-anunt-despre-plata-pensiilor-in-plina-criza-politica-in-exclusivitate-la-realitatea-plus-cand-vor-ajunge-ajutoarele-pentru-pensionarivideo_69e890f54589e86579383e22&#8243;]<\/p>\n","protected":false},"excerpt":{"rendered":"<p>[analyse_image type=&#8221;featured&#8221; src=&#8221;https:\/\/media.realitatea.net\/multimedia\/image\/202604\/w1920\/florin-manole_bd04ddfd0d.jpg&#8221;] &lt;!&#8211; &#8211;&gt; \u00a0 Alexandra Nistorescu, jurnalist Realitatea PLUS: Domnule ministru, suntem \u00een criz\u0103 politic\u0103. Dac\u0103 este s\u0103 ne uit\u0103m la calendarul pe care l-a\u021bi anun\u021bat, partidul din care face\u021bi parte \u00ee\u0219i retrage m\u00e2ine mini\u0219trii, deci v\u0103 da\u021bi demisia. Ce se \u00eent\u00e2mpl\u0103 cu veniturile oamenilor? S\u0103 ne a\u0219tept\u0103m s\u0103 apar\u0103 poate eventuale \u00eent\u00e2rzieri [&hellip;]<\/p>\n","protected":false},"author":1,"featured_media":0,"comment_status":"open","ping_status":"","sticky":false,"template":"","format":"standard","meta":{"footnotes":""},"categories":[89],"tags":[226,15],"class_list":["post-1896038","post","type-post","status-publish","format-standard","hentry","category-romania","tag-crawlmanager","tag-realitatea-net"],"_links":{"self":[{"href":"https:\/\/analyse.optim.biz\/index.php?rest_route=\/wp\/v2\/posts\/1896038","targetHints":{"allow":["GET"]}}],"collection":[{"href":"https:\/\/analyse.optim.biz\/index.php?rest_route=\/wp\/v2\/posts"}],"about":[{"href":"https:\/\/analyse.optim.biz\/index.php?rest_route=\/wp\/v2\/types\/post"}],"author":[{"embeddable":true,"href":"https:\/\/analyse.optim.biz\/index.php?rest_route=\/wp\/v2\/users\/1"}],"replies":[{"embeddable":true,"href":"https:\/\/analyse.optim.biz\/index.php?rest_route=%2Fwp%2Fv2%2Fcomments&post=1896038"}],"version-history":[{"count":0,"href":"https:\/\/analyse.optim.biz\/index.php?rest_route=\/wp\/v2\/posts\/1896038\/revisions"}],"wp:attachment":[{"href":"https:\/\/analyse.optim.biz\/index.php?rest_route=%2Fwp%2Fv2%2Fmedia&parent=1896038"}],"wp:term":[{"taxonomy":"category","embeddable":true,"href":"https:\/\/analyse.optim.biz\/index.php?rest_route=%2Fwp%2Fv2%2Fcategories&post=1896038"},{"taxonomy":"post_tag","embeddable":true,"href":"https:\/\/analyse.optim.biz\/index.php?rest_route=%2Fwp%2Fv2%2Ftags&post=1896038"}],"curies":[{"name":"wp","href":"https:\/\/api.w.org\/{rel}","templated":true}]}}