{"id":1896035,"date":"2026-04-22T08:54:07","date_gmt":"2026-04-22T05:54:07","guid":{"rendered":"https:\/\/analyse.optim.biz\/?p=1896035"},"modified":"2026-04-22T08:54:07","modified_gmt":"2026-04-22T05:54:07","slug":"israelul-gata-de-ofensiva-totala-seful-armatei-suntem-pregatiti-sa-reluam-imediat-luptele-pe-toate-fronturile","status":"publish","type":"post","link":"https:\/\/analyse.optim.biz\/?p=1896035","title":{"rendered":"Israelul, gata de ofensiv\u0103 total\u0103! \u0218eful Armatei: Suntem preg\u0103ti\u021bi s\u0103 relu\u0103m imediat luptele pe toate fronturile"},"content":{"rendered":"<p>[analyse_image type=&#8221;featured&#8221; src=&#8221;https:\/\/media.realitatea.net\/multimedia\/image\/202604\/w1920\/profimedia-1051803576_c7b863e990.jpg&#8221;]<\/p>\n<div class=\"article-box-content\">\n&lt;!&#8211;            <\/p>\n<div class=\"article-box-content\" role=\"section\" aria-label=\"Con&#539;inutul articolului\">&#8211;&gt;<\/p>\n<div id=\"digital-atelier-mobile\"><\/div>\n<div id=\"permanent-position-before-content\"><\/div>\n<div id=\"digital-atelier-desktop\"><\/div>\n<div class=\"realitatea-article-content-box\">\n<p data-start=\"484\" data-end=\"740\">\u201eDe la infernul de pe 7 octombrie, lucr\u0103m pentru a ne reface puterea militar\u0103 printr-un conflict continuu\u201d, declar\u0103 acesta, \u00een cadrul unei ceremonii de Ziua Independen\u021bei organizate la re\u0219edin\u021ba pre\u0219edintelui, unde au fost onora\u021bi 120 de solda\u021bi remarca\u021bi.<\/p>\n<div id=\"adocean-mobile-positon\">\n<div data-ao-pid=\"1s3nVeO8d7fVQQxZ8qBwmwF8nJdHUjAHhp2PqUhQfRb.D7\"><\/div>\n<\/p><\/div>\n<p data-start=\"742\" data-end=\"894\">El afirm\u0103 c\u0103 \u00een <span class=\"hover:entity-accent entity-underline inline cursor-pointer align-baseline\"><span class=\"whitespace-normal\">Gaza<\/span><\/span>, IDF \u201ea prevalat \u00een lupta \u00eempotriva Hamas &#8211; \u0219i a respectat comanda: \u00abNu l\u0103s\u0103m pe nimeni \u00een urm\u0103\u00bb\u201d.<\/p>\n<p data-start=\"896\" data-end=\"1042\">\u201e\u00cen acest moment, ducem lupte intense \u00een <span class=\"hover:entity-accent entity-underline inline cursor-pointer align-baseline\"><span class=\"whitespace-normal\">Liban<\/span><\/span>\u00a0pentru a \u00eent\u0103ri ap\u0103rarea comunit\u0103\u021bilor din nord\u201d, a mai spus Zamir.<\/p>\n<p data-start=\"1044\" data-end=\"1275\">Totodat\u0103, el a f\u0103cut referire la confrunt\u0103rile cu <span class=\"hover:entity-accent entity-underline inline cursor-pointer align-baseline\"><span class=\"whitespace-normal\">Iranul<\/span><\/span> din cadrul opera\u021biunile \u201eRising Lion\u201d \u0219i \u201eRoaring Lion\u201d, referindu-se la r\u0103zboiul din iunie 2025 \u0219i la conflictul de 40 de zile cu Republica Islamic\u0103.<\/p>\n<p data-start=\"1277\" data-end=\"1468\" data-is-last-node data-is-only-node>\u201e\u00cen acest moment, IDF men\u021bine un nivel ridicat de alert\u0103 \u0219i preg\u0103tire, fiind gata s\u0103 revin\u0103 imediat \u0219i \u00een for\u021b\u0103 \u00een lupt\u0103 \u00een toate sectoarele\u201d, a ad\u0103ugat <span class=\"hover:entity-accent entity-underline inline cursor-pointer align-baseline\"><span class=\"whitespace-normal\">Eyal Zamir<\/span><\/span>.<\/p>\n<div id=\"truvid-desktop-postion\"><\/div>\n<div id=\"truvid-mobile-postion\"><\/div>\n<div id=\"adocean-desktop-positon\">\n<div data-ao-pid=\"1s3nVeO8d7fVQQxZ8qBwmwF8nJdHUjAHhp2PqUhQfRb.D7\"><\/div>\n<\/div>\n<\/div>\n<div data-ao-pid=\"acVcznEUnS79iL7oRf2OfNAAE8XviPKkQ6AW09XriFv.87\"><\/div>\n<div class=\"realitatea-add\">\n<div class=\"realitatea-in-article-partner\"><\/div>\n<\/div>\n<div class=\"realitatea-partners-news realitatea-partners-design\">\n<hr class=\"realitatea-partners-news-hr\">\n<div class=\"d-flex justify-content-center w-100 flex-row mt-5 mb-5\">\n                                <!--  &amp; \/32628511\/Realitatea.netV2_articol_mobile\/300x250_1 --><\/p>\n<div id=\"div-gpt-ad-1625071005196-0\"><\/div>\n<\/p><\/div>\n<hr class=\"realitatea-partners-news-hr\">\n<article class>\n<div class=\"article-box-image\">\n<figure>\n                    <a href=\"https:\/\/www.tabu.ro\/alex-velea-decizie-dupa-ce-piesa-nou-lansata-de-copiii-sai-si-ai-antoniei-a-starnit-valuri-de-controverse\/\" data-href=\"\/\/locale.realitatea.net\/2024\/02\/d6365422c35ae807f5d6133475b922c1.jpg\" class=\"progressive replace\" title=\"Alex Velea, decizie dup\u0103 ce piesa nou lansat\u0103 de copiii s\u0103i \u0219i ai Antoniei a st\u00e2rnit valuri de controverse\" rel=\"noopener external nofollow\" target=\"_blank\"><br \/>\n                                    <img decoding=\"async\" src=\"https:\/\/media.realitatea.net\/multimedia\/placeholder\/placeholder-article.webp\" class=\"preview w-100\" alt=\"Articol partener\"><br \/>\n                    <\/a><br \/>\n                <\/figure>\n<\/p><\/div>\n<div class=\"article-box-section\">\n<h3>TABU.RO<\/h3>\n<\/p><\/div>\n<div class=\"article-box-title\">\n                <a href=\"https:\/\/www.tabu.ro\/alex-velea-decizie-dupa-ce-piesa-nou-lansata-de-copiii-sai-si-ai-antoniei-a-starnit-valuri-de-controverse\/\" title=\"Alex Velea, decizie dup\u0103 ce piesa nou lansat\u0103 de copiii s\u0103i \u0219i ai Antoniei a st\u00e2rnit valuri de controverse\" rel=\"noopener external nofollow\" target=\"_blank\"><br \/>\n                    <span>Alex Velea, decizie dup\u0103 ce piesa nou lansat\u0103 de copiii s\u0103i \u0219i ai Antoniei a st\u00e2rnit valuri de controverse<\/span><br \/>\n                <\/a>\n            <\/div>\n<\/article>\n<hr class=\"realitatea-partners-news-hr\">\n            <\/div>\n<\/p><\/div>\n<div class=\"articleBody\" data-key=\"articleBody\">,,De la infernul de pe 7 octombrie, lucram pentru a ne reface puterea militara printr-un conflict continuu&#8221;, declara acesta, in cadrul unei ceremonii de Ziua Independentei organizate la resedinta presedintelui, unde au fost onorati 120 de soldati remarcati.El afirma ca in Gaza, IDF ,,a prevalat in lupta impotriva Hamas &#8211; si a respectat comanda: &lt;&lt;Nu lasam pe nimeni in urma&gt;&gt;&#8221;.,,In acest moment, ducem lupte intense in Liban pentru a intari apararea comunitatilor din nord&#8221;, a mai spus Zamir.Totodata, el a facut referire la confruntarile cu Iranul din cadrul operatiunile ,,Rising Lion&#8221; si ,,Roaring Lion&#8221;, referindu-se la razboiul din iunie 2025 si la conflictul de 40 de zile cu Republica Islamica.,,In acest moment, IDF mentine un nivel ridicat de alerta si pregatire, fiind gata sa revina imediat si in forta in lupta in toate sectoarele&#8221;, a adaugat Eyal Zamir.<\/div>\n<\/p>\n<p>[analyse_source url=&#8221;https:\/\/www.realitatea.net\/stiri\/actual\/israelul-gata-de-ofensiva-totala-seful-armatei-israelul-este-pregatit-sa-reia-imediat-luptele-pe-toate-fronturile_69e88caf64728020ad3050a7&#8243;]<\/p>\n","protected":false},"excerpt":{"rendered":"<p>[analyse_image type=&#8221;featured&#8221; src=&#8221;https:\/\/media.realitatea.net\/multimedia\/image\/202604\/w1920\/profimedia-1051803576_c7b863e990.jpg&#8221;] &lt;!&#8211; &#8211;&gt; \u201eDe la infernul de pe 7 octombrie, lucr\u0103m pentru a ne reface puterea militar\u0103 printr-un conflict continuu\u201d, declar\u0103 acesta, \u00een cadrul unei ceremonii de Ziua Independen\u021bei organizate la re\u0219edin\u021ba pre\u0219edintelui, unde au fost onora\u021bi 120 de solda\u021bi remarca\u021bi. El afirm\u0103 c\u0103 \u00een Gaza, IDF \u201ea prevalat \u00een lupta \u00eempotriva Hamas [&hellip;]<\/p>\n","protected":false},"author":1,"featured_media":0,"comment_status":"open","ping_status":"","sticky":false,"template":"","format":"standard","meta":{"footnotes":""},"categories":[89],"tags":[226,15],"class_list":["post-1896035","post","type-post","status-publish","format-standard","hentry","category-romania","tag-crawlmanager","tag-realitatea-net"],"_links":{"self":[{"href":"https:\/\/analyse.optim.biz\/index.php?rest_route=\/wp\/v2\/posts\/1896035","targetHints":{"allow":["GET"]}}],"collection":[{"href":"https:\/\/analyse.optim.biz\/index.php?rest_route=\/wp\/v2\/posts"}],"about":[{"href":"https:\/\/analyse.optim.biz\/index.php?rest_route=\/wp\/v2\/types\/post"}],"author":[{"embeddable":true,"href":"https:\/\/analyse.optim.biz\/index.php?rest_route=\/wp\/v2\/users\/1"}],"replies":[{"embeddable":true,"href":"https:\/\/analyse.optim.biz\/index.php?rest_route=%2Fwp%2Fv2%2Fcomments&post=1896035"}],"version-history":[{"count":0,"href":"https:\/\/analyse.optim.biz\/index.php?rest_route=\/wp\/v2\/posts\/1896035\/revisions"}],"wp:attachment":[{"href":"https:\/\/analyse.optim.biz\/index.php?rest_route=%2Fwp%2Fv2%2Fmedia&parent=1896035"}],"wp:term":[{"taxonomy":"category","embeddable":true,"href":"https:\/\/analyse.optim.biz\/index.php?rest_route=%2Fwp%2Fv2%2Fcategories&post=1896035"},{"taxonomy":"post_tag","embeddable":true,"href":"https:\/\/analyse.optim.biz\/index.php?rest_route=%2Fwp%2Fv2%2Ftags&post=1896035"}],"curies":[{"name":"wp","href":"https:\/\/api.w.org\/{rel}","templated":true}]}}