{"id":1896015,"date":"2026-04-22T08:23:34","date_gmt":"2026-04-22T05:23:34","guid":{"rendered":"https:\/\/analyse.optim.biz\/?p=1896015"},"modified":"2026-04-22T08:23:34","modified_gmt":"2026-04-22T05:23:34","slug":"psd-continua-negocierile-politice-in-paralel-cu-consultarile-oficiale-grindeanu-si-kelemen-hunor-discutii-la-parlament-surse","status":"publish","type":"post","link":"https:\/\/analyse.optim.biz\/?p=1896015","title":{"rendered":"PSD continu\u0103 negocierile politice \u00een paralel cu consult\u0103rile oficiale: Grindeanu \u0219i Kelemen Hunor, discu\u021bii la Parlament &#8211; SURSE"},"content":{"rendered":"<p>[analyse_image type=&#8221;featured&#8221; src=&#8221;https:\/\/media.realitatea.net\/multimedia\/image\/202510\/w1920\/sorin_grindeanu-copy-6_d3e919fceb.jpg&#8221;]<\/p>\n<div class=\"article-box-content\">\n&lt;!&#8211;            <\/p>\n<div class=\"article-box-content\" role=\"section\" aria-label=\"Con&#539;inutul articolului\">&#8211;&gt;<\/p>\n<div id=\"digital-atelier-mobile\"><\/div>\n<div id=\"permanent-position-before-content\"><\/div>\n<div id=\"digital-atelier-desktop\"><\/div>\n<div class=\"realitatea-article-content-box\">\n<p data-start=\"0\" data-end=\"471\">PSD nu st\u0103 deoparte. Din contr\u0103, liderii social-democra\u021bi ar urma s\u0103 se \u00eent\u00e2lneasc\u0103 ast\u0103zi cu reprezentan\u021bii UDMR.<\/p>\n<div id=\"adocean-mobile-positon\">\n<div data-ao-pid=\"1s3nVeO8d7fVQQxZ8qBwmwF8nJdHUjAHhp2PqUhQfRb.D7\"><\/div>\n<\/p><\/div>\n<p data-start=\"0\" data-end=\"471\">Potrivit unor surse citate de Realitatea Plus, Sorin Grindeanu ar urma s\u0103 se vad\u0103 cu Kelemen Hunor de la ora 12:00. Discu\u021biile vin dup\u0103 <a href=\"https:\/\/www.realitatea.net\/stiri\/politica\/consultarimaraton-la-cotroceni-nicusor-dan-discuta-cu-partidele-despre-viitorul-guvernului_69e848fd992ed415001b5f22\" target=\"_blank\" rel=\"noopener\">consult\u0103rile<\/a> la care PSD a participat \u00een cursul dimine\u021bii, de la Palatul Cotroceni, dar \u00eenaintea celor pe care forma\u021biunea maghiar\u0103 le va avea cu Nicu\u0219or Dan \u00een cursul acestei dup\u0103-amiezi.<\/p>\n<p data-start=\"473\" data-end=\"611\" data-is-last-node data-is-only-node>Ulterior, social-democra\u021bii vor merge \u00eentr-o \u0219edin\u021b\u0103 a Biroului Permanent Na\u021bional (BPN), programat\u0103 pentru ora 14:00, potrivit surselor citate.<\/p>\n<p data-start=\"473\" data-end=\"611\" data-is-last-node data-is-only-node>PSD a fost primul partid care a participat, \u00een aceast\u0103 diminea\u021b\u0103, la consult\u0103rile de la Cotroceni cu \u0219eful statului. Din delega\u021bia social-democrat\u0103 au f\u0103cut parte Sorin Grindeanu, viceprim-ministrul Marian Neac\u015fu \u015fi secretarul general Claudiu Manda. La finalul discu\u021biilor, <a href=\"https:\/\/www.realitatea.net\/stiri\/politica\/consultarimaraton-la-cotroceni-nicusor-dan-discuta-cu-partidele-despre-viitorul-guvernului_69e848fd992ed415001b5f22\" target=\"_blank\" rel=\"noopener\">Grindeanu<\/a> a precizat c\u0103 PSD a propus continuarea actului guvernamental cu un alt premier. Mai mult, liderul social-democrat a subliniat c\u0103 partidul pe care \u00eel conduce \u201dar putea trece \u0219i \u00een opozi\u021bie\u201d.<\/p>\n<div id=\"truvid-desktop-postion\"><\/div>\n<div id=\"truvid-mobile-postion\"><\/div>\n<div id=\"adocean-desktop-positon\">\n<div data-ao-pid=\"1s3nVeO8d7fVQQxZ8qBwmwF8nJdHUjAHhp2PqUhQfRb.D7\"><\/div>\n<\/div>\n<h2><a href=\"https:\/\/www.realitatea.net\/stiri\/politica\/negocieri-pentru-palatul-victoria-ilie-bolojan-isi-cauta-sprijinul-politic-discutii-cu-varujan-pambuccian-si-reprezentantii-udmr_69e86df8f14fbb69f13d4de2\" target=\"_blank\" rel=\"noopener\">Negocieri pentru Palatul Victoria: Ilie Bolojan caut\u0103 sprijin politic. Discu\u021bii cu Varujan Pambuccian \u0219i reprezentan\u021bii UDMR<\/a><\/h2>\n<\/div>\n<div data-ao-pid=\"acVcznEUnS79iL7oRf2OfNAAE8XviPKkQ6AW09XriFv.87\"><\/div>\n<div class=\"realitatea-add\">\n<div class=\"realitatea-in-article-partner\"><\/div>\n<\/div>\n<div class=\"realitatea-partners-news realitatea-partners-design\">\n<hr class=\"realitatea-partners-news-hr\">\n<div class=\"d-flex justify-content-center w-100 flex-row mt-5 mb-5\">\n                                <!--  &amp; \/32628511\/Realitatea.netV2_articol_mobile\/300x250_1 --><\/p>\n<div id=\"div-gpt-ad-1625071005196-0\"><\/div>\n<\/p><\/div>\n<hr class=\"realitatea-partners-news-hr\">\n<article class>\n<div class=\"article-box-image\">\n<figure>\n                    <a href=\"https:\/\/www.tabu.ro\/alex-velea-decizie-dupa-ce-piesa-nou-lansata-de-copiii-sai-si-ai-antoniei-a-starnit-valuri-de-controverse\/\" data-href=\"\/\/locale.realitatea.net\/2024\/02\/d6365422c35ae807f5d6133475b922c1.jpg\" class=\"progressive replace\" title=\"Alex Velea, decizie dup\u0103 ce piesa nou lansat\u0103 de copiii s\u0103i \u0219i ai Antoniei a st\u00e2rnit valuri de controverse\" rel=\"noopener external nofollow\" target=\"_blank\"><br \/>\n                                    <img decoding=\"async\" src=\"https:\/\/media.realitatea.net\/multimedia\/placeholder\/placeholder-article.webp\" class=\"preview w-100\" alt=\"Articol partener\"><br \/>\n                    <\/a><br \/>\n                <\/figure>\n<\/p><\/div>\n<div class=\"article-box-section\">\n<h3>TABU.RO<\/h3>\n<\/p><\/div>\n<div class=\"article-box-title\">\n                <a href=\"https:\/\/www.tabu.ro\/alex-velea-decizie-dupa-ce-piesa-nou-lansata-de-copiii-sai-si-ai-antoniei-a-starnit-valuri-de-controverse\/\" title=\"Alex Velea, decizie dup\u0103 ce piesa nou lansat\u0103 de copiii s\u0103i \u0219i ai Antoniei a st\u00e2rnit valuri de controverse\" rel=\"noopener external nofollow\" target=\"_blank\"><br \/>\n                    <span>Alex Velea, decizie dup\u0103 ce piesa nou lansat\u0103 de copiii s\u0103i \u0219i ai Antoniei a st\u00e2rnit valuri de controverse<\/span><br \/>\n                <\/a>\n            <\/div>\n<\/article>\n<hr class=\"realitatea-partners-news-hr\">\n            <\/div>\n<\/p><\/div>\n<div class=\"articleBody\" data-key=\"articleBody\">PSD nu sta deoparte. Din contra, liderii social-democrati ar urma sa se intalneasca astazi cu reprezentantii UDMR.Potrivit unor surse citate de Realitatea Plus, Sorin Grindeanu ar urma sa se vada cu Kelemen Hunor de la ora 12:00. Discutiile vin dupa consultarile la care PSD a participat in cursul diminetii, de la Palatul Cotroceni, dar inaintea celor pe care formatiunea maghiara le va avea cu Nicusor Dan in cursul acestei dupa-amiezi.Ulterior, social-democratii vor merge intr-o sedinta a Biroului Permanent National (BPN), programata pentru ora 14:00, potrivit surselor citate.PSD a fost primul partid care a participat, in aceasta dimineata, la consultarile de la Cotroceni cu seful statului. Din delegatia social-democrata au facut parte Sorin Grindeanu, viceprim-ministrul Marian Neacsu si secretarul general Claudiu Manda. La finalul discutiilor, Grindeanu a precizat ca PSD a propus continuarea actului guvernamental cu un alt premier. Mai mult, liderul social-democrat a subliniat ca partidul pe care il conduce &#8220;ar putea trece si in opozitie&#8221;.Negocieri pentru Palatul Victoria: Ilie Bolojan cauta sprijin politic. Discutii cu Varujan Pambuccian si reprezentantii UDMR<\/div>\n<\/p>\n<p>[analyse_source url=&#8221;https:\/\/www.realitatea.net\/stiri\/politica\/psd-continua-negocierile-politice-in-paralel-cu-consultarile-oficiale-grindeanu-si-kelemen-hunor-discutii-la-pranz-surse_69e8858617af2f194a51b582&#8243;]<\/p>\n","protected":false},"excerpt":{"rendered":"<p>[analyse_image type=&#8221;featured&#8221; src=&#8221;https:\/\/media.realitatea.net\/multimedia\/image\/202510\/w1920\/sorin_grindeanu-copy-6_d3e919fceb.jpg&#8221;] &lt;!&#8211; &#8211;&gt; PSD nu st\u0103 deoparte. Din contr\u0103, liderii social-democra\u021bi ar urma s\u0103 se \u00eent\u00e2lneasc\u0103 ast\u0103zi cu reprezentan\u021bii UDMR. Potrivit unor surse citate de Realitatea Plus, Sorin Grindeanu ar urma s\u0103 se vad\u0103 cu Kelemen Hunor de la ora 12:00. Discu\u021biile vin dup\u0103 consult\u0103rile la care PSD a participat \u00een cursul dimine\u021bii, [&hellip;]<\/p>\n","protected":false},"author":1,"featured_media":0,"comment_status":"open","ping_status":"","sticky":false,"template":"","format":"standard","meta":{"footnotes":""},"categories":[89],"tags":[226,15],"class_list":["post-1896015","post","type-post","status-publish","format-standard","hentry","category-romania","tag-crawlmanager","tag-realitatea-net"],"_links":{"self":[{"href":"https:\/\/analyse.optim.biz\/index.php?rest_route=\/wp\/v2\/posts\/1896015","targetHints":{"allow":["GET"]}}],"collection":[{"href":"https:\/\/analyse.optim.biz\/index.php?rest_route=\/wp\/v2\/posts"}],"about":[{"href":"https:\/\/analyse.optim.biz\/index.php?rest_route=\/wp\/v2\/types\/post"}],"author":[{"embeddable":true,"href":"https:\/\/analyse.optim.biz\/index.php?rest_route=\/wp\/v2\/users\/1"}],"replies":[{"embeddable":true,"href":"https:\/\/analyse.optim.biz\/index.php?rest_route=%2Fwp%2Fv2%2Fcomments&post=1896015"}],"version-history":[{"count":0,"href":"https:\/\/analyse.optim.biz\/index.php?rest_route=\/wp\/v2\/posts\/1896015\/revisions"}],"wp:attachment":[{"href":"https:\/\/analyse.optim.biz\/index.php?rest_route=%2Fwp%2Fv2%2Fmedia&parent=1896015"}],"wp:term":[{"taxonomy":"category","embeddable":true,"href":"https:\/\/analyse.optim.biz\/index.php?rest_route=%2Fwp%2Fv2%2Fcategories&post=1896015"},{"taxonomy":"post_tag","embeddable":true,"href":"https:\/\/analyse.optim.biz\/index.php?rest_route=%2Fwp%2Fv2%2Ftags&post=1896015"}],"curies":[{"name":"wp","href":"https:\/\/api.w.org\/{rel}","templated":true}]}}