{"id":1896008,"date":"2026-04-22T08:03:46","date_gmt":"2026-04-22T05:03:46","guid":{"rendered":"https:\/\/analyse.optim.biz\/?p=1896008"},"modified":"2026-04-22T08:03:46","modified_gmt":"2026-04-22T05:03:46","slug":"prognoza-meteo-in-bucuresti-pana-vineri-ploi-si-maxime-de-13-grade-urmate-de-o-incalzire-brusca-si-vant-puternic","status":"publish","type":"post","link":"https:\/\/analyse.optim.biz\/?p=1896008","title":{"rendered":"Prognoza meteo \u00een Bucure\u0219ti p\u00e2n\u0103 vineri: ploi \u0219i maxime de 13 grade, urmate de o \u00eenc\u0103lzire brusc\u0103 \u0219i v\u00e2nt puternic"},"content":{"rendered":"<p>[analyse_image type=&#8221;featured&#8221; src=&#8221;https:\/\/media.realitatea.net\/multimedia\/image\/202311\/w1920\/nor-ploaie-vant_5a6e5d404c.jpg&#8221;]<\/p>\n<div class=\"article-box-content\">\n&lt;!&#8211;            <\/p>\n<div class=\"article-box-content\" role=\"section\" aria-label=\"Con&#539;inutul articolului\">&#8211;&gt;<\/p>\n<div id=\"digital-atelier-mobile\"><\/div>\n<div id=\"permanent-position-before-content\"><\/div>\n<div id=\"digital-atelier-desktop\"><\/div>\n<div class=\"realitatea-article-content-box\">\n<p>Ziua de 22 aprilie aduce o vreme mai degrab\u0103 de \u00eenceput de prim\u0103var\u0103 timid\u0103 dec\u00e2t de final de aprilie. Cerul va fi temporar noros, iar pe parcursul zilei sunt posibile ploi slabe. Temperaturile r\u0103m\u00e2n sc\u0103zute pentru aceast\u0103 perioad\u0103, cu maxime de doar 13\u201315 grade, \u00een timp ce pe timpul nop\u021bii valorile vor cobor\u00ee p\u00e2n\u0103 la 2\u20135 grade. V\u00e2ntul va sufla slab p\u00e2n\u0103 la moderat, f\u0103r\u0103 intensific\u0103ri notabile.<\/p>\n<div id=\"adocean-mobile-positon\">\n<div data-ao-pid=\"1s3nVeO8d7fVQQxZ8qBwmwF8nJdHUjAHhp2PqUhQfRb.D7\"><\/div>\n<\/p><\/div>\n<h2>Joi: temperaturi mai ridicate, dar v\u00e2nt puternic<\/h2>\n<p>Pe 23 aprilie, vremea \u00eencepe s\u0103 se \u00eenc\u0103lzeasc\u0103 u\u0219or, iar valorile termice vor urca spre 18-19 grade. Cerul va fi variabil, iar \u0219ansele de precipita\u021bii sunt reduse. \u00cen schimb, v\u00e2ntul devine principalul element de disconfort. Pe parcursul zilei sunt a\u0219teptate rafale de 45-50 km\/h, care pot accentua senza\u021bia de r\u0103coare. Spre sear\u0103 \u0219i \u00een timpul nop\u021bii, intensitatea v\u00e2ntului va sc\u0103dea, revenind la valori slabe \u0219i moderate.<\/p>\n<div id=\"truvid-desktop-postion\"><\/div>\n<div id=\"truvid-mobile-postion\"><\/div>\n<div id=\"adocean-desktop-positon\">\n<div data-ao-pid=\"1s3nVeO8d7fVQQxZ8qBwmwF8nJdHUjAHhp2PqUhQfRb.D7\"><\/div>\n<\/div>\n<\/div>\n<div data-ao-pid=\"acVcznEUnS79iL7oRf2OfNAAE8XviPKkQ6AW09XriFv.87\"><\/div>\n<div class=\"realitatea-add\">\n<div class=\"realitatea-in-article-partner\"><\/div>\n<\/div>\n<div class=\"realitatea-partners-news realitatea-partners-design\">\n<hr class=\"realitatea-partners-news-hr\">\n<div class=\"d-flex justify-content-center w-100 flex-row mt-5 mb-5\">\n                                <!--  &amp; \/32628511\/Realitatea.netV2_articol_mobile\/300x250_1 --><\/p>\n<div id=\"div-gpt-ad-1625071005196-0\"><\/div>\n<\/p><\/div>\n<hr class=\"realitatea-partners-news-hr\">\n<article class>\n<div class=\"article-box-image\">\n<figure>\n                    <a href=\"https:\/\/www.tabu.ro\/alex-velea-decizie-dupa-ce-piesa-nou-lansata-de-copiii-sai-si-ai-antoniei-a-starnit-valuri-de-controverse\/\" data-href=\"\/\/locale.realitatea.net\/2024\/02\/d6365422c35ae807f5d6133475b922c1.jpg\" class=\"progressive replace\" title=\"Alex Velea, decizie dup\u0103 ce piesa nou lansat\u0103 de copiii s\u0103i \u0219i ai Antoniei a st\u00e2rnit valuri de controverse\" rel=\"noopener external nofollow\" target=\"_blank\"><br \/>\n                                    <img decoding=\"async\" src=\"https:\/\/media.realitatea.net\/multimedia\/placeholder\/placeholder-article.webp\" class=\"preview w-100\" alt=\"Articol partener\"><br \/>\n                    <\/a><br \/>\n                <\/figure>\n<\/p><\/div>\n<div class=\"article-box-section\">\n<h3>TABU.RO<\/h3>\n<\/p><\/div>\n<div class=\"article-box-title\">\n                <a href=\"https:\/\/www.tabu.ro\/alex-velea-decizie-dupa-ce-piesa-nou-lansata-de-copiii-sai-si-ai-antoniei-a-starnit-valuri-de-controverse\/\" title=\"Alex Velea, decizie dup\u0103 ce piesa nou lansat\u0103 de copiii s\u0103i \u0219i ai Antoniei a st\u00e2rnit valuri de controverse\" rel=\"noopener external nofollow\" target=\"_blank\"><br \/>\n                    <span>Alex Velea, decizie dup\u0103 ce piesa nou lansat\u0103 de copiii s\u0103i \u0219i ai Antoniei a st\u00e2rnit valuri de controverse<\/span><br \/>\n                <\/a>\n            <\/div>\n<\/article>\n<hr class=\"realitatea-partners-news-hr\">\n            <\/div>\n<\/p><\/div>\n<div class=\"articleBody\" data-key=\"articleBody\">Ziua de 22 aprilie aduce o vreme mai degraba de inceput de primavara timida decat de final de aprilie. Cerul va fi temporar noros, iar pe parcursul zilei sunt posibile ploi slabe. Temperaturile raman scazute pentru aceasta perioada, cu maxime de doar 13-15 grade, in timp ce pe timpul noptii valorile vor cobori pana la 2-5 grade. Vantul va sufla slab pana la moderat, fara intensificari notabile.Joi: temperaturi mai ridicate, dar vant puternicPe 23 aprilie, vremea incepe sa se incalzeasca usor, iar valorile termice vor urca spre 18-19 grade. Cerul va fi variabil, iar sansele de precipitatii sunt reduse. In schimb, vantul devine principalul element de disconfort. Pe parcursul zilei sunt asteptate rafale de 45-50 km\/h, care pot accentua senzatia de racoare. Spre seara si in timpul noptii, intensitatea vantului va scadea, revenind la valori slabe si moderate.<\/div>\n<\/p>\n<p>[analyse_source url=&#8221;https:\/\/www.realitatea.net\/stiri\/vremea\/prognoza-meteo-in-bucuresti-pana-vineri-ploi-si-maxime-de-13-grade-urmate-de-o-incalzire-brusca-si-vant-puternic_69e880e253c4c455e30444a3&#8243;]<\/p>\n","protected":false},"excerpt":{"rendered":"<p>[analyse_image type=&#8221;featured&#8221; src=&#8221;https:\/\/media.realitatea.net\/multimedia\/image\/202311\/w1920\/nor-ploaie-vant_5a6e5d404c.jpg&#8221;] &lt;!&#8211; &#8211;&gt; Ziua de 22 aprilie aduce o vreme mai degrab\u0103 de \u00eenceput de prim\u0103var\u0103 timid\u0103 dec\u00e2t de final de aprilie. Cerul va fi temporar noros, iar pe parcursul zilei sunt posibile ploi slabe. Temperaturile r\u0103m\u00e2n sc\u0103zute pentru aceast\u0103 perioad\u0103, cu maxime de doar 13\u201315 grade, \u00een timp ce pe timpul nop\u021bii [&hellip;]<\/p>\n","protected":false},"author":1,"featured_media":0,"comment_status":"open","ping_status":"","sticky":false,"template":"","format":"standard","meta":{"footnotes":""},"categories":[89],"tags":[226,15],"class_list":["post-1896008","post","type-post","status-publish","format-standard","hentry","category-romania","tag-crawlmanager","tag-realitatea-net"],"_links":{"self":[{"href":"https:\/\/analyse.optim.biz\/index.php?rest_route=\/wp\/v2\/posts\/1896008","targetHints":{"allow":["GET"]}}],"collection":[{"href":"https:\/\/analyse.optim.biz\/index.php?rest_route=\/wp\/v2\/posts"}],"about":[{"href":"https:\/\/analyse.optim.biz\/index.php?rest_route=\/wp\/v2\/types\/post"}],"author":[{"embeddable":true,"href":"https:\/\/analyse.optim.biz\/index.php?rest_route=\/wp\/v2\/users\/1"}],"replies":[{"embeddable":true,"href":"https:\/\/analyse.optim.biz\/index.php?rest_route=%2Fwp%2Fv2%2Fcomments&post=1896008"}],"version-history":[{"count":0,"href":"https:\/\/analyse.optim.biz\/index.php?rest_route=\/wp\/v2\/posts\/1896008\/revisions"}],"wp:attachment":[{"href":"https:\/\/analyse.optim.biz\/index.php?rest_route=%2Fwp%2Fv2%2Fmedia&parent=1896008"}],"wp:term":[{"taxonomy":"category","embeddable":true,"href":"https:\/\/analyse.optim.biz\/index.php?rest_route=%2Fwp%2Fv2%2Fcategories&post=1896008"},{"taxonomy":"post_tag","embeddable":true,"href":"https:\/\/analyse.optim.biz\/index.php?rest_route=%2Fwp%2Fv2%2Ftags&post=1896008"}],"curies":[{"name":"wp","href":"https:\/\/api.w.org\/{rel}","templated":true}]}}