{"id":1895993,"date":"2026-04-22T07:49:36","date_gmt":"2026-04-22T04:49:36","guid":{"rendered":"https:\/\/analyse.optim.biz\/?p=1895993"},"modified":"2026-04-22T07:49:36","modified_gmt":"2026-04-22T04:49:36","slug":"incident-pe-ruta-madrid-craiova-pasager-baut-scos-fortat-din-avion-dupa-un-scandal-monstru-la-bord","status":"publish","type":"post","link":"https:\/\/analyse.optim.biz\/?p=1895993","title":{"rendered":"Incident pe ruta Madrid &#8211; Craiova: Pasager b\u0103ut, scos for\u021bat din avion dup\u0103 un scandal monstru la bord"},"content":{"rendered":"<p>[analyse_image type=&#8221;featured&#8221; src=&#8221;https:\/\/media.realitatea.net\/multimedia\/image\/202507\/w1920\/sky-6768714_1280_4918b2eff0.jpg&#8221;]<\/p>\n<div class=\"article-box-content\">\n&lt;!&#8211;            <\/p>\n<div class=\"article-box-content\" role=\"section\" aria-label=\"Con&#539;inutul articolului\">&#8211;&gt;<\/p>\n<div id=\"digital-atelier-mobile\"><\/div>\n<div id=\"permanent-position-before-content\"><\/div>\n<div id=\"digital-atelier-desktop\"><\/div>\n<div class=\"realitatea-article-content-box\">\n<p>Totul s-a petrecut \u00een noaptea de mar\u021bi spre miercuri, \u00een jurul orei 00:50, c\u00e2nd poli\u021bi\u0219tii din cadrul Biroului de Poli\u021bie Transporturi Aeriene Craiova, \u00eempreun\u0103 cu poli\u021bi\u0219tii de frontier\u0103, au fost solicita\u021bi s\u0103 intervin\u0103 la bordul aeronavei.<\/p>\n<div id=\"adocean-mobile-positon\">\n<div data-ao-pid=\"1s3nVeO8d7fVQQxZ8qBwmwF8nJdHUjAHhp2PqUhQfRb.D7\"><\/div>\n<\/p><\/div>\n<h2>Interven\u021bie \u00een miez de noapte pe aeroport<\/h2>\n<p>B\u0103rbatul, \u00een v\u00e2rst\u0103 de 49 de ani, din Craiova, se afla \u00een stare de ebrietate \u0219i a devenit recalcitrant. Potrivit autorit\u0103\u021bilor, acesta a adresat injurii echipajului de bord, st\u00e2rnind nemul\u021bumirea \u0219i disconfortul celorlal\u021bi pasageri. \u00cen urma interven\u021biei, acesta a fost debarcat \u0219i condus \u00een zona public\u0103 a Aeroportului Interna\u021bional Craiova.<\/p>\n<h2>Amend\u0103 pentru comportament agresiv<\/h2>\n<p>Dup\u0103 verific\u0103rile efectuate, b\u0103rbatul a fost sanc\u021bionat contraven\u021bional de c\u0103tre poli\u021bi\u0219tii de frontier\u0103, \u00een conformitate cu prevederile Codului Aerian, pentru comportamentul s\u0103u neadecvat la bordul aeronavei.<\/p>\n<div id=\"truvid-desktop-postion\"><\/div>\n<div id=\"truvid-mobile-postion\"><\/div>\n<div id=\"adocean-desktop-positon\">\n<div data-ao-pid=\"1s3nVeO8d7fVQQxZ8qBwmwF8nJdHUjAHhp2PqUhQfRb.D7\"><\/div>\n<\/div>\n<\/div>\n<div data-ao-pid=\"acVcznEUnS79iL7oRf2OfNAAE8XviPKkQ6AW09XriFv.87\"><\/div>\n<div class=\"realitatea-add\">\n<div class=\"realitatea-in-article-partner\"><\/div>\n<\/div>\n<div class=\"realitatea-partners-news realitatea-partners-design\">\n<hr class=\"realitatea-partners-news-hr\">\n<div class=\"d-flex justify-content-center w-100 flex-row mt-5 mb-5\">\n                                <!--  &amp; \/32628511\/Realitatea.netV2_articol_mobile\/300x250_1 --><\/p>\n<div id=\"div-gpt-ad-1625071005196-0\"><\/div>\n<\/p><\/div>\n<hr class=\"realitatea-partners-news-hr\">\n<article class>\n<div class=\"article-box-image\">\n<figure>\n                    <a href=\"https:\/\/www.tabu.ro\/alex-velea-decizie-dupa-ce-piesa-nou-lansata-de-copiii-sai-si-ai-antoniei-a-starnit-valuri-de-controverse\/\" data-href=\"\/\/locale.realitatea.net\/2024\/02\/d6365422c35ae807f5d6133475b922c1.jpg\" class=\"progressive replace\" title=\"Alex Velea, decizie dup\u0103 ce piesa nou lansat\u0103 de copiii s\u0103i \u0219i ai Antoniei a st\u00e2rnit valuri de controverse\" rel=\"noopener external nofollow\" target=\"_blank\"><br \/>\n                                    <img decoding=\"async\" src=\"https:\/\/media.realitatea.net\/multimedia\/placeholder\/placeholder-article.webp\" class=\"preview w-100\" alt=\"Articol partener\"><br \/>\n                    <\/a><br \/>\n                <\/figure>\n<\/p><\/div>\n<div class=\"article-box-section\">\n<h3>TABU.RO<\/h3>\n<\/p><\/div>\n<div class=\"article-box-title\">\n                <a href=\"https:\/\/www.tabu.ro\/alex-velea-decizie-dupa-ce-piesa-nou-lansata-de-copiii-sai-si-ai-antoniei-a-starnit-valuri-de-controverse\/\" title=\"Alex Velea, decizie dup\u0103 ce piesa nou lansat\u0103 de copiii s\u0103i \u0219i ai Antoniei a st\u00e2rnit valuri de controverse\" rel=\"noopener external nofollow\" target=\"_blank\"><br \/>\n                    <span>Alex Velea, decizie dup\u0103 ce piesa nou lansat\u0103 de copiii s\u0103i \u0219i ai Antoniei a st\u00e2rnit valuri de controverse<\/span><br \/>\n                <\/a>\n            <\/div>\n<\/article>\n<hr class=\"realitatea-partners-news-hr\">\n            <\/div>\n<\/p><\/div>\n<div class=\"articleBody\" data-key=\"articleBody\">Totul s-a petrecut in noaptea de marti spre miercuri, in jurul orei 00:50, cand politistii din cadrul Biroului de Politie Transporturi Aeriene Craiova, impreuna cu politistii de frontiera, au fost solicitati sa intervina la bordul aeronavei.Interventie in miez de noapte pe aeroportBarbatul, in varsta de 49 de ani, din Craiova, se afla in stare de ebrietate si a devenit recalcitrant. Potrivit autoritatilor, acesta a adresat injurii echipajului de bord, starnind nemultumirea si disconfortul celorlalti pasageri. In urma interventiei, acesta a fost debarcat si condus in zona publica a Aeroportului International Craiova.Amenda pentru comportament agresivDupa verificarile efectuate, barbatul a fost sanctionat contraventional de catre politistii de frontiera, in conformitate cu prevederile Codului Aerian, pentru comportamentul sau neadecvat la bordul aeronavei.<\/div>\n<\/p>\n<p>[analyse_source url=&#8221;https:\/\/www.realitatea.net\/stiri\/actual\/incident-pe-ruta-madrid-craiova-pasager-baut-scos-fortat-din-avion-dupa-un-scandal-monstru-la-bord_69e87d90da7fe91d1869b67e&#8221;]<\/p>\n","protected":false},"excerpt":{"rendered":"<p>[analyse_image type=&#8221;featured&#8221; src=&#8221;https:\/\/media.realitatea.net\/multimedia\/image\/202507\/w1920\/sky-6768714_1280_4918b2eff0.jpg&#8221;] &lt;!&#8211; &#8211;&gt; Totul s-a petrecut \u00een noaptea de mar\u021bi spre miercuri, \u00een jurul orei 00:50, c\u00e2nd poli\u021bi\u0219tii din cadrul Biroului de Poli\u021bie Transporturi Aeriene Craiova, \u00eempreun\u0103 cu poli\u021bi\u0219tii de frontier\u0103, au fost solicita\u021bi s\u0103 intervin\u0103 la bordul aeronavei. Interven\u021bie \u00een miez de noapte pe aeroport B\u0103rbatul, \u00een v\u00e2rst\u0103 de 49 de ani, [&hellip;]<\/p>\n","protected":false},"author":1,"featured_media":0,"comment_status":"open","ping_status":"","sticky":false,"template":"","format":"standard","meta":{"footnotes":""},"categories":[89],"tags":[226,15],"class_list":["post-1895993","post","type-post","status-publish","format-standard","hentry","category-romania","tag-crawlmanager","tag-realitatea-net"],"_links":{"self":[{"href":"https:\/\/analyse.optim.biz\/index.php?rest_route=\/wp\/v2\/posts\/1895993","targetHints":{"allow":["GET"]}}],"collection":[{"href":"https:\/\/analyse.optim.biz\/index.php?rest_route=\/wp\/v2\/posts"}],"about":[{"href":"https:\/\/analyse.optim.biz\/index.php?rest_route=\/wp\/v2\/types\/post"}],"author":[{"embeddable":true,"href":"https:\/\/analyse.optim.biz\/index.php?rest_route=\/wp\/v2\/users\/1"}],"replies":[{"embeddable":true,"href":"https:\/\/analyse.optim.biz\/index.php?rest_route=%2Fwp%2Fv2%2Fcomments&post=1895993"}],"version-history":[{"count":0,"href":"https:\/\/analyse.optim.biz\/index.php?rest_route=\/wp\/v2\/posts\/1895993\/revisions"}],"wp:attachment":[{"href":"https:\/\/analyse.optim.biz\/index.php?rest_route=%2Fwp%2Fv2%2Fmedia&parent=1895993"}],"wp:term":[{"taxonomy":"category","embeddable":true,"href":"https:\/\/analyse.optim.biz\/index.php?rest_route=%2Fwp%2Fv2%2Fcategories&post=1895993"},{"taxonomy":"post_tag","embeddable":true,"href":"https:\/\/analyse.optim.biz\/index.php?rest_route=%2Fwp%2Fv2%2Ftags&post=1895993"}],"curies":[{"name":"wp","href":"https:\/\/api.w.org\/{rel}","templated":true}]}}