{"id":1895983,"date":"2026-04-22T07:30:09","date_gmt":"2026-04-22T04:30:09","guid":{"rendered":"https:\/\/analyse.optim.biz\/?p=1895983"},"modified":"2026-04-22T07:30:09","modified_gmt":"2026-04-22T04:30:09","slug":"sorin-grindeanu-dupa-consultarile-de-la-cotroceni-am-propus-continuarea-cu-un-alt-premier-psd-ar-putea-trece-si-in-opozitie","status":"publish","type":"post","link":"https:\/\/analyse.optim.biz\/?p=1895983","title":{"rendered":"Sorin Grindeanu, dup\u0103 consult\u0103rile de la Cotroceni: \u201dAm propus continuarea cu un alt premier. PSD ar putea trece \u0219i \u00een opozi\u021bie\u201d"},"content":{"rendered":"<p>[analyse_image type=&#8221;featured&#8221; src=&#8221;https:\/\/media.realitatea.net\/multimedia\/image\/202604\/w1920\/sorin-grindeanu-(2)_a7983f2458.jpg&#8221;]<\/p>\n<div class=\"article-box-content\">\n&lt;!&#8211;            <\/p>\n<div class=\"article-box-content\" role=\"section\" aria-label=\"Con&#539;inutul articolului\">&#8211;&gt;<\/p>\n<div id=\"digital-atelier-mobile\"><\/div>\n<div id=\"permanent-position-before-content\"><\/div>\n<div id=\"digital-atelier-desktop\"><\/div>\n<div class=\"realitatea-article-content-box\">\n<p>\u201eNoi am informat, a\u0219a cum \u0219ti\u021bi, urmarea deciziei luate luni, punctele noastre de vedere. Am spus solu\u021biile pe care le vedem a fi viabile. Ne-am spus sau am expus \u00een continuare c\u0103 una dintre solu\u021bii s\u0103 fie continuarea acestei coali\u021bii pro-europene, dar cu un alt prim-ministru, urmare a votului de luni.<\/p>\n<div id=\"adocean-mobile-positon\">\n<div data-ao-pid=\"1s3nVeO8d7fVQQxZ8qBwmwF8nJdHUjAHhp2PqUhQfRb.D7\"><\/div>\n<\/p><\/div>\n<p>Totodat\u0103, dac\u0103 nu se ajunge la o armonizare a punctelor de vedere, evident c\u0103 PSD-ul poate s\u0103 treac\u0103 \u00een\u2026 Partidul Social-Democrat poate s\u0103 treac\u0103 \u00een opozi\u021bie. Noi, de asemenea, nesus\u021bin\u00e2nd un guvern minoritar sau f\u0103c\u00e2nd o alt\u0103 majoritate dec\u00e2t cele pe care le-am anun\u021bat.<\/p>\n<p>Dincolo de viitoarea opozi\u021bie a PSD-ului, la putere sau \u00een opozi\u021bie, \u0219i care cred c\u0103 va fi clarificat\u0103 \u00een perioada urm\u0103toare, evident c\u0103 angajamentele interna\u021bionale pe care Rom\u00e2nia le-a luat, indiferent de cine e prim-ministru sau indiferent de perioada \u00een care s-au luat, c\u0103 vorbim de PNRR sau c\u0103 vorbim de lucrurile care \u021bin de angajamente financiare cu Comisia European\u0103 sau cu toate celelalte organisme interna\u021bionale, repet, indiferent de pozi\u021bia PSD, la putere sau \u00een opozi\u021bie, noi sus\u021binem respectarea acestor angajamente interna\u021bionale \u0219i cred c\u0103 e un lucru care merit\u0103 a fi spus.<\/p>\n<div id=\"truvid-mobile-postion\"><\/div>\n<div id=\"adocean-desktop-positon\">\n<div data-ao-pid=\"1s3nVeO8d7fVQQxZ8qBwmwF8nJdHUjAHhp2PqUhQfRb.D7\"><\/div>\n<\/div>\n<p>Desf\u0103\u0219ur\u0103rile de zilele viitoare, sigur, vor fi unele pe care urmeaz\u0103 s\u0103 le afl\u0103m cu to\u021bii. Cert este c\u0103 ast\u0103zi am \u00eenceput acest demers, binevenit din perspectiva noastr\u0103, <a href=\"https:\/\/www.realitatea.net\/stiri\/politica\/consultarimaraton-la-cotroceni-nicusor-dan-discuta-cu-partidele-despre-viitorul-guvernului_69e848fd992ed415001b5f22\" target=\"_blank\" rel=\"noopener\"><span><strong>acesta de consultare<\/strong><\/span><\/a>. S\u0103 vedem concluziile la finalul zilei, iar aici domnul pre\u0219edinte este cel \u00een m\u0103sur\u0103 s\u0103 le prezinte. Noi suntem cei care am prezentat ceea ce \u00ee\u0219i dore\u0219te PSD-ul\u201d, a declarat pre\u0219edintele PSD.<\/p>\n<div id=\"truvid-desktop-postion\"><\/div>\n<\/div>\n<div data-ao-pid=\"acVcznEUnS79iL7oRf2OfNAAE8XviPKkQ6AW09XriFv.87\"><\/div>\n<div class=\"realitatea-add\">\n<div class=\"realitatea-in-article-partner\"><\/div>\n<\/div>\n<div class=\"realitatea-partners-news realitatea-partners-design\">\n<hr class=\"realitatea-partners-news-hr\">\n<div class=\"d-flex justify-content-center w-100 flex-row mt-5 mb-5\">\n                                <!--  &amp; \/32628511\/Realitatea.netV2_articol_mobile\/300x250_1 --><\/p>\n<div id=\"div-gpt-ad-1625071005196-0\"><\/div>\n<\/p><\/div>\n<hr class=\"realitatea-partners-news-hr\">\n<article class>\n<div class=\"article-box-image\">\n<figure>\n                    <a href=\"https:\/\/www.tabu.ro\/alex-velea-decizie-dupa-ce-piesa-nou-lansata-de-copiii-sai-si-ai-antoniei-a-starnit-valuri-de-controverse\/\" data-href=\"\/\/locale.realitatea.net\/2024\/02\/d6365422c35ae807f5d6133475b922c1.jpg\" class=\"progressive replace\" title=\"Alex Velea, decizie dup\u0103 ce piesa nou lansat\u0103 de copiii s\u0103i \u0219i ai Antoniei a st\u00e2rnit valuri de controverse\" rel=\"noopener external nofollow\" target=\"_blank\"><br \/>\n                                    <img decoding=\"async\" src=\"https:\/\/media.realitatea.net\/multimedia\/placeholder\/placeholder-article.webp\" class=\"preview w-100\" alt=\"Articol partener\"><br \/>\n                    <\/a><br \/>\n                <\/figure>\n<\/p><\/div>\n<div class=\"article-box-section\">\n<h3>TABU.RO<\/h3>\n<\/p><\/div>\n<div class=\"article-box-title\">\n                <a href=\"https:\/\/www.tabu.ro\/alex-velea-decizie-dupa-ce-piesa-nou-lansata-de-copiii-sai-si-ai-antoniei-a-starnit-valuri-de-controverse\/\" title=\"Alex Velea, decizie dup\u0103 ce piesa nou lansat\u0103 de copiii s\u0103i \u0219i ai Antoniei a st\u00e2rnit valuri de controverse\" rel=\"noopener external nofollow\" target=\"_blank\"><br \/>\n                    <span>Alex Velea, decizie dup\u0103 ce piesa nou lansat\u0103 de copiii s\u0103i \u0219i ai Antoniei a st\u00e2rnit valuri de controverse<\/span><br \/>\n                <\/a>\n            <\/div>\n<\/article>\n<hr class=\"realitatea-partners-news-hr\">\n            <\/div>\n<\/p><\/div>\n<div class=\"articleBody\" data-key=\"articleBody\">,,Noi am informat, asa cum stiti, urmarea deciziei luate luni, punctele noastre de vedere. Am spus solutiile pe care le vedem a fi viabile. Ne-am spus sau am expus in continuare ca una dintre solutii sa fie continuarea acestei coalitii pro-europene, dar cu un alt prim-ministru, urmare a votului de luni.Totodata, daca nu se ajunge la o armonizare a punctelor de vedere, evident ca PSD-ul poate sa treaca in&#8230; Partidul Social-Democrat poate sa treaca in opozitie. Noi, de asemenea, nesustinand un guvern minoritar sau facand o alta majoritate decat cele pe care le-am anuntat.Dincolo de viitoarea opozitie a PSD-ului, la putere sau in opozitie, si care cred ca va fi clarificata in perioada urmatoare, evident ca angajamentele internationale pe care Romania le-a luat, indiferent de cine e prim-ministru sau indiferent de perioada in care s-au luat, ca vorbim de PNRR sau ca vorbim de lucrurile care tin de angajamente financiare cu Comisia Europeana sau cu toate celelalte organisme internationale, repet, indiferent de pozitia PSD, la putere sau in opozitie, noi sustinem respectarea acestor angajamente internationale si cred ca e un lucru care merita a fi spus.Desfasurarile de zilele viitoare, sigur, vor fi unele pe care urmeaza sa le aflam cu totii. Cert este ca astazi am inceput acest demers, binevenit din perspectiva noastra, acesta de consultare. Sa vedem concluziile la finalul zilei, iar aici domnul presedinte este cel in masura sa le prezinte. Noi suntem cei care am prezentat ceea ce isi doreste PSD-ul&#8221;, a declarat presedintele PSD.<\/div>\n<\/p>\n<p>[analyse_source url=&#8221;https:\/\/www.realitatea.net\/stiri\/actual\/sorin-grindeanu-dupa-consultarile-de-la-cotroceni-psd-ar-putea-trece-si-in-opozitie_69e879016ac8934fec4e8d81&#8243;]<\/p>\n","protected":false},"excerpt":{"rendered":"<p>[analyse_image type=&#8221;featured&#8221; src=&#8221;https:\/\/media.realitatea.net\/multimedia\/image\/202604\/w1920\/sorin-grindeanu-(2)_a7983f2458.jpg&#8221;] &lt;!&#8211; &#8211;&gt; \u201eNoi am informat, a\u0219a cum \u0219ti\u021bi, urmarea deciziei luate luni, punctele noastre de vedere. Am spus solu\u021biile pe care le vedem a fi viabile. Ne-am spus sau am expus \u00een continuare c\u0103 una dintre solu\u021bii s\u0103 fie continuarea acestei coali\u021bii pro-europene, dar cu un alt prim-ministru, urmare a votului de [&hellip;]<\/p>\n","protected":false},"author":1,"featured_media":0,"comment_status":"open","ping_status":"","sticky":false,"template":"","format":"standard","meta":{"footnotes":""},"categories":[89],"tags":[226,15],"class_list":["post-1895983","post","type-post","status-publish","format-standard","hentry","category-romania","tag-crawlmanager","tag-realitatea-net"],"_links":{"self":[{"href":"https:\/\/analyse.optim.biz\/index.php?rest_route=\/wp\/v2\/posts\/1895983","targetHints":{"allow":["GET"]}}],"collection":[{"href":"https:\/\/analyse.optim.biz\/index.php?rest_route=\/wp\/v2\/posts"}],"about":[{"href":"https:\/\/analyse.optim.biz\/index.php?rest_route=\/wp\/v2\/types\/post"}],"author":[{"embeddable":true,"href":"https:\/\/analyse.optim.biz\/index.php?rest_route=\/wp\/v2\/users\/1"}],"replies":[{"embeddable":true,"href":"https:\/\/analyse.optim.biz\/index.php?rest_route=%2Fwp%2Fv2%2Fcomments&post=1895983"}],"version-history":[{"count":0,"href":"https:\/\/analyse.optim.biz\/index.php?rest_route=\/wp\/v2\/posts\/1895983\/revisions"}],"wp:attachment":[{"href":"https:\/\/analyse.optim.biz\/index.php?rest_route=%2Fwp%2Fv2%2Fmedia&parent=1895983"}],"wp:term":[{"taxonomy":"category","embeddable":true,"href":"https:\/\/analyse.optim.biz\/index.php?rest_route=%2Fwp%2Fv2%2Fcategories&post=1895983"},{"taxonomy":"post_tag","embeddable":true,"href":"https:\/\/analyse.optim.biz\/index.php?rest_route=%2Fwp%2Fv2%2Ftags&post=1895983"}],"curies":[{"name":"wp","href":"https:\/\/api.w.org\/{rel}","templated":true}]}}