{"id":1895971,"date":"2026-04-22T06:51:43","date_gmt":"2026-04-22T03:51:43","guid":{"rendered":"https:\/\/analyse.optim.biz\/?p=1895971"},"modified":"2026-04-22T06:51:43","modified_gmt":"2026-04-22T03:51:43","slug":"trafic-ingreunat-in-sibiu-accident-intre-un-autobuz-si-doua-masini-pe-soseaua-alba-iulia","status":"publish","type":"post","link":"https:\/\/analyse.optim.biz\/?p=1895971","title":{"rendered":"Trafic \u00eengreunat \u00een Sibiu. Accident \u00eentre un autobuz \u0219i dou\u0103 ma\u0219ini pe \u0218oseaua Alba Iulia"},"content":{"rendered":"<p>[analyse_image type=&#8221;featured&#8221; src=&#8221;https:\/\/media.realitatea.net\/multimedia\/image\/202604\/w1920\/accident&#8212;2026-04-22T095640132_7256ed5626.jpg&#8221;]<\/p>\n<div class=\"article-box-content\">\n&lt;!&#8211;            <\/p>\n<div class=\"article-box-content\" role=\"section\" aria-label=\"Con&#539;inutul articolului\">&#8211;&gt;<\/p>\n<div id=\"digital-atelier-mobile\"><\/div>\n<div id=\"permanent-position-before-content\"><\/div>\n<div id=\"digital-atelier-desktop\"><\/div>\n<div class=\"realitatea-article-content-box\">\n<p>La fa\u021ba locului au intervenit pompierii cu o autospecial\u0103 de stingere, dar \u0219i cu una pentru transport victime multiple. Trei persoane au fost evaluate medical, \u00eens\u0103 au refuzat transportul la spital.<\/p>\n<div id=\"adocean-mobile-positon\">\n<div data-ao-pid=\"1s3nVeO8d7fVQQxZ8qBwmwF8nJdHUjAHhp2PqUhQfRb.D7\"><\/div>\n<\/p><\/div>\n<p>Din primele informa\u021bii, <a href=\"https:\/\/www.realitatea.net\/stiri\/actual\/accident-cu-o-autospeciala-un-politist-si-un-jandarm-raniti-intrun-accident-produs-in-judetul-buzau_69e85240dcec8d6b30448652\" target=\"_blank\" rel=\"noopener\"><span><strong>accidentul<\/strong><\/span><\/a> s-a produs dup\u0103 ce un b\u0103rbat \u00een v\u00e2rst\u0103 de 49 de ani, cet\u0103\u021bean str\u0103in, care circula pe strada \u0218trandului, nu ar fi acordat prioritate de trecere la intrarea pe \u0218oseaua Alba Iulia. Autoturismul acestuia a intrat \u00een coliziune cu o ma\u0219in\u0103 condus\u0103 de o t\u00e2n\u0103r\u0103 de 19 ani, din Cristian, care se deplasa spre centrul ora\u0219ului.<\/p>\n<p>\u00cen urma impactului, primul autoturism a fost proiectat pe sensul opus, unde a lovit un autobuz condus de un b\u0103rbat de 45 de ani.<\/p>\n<p>Din fericire, evenimenul s-a soldat doar cu pagube materiale, \u00eens\u0103 traficul \u00een zon\u0103 este \u00een continuare afectat, iar poli\u021bi\u0219tii desf\u0103\u0219oar\u0103 cercet\u0103ri pentru stabilirea tuturor circumstan\u021belor producerii accidentului.<\/p>\n<div id=\"truvid-desktop-postion\"><\/div>\n<div id=\"truvid-mobile-postion\"><\/div>\n<div id=\"adocean-desktop-positon\">\n<div data-ao-pid=\"1s3nVeO8d7fVQQxZ8qBwmwF8nJdHUjAHhp2PqUhQfRb.D7\"><\/div>\n<\/div>\n<\/div>\n<div data-ao-pid=\"acVcznEUnS79iL7oRf2OfNAAE8XviPKkQ6AW09XriFv.87\"><\/div>\n<div class=\"realitatea-add\">\n<div class=\"realitatea-in-article-partner\"><\/div>\n<\/div>\n<div class=\"realitatea-partners-news realitatea-partners-design\">\n<hr class=\"realitatea-partners-news-hr\">\n<div class=\"d-flex justify-content-center w-100 flex-row mt-5 mb-5\">\n                                <!--  &amp; \/32628511\/Realitatea.netV2_articol_mobile\/300x250_1 --><\/p>\n<div id=\"div-gpt-ad-1625071005196-0\"><\/div>\n<\/p><\/div>\n<hr class=\"realitatea-partners-news-hr\">\n<article class>\n<div class=\"article-box-image\">\n<figure>\n                    <a href=\"https:\/\/www.tabu.ro\/alex-velea-decizie-dupa-ce-piesa-nou-lansata-de-copiii-sai-si-ai-antoniei-a-starnit-valuri-de-controverse\/\" data-href=\"\/\/locale.realitatea.net\/2024\/02\/d6365422c35ae807f5d6133475b922c1.jpg\" class=\"progressive replace\" title=\"Alex Velea, decizie dup\u0103 ce piesa nou lansat\u0103 de copiii s\u0103i \u0219i ai Antoniei a st\u00e2rnit valuri de controverse\" rel=\"noopener external nofollow\" target=\"_blank\"><br \/>\n                                    <img decoding=\"async\" src=\"https:\/\/media.realitatea.net\/multimedia\/placeholder\/placeholder-article.webp\" class=\"preview w-100\" alt=\"Articol partener\"><br \/>\n                    <\/a><br \/>\n                <\/figure>\n<\/p><\/div>\n<div class=\"article-box-section\">\n<h3>TABU.RO<\/h3>\n<\/p><\/div>\n<div class=\"article-box-title\">\n                <a href=\"https:\/\/www.tabu.ro\/alex-velea-decizie-dupa-ce-piesa-nou-lansata-de-copiii-sai-si-ai-antoniei-a-starnit-valuri-de-controverse\/\" title=\"Alex Velea, decizie dup\u0103 ce piesa nou lansat\u0103 de copiii s\u0103i \u0219i ai Antoniei a st\u00e2rnit valuri de controverse\" rel=\"noopener external nofollow\" target=\"_blank\"><br \/>\n                    <span>Alex Velea, decizie dup\u0103 ce piesa nou lansat\u0103 de copiii s\u0103i \u0219i ai Antoniei a st\u00e2rnit valuri de controverse<\/span><br \/>\n                <\/a>\n            <\/div>\n<\/article>\n<hr class=\"realitatea-partners-news-hr\">\n            <\/div>\n<\/p><\/div>\n<div class=\"articleBody\" data-key=\"articleBody\">La fata locului au intervenit pompierii cu o autospeciala de stingere, dar si cu una pentru transport victime multiple. Trei persoane au fost evaluate medical, insa au refuzat transportul la spital.Din primele informatii, accidentul s-a produs dupa ce un barbat in varsta de 49 de ani, cetatean strain, care circula pe strada Strandului, nu ar fi acordat prioritate de trecere la intrarea pe Soseaua Alba Iulia. Autoturismul acestuia a intrat in coliziune cu o masina condusa de o tanara de 19 ani, din Cristian, care se deplasa spre centrul orasului.In urma impactului, primul autoturism a fost proiectat pe sensul opus, unde a lovit un autobuz condus de un barbat de 45 de ani.Din fericire, evenimenul s-a soldat doar cu pagube materiale, insa traficul in zona este in continuare afectat, iar politistii desfasoara cercetari pentru stabilirea tuturor circumstantelor producerii accidentului.<\/div>\n<\/p>\n<p>[analyse_source url=&#8221;https:\/\/www.realitatea.net\/stiri\/actual\/trafic-ingreunat-in-sibiu-accident-intre-un-autobuz-si-doua-masini-pe-soseaua-alba-iulia_69e86fffd8b83348712afda2&#8243;]<\/p>\n","protected":false},"excerpt":{"rendered":"<p>[analyse_image type=&#8221;featured&#8221; src=&#8221;https:\/\/media.realitatea.net\/multimedia\/image\/202604\/w1920\/accident&#8212;2026-04-22T095640132_7256ed5626.jpg&#8221;] &lt;!&#8211; &#8211;&gt; La fa\u021ba locului au intervenit pompierii cu o autospecial\u0103 de stingere, dar \u0219i cu una pentru transport victime multiple. Trei persoane au fost evaluate medical, \u00eens\u0103 au refuzat transportul la spital. Din primele informa\u021bii, accidentul s-a produs dup\u0103 ce un b\u0103rbat \u00een v\u00e2rst\u0103 de 49 de ani, cet\u0103\u021bean str\u0103in, care [&hellip;]<\/p>\n","protected":false},"author":1,"featured_media":0,"comment_status":"open","ping_status":"","sticky":false,"template":"","format":"standard","meta":{"footnotes":""},"categories":[89],"tags":[226,15],"class_list":["post-1895971","post","type-post","status-publish","format-standard","hentry","category-romania","tag-crawlmanager","tag-realitatea-net"],"_links":{"self":[{"href":"https:\/\/analyse.optim.biz\/index.php?rest_route=\/wp\/v2\/posts\/1895971","targetHints":{"allow":["GET"]}}],"collection":[{"href":"https:\/\/analyse.optim.biz\/index.php?rest_route=\/wp\/v2\/posts"}],"about":[{"href":"https:\/\/analyse.optim.biz\/index.php?rest_route=\/wp\/v2\/types\/post"}],"author":[{"embeddable":true,"href":"https:\/\/analyse.optim.biz\/index.php?rest_route=\/wp\/v2\/users\/1"}],"replies":[{"embeddable":true,"href":"https:\/\/analyse.optim.biz\/index.php?rest_route=%2Fwp%2Fv2%2Fcomments&post=1895971"}],"version-history":[{"count":0,"href":"https:\/\/analyse.optim.biz\/index.php?rest_route=\/wp\/v2\/posts\/1895971\/revisions"}],"wp:attachment":[{"href":"https:\/\/analyse.optim.biz\/index.php?rest_route=%2Fwp%2Fv2%2Fmedia&parent=1895971"}],"wp:term":[{"taxonomy":"category","embeddable":true,"href":"https:\/\/analyse.optim.biz\/index.php?rest_route=%2Fwp%2Fv2%2Fcategories&post=1895971"},{"taxonomy":"post_tag","embeddable":true,"href":"https:\/\/analyse.optim.biz\/index.php?rest_route=%2Fwp%2Fv2%2Ftags&post=1895971"}],"curies":[{"name":"wp","href":"https:\/\/api.w.org\/{rel}","templated":true}]}}