{"id":1895969,"date":"2026-04-22T06:43:04","date_gmt":"2026-04-22T03:43:04","guid":{"rendered":"https:\/\/analyse.optim.biz\/?p=1895969"},"modified":"2026-04-22T06:43:04","modified_gmt":"2026-04-22T03:43:04","slug":"negocieri-pentru-palatul-victoria-ilie-bolojan-cauta-sprijin-politic-discutii-cu-varujan-pambuccian-si-reprezentantii-udmr","status":"publish","type":"post","link":"https:\/\/analyse.optim.biz\/?p=1895969","title":{"rendered":"Negocieri pentru Palatul Victoria: Ilie Bolojan caut\u0103 sprijin politic. Discu\u021bii cu Varujan Pambuccian \u0219i reprezentan\u021bii UDMR"},"content":{"rendered":"<p>[analyse_image type=&#8221;featured&#8221; src=&#8221;https:\/\/media.realitatea.net\/multimedia\/image\/202603\/w1920\/Bolojan-profimedia_146c819321.jpg&#8221;]<\/p>\n<div class=\"article-box-content\">\n&lt;!&#8211;            <\/p>\n<div class=\"article-box-content\" role=\"section\" aria-label=\"Con&#539;inutul articolului\">&#8211;&gt;<\/p>\n<div id=\"digital-atelier-mobile\"><\/div>\n<div id=\"permanent-position-before-content\"><\/div>\n<div id=\"digital-atelier-desktop\"><\/div>\n<div class=\"realitatea-article-content-box\">\n<p data-path-to-node=\"1,0\">Pe l\u00e2ng\u0103 consult\u0103rile de la Palatul Cotroceni, \u00een paralel vor continua \u0219i negocierile dintre Partidul Na\u021bional Liberal \u0219i celelalte partide care sunt dispuse s\u0103 \u00eel sus\u021bin\u0103 pe Ilie Bolojan pentru func\u021bia de premier.<\/p>\n<div id=\"adocean-mobile-positon\">\n<div data-ao-pid=\"1s3nVeO8d7fVQQxZ8qBwmwF8nJdHUjAHhp2PqUhQfRb.D7\"><\/div>\n<\/p><\/div>\n<p data-path-to-node=\"1,1\">Surse citate de Realitatea PLUS spun c\u0103 Ilie Bolojan se va \u00eent\u00e2lni ast\u0103zi, de la ora 12:30, \u00een Parlament, cu liderul minorit\u0103\u021bilor na\u021bionale pentru a continua negocierile pentru sus\u021binerea sa \u00een func\u021bia de premier, chiar \u0219i f\u0103r\u0103 sprijinul PSD. \u00cen plus, acesta va avea \u00eent\u00e2lniri \u0219i cu reprezentan\u021bii UDMR, de la ora 13.30, la grupul parlamentar.<\/p>\n<p data-path-to-node=\"1,2\">Ilie Bolojan a avut deja discu\u021bii cu reprezentan\u021bii USR, care p\u00e2n\u0103 acum au transmis mesaje \u0219i pozi\u021bii publice aliniate \u00een favoarea sa. \u00cen prezent, Bolojan \u00eencearc\u0103 s\u0103 ob\u021bin\u0103 acela\u0219i tip de sus\u021binere \u0219i din partea celorlalte partide din coali\u021bie, pentru a-\u0219i consolida pozi\u021bia \u00een continuare.<\/p>\n<div id=\"truvid-desktop-postion\"><\/div>\n<div id=\"truvid-mobile-postion\"><\/div>\n<div id=\"adocean-desktop-positon\">\n<div data-ao-pid=\"1s3nVeO8d7fVQQxZ8qBwmwF8nJdHUjAHhp2PqUhQfRb.D7\"><\/div>\n<\/div>\n<\/div>\n<div data-ao-pid=\"acVcznEUnS79iL7oRf2OfNAAE8XviPKkQ6AW09XriFv.87\"><\/div>\n<div class=\"realitatea-add\">\n<div class=\"realitatea-in-article-partner\"><\/div>\n<\/div>\n<div class=\"realitatea-partners-news realitatea-partners-design\">\n<hr class=\"realitatea-partners-news-hr\">\n<div class=\"d-flex justify-content-center w-100 flex-row mt-5 mb-5\">\n                                <!--  &amp; \/32628511\/Realitatea.netV2_articol_mobile\/300x250_1 --><\/p>\n<div id=\"div-gpt-ad-1625071005196-0\"><\/div>\n<\/p><\/div>\n<hr class=\"realitatea-partners-news-hr\">\n<article class>\n<div class=\"article-box-image\">\n<figure>\n                    <a href=\"https:\/\/www.tabu.ro\/alex-velea-decizie-dupa-ce-piesa-nou-lansata-de-copiii-sai-si-ai-antoniei-a-starnit-valuri-de-controverse\/\" data-href=\"\/\/locale.realitatea.net\/2024\/02\/d6365422c35ae807f5d6133475b922c1.jpg\" class=\"progressive replace\" title=\"Alex Velea, decizie dup\u0103 ce piesa nou lansat\u0103 de copiii s\u0103i \u0219i ai Antoniei a st\u00e2rnit valuri de controverse\" rel=\"noopener external nofollow\" target=\"_blank\"><br \/>\n                                    <img decoding=\"async\" src=\"https:\/\/media.realitatea.net\/multimedia\/placeholder\/placeholder-article.webp\" class=\"preview w-100\" alt=\"Articol partener\"><br \/>\n                    <\/a><br \/>\n                <\/figure>\n<\/p><\/div>\n<div class=\"article-box-section\">\n<h3>TABU.RO<\/h3>\n<\/p><\/div>\n<div class=\"article-box-title\">\n                <a href=\"https:\/\/www.tabu.ro\/alex-velea-decizie-dupa-ce-piesa-nou-lansata-de-copiii-sai-si-ai-antoniei-a-starnit-valuri-de-controverse\/\" title=\"Alex Velea, decizie dup\u0103 ce piesa nou lansat\u0103 de copiii s\u0103i \u0219i ai Antoniei a st\u00e2rnit valuri de controverse\" rel=\"noopener external nofollow\" target=\"_blank\"><br \/>\n                    <span>Alex Velea, decizie dup\u0103 ce piesa nou lansat\u0103 de copiii s\u0103i \u0219i ai Antoniei a st\u00e2rnit valuri de controverse<\/span><br \/>\n                <\/a>\n            <\/div>\n<\/article>\n<hr class=\"realitatea-partners-news-hr\">\n            <\/div>\n<\/p><\/div>\n<div class=\"articleBody\" data-key=\"articleBody\">Pe langa consultarile de la Palatul Cotroceni, in paralel vor continua si negocierile dintre Partidul National Liberal si celelalte partide care sunt dispuse sa il sustina pe Ilie Bolojan pentru functia de premier.Surse citate de Realitatea PLUS spun ca Ilie Bolojan se va intalni astazi, de la ora 12:30, in Parlament, cu liderul minoritatilor nationale pentru a continua negocierile pentru sustinerea sa in functia de premier, chiar si fara sprijinul PSD. In plus, acesta va avea intalniri si cu reprezentantii UDMR, de la ora 13.30, la grupul parlamentar.Ilie Bolojan a avut deja discutii cu reprezentantii USR, care pana acum au transmis mesaje si pozitii publice aliniate in favoarea sa. In prezent, Bolojan incearca sa obtina acelasi tip de sustinere si din partea celorlalte partide din coalitie, pentru a-si consolida pozitia in continuare.<\/div>\n<\/p>\n<p>[analyse_source url=&#8221;https:\/\/www.realitatea.net\/stiri\/politica\/negocieri-pentru-palatul-victoria-ilie-bolojan-isi-cauta-sprijinul-politic-discutii-cu-varujan-pambuccian-si-reprezentantii-udmr_69e86df8f14fbb69f13d4de2&#8243;]<\/p>\n","protected":false},"excerpt":{"rendered":"<p>[analyse_image type=&#8221;featured&#8221; src=&#8221;https:\/\/media.realitatea.net\/multimedia\/image\/202603\/w1920\/Bolojan-profimedia_146c819321.jpg&#8221;] &lt;!&#8211; &#8211;&gt; Pe l\u00e2ng\u0103 consult\u0103rile de la Palatul Cotroceni, \u00een paralel vor continua \u0219i negocierile dintre Partidul Na\u021bional Liberal \u0219i celelalte partide care sunt dispuse s\u0103 \u00eel sus\u021bin\u0103 pe Ilie Bolojan pentru func\u021bia de premier. Surse citate de Realitatea PLUS spun c\u0103 Ilie Bolojan se va \u00eent\u00e2lni ast\u0103zi, de la ora 12:30, [&hellip;]<\/p>\n","protected":false},"author":1,"featured_media":0,"comment_status":"open","ping_status":"","sticky":false,"template":"","format":"standard","meta":{"footnotes":""},"categories":[89],"tags":[226,15],"class_list":["post-1895969","post","type-post","status-publish","format-standard","hentry","category-romania","tag-crawlmanager","tag-realitatea-net"],"_links":{"self":[{"href":"https:\/\/analyse.optim.biz\/index.php?rest_route=\/wp\/v2\/posts\/1895969","targetHints":{"allow":["GET"]}}],"collection":[{"href":"https:\/\/analyse.optim.biz\/index.php?rest_route=\/wp\/v2\/posts"}],"about":[{"href":"https:\/\/analyse.optim.biz\/index.php?rest_route=\/wp\/v2\/types\/post"}],"author":[{"embeddable":true,"href":"https:\/\/analyse.optim.biz\/index.php?rest_route=\/wp\/v2\/users\/1"}],"replies":[{"embeddable":true,"href":"https:\/\/analyse.optim.biz\/index.php?rest_route=%2Fwp%2Fv2%2Fcomments&post=1895969"}],"version-history":[{"count":0,"href":"https:\/\/analyse.optim.biz\/index.php?rest_route=\/wp\/v2\/posts\/1895969\/revisions"}],"wp:attachment":[{"href":"https:\/\/analyse.optim.biz\/index.php?rest_route=%2Fwp%2Fv2%2Fmedia&parent=1895969"}],"wp:term":[{"taxonomy":"category","embeddable":true,"href":"https:\/\/analyse.optim.biz\/index.php?rest_route=%2Fwp%2Fv2%2Fcategories&post=1895969"},{"taxonomy":"post_tag","embeddable":true,"href":"https:\/\/analyse.optim.biz\/index.php?rest_route=%2Fwp%2Fv2%2Ftags&post=1895969"}],"curies":[{"name":"wp","href":"https:\/\/api.w.org\/{rel}","templated":true}]}}