{"id":1895964,"date":"2026-04-22T05:52:09","date_gmt":"2026-04-22T02:52:09","guid":{"rendered":"https:\/\/analyse.optim.biz\/?p=1895964"},"modified":"2026-04-22T05:52:09","modified_gmt":"2026-04-22T02:52:09","slug":"statul-ofera-pana-la-27-000-de-lei-tinerilor-care-se-angajeaza-prima-data-cine-sunt-beneficiarii-primei-de-stabilitate-si-cum-se-acorda-banii-lunar","status":"publish","type":"post","link":"https:\/\/analyse.optim.biz\/?p=1895964","title":{"rendered":"Statul ofer\u0103 p\u00e2n\u0103 la 27.000 de lei tinerilor care se angajeaz\u0103 prima dat\u0103: cine sunt beneficiarii \u201eprimei de stabilitate\u201d \u0219i cum se acord\u0103 banii lunar"},"content":{"rendered":"<p>[analyse_image type=&#8221;featured&#8221; src=&#8221;https:\/\/media.realitatea.net\/multimedia\/image\/202604\/w1920\/fotoblend-banknotes-7850299_e45c88f2cb.jpg&#8221;]<\/p>\n<div class=\"article-box-content\">\n&lt;!&#8211;            <\/p>\n<div class=\"article-box-content\" role=\"section\" aria-label=\"Con&#539;inutul articolului\">&#8211;&gt;<\/p>\n<div id=\"digital-atelier-mobile\"><\/div>\n<div id=\"permanent-position-before-content\"><\/div>\n<div id=\"digital-atelier-desktop\"><\/div>\n<div class=\"realitatea-article-content-box\">\n<h3>M\u0103sur\u0103 pentru integrarea tinerilor pe pia\u021ba muncii<\/h3>\n<p>Modific\u0103rile au fost adoptate printr-o Ordonan\u021b\u0103 de urgen\u021b\u0103 ini\u021biat\u0103 de Ministerul Muncii, Familiei, Tineretului \u0219i Solidarit\u0103\u021bii Sociale, care vizeaz\u0103 actualizarea Legii nr. 76\/2002 privind sistemul asigur\u0103rilor pentru \u0219omaj. Noile prevederi vin \u00een contextul unor dificult\u0103\u021bi persistente pe pia\u021ba muncii, precum \u0219omajul de lung\u0103 durat\u0103, integrarea dificil\u0103 a tinerilor NEET \u0219i lipsa for\u021bei de munc\u0103 \u00een anumite domenii sau regiuni.<\/p>\n<div id=\"adocean-mobile-positon\">\n<div data-ao-pid=\"1s3nVeO8d7fVQQxZ8qBwmwF8nJdHUjAHhp2PqUhQfRb.D7\"><\/div>\n<\/p><\/div>\n<h3>Cine poate beneficia de aceast\u0103 prim\u0103<\/h3>\n<p>Sprijinul este destinat tinerilor NEET, persoane cu v\u00e2rste \u00eentre 16 \u0219i 30 de ani care nu au un loc de munc\u0103, nu urmeaz\u0103 o form\u0103 de \u00eenv\u0103\u021b\u0103m\u00e2nt \u0219i nu particip\u0103 la cursuri de formare profesional\u0103.<\/p>\n<p>Pentru a primi prima de stabilitate, ace\u0219tia trebuie:<\/p>\n<p>-s\u0103 fie \u00eenregistra\u021bi la agen\u021biile pentru ocuparea for\u021bei de munc\u0103<\/p>\n<div id=\"truvid-mobile-postion\"><\/div>\n<div id=\"adocean-desktop-positon\">\n<div data-ao-pid=\"1s3nVeO8d7fVQQxZ8qBwmwF8nJdHUjAHhp2PqUhQfRb.D7\"><\/div>\n<\/div>\n<p>-s\u0103 se angajeze pentru prima dat\u0103<\/p>\n<p>-s\u0103 aib\u0103 un contract de munc\u0103 pe perioad\u0103 nedeterminat\u0103<\/p>\n<p>-s\u0103 lucreze cu norm\u0103 \u00eentreag\u0103<\/p>\n<h3>Sprijin financiar acordat timp de doi ani<\/h3>\n<p>Ajutorul este oferit din bugetul asigur\u0103rilor pentru \u0219omaj \u0219i se acord\u0103 pe o perioad\u0103 de 24 de luni:<\/p>\n<p>-1.000 de lei lunar \u00een primul an<\/p>\n<p>-1.250 de lei lunar \u00een al doilea an<\/p>\n<p>\u00cen total, beneficiarii pot primi p\u00e2n\u0103 la 27.000 de lei. Sumele sunt neimpozabile \u0219i nu implic\u0103 plata contribu\u021biilor sociale. Prima este pl\u0103tit\u0103 propor\u021bional cu perioada efectiv lucrat\u0103 \u0219i include concediul de odihn\u0103. M\u0103sura are ca obiectiv \u00eencurajarea stabilit\u0103\u021bii \u00een munc\u0103 \u0219i men\u021binerea tinerilor \u00een activitate pe termen mai lung.<\/p>\n<div id=\"truvid-desktop-postion\"><\/div>\n<\/div>\n<div data-ao-pid=\"acVcznEUnS79iL7oRf2OfNAAE8XviPKkQ6AW09XriFv.87\"><\/div>\n<div class=\"realitatea-add\">\n<div class=\"realitatea-in-article-partner\"><\/div>\n<\/div>\n<div class=\"realitatea-partners-news realitatea-partners-design\">\n<hr class=\"realitatea-partners-news-hr\">\n<div class=\"d-flex justify-content-center w-100 flex-row mt-5 mb-5\">\n                                <!--  &amp; \/32628511\/Realitatea.netV2_articol_mobile\/300x250_1 --><\/p>\n<div id=\"div-gpt-ad-1625071005196-0\"><\/div>\n<\/p><\/div>\n<hr class=\"realitatea-partners-news-hr\">\n<article class>\n<div class=\"article-box-image\">\n<figure>\n                    <a href=\"https:\/\/www.tabu.ro\/alex-velea-decizie-dupa-ce-piesa-nou-lansata-de-copiii-sai-si-ai-antoniei-a-starnit-valuri-de-controverse\/\" data-href=\"\/\/locale.realitatea.net\/2024\/02\/d6365422c35ae807f5d6133475b922c1.jpg\" class=\"progressive replace\" title=\"Alex Velea, decizie dup\u0103 ce piesa nou lansat\u0103 de copiii s\u0103i \u0219i ai Antoniei a st\u00e2rnit valuri de controverse\" rel=\"noopener external nofollow\" target=\"_blank\"><br \/>\n                                    <img decoding=\"async\" src=\"https:\/\/media.realitatea.net\/multimedia\/placeholder\/placeholder-article.webp\" class=\"preview w-100\" alt=\"Articol partener\"><br \/>\n                    <\/a><br \/>\n                <\/figure>\n<\/p><\/div>\n<div class=\"article-box-section\">\n<h3>TABU.RO<\/h3>\n<\/p><\/div>\n<div class=\"article-box-title\">\n                <a href=\"https:\/\/www.tabu.ro\/alex-velea-decizie-dupa-ce-piesa-nou-lansata-de-copiii-sai-si-ai-antoniei-a-starnit-valuri-de-controverse\/\" title=\"Alex Velea, decizie dup\u0103 ce piesa nou lansat\u0103 de copiii s\u0103i \u0219i ai Antoniei a st\u00e2rnit valuri de controverse\" rel=\"noopener external nofollow\" target=\"_blank\"><br \/>\n                    <span>Alex Velea, decizie dup\u0103 ce piesa nou lansat\u0103 de copiii s\u0103i \u0219i ai Antoniei a st\u00e2rnit valuri de controverse<\/span><br \/>\n                <\/a>\n            <\/div>\n<\/article>\n<hr class=\"realitatea-partners-news-hr\">\n            <\/div>\n<\/p><\/div>\n<div class=\"articleBody\" data-key=\"articleBody\">Masura pentru integrarea tinerilor pe piata munciiModificarile au fost adoptate printr-o Ordonanta de urgenta initiata de Ministerul Muncii, Familiei, Tineretului si Solidaritatii Sociale, care vizeaza actualizarea Legii nr. 76\/2002 privind sistemul asigurarilor pentru somaj. Noile prevederi vin in contextul unor dificultati persistente pe piata muncii, precum somajul de lunga durata, integrarea dificila a tinerilor NEET si lipsa fortei de munca in anumite domenii sau regiuni.Cine poate beneficia de aceasta primaSprijinul este destinat tinerilor NEET, persoane cu varste intre 16 si 30 de ani care nu au un loc de munca, nu urmeaza o forma de invatamant si nu participa la cursuri de formare profesionala.Pentru a primi prima de stabilitate, acestia trebuie:-sa fie inregistrati la agentiile pentru ocuparea fortei de munca-sa se angajeze pentru prima data-sa aiba un contract de munca pe perioada nedeterminata-sa lucreze cu norma intreagaSprijin financiar acordat timp de doi aniAjutorul este oferit din bugetul asigurarilor pentru somaj si se acorda pe o perioada de 24 de luni:-1.000 de lei lunar in primul an-1.250 de lei lunar in al doilea anIn total, beneficiarii pot primi pana la 27.000 de lei. Sumele sunt neimpozabile si nu implica plata contributiilor sociale. Prima este platita proportional cu perioada efectiv lucrata si include concediul de odihna. Masura are ca obiectiv incurajarea stabilitatii in munca si mentinerea tinerilor in activitate pe termen mai lung.<\/div>\n<\/p>\n<p>[analyse_source url=&#8221;https:\/\/www.realitatea.net\/stiri\/economie\/statul-ofera-pana-la-27000-de-lei-tinerilor-care-se-angajeaza-prima-data-cine-sunt-beneficiarii-primei-de-stabilitate-si-cum-se-acorda-banii-lunar_69e862095afa5514af77323d&#8221;]<\/p>\n","protected":false},"excerpt":{"rendered":"<p>[analyse_image type=&#8221;featured&#8221; src=&#8221;https:\/\/media.realitatea.net\/multimedia\/image\/202604\/w1920\/fotoblend-banknotes-7850299_e45c88f2cb.jpg&#8221;] &lt;!&#8211; &#8211;&gt; M\u0103sur\u0103 pentru integrarea tinerilor pe pia\u021ba muncii Modific\u0103rile au fost adoptate printr-o Ordonan\u021b\u0103 de urgen\u021b\u0103 ini\u021biat\u0103 de Ministerul Muncii, Familiei, Tineretului \u0219i Solidarit\u0103\u021bii Sociale, care vizeaz\u0103 actualizarea Legii nr. 76\/2002 privind sistemul asigur\u0103rilor pentru \u0219omaj. Noile prevederi vin \u00een contextul unor dificult\u0103\u021bi persistente pe pia\u021ba muncii, precum \u0219omajul de lung\u0103 [&hellip;]<\/p>\n","protected":false},"author":1,"featured_media":0,"comment_status":"open","ping_status":"","sticky":false,"template":"","format":"standard","meta":{"footnotes":""},"categories":[89],"tags":[226,15],"class_list":["post-1895964","post","type-post","status-publish","format-standard","hentry","category-romania","tag-crawlmanager","tag-realitatea-net"],"_links":{"self":[{"href":"https:\/\/analyse.optim.biz\/index.php?rest_route=\/wp\/v2\/posts\/1895964","targetHints":{"allow":["GET"]}}],"collection":[{"href":"https:\/\/analyse.optim.biz\/index.php?rest_route=\/wp\/v2\/posts"}],"about":[{"href":"https:\/\/analyse.optim.biz\/index.php?rest_route=\/wp\/v2\/types\/post"}],"author":[{"embeddable":true,"href":"https:\/\/analyse.optim.biz\/index.php?rest_route=\/wp\/v2\/users\/1"}],"replies":[{"embeddable":true,"href":"https:\/\/analyse.optim.biz\/index.php?rest_route=%2Fwp%2Fv2%2Fcomments&post=1895964"}],"version-history":[{"count":0,"href":"https:\/\/analyse.optim.biz\/index.php?rest_route=\/wp\/v2\/posts\/1895964\/revisions"}],"wp:attachment":[{"href":"https:\/\/analyse.optim.biz\/index.php?rest_route=%2Fwp%2Fv2%2Fmedia&parent=1895964"}],"wp:term":[{"taxonomy":"category","embeddable":true,"href":"https:\/\/analyse.optim.biz\/index.php?rest_route=%2Fwp%2Fv2%2Fcategories&post=1895964"},{"taxonomy":"post_tag","embeddable":true,"href":"https:\/\/analyse.optim.biz\/index.php?rest_route=%2Fwp%2Fv2%2Ftags&post=1895964"}],"curies":[{"name":"wp","href":"https:\/\/api.w.org\/{rel}","templated":true}]}}