{"id":1895708,"date":"2026-04-22T06:28:47","date_gmt":"2026-04-22T03:28:47","guid":{"rendered":"https:\/\/analyse.optim.biz\/?p=1895708"},"modified":"2026-04-22T06:28:47","modified_gmt":"2026-04-22T03:28:47","slug":"tulcea-este-gazda-olimpiadei-nationale-de-religie-pentru-seminarii-si-licee-teologice-ortodoxe","status":"publish","type":"post","link":"https:\/\/analyse.optim.biz\/?p=1895708","title":{"rendered":"Tulcea este gazda Olimpiadei Na\u021bionale de Religie pentru Seminarii \u0219i Licee Teologice Ortodoxe"},"content":{"rendered":"<p>[analyse_image type=&#8221;featured&#8221; src=&#8221;https:\/\/dobrogeanews.b-cdn.net\/wp-content\/uploads\/2026\/04\/olimpiada-de-religie-la-tulcea.jpg&#8221;]<\/p>\n<div id=\"post-70134\" class=\"entry single-default post-70134 post type-post status-publish format-standard has-post-thumbnail hentry category-info\">\n<div>\n<div class=\"ss-follow-wrapper ss-clearfix ss-regular-buttons ss-columns-1 ss-default-style\">\n<div class=\"ss-follow-column\" data-ss-sf-network-id='\"facebook\"'><a href=\"https:\/\/www.facebook.com\/dobrogeanews\" class=\"ss-follow-network ss-facebook-color\" rel=\"nofollow noopener\" aria-label=\"facebook\" target=\"_blank\"><span class=\"ss-follow-network-label\">Urm\u0103re\u015fte-ne \u015fi pe Facebook!<\/span><span class=\"ss-follow-network-count\"><span class=\"ss-follow-network-count-number\">57K<\/span><span class=\"ss-follow-network-count-label\">Followers<\/span><\/span><\/a><\/div>\n<\/div>\n<\/div>\n<p>Inspectoratul \u0218colar Jude\u021bean Tulcea are onoarea de a fi gazda Olimpiadei Na\u021bionale de Religie pentru Seminarii \u0219i Licee Teologice Ortodoxe, un eveniment de o \u00eenalt\u0103 \u021binut\u0103 academic\u0103 \u0219i spiritual\u0103 ce se desf\u0103\u0219oar\u0103 \u00een perioada 21\u201324 aprilie 2026.Suntem bucuro\u0219i s\u0103 primim \u00een jude\u021bul nostru 108 elevi de excep\u021bie din 27 de jude\u021be ale \u021b\u0103rii, tineri care au ales s\u0103 cultive, deopotriv\u0103, cunoa\u0219terea \u0219i credin\u021ba.<\/p>\n<figure class=\"wp-block-image size-full is-resized\">\n<source type=\"image\/webp\" data-lazy-srcset=\"https:\/\/dobrogeanews.b-cdn.net\/wp-content\/uploads\/2026\/04\/olimpiada-de-religie-la-tulcea.jpg.webp 2560w, https:\/\/dobrogeanews.b-cdn.net\/wp-content\/uploads\/2026\/04\/olimpiada-de-religie-la-tulcea-300x246.jpg.webp 300w, https:\/\/dobrogeanews.b-cdn.net\/wp-content\/uploads\/2026\/04\/olimpiada-de-religie-la-tulcea-1024x840.jpg.webp 1024w, https:\/\/dobrogeanews.b-cdn.net\/wp-content\/uploads\/2026\/04\/olimpiada-de-religie-la-tulcea-768x630.jpg.webp 768w, https:\/\/dobrogeanews.b-cdn.net\/wp-content\/uploads\/2026\/04\/olimpiada-de-religie-la-tulcea-1536x1260.jpg.webp 1536w, https:\/\/dobrogeanews.b-cdn.net\/wp-content\/uploads\/2026\/04\/olimpiada-de-religie-la-tulcea-2048x1680.jpg.webp 2048w\" sizes=\"(max-width: 640px) 100vw, 640px\" \/><br \/>\n<img loading=\"lazy\" decoding=\"async\" src=\"https:\/\/dobrogeanews.b-cdn.net\/wp-content\/uploads\/2026\/04\/olimpiada-de-religie-la-tulcea.jpg\" alt=\"Tulcea este gazda Olimpiadei Na\u021bionale de Religie pentru Seminarii \u0219i Licee Teologice Ortodoxe\" width=\"640\" height=\"525\"><\/figure>\n<p>\ud835\udc0c\ud835\udc28\ud835\udc26\ud835\udc1e\ud835\udc27\ud835\udc2d\ud835\udc1e \ud835\udc02\ud835\udc21\ud835\udc1e\ud835\udc22\ud835\udc1e:<\/p>\n<p>\u2022 Festivitatea de deschidere: 21 aprilie, ora 17:30, la Teatrul \u201eJean Bart\u201d din Tulcea.<\/p>\n<p>\u2022 Festivitatea de premiere: 24 aprilie, ora 11:00, la Sala de festivit\u0103\u021bi a Palatului Copiilor.<\/p>\n<p>Evenimentul se bucur\u0103 de prezen\u021ba onorant\u0103 a reprezentan\u021bilor Ministerului Educa\u021biei \u0219i Cercet\u0103rii \u0219i ai Bisericii Ortodoxe Rom\u00e2ne, al\u0103turi de invita\u021bi de seam\u0103 din partea Consiliului Jude\u021bean Tulcea, a Prefecturii Jude\u021bului Tulcea \u0219i a Prim\u0103riei Municipiului Tulcea.<\/p>\n<p>Aceast\u0103 competi\u021bie nu este doar un concurs de erudi\u021bie, ci o m\u0103rturie vie a rolului formativ al educa\u021biei cre\u0219tine \u00een modelarea caracterelor tinere.\u201e\u00cenva\u021b\u0103 pe copil calea pe care trebuie s-o urmeze \u0219i, c\u00e2nd va \u00eemb\u0103tr\u00e2ni, nu se va abate de la ea.\u201d (\ud835\udc43\ud835\udc56\ud835\udc59\ud835\udc51\ud835\udc52\ud835\udc59\ud835\udc52 \ud835\udc59\ud835\udc62\ud835\udc56 \ud835\udc46\ud835\udc5c\ud835\udc59\ud835\udc5c\ud835\udc5a\ud835\udc5c\ud835\udc5b 22, 6).<\/p>\n<p>Mult succes tuturor participan\u021bilor! Fie ca aceste zile petrecute pe t\u0103r\u00e2m tulcean s\u0103 fie un izvor de lumin\u0103 \u0219i bucurie duhovniceasc\u0103 (ISJ Tulcea)<\/p>\n<div class=\"monsterinsights-inline-popular-posts monsterinsights-inline-popular-posts-charlie monsterinsights-popular-posts-styled\">\n<div class=\"monsterinsights-inline-popular-posts-text\"><span class=\"monsterinsights-inline-popular-posts-label\">Vezi \u0219i:<\/span><\/p>\n<div class=\"monsterinsights-inline-popular-posts-post\"><a class=\"monsterinsights-inline-popular-posts-title\" href=\"https:\/\/www.dobrogeanews.ro\/dr-laurentiu-ivanof-fiti-atenti-la-taceri-la-retrageri-la-schimbari-subtile-uneori-cei-care-au-cea-mai-mare-nevoie-de-ajutor-sunt-cei-care-cer-cel-mai-putin\/\">Dr. Lauren\u021biu Ivanof: Fi\u021bi aten\u021bi la t\u0103ceri. La retrageri. La schimb\u0103ri subtile. Uneori, cei care au cea mai mare nevoie de ajutor sunt cei care cer cel mai pu\u021bin.<\/a><\/div>\n<div class=\"monsterinsights-inline-popular-posts-post\"><a class=\"monsterinsights-inline-popular-posts-title\" href=\"https:\/\/www.dobrogeanews.ro\/tulcea-impozitul-pentru-mijloacele-de-transport-2026-pe-intelesul-tuturor-cine-beneficiaza-de-reducere-sau-scutire\/\">Tulcea: Impozitul pentru mijloacele de transport\/2026 pe \u00een\u021belesul tuturor. Cine beneficiaz\u0103 de reducere sau scutire<\/a><\/div>\n<div class=\"monsterinsights-inline-popular-posts-post\"><a class=\"monsterinsights-inline-popular-posts-title\" href=\"https:\/\/www.dobrogeanews.ro\/la-babadag-eleviii-continua-sa-primeasca-pachetele-alimentare-prin-programul-national-masa-sanatoasa\/\">La Babadag, elevii continu\u0103 s\u0103 primeasc\u0103 pachetele alimentare prin Programul Na\u021bional \u201eMas\u0103 s\u0103n\u0103toas\u0103\u201d<\/a><\/div>\n<\/div>\n<\/div>\n<p class=\"has-text-align-center has-white-color has-text-color has-background\"><span><a href=\"https:\/\/news.google.com\/publications\/CAAqBwgKMIu5pgsw88O-Aw?ceid=RO:ro&amp;oc=3\">Urm\u0103ri\u0163i \u015etirile Dobrogeanews \u015fi pe Google News<\/a><\/span><\/p>\n<\/div>\n<div id=\"post-70134\" class=\"entry single-default post-70134 post type-post status-publish format-standard has-post-thumbnail hentry category-info\">\n<div>\n<div class=\"ss-follow-wrapper ss-clearfix ss-regular-buttons ss-columns-1 ss-default-style\">\n<div class=\"ss-follow-column\" data-ss-sf-network-id='\"facebook\"'><a href=\"https:\/\/www.facebook.com\/dobrogeanews\" class=\"ss-follow-network ss-facebook-color\" rel=\"nofollow noopener\" aria-label=\"facebook\" target=\"_blank\"><span class=\"ss-follow-network-label\">Urm\u0103re\u015fte-ne \u015fi pe Facebook!<\/span><span class=\"ss-follow-network-count\"><span class=\"ss-follow-network-count-number\">57K<\/span><span class=\"ss-follow-network-count-label\">Followers<\/span><\/span><\/a><\/div>\n<\/div>\n<\/div>\n<p>Inspectoratul \u0218colar Jude\u021bean Tulcea are onoarea de a fi gazda Olimpiadei Na\u021bionale de Religie pentru Seminarii \u0219i Licee Teologice Ortodoxe, un eveniment de o \u00eenalt\u0103 \u021binut\u0103 academic\u0103 \u0219i spiritual\u0103 ce se desf\u0103\u0219oar\u0103 \u00een perioada 21\u201324 aprilie 2026.Suntem bucuro\u0219i s\u0103 primim \u00een jude\u021bul nostru 108 elevi de excep\u021bie din 27 de jude\u021be ale \u021b\u0103rii, tineri care au ales s\u0103 cultive, deopotriv\u0103, cunoa\u0219terea \u0219i credin\u021ba.<\/p>\n<figure class=\"wp-block-image size-full is-resized\">\n<source type=\"image\/webp\" data-lazy-srcset=\"https:\/\/dobrogeanews.b-cdn.net\/wp-content\/uploads\/2026\/04\/olimpiada-de-religie-la-tulcea.jpg.webp 2560w, https:\/\/dobrogeanews.b-cdn.net\/wp-content\/uploads\/2026\/04\/olimpiada-de-religie-la-tulcea-300x246.jpg.webp 300w, https:\/\/dobrogeanews.b-cdn.net\/wp-content\/uploads\/2026\/04\/olimpiada-de-religie-la-tulcea-1024x840.jpg.webp 1024w, https:\/\/dobrogeanews.b-cdn.net\/wp-content\/uploads\/2026\/04\/olimpiada-de-religie-la-tulcea-768x630.jpg.webp 768w, https:\/\/dobrogeanews.b-cdn.net\/wp-content\/uploads\/2026\/04\/olimpiada-de-religie-la-tulcea-1536x1260.jpg.webp 1536w, https:\/\/dobrogeanews.b-cdn.net\/wp-content\/uploads\/2026\/04\/olimpiada-de-religie-la-tulcea-2048x1680.jpg.webp 2048w\" sizes=\"(max-width: 640px) 100vw, 640px\" \/><br \/>\n<img loading=\"lazy\" decoding=\"async\" src=\"https:\/\/dobrogeanews.b-cdn.net\/wp-content\/uploads\/2026\/04\/olimpiada-de-religie-la-tulcea.jpg\" alt=\"Tulcea este gazda Olimpiadei Na\u021bionale de Religie pentru Seminarii \u0219i Licee Teologice Ortodoxe\" width=\"640\" height=\"525\"><\/figure>\n<p>\ud835\udc0c\ud835\udc28\ud835\udc26\ud835\udc1e\ud835\udc27\ud835\udc2d\ud835\udc1e \ud835\udc02\ud835\udc21\ud835\udc1e\ud835\udc22\ud835\udc1e:<\/p>\n<p>\u2022 Festivitatea de deschidere: 21 aprilie, ora 17:30, la Teatrul \u201eJean Bart\u201d din Tulcea.<\/p>\n<p>\u2022 Festivitatea de premiere: 24 aprilie, ora 11:00, la Sala de festivit\u0103\u021bi a Palatului Copiilor.<\/p>\n<p>Evenimentul se bucur\u0103 de prezen\u021ba onorant\u0103 a reprezentan\u021bilor Ministerului Educa\u021biei \u0219i Cercet\u0103rii \u0219i ai Bisericii Ortodoxe Rom\u00e2ne, al\u0103turi de invita\u021bi de seam\u0103 din partea Consiliului Jude\u021bean Tulcea, a Prefecturii Jude\u021bului Tulcea \u0219i a Prim\u0103riei Municipiului Tulcea.<\/p>\n<p>Aceast\u0103 competi\u021bie nu este doar un concurs de erudi\u021bie, ci o m\u0103rturie vie a rolului formativ al educa\u021biei cre\u0219tine \u00een modelarea caracterelor tinere.\u201e\u00cenva\u021b\u0103 pe copil calea pe care trebuie s-o urmeze \u0219i, c\u00e2nd va \u00eemb\u0103tr\u00e2ni, nu se va abate de la ea.\u201d (\ud835\udc43\ud835\udc56\ud835\udc59\ud835\udc51\ud835\udc52\ud835\udc59\ud835\udc52 \ud835\udc59\ud835\udc62\ud835\udc56 \ud835\udc46\ud835\udc5c\ud835\udc59\ud835\udc5c\ud835\udc5a\ud835\udc5c\ud835\udc5b 22, 6).<\/p>\n<p>Mult succes tuturor participan\u021bilor! Fie ca aceste zile petrecute pe t\u0103r\u00e2m tulcean s\u0103 fie un izvor de lumin\u0103 \u0219i bucurie duhovniceasc\u0103 (ISJ Tulcea)<\/p>\n<div class=\"monsterinsights-inline-popular-posts monsterinsights-inline-popular-posts-charlie monsterinsights-popular-posts-styled\">\n<div class=\"monsterinsights-inline-popular-posts-text\"><span class=\"monsterinsights-inline-popular-posts-label\">Vezi \u0219i:<\/span><\/p>\n<div class=\"monsterinsights-inline-popular-posts-post\"><a class=\"monsterinsights-inline-popular-posts-title\" href=\"https:\/\/www.dobrogeanews.ro\/dr-laurentiu-ivanof-fiti-atenti-la-taceri-la-retrageri-la-schimbari-subtile-uneori-cei-care-au-cea-mai-mare-nevoie-de-ajutor-sunt-cei-care-cer-cel-mai-putin\/\">Dr. Lauren\u021biu Ivanof: Fi\u021bi aten\u021bi la t\u0103ceri. La retrageri. La schimb\u0103ri subtile. Uneori, cei care au cea mai mare nevoie de ajutor sunt cei care cer cel mai pu\u021bin.<\/a><\/div>\n<div class=\"monsterinsights-inline-popular-posts-post\"><a class=\"monsterinsights-inline-popular-posts-title\" href=\"https:\/\/www.dobrogeanews.ro\/tulcea-impozitul-pentru-mijloacele-de-transport-2026-pe-intelesul-tuturor-cine-beneficiaza-de-reducere-sau-scutire\/\">Tulcea: Impozitul pentru mijloacele de transport\/2026 pe \u00een\u021belesul tuturor. Cine beneficiaz\u0103 de reducere sau scutire<\/a><\/div>\n<div class=\"monsterinsights-inline-popular-posts-post\"><a class=\"monsterinsights-inline-popular-posts-title\" href=\"https:\/\/www.dobrogeanews.ro\/la-babadag-eleviii-continua-sa-primeasca-pachetele-alimentare-prin-programul-national-masa-sanatoasa\/\">La Babadag, elevii continu\u0103 s\u0103 primeasc\u0103 pachetele alimentare prin Programul Na\u021bional \u201eMas\u0103 s\u0103n\u0103toas\u0103\u201d<\/a><\/div>\n<\/div>\n<\/div>\n<p class=\"has-text-align-center has-white-color has-text-color has-background\"><span><a href=\"https:\/\/news.google.com\/publications\/CAAqBwgKMIu5pgsw88O-Aw?ceid=RO:ro&amp;oc=3\">Urm\u0103ri\u0163i \u015etirile Dobrogeanews \u015fi pe Google News<\/a><\/span><\/p>\n<\/div>\n<p>[analyse_source url=&#8221;https:\/\/www.dobrogeanews.ro\/tulcea-este-gazda-olimpiadei-nationale-de-religie-pentru-seminarii-si-licee-teologice-ortodoxe\/&#8221;]<\/p>\n","protected":false},"excerpt":{"rendered":"<p>[analyse_image type=&#8221;featured&#8221; src=&#8221;https:\/\/dobrogeanews.b-cdn.net\/wp-content\/uploads\/2026\/04\/olimpiada-de-religie-la-tulcea.jpg&#8221;] Urm\u0103re\u015fte-ne \u015fi pe Facebook!57KFollowers Inspectoratul \u0218colar Jude\u021bean Tulcea are onoarea de a fi gazda Olimpiadei Na\u021bionale de Religie pentru Seminarii \u0219i Licee Teologice Ortodoxe, un eveniment de o \u00eenalt\u0103 \u021binut\u0103 academic\u0103 \u0219i spiritual\u0103 ce se desf\u0103\u0219oar\u0103 \u00een perioada 21\u201324 aprilie 2026.Suntem bucuro\u0219i s\u0103 primim \u00een jude\u021bul nostru 108 elevi de excep\u021bie din [&hellip;]<\/p>\n","protected":false},"author":1,"featured_media":0,"comment_status":"open","ping_status":"","sticky":false,"template":"","format":"standard","meta":{"footnotes":""},"categories":[89],"tags":[226,223],"class_list":["post-1895708","post","type-post","status-publish","format-standard","hentry","category-romania","tag-crawlmanager","tag-dobrogeanews-ro"],"_links":{"self":[{"href":"https:\/\/analyse.optim.biz\/index.php?rest_route=\/wp\/v2\/posts\/1895708","targetHints":{"allow":["GET"]}}],"collection":[{"href":"https:\/\/analyse.optim.biz\/index.php?rest_route=\/wp\/v2\/posts"}],"about":[{"href":"https:\/\/analyse.optim.biz\/index.php?rest_route=\/wp\/v2\/types\/post"}],"author":[{"embeddable":true,"href":"https:\/\/analyse.optim.biz\/index.php?rest_route=\/wp\/v2\/users\/1"}],"replies":[{"embeddable":true,"href":"https:\/\/analyse.optim.biz\/index.php?rest_route=%2Fwp%2Fv2%2Fcomments&post=1895708"}],"version-history":[{"count":0,"href":"https:\/\/analyse.optim.biz\/index.php?rest_route=\/wp\/v2\/posts\/1895708\/revisions"}],"wp:attachment":[{"href":"https:\/\/analyse.optim.biz\/index.php?rest_route=%2Fwp%2Fv2%2Fmedia&parent=1895708"}],"wp:term":[{"taxonomy":"category","embeddable":true,"href":"https:\/\/analyse.optim.biz\/index.php?rest_route=%2Fwp%2Fv2%2Fcategories&post=1895708"},{"taxonomy":"post_tag","embeddable":true,"href":"https:\/\/analyse.optim.biz\/index.php?rest_route=%2Fwp%2Fv2%2Ftags&post=1895708"}],"curies":[{"name":"wp","href":"https:\/\/api.w.org\/{rel}","templated":true}]}}