{"id":1895706,"date":"2026-04-22T05:52:12","date_gmt":"2026-04-22T02:52:12","guid":{"rendered":"https:\/\/analyse.optim.biz\/?p=1895706"},"modified":"2026-04-22T05:52:12","modified_gmt":"2026-04-22T02:52:12","slug":"concursul-de-cadeti-invita-nicolae-grehov-reuneste-la-start-luptatori-din-sapte-tari","status":"publish","type":"post","link":"https:\/\/analyse.optim.biz\/?p=1895706","title":{"rendered":"Concursul de cade\u021bi &#8220;Invit\u0103 Nicolae Grehov&#8221; reune\u0219te la start lupt\u0103tori din \u0219apte \u021b\u0103ri"},"content":{"rendered":"<p>[analyse_image type=&#8221;featured&#8221; src=&#8221;https:\/\/focustim.ro\/wp-content\/uploads\/2026\/04\/Nicolae-Grehov-scaled.jpg&#8221;]<\/p>\n<article id=\"post-40062\" class=\"penci-single-artcontent noloaddisqus post-40062 post type-post status-publish format-standard has-post-thumbnail hentry category-sport penci-post-item\">\n<header class=\"entry-header penci-entry-header penci-title-\">\n<div class=\"penci-entry-categories\"><span class=\"penci-cat-links\"><a href=\"https:\/\/focustim.ro\/category\/sport\/\" rel=\"category tag\">Sport<\/a><\/span><\/div>\n<h1 class=\"entry-title penci-entry-title penci-title-\">Concursul de cade\u021bi \u201eInvit\u0103 Nicolae Grehov\u201d reune\u0219te la start lupt\u0103tori din \u0219apte \u021b\u0103ri<\/h1>\n<div class=\"entry-meta penci-entry-meta\"><span class=\"entry-meta-item penci-posted-on\"><time class=\"entry-date published\" datetime=\"2026-04-22T08:52:12+03:00\">22\/04\/2026<\/time><time class=\"updated\" datetime=\"2026-04-22T08:52:18+03:00\">22\/04\/2026<\/time><\/span><span class=\"entry-meta-item penci-comment-count\"><a class=\"penci_pmeta-link\" href=\"https:\/\/focustim.ro\/concursul-de-cadeti-invita-nicolae-grehov-reuneste-la-start-luptatori-din-sapte-tari\/#respond\">0<\/a><\/span><\/div>\n<p><span class=\"penci-social-buttons penci-social-share-footer\"><span class=\"penci-social-share-text\">Distribuie<\/span><a href=\"https:\/\/focustim.ro\/concursul-de-cadeti-invita-nicolae-grehov-reuneste-la-start-luptatori-din-sapte-tari\/\" class=\"penci-post-like penci_post-meta_item  single-like-button penci-social-item like\" data-post_id=\"40062\" title=\"Like\" data-like=\"Like\" data-unlike=\"Unlike\"><span class=\"penci-share-number\">0<\/span><\/a><\/span><\/header>\n<div class=\"entry-media penci-entry-media\">\n<div class=\"post-format-meta \">\n<div class=\"post-image penci-standard-format\"><img decoding=\"async\" width=\"960\" height=\"640\" src=\"https:\/\/focustim.ro\/wp-content\/uploads\/2026\/04\/Nicolae-Grehov-960x640.jpg\" class=\"attachment-penci-thumb-960-auto size-penci-thumb-960-auto wp-post-image\" alt loading=\"lazy\"><\/div>\n<\/div>\n<\/div>\n<div class=\"penci-entry-content entry-content\">\n<p>Edi\u021bia cu num\u0103rul 14 a turneului interna\u021bional de lupte greco-romane \u201cInvit\u0103 Nicolae Grehov\u201d va avea loc vineri \u0219i s\u00e2mb\u0103t\u0103 \u00een noua sal\u0103 polivalent\u0103 a Universit\u0103\u021bii Politehnica Timi\u0219oara, situat\u0103 pe Calea Ghirodei nr. 32.<\/p>\n<p>Baza sportiv\u0103 nr. 4 (denumirea oficial\u0103 a modernei arene cu 180 de locuri) a fost inaugurat\u0103 \u00een toamna anului trecut \u0219i a g\u0103zduit \u00een decembrie \u201cCupa Heracle\u201d, competi\u021bie ce s-a adresat sportivilor categoriei de v\u00e2rst\u0103 U15.<\/p>\n<p>Concursul de la sf\u00e2r\u0219itul acestei s\u0103pt\u0103m\u00e2ni este rezervat, ca \u00een fiecare an, cade\u021bilor (U17 \u2013 anii de na\u0219tere: 2009-2011), fiind organizat de CS Heracle.<\/p>\n<p>Categoriile de greutate sunt 45, 48, 51, 55, 60, 65, 71, 80, 92 \u0219i 110 kilograme.<\/p>\n<p>\u0218i-au anun\u021bat participarea lupt\u0103tori din \u0219apte \u021b\u0103ri: Lituania, Norvegia, Grecia, Serbia, Ucraina, Republica Moldova \u0219i Rom\u00e2nia.<\/p>\n<p>Concursul individual de vineri va \u00eencepe la ora 10:30.<\/p>\n<p>S\u00e2mb\u0103t\u0103 va avea loc \u00eentrecerea pe echipe, aceasta cont\u00e2nd ca prim\u0103 etap\u0103 din Liga Europei Centrale \u2013 edi\u021bia 2026, o competi\u021bie alc\u0103tuit\u0103 din mai multe etape ce este organizat\u0103 tot de CS Heracle, reunind cluburi din \u021b\u0103ri de pe \u201cB\u0103tr\u00e2nul continent\u201d.<\/p>\n<p>Nicolae Grehov, \u00een v\u00e2rst\u0103 de 90 de ani, a descoperit \u015fi \u015flefuit, de-a lungul deceniilor, mul\u0163i lupt\u0103tori, printre ace\u015ftia afl\u00e2ndu-se Damian Raileanu, fondatorul Clubului Sportiv Heracle.<\/p>\n<div class=\"sharedaddy sd-sharing-enabled\">\n<div class=\"robots-nocontent sd-block sd-social sd-social-icon-text sd-sharing\">\n<h3 class=\"sd-title\">Partajeaz\u0103 asta:<\/h3>\n<div class=\"sd-content\">\n<ul>\n<li class=\"share-twitter\"><a rel=\"nofollow noopener noreferrer\" data-shared=\"sharing-twitter-40062\" class=\"share-twitter sd-button share-icon\" href=\"https:\/\/focustim.ro\/concursul-de-cadeti-invita-nicolae-grehov-reuneste-la-start-luptatori-din-sapte-tari\/?share=twitter\" target=\"_blank\" title=\"D\u0103 clic pentru a partaja pe Twitter\"><span>Twitter<\/span><\/a><\/li>\n<li class=\"share-facebook\"><a rel=\"nofollow noopener noreferrer\" data-shared=\"sharing-facebook-40062\" class=\"share-facebook sd-button share-icon\" href=\"https:\/\/focustim.ro\/concursul-de-cadeti-invita-nicolae-grehov-reuneste-la-start-luptatori-din-sapte-tari\/?share=facebook\" target=\"_blank\" title=\"D\u0103 clic pentru a partaja pe Facebook\"><span>Facebook<\/span><\/a><\/li>\n<li class=\"share-end\"><\/ul>\n<\/div>\n<\/div>\n<\/div>\n<div class=\"sharedaddy sd-block sd-like jetpack-likes-widget-wrapper jetpack-likes-widget-unloaded\" id=\"like-post-wrapper-167025405-40062-69e8720503585\" data-src=\"https:\/\/widgets.wp.com\/likes\/#blog_id=167025405&amp;post_id=40062&amp;origin=focustim.ro&amp;obj_id=167025405-40062-69e8720503585\" data-name=\"like-post-frame-167025405-40062-69e8720503585\" data-title=\"Apreciaz\u0103 sau republic\u0103\">\n<h3 class=\"sd-title\">Apreciaz\u0103:<\/h3>\n<div class=\"likes-widget-placeholder post-likes-widget-placeholder\"><span class=\"button\"><span>Apreciere<\/span><\/span><span class=\"loading\">\u00cencarc&#8230;<\/span><\/div>\n<\/div>\n<\/div>\n<footer class=\"penci-entry-footer\"><span class=\"penci-social-buttons penci-social-share-footer\"><span class=\"penci-social-share-text\">Distribuie<\/span><a href=\"https:\/\/focustim.ro\/concursul-de-cadeti-invita-nicolae-grehov-reuneste-la-start-luptatori-din-sapte-tari\/\" class=\"penci-post-like penci_post-meta_item  single-like-button penci-social-item like\" data-post_id=\"40062\" title=\"Like\" data-like=\"Like\" data-unlike=\"Unlike\"><span class=\"penci-share-number\">0<\/span><\/a><\/span><\/footer>\n<\/article>\n<div class=\"penci-entry-content entry-content\">\n<p>Edi\u021bia cu num\u0103rul 14 a turneului interna\u021bional de lupte greco-romane \u201cInvit\u0103 Nicolae Grehov\u201d va avea loc vineri \u0219i s\u00e2mb\u0103t\u0103 \u00een noua sal\u0103 polivalent\u0103 a Universit\u0103\u021bii Politehnica Timi\u0219oara, situat\u0103 pe Calea Ghirodei nr. 32.<\/p>\n<p>Baza sportiv\u0103 nr. 4 (denumirea oficial\u0103 a modernei arene cu 180 de locuri) a fost inaugurat\u0103 \u00een toamna anului trecut \u0219i a g\u0103zduit \u00een decembrie \u201cCupa Heracle\u201d, competi\u021bie ce s-a adresat sportivilor categoriei de v\u00e2rst\u0103 U15.<\/p>\n<p>Concursul de la sf\u00e2r\u0219itul acestei s\u0103pt\u0103m\u00e2ni este rezervat, ca \u00een fiecare an, cade\u021bilor (U17 \u2013 anii de na\u0219tere: 2009-2011), fiind organizat de CS Heracle.<\/p>\n<p>Categoriile de greutate sunt 45, 48, 51, 55, 60, 65, 71, 80, 92 \u0219i 110 kilograme.<\/p>\n<p>\u0218i-au anun\u021bat participarea lupt\u0103tori din \u0219apte \u021b\u0103ri: Lituania, Norvegia, Grecia, Serbia, Ucraina, Republica Moldova \u0219i Rom\u00e2nia.<\/p>\n<p>Concursul individual de vineri va \u00eencepe la ora 10:30.<\/p>\n<p>S\u00e2mb\u0103t\u0103 va avea loc \u00eentrecerea pe echipe, aceasta cont\u00e2nd ca prim\u0103 etap\u0103 din Liga Europei Centrale \u2013 edi\u021bia 2026, o competi\u021bie alc\u0103tuit\u0103 din mai multe etape ce este organizat\u0103 tot de CS Heracle, reunind cluburi din \u021b\u0103ri de pe \u201cB\u0103tr\u00e2nul continent\u201d.<\/p>\n<p>Nicolae Grehov, \u00een v\u00e2rst\u0103 de 90 de ani, a descoperit \u015fi \u015flefuit, de-a lungul deceniilor, mul\u0163i lupt\u0103tori, printre ace\u015ftia afl\u00e2ndu-se Damian Raileanu, fondatorul Clubului Sportiv Heracle.<\/p>\n<div class=\"sharedaddy sd-sharing-enabled\">\n<div class=\"robots-nocontent sd-block sd-social sd-social-icon-text sd-sharing\">\n<h3 class=\"sd-title\">Partajeaz\u0103 asta:<\/h3>\n<div class=\"sd-content\">\n<ul>\n<li class=\"share-twitter\"><a rel=\"nofollow noopener noreferrer\" data-shared=\"sharing-twitter-40062\" class=\"share-twitter sd-button share-icon\" href=\"https:\/\/focustim.ro\/concursul-de-cadeti-invita-nicolae-grehov-reuneste-la-start-luptatori-din-sapte-tari\/?share=twitter\" target=\"_blank\" title=\"D\u0103 clic pentru a partaja pe Twitter\"><span>Twitter<\/span><\/a><\/li>\n<li class=\"share-facebook\"><a rel=\"nofollow noopener noreferrer\" data-shared=\"sharing-facebook-40062\" class=\"share-facebook sd-button share-icon\" href=\"https:\/\/focustim.ro\/concursul-de-cadeti-invita-nicolae-grehov-reuneste-la-start-luptatori-din-sapte-tari\/?share=facebook\" target=\"_blank\" title=\"D\u0103 clic pentru a partaja pe Facebook\"><span>Facebook<\/span><\/a><\/li>\n<li class=\"share-end\"><\/ul>\n<\/div>\n<\/div>\n<\/div>\n<div class=\"sharedaddy sd-block sd-like jetpack-likes-widget-wrapper jetpack-likes-widget-unloaded\" id=\"like-post-wrapper-167025405-40062-69e8720503585\" data-src=\"https:\/\/widgets.wp.com\/likes\/#blog_id=167025405&amp;post_id=40062&amp;origin=focustim.ro&amp;obj_id=167025405-40062-69e8720503585\" data-name=\"like-post-frame-167025405-40062-69e8720503585\" data-title=\"Apreciaz\u0103 sau republic\u0103\">\n<h3 class=\"sd-title\">Apreciaz\u0103:<\/h3>\n<div class=\"likes-widget-placeholder post-likes-widget-placeholder\"><span class=\"button\"><span>Apreciere<\/span><\/span><span class=\"loading\">\u00cencarc&#8230;<\/span><\/div>\n<\/div>\n<\/div>\n<p>[analyse_source url=&#8221;https:\/\/focustim.ro\/concursul-de-cadeti-invita-nicolae-grehov-reuneste-la-start-luptatori-din-sapte-tari\/&#8221;]<\/p>\n","protected":false},"excerpt":{"rendered":"<p>[analyse_image type=&#8221;featured&#8221; src=&#8221;https:\/\/focustim.ro\/wp-content\/uploads\/2026\/04\/Nicolae-Grehov-scaled.jpg&#8221;] Sport Concursul de cade\u021bi \u201eInvit\u0103 Nicolae Grehov\u201d reune\u0219te la start lupt\u0103tori din \u0219apte \u021b\u0103ri 22\/04\/202622\/04\/20260 Distribuie0 Edi\u021bia cu num\u0103rul 14 a turneului interna\u021bional de lupte greco-romane \u201cInvit\u0103 Nicolae Grehov\u201d va avea loc vineri \u0219i s\u00e2mb\u0103t\u0103 \u00een noua sal\u0103 polivalent\u0103 a Universit\u0103\u021bii Politehnica Timi\u0219oara, situat\u0103 pe Calea Ghirodei nr. 32. Baza sportiv\u0103 nr. [&hellip;]<\/p>\n","protected":false},"author":1,"featured_media":0,"comment_status":"open","ping_status":"","sticky":false,"template":"","format":"standard","meta":{"footnotes":""},"categories":[89],"tags":[226,197],"class_list":["post-1895706","post","type-post","status-publish","format-standard","hentry","category-romania","tag-crawlmanager","tag-focustim-ro"],"_links":{"self":[{"href":"https:\/\/analyse.optim.biz\/index.php?rest_route=\/wp\/v2\/posts\/1895706","targetHints":{"allow":["GET"]}}],"collection":[{"href":"https:\/\/analyse.optim.biz\/index.php?rest_route=\/wp\/v2\/posts"}],"about":[{"href":"https:\/\/analyse.optim.biz\/index.php?rest_route=\/wp\/v2\/types\/post"}],"author":[{"embeddable":true,"href":"https:\/\/analyse.optim.biz\/index.php?rest_route=\/wp\/v2\/users\/1"}],"replies":[{"embeddable":true,"href":"https:\/\/analyse.optim.biz\/index.php?rest_route=%2Fwp%2Fv2%2Fcomments&post=1895706"}],"version-history":[{"count":0,"href":"https:\/\/analyse.optim.biz\/index.php?rest_route=\/wp\/v2\/posts\/1895706\/revisions"}],"wp:attachment":[{"href":"https:\/\/analyse.optim.biz\/index.php?rest_route=%2Fwp%2Fv2%2Fmedia&parent=1895706"}],"wp:term":[{"taxonomy":"category","embeddable":true,"href":"https:\/\/analyse.optim.biz\/index.php?rest_route=%2Fwp%2Fv2%2Fcategories&post=1895706"},{"taxonomy":"post_tag","embeddable":true,"href":"https:\/\/analyse.optim.biz\/index.php?rest_route=%2Fwp%2Fv2%2Ftags&post=1895706"}],"curies":[{"name":"wp","href":"https:\/\/api.w.org\/{rel}","templated":true}]}}