{"id":1895701,"date":"2026-04-19T17:07:36","date_gmt":"2026-04-19T14:07:36","guid":{"rendered":"https:\/\/analyse.optim.biz\/?p=1895701"},"modified":"2026-04-19T17:07:36","modified_gmt":"2026-04-19T14:07:36","slug":"harpa-chitara-si-arta-vizuala-concertul-metamorphosis-ajunge-la-timisoara","status":"publish","type":"post","link":"https:\/\/analyse.optim.biz\/?p=1895701","title":{"rendered":"Harp\u0103, chitar\u0103 \u0219i art\u0103 vizual\u0103: concertul \u201eMetamorphosis\u201d ajunge la Timi\u0219oara"},"content":{"rendered":"<p>[analyse_image type=&#8221;featured&#8221; src=&#8221;https:\/\/orasul-timisoara.ro\/wp-content\/uploads\/2026\/04\/bdb-harpa.jpg&#8221;]<\/p>\n<article id=\"post-38234\" class=\"td-post-template-7 post-38234 post type-post status-publish format-standard has-post-thumbnail category-evenimente-in-timisoara category-featured category-stiri-timisoara tag-alex-misko tag-alexander-boldachev tag-arta-vizuala-2 tag-cinema-timis tag-concert-timisoara tag-evenimente-timisoara tag-metamorphosis tag-muzica-live-2 tag-spectacol-multimedia td-container-wrap\">\n<div class=\"td-full-screen-header-image-wrap\">\n<div class=\"td-container td-post-header\">\n<div class=\"td-crumb-container\">\n<div class=\"entry-crumbs\"><span><a title=\"Vede\u021bi toate articolele \u00een Evenimente in Timisoara\" class=\"entry-crumb\" href=\"https:\/\/orasul-timisoara.ro\/local-category\/evenimente-in-timisoara\/\">Evenimente in Timisoara<\/a><\/span><span class=\"td-bred-no-url-last\">Harp\u0103, chitar\u0103 \u0219i art\u0103 vizual\u0103: concertul \u201eMetamorphosis\u201d ajunge la Timi\u0219oara<\/span><\/div>\n<\/div>\n<div class=\"td-post-header-holder\">\n<div class=\"td-parallax-header\">\n<header class=\"td-post-title\">\n<ul class=\"td-category\">\n<li class=\"entry-category\"><a href=\"https:\/\/orasul-timisoara.ro\/local-category\/evenimente-in-timisoara\/\">Evenimente in Timisoara<\/a><\/li>\n<li class=\"entry-category\"><a href=\"https:\/\/orasul-timisoara.ro\/local-category\/stiri-timisoara\/\">\u0218tiri Locale<\/a><\/li>\n<\/ul>\n<h1 class=\"entry-title\">Harp\u0103, chitar\u0103 \u0219i art\u0103 vizual\u0103: concertul \u201eMetamorphosis\u201d ajunge la Timi\u0219oara<\/h1>\n<div class=\"td-module-meta-info\">\n<div class=\"td-post-author-name\">\n<div class=\"td-author-by\">De c\u0103tre<\/div>\n<p><a href=\"https:\/\/orasul-timisoara.ro\/author\/timisoara\/\">redactia<\/a><\/p>\n<div class=\"td-author-line\"> &#8211; <\/div>\n<\/div>\n<p><span class=\"td-post-date\"><time class=\"entry-date updated td-module-date\" datetime=\"2026-04-19T20:07:36+03:00\">19\/04\/2026<\/time><\/span><\/div>\n<\/header>\n<\/div>\n<\/div>\n<\/div>\n<div id=\"td-full-screen-header-image\" class=\"td-image-gradient-style7\"><img decoding=\"async\" class=\"td-backstretch\" src=\"https:\/\/orasul-timisoara.ro\/wp-content\/uploads\/2026\/04\/bdb-harpa.jpg\"><\/div>\n<\/div>\n<div class=\"td-container\">\n<div class=\"td-pb-row\">\n<div class=\"td-pb-span8 td-main-content\" role=\"main\">\n<div class=\"td-ss-main-content\">\n<div class=\"td-post-sharing-top\">\n<div class=\"td-post-sharing-classic\"><iframe title=\"topFacebookLike\" frameborder src=\"https:\/\/www.facebook.com\/plugins\/like.php?href=https:\/\/orasul-timisoara.ro\/local-38234\/&amp;layout=button_count&amp;show_faces=false&amp;width=105&amp;action=like&amp;colorscheme=light&amp;height=21\"><\/iframe><\/div>\n<div id=\"td_social_sharing_article_top\" class=\"td-post-sharing td-ps-bg td-ps-notext td-post-sharing-style1 \">\n<div class=\"td-post-sharing-visible\"><a class=\"td-social-sharing-button td-social-sharing-button-js td-social-network td-social-facebook\" href=\"https:\/\/www.facebook.com\/sharer.php?u=https%3A%2F%2Forasul-timisoara.ro%2Flocal-38234%2F\" title=\"Facebook\"><\/p>\n<div class=\"td-social-but-text\">Facebook<\/div>\n<p><\/a><a class=\"td-social-sharing-button td-social-sharing-button-js td-social-network td-social-twitter\" href=\"https:\/\/twitter.com\/intent\/tweet?text=Harp%C4%83%2C+chitar%C4%83+%C8%99i+art%C4%83+vizual%C4%83%3A+concertul+%E2%80%9EMetamorphosis%E2%80%9D+ajunge+la+Timi%C8%99oara&amp;url=https%3A%2F%2Forasul-timisoara.ro%2Flocal-38234%2F&amp;via=orasultm\" title=\"Twitter\"><\/p>\n<div class=\"td-social-but-text\">Twitter<\/div>\n<p><\/a><a class=\"td-social-sharing-button td-social-sharing-button-js td-social-network td-social-whatsapp\" href=\"https:\/\/api.whatsapp.com\/send?text=Harp%C4%83%2C+chitar%C4%83+%C8%99i+art%C4%83+vizual%C4%83%3A+concertul+%E2%80%9EMetamorphosis%E2%80%9D+ajunge+la+Timi%C8%99oara%20%0A%0A%20https:\/\/orasul-timisoara.ro\/local-38234\/\" title=\"WhatsApp\"><\/p>\n<div class=\"td-social-but-text\">WhatsApp<\/div>\n<p><\/a><a class=\"td-social-sharing-button td-social-sharing-button-js td-social-network td-social-linkedin\" href=\"https:\/\/www.linkedin.com\/shareArticle?mini=true&amp;url=https:\/\/orasul-timisoara.ro\/local-38234\/&amp;title=Harp%C4%83%2C+chitar%C4%83+%C8%99i+art%C4%83+vizual%C4%83%3A+concertul+%E2%80%9EMetamorphosis%E2%80%9D+ajunge+la+Timi%C8%99oara\" title=\"Linkedin\"><\/p>\n<div class=\"td-social-but-text\">Linkedin<\/div>\n<p><\/a><a class=\"td-social-sharing-button td-social-sharing-button-js td-social-network td-social-reddit\" href=\"https:\/\/reddit.com\/submit?url=https:\/\/orasul-timisoara.ro\/local-38234\/&amp;title=Harp%C4%83%2C+chitar%C4%83+%C8%99i+art%C4%83+vizual%C4%83%3A+concertul+%E2%80%9EMetamorphosis%E2%80%9D+ajunge+la+Timi%C8%99oara\" title=\"ReddIt\"><\/p>\n<div class=\"td-social-but-text\">ReddIt<\/div>\n<p><\/a><a class=\"td-social-sharing-button td-social-sharing-button-js td-social-network td-social-mail\" href=\"mailto:?subject=Harp%C4%83,%20chitar%C4%83%20%C8%99i%20art%C4%83%20vizual%C4%83:%20concertul%20%E2%80%9EMetamorphosis%E2%80%9D%20ajunge%20la%20Timi%C8%99oara&amp;body=https:\/\/orasul-timisoara.ro\/local-38234\/\" title=\"Email\"><\/p>\n<div class=\"td-social-but-text\">Email<\/div>\n<p><\/a><a class=\"td-social-sharing-button td-social-sharing-button-js td-social-network td-social-print\" href=\"https:\/\/orasul-timisoara.ro\/local-38234\/\" title=\"Imprimare\"><\/p>\n<div class=\"td-social-but-text\">Imprimare<\/div>\n<p><\/a><\/div>\n<\/div>\n<\/div>\n<div class=\"td-post-content tagdiv-type\">\n<p>Timi\u0219oara g\u0103zduie\u0219te duminic\u0103, 10 mai 2026, un eveniment muzical aparte, care propune publicului o experien\u021b\u0103 artistic\u0103 complex\u0103, la intersec\u021bia dintre muzic\u0103, storytelling \u0219i art\u0103 vizual\u0103. Harpistul Alexander Boldachev \u0219i chitaristul Alex Misko vor urca pe scena Cinema Timis \u00een cadrul spectacolului \u201eMetamorphosis\u201d.<\/p>\n<p>Evenimentul face parte din seria \u201eUnexpected Concert\u201d, organizat\u0103 de Asociatia EDCUS, \u0219i aduce \u00een prim-plan un concept artistic inovator, \u00een care muzica live este completat\u0103 de proiec\u021bii vizuale realizate \u00een timp real. Componenta multimedia este semnat\u0103 de artistul Adistu, care transform\u0103 scena \u00eentr-un veritabil univers cinematografic.<\/p>\n<p>Spectacolul exploreaz\u0103 grani\u021bele dintre muzica clasic\u0103, rock \u0219i sound-ul cinematic, propun\u00e2nd o formul\u0103 contemporan\u0103 \u00een care imaginea \u0219i sunetul se completeaz\u0103 reciproc. Organizatorii subliniaz\u0103 c\u0103 proiectul continu\u0103 direc\u021bia seriei \u201eUnexpected Concert\u201d, dedicat\u0103 aducerii la Timi\u0219oara a unor produc\u021bii artistice care dep\u0103\u0219esc formatul clasic al concertelor.<\/p>\n<p>Programul este structurat \u00een trei capitole distincte \u2013 Origins, Identity \u0219i Creation \u2013 fiecare reflect\u00e2nd o etap\u0103 diferit\u0103 din universul muzical al arti\u0219tilor.<\/p>\n<p>Prima parte, \u201eOrigins\u201d, este dedicat\u0103 harpei solo \u0219i \u00eel aduce \u00een prim-plan pe Alexander Boldachev. Publicul va putea asculta reinterpret\u0103ri surprinz\u0103toare, precum \u201eWinter\u201d de Antonio Vivaldi, adaptat\u0103 pentru harp\u0103, dar \u0219i celebra \u201eBohemian Rhapsody\u201d a trupei Queen, \u00eentr-o versiune orchestral\u0103. De asemenea, va fi interpretat\u0103 \u201eThe Infinity Column\u201d, compozi\u021bie original\u0103 inspirat\u0103 de opera lui Constantin Brancusi.<\/p>\n<p>\u00cen capitolul \u201eIdentity\u201d, scena \u00eei apar\u021bine lui Alex Misko, unul dintre cei mai aprecia\u021bi chitari\u0219ti fingerstyle ai noii genera\u021bii. Acesta va interpreta piese proprii precum \u201eUmbrella Street\u201d \u0219i \u201eIntergalactic March\u201d, lucr\u0103ri care eviden\u021biaz\u0103 versatilitatea \u0219i expresivitatea chitarei moderne.<\/p>\n<p>Partea final\u0103, \u201eCreation\u201d, aduce pe scen\u0103 colaborarea celor doi arti\u0219ti, \u00eentr-o serie de compozi\u021bii originale pentru harp\u0103 \u0219i chitar\u0103. Printre titlurile incluse \u00een program se num\u0103r\u0103 \u201eKuban Train\u201d, \u201eThe Gemini Twins\u201d, \u201eClockwaltz\u201d, \u201eThe Impaler\u201d \u2013 o pies\u0103 cu referin\u021be inspirate din spa\u021biul rom\u00e2nesc \u2013, \u201eNord\u201d, \u201eCrossroads\u201d \u0219i \u201eHope Song\u201d. Fiecare moment este \u00eenso\u021bit de interven\u021bii narative ale arti\u0219tilor, care ofer\u0103 publicului context \u0219i o conexiune direct\u0103 cu muzica.<\/p>\n<p>Concertul \u00eencepe la ora 19:00 \u0219i promite o experien\u021b\u0103 artistic\u0103 imersiv\u0103, \u00een care sunetul, imaginea \u0219i povestea se \u00eembin\u0103 \u00eentr-un format contemporan, adresat at\u00e2t iubitorilor de muzic\u0103 clasic\u0103, c\u00e2t \u0219i celor atra\u0219i de experimentele vizuale \u0219i sonore.<\/p>\n<\/div>\n<footer>\n<div class=\"td-post-source-tags\">\n<ul class=\"td-tags td-post-small-box clearfix\">\n<li><span>ETICHETE<\/span><\/li>\n<li><a href=\"https:\/\/orasul-timisoara.ro\/local-tag\/alex-misko\/\">Alex Misko<\/a><\/li>\n<li><a href=\"https:\/\/orasul-timisoara.ro\/local-tag\/alexander-boldachev\/\">Alexander Boldachev<\/a><\/li>\n<li><a href=\"https:\/\/orasul-timisoara.ro\/local-tag\/arta-vizuala-2\/\">arta vizuala<\/a><\/li>\n<li><a href=\"https:\/\/orasul-timisoara.ro\/local-tag\/cinema-timis\/\">cinema timis<\/a><\/li>\n<li><a href=\"https:\/\/orasul-timisoara.ro\/local-tag\/concert-timisoara\/\">concert timisoara<\/a><\/li>\n<li><a href=\"https:\/\/orasul-timisoara.ro\/local-tag\/evenimente-timisoara\/\">evenimente timisoara<\/a><\/li>\n<li><a href=\"https:\/\/orasul-timisoara.ro\/local-tag\/metamorphosis\/\">Metamorphosis<\/a><\/li>\n<li><a href=\"https:\/\/orasul-timisoara.ro\/local-tag\/muzica-live-2\/\">muzica live<\/a><\/li>\n<li><a href=\"https:\/\/orasul-timisoara.ro\/local-tag\/spectacol-multimedia\/\">spectacol multimedia<\/a><\/li>\n<\/ul>\n<\/div>\n<div class=\"td-post-sharing-bottom\">\n<div class=\"td-post-sharing-classic\"><iframe title=\"bottomFacebookLike\" frameborder src=\"https:\/\/www.facebook.com\/plugins\/like.php?href=https:\/\/orasul-timisoara.ro\/local-38234\/&amp;layout=button_count&amp;show_faces=false&amp;width=105&amp;action=like&amp;colorscheme=light&amp;height=21\"><\/iframe><\/div>\n<div id=\"td_social_sharing_article_bottom\" class=\"td-post-sharing td-ps-bg td-ps-notext td-post-sharing-style1 \">\n<div class=\"td-post-sharing-visible\"><a class=\"td-social-sharing-button td-social-sharing-button-js td-social-network td-social-facebook\" href=\"https:\/\/www.facebook.com\/sharer.php?u=https%3A%2F%2Forasul-timisoara.ro%2Flocal-38234%2F\" title=\"Facebook\"><\/p>\n<div class=\"td-social-but-text\">Facebook<\/div>\n<p><\/a><a class=\"td-social-sharing-button td-social-sharing-button-js td-social-network td-social-twitter\" href=\"https:\/\/twitter.com\/intent\/tweet?text=Harp%C4%83%2C+chitar%C4%83+%C8%99i+art%C4%83+vizual%C4%83%3A+concertul+%E2%80%9EMetamorphosis%E2%80%9D+ajunge+la+Timi%C8%99oara&amp;url=https%3A%2F%2Forasul-timisoara.ro%2Flocal-38234%2F&amp;via=orasultm\" title=\"Twitter\"><\/p>\n<div class=\"td-social-but-text\">Twitter<\/div>\n<p><\/a><a class=\"td-social-sharing-button td-social-sharing-button-js td-social-network td-social-whatsapp\" href=\"https:\/\/api.whatsapp.com\/send?text=Harp%C4%83%2C+chitar%C4%83+%C8%99i+art%C4%83+vizual%C4%83%3A+concertul+%E2%80%9EMetamorphosis%E2%80%9D+ajunge+la+Timi%C8%99oara%20%0A%0A%20https:\/\/orasul-timisoara.ro\/local-38234\/\" title=\"WhatsApp\"><\/p>\n<div class=\"td-social-but-text\">WhatsApp<\/div>\n<p><\/a><a class=\"td-social-sharing-button td-social-sharing-button-js td-social-network td-social-linkedin\" href=\"https:\/\/www.linkedin.com\/shareArticle?mini=true&amp;url=https:\/\/orasul-timisoara.ro\/local-38234\/&amp;title=Harp%C4%83%2C+chitar%C4%83+%C8%99i+art%C4%83+vizual%C4%83%3A+concertul+%E2%80%9EMetamorphosis%E2%80%9D+ajunge+la+Timi%C8%99oara\" title=\"Linkedin\"><\/p>\n<div class=\"td-social-but-text\">Linkedin<\/div>\n<p><\/a><a class=\"td-social-sharing-button td-social-sharing-button-js td-social-network td-social-reddit\" href=\"https:\/\/reddit.com\/submit?url=https:\/\/orasul-timisoara.ro\/local-38234\/&amp;title=Harp%C4%83%2C+chitar%C4%83+%C8%99i+art%C4%83+vizual%C4%83%3A+concertul+%E2%80%9EMetamorphosis%E2%80%9D+ajunge+la+Timi%C8%99oara\" title=\"ReddIt\"><\/p>\n<div class=\"td-social-but-text\">ReddIt<\/div>\n<p><\/a><a class=\"td-social-sharing-button td-social-sharing-button-js td-social-network td-social-mail\" href=\"mailto:?subject=Harp%C4%83,%20chitar%C4%83%20%C8%99i%20art%C4%83%20vizual%C4%83:%20concertul%20%E2%80%9EMetamorphosis%E2%80%9D%20ajunge%20la%20Timi%C8%99oara&amp;body=https:\/\/orasul-timisoara.ro\/local-38234\/\" title=\"Email\"><\/p>\n<div class=\"td-social-but-text\">Email<\/div>\n<p><\/a><a class=\"td-social-sharing-button td-social-sharing-button-js td-social-network td-social-print\" href=\"https:\/\/orasul-timisoara.ro\/local-38234\/\" title=\"Imprimare\"><\/p>\n<div class=\"td-social-but-text\">Imprimare<\/div>\n<p><\/a><\/div>\n<\/div>\n<\/div>\n<div class=\"td-block-row td-post-next-prev\">\n<div class=\"td-block-span6 td-post-prev-post\">\n<div class=\"td-post-next-prev-content\"><span>Articolul precedent<\/span><a href=\"https:\/\/orasul-timisoara.ro\/local-38227\/\">Alin Nica, fost pre\u0219edinte CJ Timi\u0219: \u201e\ud835\udc0d\ud835\udc2e \ud835\udc27\ud835\udc1e \ud835\udc2f\ud835\udc22\ud835\udc27\ud835\udc1d\ud835\udc1e\ud835\udc26 \ud835\udc2d\u0326\ud835\udc1a\ud835\udc2b\ud835\udc1a\u201d \ud835\udc2c\ud835\udc1a\ud835\udc2e \ud835\udc2c\ud835\udc29\ud835\udc1a\ud835\udc22\ud835\udc26\ud835\udc1a \ud835\udc1d\ud835\udc1e \ud835\udc2d\ud835\udc2b\ud835\udc1a\ud835\udc27\ud835\udc2c\ud835\udc29\ud835\udc1a\ud835\udc2b\ud835\udc1e\ud835\udc27\ud835\udc2d\u0326\ud835\udc1a\u0306 \ud835\udc1a \ud835\udc1c\ud835\udc1e\ud835\udc25\ud835\udc28\ud835\udc2b \ud835\udc1d\ud835\udc1e \ud835\udc25\ud835\udc1a \ud835\udc0f\ud835\udc12\ud835\udc03<\/a><\/div>\n<\/div>\n<div class=\"td-block-span6 td-post-next-post\">\n<div class=\"td-post-next-prev-content\"><span>Articolul urm\u0103tor<\/span><a href=\"https:\/\/orasul-timisoara.ro\/local-38237\/\">Copiii din Ciarda Ro\u0219ie alearg\u0103 pentru salvarea terenului M\u0103nu\u0219arul<\/a><\/div>\n<\/div>\n<\/div>\n<div class=\"td-author-name vcard author\"><span class=\"fn\"><a href=\"https:\/\/orasul-timisoara.ro\/author\/timisoara\/\">redactia<\/a><\/span><\/div>\n<p><span class=\"td-page-meta\"><\/span><span class=\"td-page-meta\"><span class=\"td-page-meta\"><\/span><\/span><span class=\"td-page-meta\"><\/span><\/footer>\n<div class=\"td_block_wrap td_block_related_posts tdi_3 td_with_ajax_pagination td-pb-border-top td_block_template_8\" data-td-block-uid=\"tdi_3\">\n<h4 class=\"td-related-title td-block-title\"><a id=\"tdi_4\" class=\"td-related-left td-cur-simple-item\" data-td_filter_value data-td_block_id=\"tdi_3\" href=\"https:\/\/orasul-timisoara.ro\/local-38234\/\">ARTICOLE SIMILARE<\/a><a id=\"tdi_5\" class=\"td-related-right\" data-td_filter_value=\"td_related_more_from_author\" data-td_block_id=\"tdi_3\" href=\"https:\/\/orasul-timisoara.ro\/local-38234\/\">DE LA ACELA\u0218I AUTOR<\/a><\/h4>\n<div id=\"tdi_3\" class=\"td_block_inner\">\n<div class=\"td-related-row\">\n<div class=\"td-related-span4\">\n<div class=\"td_module_related_posts td-animation-stack td_mod_related_posts\">\n<div class=\"td-module-image\">\n<div class=\"td-module-thumb\"><a href=\"https:\/\/orasul-timisoara.ro\/local-37784\/\" rel=\"bookmark\" class=\"td-image-wrap \" title=\"Expozi\u021bie de art\u0103 la Palatul Apelor: \u201eApa \u2013 interferen\u021be culturale\u201d aduce zeci de arti\u0219ti \u00een fa\u021ba publicului\"><img loading=\"lazy\" decoding=\"async\" class=\"entry-thumb\" src=\"https:\/\/orasul-timisoara.ro\/wp-content\/uploads\/2026\/03\/14-1-436x300.jpg\" alt title=\"Expozi\u021bie de art\u0103 la Palatul Apelor: \u201eApa \u2013 interferen\u021be culturale\u201d aduce zeci de arti\u0219ti \u00een fa\u021ba publicului\" width=\"218\" height=\"150\"><\/a><\/div>\n<\/div>\n<div class=\"item-details\">\n<h3 class=\"entry-title td-module-title\"><a href=\"https:\/\/orasul-timisoara.ro\/local-37784\/\" rel=\"bookmark\" title=\"Expozi\u021bie de art\u0103 la Palatul Apelor: \u201eApa \u2013 interferen\u021be culturale\u201d aduce zeci de arti\u0219ti \u00een fa\u021ba publicului\">Expozi\u021bie de art\u0103 la Palatul Apelor: \u201eApa \u2013 interferen\u021be culturale\u201d aduce zeci de arti\u0219ti \u00een fa\u021ba publicului<\/a><\/h3>\n<\/div>\n<\/div>\n<\/div>\n<div class=\"td-related-span4\">\n<div class=\"td_module_related_posts td-animation-stack td_mod_related_posts\">\n<div class=\"td-module-image\">\n<div class=\"td-module-thumb\"><a href=\"https:\/\/orasul-timisoara.ro\/local-27183\/\" rel=\"bookmark\" class=\"td-image-wrap \" title=\"Portret Vertical \u2013 \u00cenfrunt\u00e2nd timpurile: Arhitect Vasile Opri\u0219an, proiec\u021bie de film sub egida OAR Timi\u0219\"><img loading=\"lazy\" decoding=\"async\" class=\"entry-thumb\" src=\"https:\/\/orasul-timisoara.ro\/wp-content\/uploads\/2024\/04\/oar-infruntand-timpurile-436x300.jpg\" alt title=\"Portret Vertical \u2013 \u00cenfrunt\u00e2nd timpurile: Arhitect Vasile Opri\u0219an, proiec\u021bie de film sub egida OAR Timi\u0219\" width=\"218\" height=\"150\"><\/a><\/div>\n<\/div>\n<div class=\"item-details\">\n<h3 class=\"entry-title td-module-title\"><a href=\"https:\/\/orasul-timisoara.ro\/local-27183\/\" rel=\"bookmark\" title=\"Portret Vertical \u2013 \u00cenfrunt\u00e2nd timpurile: Arhitect Vasile Opri\u0219an, proiec\u021bie de film sub egida OAR Timi\u0219\">Portret Vertical \u2013 \u00cenfrunt\u00e2nd timpurile: Arhitect Vasile Opri\u0219an, proiec\u021bie de film sub egida OAR Timi\u0219<\/a><\/h3>\n<\/div>\n<\/div>\n<\/div>\n<div class=\"td-related-span4\">\n<div class=\"td_module_related_posts td-animation-stack td_mod_related_posts\">\n<div class=\"td-module-image\">\n<div class=\"td-module-thumb\"><a href=\"https:\/\/orasul-timisoara.ro\/local-25603\/\" rel=\"bookmark\" class=\"td-image-wrap \" title=\"Maia Sandu : \u201eCe vedem aici, la Timi\u0219oara, ce vedem \u00een ora\u0219ele europene, vrem \u0219i pentru Republica Moldova\u201d (foto)\"><img loading=\"lazy\" decoding=\"async\" class=\"entry-thumb\" src=\"https:\/\/orasul-timisoara.ro\/wp-content\/uploads\/2024\/01\/maia-sandu-premiu-2024-03-436x300.jpg\" alt title=\"Maia Sandu : \u201eCe vedem aici, la Timi\u0219oara, ce vedem \u00een ora\u0219ele europene, vrem \u0219i pentru Republica Moldova\u201d (foto)\" width=\"218\" height=\"150\"><\/a><\/div>\n<\/div>\n<div class=\"item-details\">\n<h3 class=\"entry-title td-module-title\"><a href=\"https:\/\/orasul-timisoara.ro\/local-25603\/\" rel=\"bookmark\" title=\"Maia Sandu : \u201eCe vedem aici, la Timi\u0219oara, ce vedem \u00een ora\u0219ele europene, vrem \u0219i pentru Republica Moldova\u201d (foto)\">Maia Sandu : \u201eCe vedem aici, la Timi\u0219oara, ce vedem \u00een ora\u0219ele europene, vrem \u0219i pentru Republica Moldova\u201d (foto)<\/a><\/h3>\n<\/div>\n<\/div>\n<\/div>\n<\/div>\n<\/div>\n<\/div>\n<div class=\"comments\" id=\"comments\">\n<div id=\"respond\" class=\"comment-respond\">\n<h3 id=\"reply-title\" class=\"comment-reply-title\">L\u0102SA\u021aI UN MESAJ<\/h3>\n<div class=\"comment-form-input-wrap td-form-comment\">\n<div class=\"td-warning-comment\">V\u0103 rug\u0103m s\u0103 introduce\u021bi comentariul dvs.!<\/div>\n<\/div>\n<div class=\"comment-form-input-wrap td-form-author\">\n<div class=\"td-warning-author\">Introduce\u021bi aici numele dvs.<\/div>\n<\/div>\n<div class=\"comment-form-input-wrap td-form-email\">\n<div class=\"td-warning-email-error\">A\u021bi introdus o adres\u0103 de e-mail incorect\u0103!<\/div>\n<div class=\"td-warning-email\">V\u0103 rug\u0103m s\u0103 introduce\u021bi adresa dvs. de e-mail aici<\/div>\n<\/div>\n<\/div>\n<p class=\"akismet_comment_form_privacy_notice\">Acest site folose\u0219te Akismet pentru a reduce spamul. <a href=\"https:\/\/akismet.com\/privacy\/\" target=\"_blank\" rel=\"nofollow noopener\">Afl\u0103 cum sunt procesate datele comentariilor tale<\/a>.<\/p>\n<\/div>\n<\/div>\n<\/div>\n<div class=\"td-pb-span4 td-main-sidebar\" role=\"complementary\">\n<div class=\"td-ss-main-sidebar\">\n<aside id=\"block-4\" class=\"td_block_template_8 widget block-4 widget_block widget_media_image\">\n<figure class=\"wp-block-image size-full\"><img loading=\"lazy\" decoding=\"async\" width=\"336\" height=\"280\" src=\"https:\/\/orasul-timisoara.ro\/wp-content\/uploads\/2024\/11\/ReTIM-Abonamentul-Verde-Google-Ads-336x280px.gif\" alt class=\"wp-image-29257\"><\/figure>\n<\/aside>\n<div class=\"td_block_wrap td_block_social_counter td_block_widget tdi_6 td-social-style5 td-social-boxed td-pb-border-top td_block_template_8\">\n<div class=\"td-block-title-wrap\">\n<h4 class=\"td-block-title\"><span>Urm\u0103re\u0219te-ne pe Social Media<\/span><\/h4>\n<\/div>\n<div class=\"td-social-list\">\n<div class=\"td_social_type td-pb-margin-side td_social_facebook\">\n<div class=\"td-social-box\"><span class=\"td_social_info td_social_info_counter\">344,595<\/span><span class=\"td_social_info td_social_info_name\">Fani<\/span><span class=\"td_social_button\"><a href=\"https:\/\/www.facebook.com\/247timisoara\" target=\"_blank\" rel=\"nofollow\">\u00cemi place<\/a><\/span><\/div>\n<\/div>\n<div class=\"td_social_type td-pb-margin-side td_social_instagram\">\n<div class=\"td-social-box\"><span class=\"td_social_info td_social_info_counter\">4,416<\/span><span class=\"td_social_info td_social_info_name\">Cititori<\/span><span class=\"td_social_button\"><a href=\"https:\/\/instagram.com\/orasultimisoararo\/\" target=\"_blank\" rel=\"nofollow\">Conecta\u021bi-v\u0103<\/a><\/span><\/div>\n<\/div>\n<div class=\"td_social_type td-pb-margin-side td_social_rss\">\n<div class=\"td-social-box\"><span class=\"td_social_info td_social_info_counter\">12,506<\/span><span class=\"td_social_info td_social_info_name\">Cititori<\/span><span class=\"td_social_button\"><a href=\"https:\/\/orasul-timisoara.ro\/feed\/\" target=\"_blank\" rel=\"nofollow\">Conecta\u021bi-v\u0103<\/a><\/span><\/div>\n<\/div>\n<div class=\"td_social_type td-pb-margin-side td_social_tiktok\">\n<div class=\"td-social-box\"><span class=\"td_social_info td_social_info_counter\">1,500<\/span><span class=\"td_social_info td_social_info_name\">Cititori<\/span><span class=\"td_social_button\"><a href=\"https:\/\/www.tiktok.com\/@orasultimisoara\" target=\"_blank\" rel=\"nofollow\">Conecta\u021bi-v\u0103<\/a><\/span><\/div>\n<\/div>\n<div class=\"td_social_type td-pb-margin-side td_social_twitter\">\n<div class=\"td-social-box\"><span class=\"td_social_info td_social_info_counter\">1,595<\/span><span class=\"td_social_info td_social_info_name\">Cititori<\/span><span class=\"td_social_button\"><a href=\"https:\/\/twitter.com\/orasultm\" target=\"_blank\" rel=\"nofollow\">Conecta\u021bi-v\u0103<\/a><\/span><\/div>\n<\/div>\n<div class=\"td_social_type td-pb-margin-side td_social_youtube\">\n<div class=\"td-social-box\"><span class=\"td_social_info td_social_info_counter\">3,506<\/span><span class=\"td_social_info td_social_info_name\">Abona\u021bi<\/span><span class=\"td_social_button\"><a href=\"https:\/\/www.youtube.com\/channel\/UCQNsQvs2XCSIm1Z-AHRturw?sub_confirmation=1\" target=\"_blank\" rel=\"nofollow\">Abona\u021bi-v\u0103<\/a><\/span><\/div>\n<\/div>\n<\/div>\n<\/div>\n<aside id=\"text-7\" class=\"td_block_template_8 widget text-7 widget_text\">\n<h4 class=\"td-block-title\"><span>C\u0103ut\u0103ri populare pe OTM<\/span><\/h4>\n<div class=\"textwidget\"><a href=\"https:\/\/orasul-timisoara.ro\/?s=timisoara\"><span>Timisoara<\/span><\/a><a href=\"https:\/\/orasul-timisoara.ro\/?s=calin+dobra\"><span>Calin Dobra<\/span><\/a><a href=\"https:\/\/orasul-timisoara.ro\/?s=primaria+timisoara\"><span>Primaria Timisoara<\/span><\/a><a href=\"https:\/\/orasul-timisoara.ro\/?s=dominic+fritz\"><span>Dominic Fritz<\/span><\/a><a href=\"https:\/\/orasul-timisoara.ro\/?s=nicolae+robu\"><span>Nicolae Robu<\/span><\/a><a href=\"https:\/\/orasul-timisoara.ro\/?s=consiliul+local+timisoara\">Consiliul Local Timisoara<\/a><a href=\"https:\/\/orasul-timisoara.ro\/?s=consiliul+judetean+timis\"><span>Consiliul Judetean Timis<\/span><\/a><a href=\"https:\/\/orasul-timisoara.ro\/?s=cjt\"><span>CJT<\/span><\/a><a href=\"https:\/\/orasul-timisoara.ro\/?s=Alfred+Simonis\"><span>Alfred Simonis<\/span><\/a><a href=\"https:\/\/orasul-timisoara.ro\/?s=PNL\"><span>PNL<\/span><\/a><a href=\"https:\/\/orasul-timisoara.ro\/?s=coronavirus\"><span>coronavirus<\/span><\/a><a href=\"https:\/\/orasul-timisoara.ro\/?s=teatru+timisoara\">teatru Timisoara<\/a><a href=\"https:\/\/orasul-timisoara.ro\/?s=restaurante\"><span>restaurante Timisoara<\/span><\/a><a href=\"https:\/\/orasul-timisoara.ro\/?s=diskoteka\"><span>Diskoteka<\/span><\/a><a href=\"https:\/\/orasul-timisoara.ro\/?s=iulius+town\"><span>Iulius Town<\/span><\/a><a href=\"https:\/\/orasul-timisoara.ro\/?s=iulius+mall\"><span>Iulius Mall<\/span><\/a><a href=\"https:\/\/orasul-timisoara.ro\/?s=stpt\"><span>STPT<\/span><\/a><a href=\"https:\/\/orasul-timisoara.ro\/?s=alin+nica\"><span>Alin Nica<\/span><\/a><a href=\"https:\/\/orasul-timisoara.ro\/?s=psd\"><span>PSD<\/span><\/a><a href=\"https:\/\/orasul-timisoara.ro\/?s=aeroport\"><span>Aeroportul International Timisoara<\/span><\/a><a href=\"https:\/\/orasul-timisoara.ro\/?s=babes\"><span>Spitalul Victor Babes Timisoara<\/span><\/a><a href=\"https:\/\/orasul-timisoara.ro\/?s=poli\"><span>Poli Timi\u0219oara<\/span><\/a><a href=\"https:\/\/orasul-timisoara.ro\/?s=carantina\"><span>carantina<\/span><\/a><a href=\"https:\/\/orasul-timisoara.ro\/?s=aquatim\"><span>Aquatim<\/span><\/a><a href=\"https:\/\/orasul-timisoara.ro\/local-category\/stiri-timisoara\/\"><span>Stiri Timisoara<\/span><\/a><a href=\"https:\/\/orasul-timisoara.ro\/local-category\/investitii-in-timisoara\/\"><span>Investi\u021bii in Timi\u0219oara<\/span><\/a><a href=\"https:\/\/orasul-timisoara.ro\/local-9463\/\"><span>shaorma<\/span><\/a><a href=\"https:\/\/orasul-timisoara.ro\/?s=trafic\"><span>trafic rutier<\/span><\/a><a href=\"https:\/\/orasul-timisoara.ro\/?s=politia\"><span>politia locala timisoara<\/span><\/a><a href=\"https:\/\/orasul-timisoara.ro\/?s=roxana\"><span>Roxana Iliescu<\/span><\/a><a href=\"https:\/\/orasul-timisoara.ro\/?s=colterm\"><span>Colterm<\/span><\/a><a href=\"https:\/\/orasul-timisoara.ro\/?s=latcau\"><span>Ruben La\u021bc\u0103u<\/span><\/a><a href=\"https:\/\/orasul-timisoara.ro\/?s=timis\"><span>\u0218tiri din Timi\u0219<\/span><\/a><a href=\"https:\/\/orasul-timisoara.ro\/?s=spital\"><span>Spitale din Timi\u0219oara<\/span><\/a><a href=\"https:\/\/orasul-timisoara.ro\/?s=tabara\"><span>Cosmin Tab\u0103r\u0103<\/span><\/a><\/div>\n<\/aside>\n<aside id=\"rss-2\" class=\"td_block_template_8 widget rss-2 widget_rss\">\n<h4 class=\"td-block-title\"><span><a class=\"rsswidget rss-widget-feed\" href=\"https:\/\/fashionfridays.ro\/feed\"><img decoding=\"async\" class=\"rss-widget-icon\" width=\"14\" height=\"14\" src=\"https:\/\/orasul-timisoara.ro\/wp-includes\/images\/rss.png\" alt=\"RSS\" loading=\"lazy\"><\/a><a class=\"rsswidget rss-widget-title\" href=\"https:\/\/fashionfridays.ro\/\">Fashion Fridays<\/a><\/span><\/h4>\n<ul>\n<li><a class=\"rsswidget\" href=\"https:\/\/fashionfridays.ro\/crocs-lanseaza-crocband-gum-clog-confort-iconic-cu-influente-retro-sport-pentru-primavara\/\">Crocs lanseaz\u0103 Crocband Gum Clog: confort iconic cu influen\u021be retro-sport pentru prim\u0103var\u0103<\/a>\n<div class=\"rssSummary\">Martie marcheaz\u0103 acel moment al anului \u00een care stilul \u00eencepe s\u0103 se relaxeze. Zilele devin mai lungi, ritmul ora\u0219ului se schimb\u0103, iar garderoba face tranzi\u021bia c\u0103tre piese care pun confortul pe primul loc, f\u0103r\u0103 s\u0103 renun\u021be la atitudine. Este sezonul \u00een care autenticitatea devine declara\u021bie de stil, iar alegerile vestimentare reflect\u0103 mai mult ca oric\u00e2nd [\u2026]<\/div>\n<\/li>\n<\/ul>\n<\/aside>\n<aside id=\"rss-4\" class=\"td_block_template_8 widget rss-4 widget_rss\">\n<h4 class=\"td-block-title\"><span><a class=\"rsswidget rss-widget-feed\" href=\"https:\/\/emasini.ro\/feed\"><img decoding=\"async\" class=\"rss-widget-icon\" width=\"14\" height=\"14\" src=\"https:\/\/orasul-timisoara.ro\/wp-includes\/images\/rss.png\" alt=\"RSS\" loading=\"lazy\"><\/a><a class=\"rsswidget rss-widget-title\" href=\"https:\/\/emasini.ro\/\">eMasini<\/a><\/span><\/h4>\n<ul>\n<li><a class=\"rsswidget\" href=\"https:\/\/emasini.ro\/traficul-rutier-sub-analiza-recensamant-national-pentru-modernizarea-infrastructurii\/\">Traficul rutier, sub analiz\u0103: recens\u0103m\u00e2nt na\u021bional pentru modernizarea infrastructurii<\/a>\n<div class=\"rssSummary\">Compania Na\u021bional\u0103 de Administrare a Infrastructurii Rutiere, prin Centrul de Studii Tehnice Rutiere \u0219i Informatic\u0103, preg\u0103te\u0219te una dintre cele mai importante ac\u021biuni de colectare de date din domeniul transporturilor: Recens\u0103m\u00e2ntul General de Circula\u021bie Rutier\u0103. Demersul are un rol strategic \u00een fundamentarea deciziilor privind dezvoltarea \u0219i modernizarea infrastructurii rutiere din Rom\u00e2nia. Ac\u021biunea este coordonat\u0103 de CNAIR, [\u2026]<\/div>\n<\/li>\n<\/ul>\n<\/aside>\n<\/div>\n<\/div>\n<\/div>\n<\/div>\n<\/article>\n<div class=\"td-post-content tagdiv-type\">\n<p>Timi\u0219oara g\u0103zduie\u0219te duminic\u0103, 10 mai 2026, un eveniment muzical aparte, care propune publicului o experien\u021b\u0103 artistic\u0103 complex\u0103, la intersec\u021bia dintre muzic\u0103, storytelling \u0219i art\u0103 vizual\u0103. Harpistul Alexander Boldachev \u0219i chitaristul Alex Misko vor urca pe scena Cinema Timis \u00een cadrul spectacolului \u201eMetamorphosis\u201d.<\/p>\n<p>Evenimentul face parte din seria \u201eUnexpected Concert\u201d, organizat\u0103 de Asociatia EDCUS, \u0219i aduce \u00een prim-plan un concept artistic inovator, \u00een care muzica live este completat\u0103 de proiec\u021bii vizuale realizate \u00een timp real. Componenta multimedia este semnat\u0103 de artistul Adistu, care transform\u0103 scena \u00eentr-un veritabil univers cinematografic.<\/p>\n<p>Spectacolul exploreaz\u0103 grani\u021bele dintre muzica clasic\u0103, rock \u0219i sound-ul cinematic, propun\u00e2nd o formul\u0103 contemporan\u0103 \u00een care imaginea \u0219i sunetul se completeaz\u0103 reciproc. Organizatorii subliniaz\u0103 c\u0103 proiectul continu\u0103 direc\u021bia seriei \u201eUnexpected Concert\u201d, dedicat\u0103 aducerii la Timi\u0219oara a unor produc\u021bii artistice care dep\u0103\u0219esc formatul clasic al concertelor.<\/p>\n<p>Programul este structurat \u00een trei capitole distincte \u2013 Origins, Identity \u0219i Creation \u2013 fiecare reflect\u00e2nd o etap\u0103 diferit\u0103 din universul muzical al arti\u0219tilor.<\/p>\n<p>Prima parte, \u201eOrigins\u201d, este dedicat\u0103 harpei solo \u0219i \u00eel aduce \u00een prim-plan pe Alexander Boldachev. Publicul va putea asculta reinterpret\u0103ri surprinz\u0103toare, precum \u201eWinter\u201d de Antonio Vivaldi, adaptat\u0103 pentru harp\u0103, dar \u0219i celebra \u201eBohemian Rhapsody\u201d a trupei Queen, \u00eentr-o versiune orchestral\u0103. De asemenea, va fi interpretat\u0103 \u201eThe Infinity Column\u201d, compozi\u021bie original\u0103 inspirat\u0103 de opera lui Constantin Brancusi.<\/p>\n<p>\u00cen capitolul \u201eIdentity\u201d, scena \u00eei apar\u021bine lui Alex Misko, unul dintre cei mai aprecia\u021bi chitari\u0219ti fingerstyle ai noii genera\u021bii. Acesta va interpreta piese proprii precum \u201eUmbrella Street\u201d \u0219i \u201eIntergalactic March\u201d, lucr\u0103ri care eviden\u021biaz\u0103 versatilitatea \u0219i expresivitatea chitarei moderne.<\/p>\n<p>Partea final\u0103, \u201eCreation\u201d, aduce pe scen\u0103 colaborarea celor doi arti\u0219ti, \u00eentr-o serie de compozi\u021bii originale pentru harp\u0103 \u0219i chitar\u0103. Printre titlurile incluse \u00een program se num\u0103r\u0103 \u201eKuban Train\u201d, \u201eThe Gemini Twins\u201d, \u201eClockwaltz\u201d, \u201eThe Impaler\u201d \u2013 o pies\u0103 cu referin\u021be inspirate din spa\u021biul rom\u00e2nesc \u2013, \u201eNord\u201d, \u201eCrossroads\u201d \u0219i \u201eHope Song\u201d. Fiecare moment este \u00eenso\u021bit de interven\u021bii narative ale arti\u0219tilor, care ofer\u0103 publicului context \u0219i o conexiune direct\u0103 cu muzica.<\/p>\n<p>Concertul \u00eencepe la ora 19:00 \u0219i promite o experien\u021b\u0103 artistic\u0103 imersiv\u0103, \u00een care sunetul, imaginea \u0219i povestea se \u00eembin\u0103 \u00eentr-un format contemporan, adresat at\u00e2t iubitorilor de muzic\u0103 clasic\u0103, c\u00e2t \u0219i celor atra\u0219i de experimentele vizuale \u0219i sonore.<\/p>\n<\/div>\n<p>[analyse_source url=&#8221;https:\/\/orasul-timisoara.ro\/local-38234\/&#8221;]<\/p>\n","protected":false},"excerpt":{"rendered":"<p>[analyse_image type=&#8221;featured&#8221; src=&#8221;https:\/\/orasul-timisoara.ro\/wp-content\/uploads\/2026\/04\/bdb-harpa.jpg&#8221;] Evenimente in TimisoaraHarp\u0103, chitar\u0103 \u0219i art\u0103 vizual\u0103: concertul \u201eMetamorphosis\u201d ajunge la Timi\u0219oara Evenimente in Timisoara \u0218tiri Locale Harp\u0103, chitar\u0103 \u0219i art\u0103 vizual\u0103: concertul \u201eMetamorphosis\u201d ajunge la Timi\u0219oara De c\u0103tre redactia &#8211; 19\/04\/2026 Facebook Twitter WhatsApp Linkedin ReddIt Email Imprimare Timi\u0219oara g\u0103zduie\u0219te duminic\u0103, 10 mai 2026, un eveniment muzical aparte, care propune publicului [&hellip;]<\/p>\n","protected":false},"author":1,"featured_media":0,"comment_status":"open","ping_status":"","sticky":false,"template":"","format":"standard","meta":{"footnotes":""},"categories":[89],"tags":[226,189],"class_list":["post-1895701","post","type-post","status-publish","format-standard","hentry","category-romania","tag-crawlmanager","tag-orasul-timisoara-ro"],"_links":{"self":[{"href":"https:\/\/analyse.optim.biz\/index.php?rest_route=\/wp\/v2\/posts\/1895701","targetHints":{"allow":["GET"]}}],"collection":[{"href":"https:\/\/analyse.optim.biz\/index.php?rest_route=\/wp\/v2\/posts"}],"about":[{"href":"https:\/\/analyse.optim.biz\/index.php?rest_route=\/wp\/v2\/types\/post"}],"author":[{"embeddable":true,"href":"https:\/\/analyse.optim.biz\/index.php?rest_route=\/wp\/v2\/users\/1"}],"replies":[{"embeddable":true,"href":"https:\/\/analyse.optim.biz\/index.php?rest_route=%2Fwp%2Fv2%2Fcomments&post=1895701"}],"version-history":[{"count":0,"href":"https:\/\/analyse.optim.biz\/index.php?rest_route=\/wp\/v2\/posts\/1895701\/revisions"}],"wp:attachment":[{"href":"https:\/\/analyse.optim.biz\/index.php?rest_route=%2Fwp%2Fv2%2Fmedia&parent=1895701"}],"wp:term":[{"taxonomy":"category","embeddable":true,"href":"https:\/\/analyse.optim.biz\/index.php?rest_route=%2Fwp%2Fv2%2Fcategories&post=1895701"},{"taxonomy":"post_tag","embeddable":true,"href":"https:\/\/analyse.optim.biz\/index.php?rest_route=%2Fwp%2Fv2%2Ftags&post=1895701"}],"curies":[{"name":"wp","href":"https:\/\/api.w.org\/{rel}","templated":true}]}}