{"id":1895524,"date":"2026-04-20T12:41:56","date_gmt":"2026-04-20T09:41:56","guid":{"rendered":"https:\/\/analyse.optim.biz\/?p=1895524"},"modified":"2026-04-20T12:41:56","modified_gmt":"2026-04-20T09:41:56","slug":"primaria-timisoara-a-desemnat-castigatorul-licitatiei-pentru-lucrarile-la-podul-solventul-primul-ce-va-fi","status":"publish","type":"post","link":"https:\/\/analyse.optim.biz\/?p=1895524","title":{"rendered":"Prim\u0103ria Timi\u0219oara a desemnat c\u00e2\u0219tig\u0103torul licita\u021biei pentru lucr\u0103rile la Podul Solventul, primul ce va fi"},"content":{"rendered":"<p>[analyse_image type=&#8221;featured&#8221; src=&#8221;https:\/\/orasul-timisoara.ro\/wp-content\/uploads\/2026\/04\/podul-solventul-4-1.jpg&#8221;]<\/p>\n<article id=\"post-38265\" class=\"td-post-template-7 post-38265 post type-post status-publish format-standard has-post-thumbnail category-stiri-timisoara td-container-wrap\">\n<div class=\"td-full-screen-header-image-wrap\">\n<div class=\"td-container td-post-header\">\n<div class=\"td-crumb-container\">\n<div class=\"entry-crumbs\"><span><a title=\"Vede\u021bi toate articolele \u00een \u0218tiri Locale\" class=\"entry-crumb\" href=\"https:\/\/orasul-timisoara.ro\/local-category\/stiri-timisoara\/\">\u0218tiri Locale<\/a><\/span><span class=\"td-bred-no-url-last\">Prim\u0103ria Timi\u0219oara a desemnat c\u00e2\u0219tig\u0103torul licita\u021biei pentru lucr\u0103rile la Podul Solventul, primul&#8230;<\/span><\/div>\n<\/div>\n<div class=\"td-post-header-holder\">\n<div class=\"td-parallax-header\">\n<header class=\"td-post-title\">\n<ul class=\"td-category\">\n<li class=\"entry-category\"><a href=\"https:\/\/orasul-timisoara.ro\/local-category\/stiri-timisoara\/\">\u0218tiri Locale<\/a><\/li>\n<\/ul>\n<h1 class=\"entry-title\">Prim\u0103ria Timi\u0219oara a desemnat c\u00e2\u0219tig\u0103torul licita\u021biei pentru lucr\u0103rile la Podul Solventul, primul ce va fi construit \u00een ultimii 50 de ani \u00een ora\u0219 (foto)<\/h1>\n<div class=\"td-module-meta-info\">\n<div class=\"td-post-author-name\">\n<div class=\"td-author-by\">De c\u0103tre<\/div>\n<p><a href=\"https:\/\/orasul-timisoara.ro\/author\/timisoara\/\">redactia<\/a><\/p>\n<div class=\"td-author-line\"> &#8211; <\/div>\n<\/div>\n<p><span class=\"td-post-date\"><time class=\"entry-date updated td-module-date\" datetime=\"2026-04-20T15:41:56+03:00\">20\/04\/2026<\/time><\/span><\/div>\n<\/header>\n<\/div>\n<\/div>\n<\/div>\n<div id=\"td-full-screen-header-image\" class=\"td-image-gradient-style7\"><img decoding=\"async\" class=\"td-backstretch\" src=\"https:\/\/orasul-timisoara.ro\/wp-content\/uploads\/2026\/04\/podul-solventul-4-1.jpg\"><\/div>\n<\/div>\n<div class=\"td-container\">\n<div class=\"td-pb-row\">\n<div class=\"td-pb-span8 td-main-content\" role=\"main\">\n<div class=\"td-ss-main-content\">\n<div class=\"td-post-sharing-top\">\n<div class=\"td-post-sharing-classic\"><iframe title=\"topFacebookLike\" frameborder src=\"https:\/\/www.facebook.com\/plugins\/like.php?href=https:\/\/orasul-timisoara.ro\/local-38265\/&amp;layout=button_count&amp;show_faces=false&amp;width=105&amp;action=like&amp;colorscheme=light&amp;height=21\"><\/iframe><\/div>\n<div id=\"td_social_sharing_article_top\" class=\"td-post-sharing td-ps-bg td-ps-notext td-post-sharing-style1 \">\n<div class=\"td-post-sharing-visible\"><a class=\"td-social-sharing-button td-social-sharing-button-js td-social-network td-social-facebook\" href=\"https:\/\/www.facebook.com\/sharer.php?u=https%3A%2F%2Forasul-timisoara.ro%2Flocal-38265%2F\" title=\"Facebook\"><\/p>\n<div class=\"td-social-but-text\">Facebook<\/div>\n<p><\/a><a class=\"td-social-sharing-button td-social-sharing-button-js td-social-network td-social-twitter\" href=\"https:\/\/twitter.com\/intent\/tweet?text=Prim%C4%83ria+Timi%C8%99oara+a+desemnat+c%C3%A2%C8%99tig%C4%83torul+licita%C8%9Biei+pentru+lucr%C4%83rile+la+Podul+Solventul%2C+primul+ce+va+fi+construit+%C3%AEn+ultimii+50+de+ani+%C3%AEn+ora%C8%99+%28foto%29&amp;url=https%3A%2F%2Forasul-timisoara.ro%2Flocal-38265%2F&amp;via=orasultm\" title=\"Twitter\"><\/p>\n<div class=\"td-social-but-text\">Twitter<\/div>\n<p><\/a><a class=\"td-social-sharing-button td-social-sharing-button-js td-social-network td-social-whatsapp\" href=\"https:\/\/api.whatsapp.com\/send?text=Prim%C4%83ria+Timi%C8%99oara+a+desemnat+c%C3%A2%C8%99tig%C4%83torul+licita%C8%9Biei+pentru+lucr%C4%83rile+la+Podul+Solventul%2C+primul+ce+va+fi+construit+%C3%AEn+ultimii+50+de+ani+%C3%AEn+ora%C8%99+%28foto%29%20%0A%0A%20https:\/\/orasul-timisoara.ro\/local-38265\/\" title=\"WhatsApp\"><\/p>\n<div class=\"td-social-but-text\">WhatsApp<\/div>\n<p><\/a><a class=\"td-social-sharing-button td-social-sharing-button-js td-social-network td-social-linkedin\" href=\"https:\/\/www.linkedin.com\/shareArticle?mini=true&amp;url=https:\/\/orasul-timisoara.ro\/local-38265\/&amp;title=Prim%C4%83ria+Timi%C8%99oara+a+desemnat+c%C3%A2%C8%99tig%C4%83torul+licita%C8%9Biei+pentru+lucr%C4%83rile+la+Podul+Solventul%2C+primul+ce+va+fi+construit+%C3%AEn+ultimii+50+de+ani+%C3%AEn+ora%C8%99+%28foto%29\" title=\"Linkedin\"><\/p>\n<div class=\"td-social-but-text\">Linkedin<\/div>\n<p><\/a><a class=\"td-social-sharing-button td-social-sharing-button-js td-social-network td-social-reddit\" href=\"https:\/\/reddit.com\/submit?url=https:\/\/orasul-timisoara.ro\/local-38265\/&amp;title=Prim%C4%83ria+Timi%C8%99oara+a+desemnat+c%C3%A2%C8%99tig%C4%83torul+licita%C8%9Biei+pentru+lucr%C4%83rile+la+Podul+Solventul%2C+primul+ce+va+fi+construit+%C3%AEn+ultimii+50+de+ani+%C3%AEn+ora%C8%99+%28foto%29\" title=\"ReddIt\"><\/p>\n<div class=\"td-social-but-text\">ReddIt<\/div>\n<p><\/a><a class=\"td-social-sharing-button td-social-sharing-button-js td-social-network td-social-mail\" href=\"mailto:?subject=Prim%C4%83ria%20Timi%C8%99oara%20a%20desemnat%20c%C3%A2%C8%99tig%C4%83torul%20licita%C8%9Biei%20pentru%20lucr%C4%83rile%20la%20Podul%20Solventul,%20primul%20ce%20va%20fi%20construit%20%C3%AEn%20ultimii%2050%20de%20ani%20%C3%AEn%20ora%C8%99%20(foto)&amp;body=https:\/\/orasul-timisoara.ro\/local-38265\/\" title=\"Email\"><\/p>\n<div class=\"td-social-but-text\">Email<\/div>\n<p><\/a><a class=\"td-social-sharing-button td-social-sharing-button-js td-social-network td-social-print\" href=\"https:\/\/orasul-timisoara.ro\/local-38265\/\" title=\"Imprimare\"><\/p>\n<div class=\"td-social-but-text\">Imprimare<\/div>\n<p><\/a><\/div>\n<\/div>\n<\/div>\n<div class=\"td-post-content tagdiv-type\">\n<p>Prim\u0103ria Timi\u0219oara face un pas decisiv pentru modernizarea infrastructurii urbane, dup\u0103 finalizarea licita\u021biei pentru construirea Podului Solventul, unul dintre cele mai a\u0219teptate proiecte de mobilitate din ora\u0219. Contractul de execu\u021bie va fi semnat cu asocierea format\u0103 din FREYROM SA, \u00een calitate de lider, \u0219i PROCONS GROUP SRL, ca asociat.<\/p>\n<p>Proiectul marcheaz\u0103 construc\u021bia primului pod nou peste Canalul Bega realizat integral dup\u0103 1989 \u0219i reprezint\u0103 o pies\u0103-cheie \u00een dezvoltarea infrastructurii rutiere din Timi\u0219oara. Noua leg\u0103tur\u0103 va conecta Bulevardul D\u00e2mbovi\u021ba de Calea Bogd\u0103ne\u0219tilor, travers\u00e2nd fosta platform\u0103 industrial\u0103 Solventul \u0219i integr\u00e2ndu-se \u00eentr-un proiect mai amplu ce include Pasajul Solventul \u0219i un drum de leg\u0103tur\u0103 modern.<\/p>\n<p>Primarul Dominic Fritz a subliniat complexitatea procesului administrativ care a precedat atribuirea contractului, men\u021bion\u00e2nd c\u0103 proiectul a implicat documenta\u021bii tehnice elaborate, proceduri birocratice extinse, exproprieri \u0219i atragerea de fonduri europene \u00een valoare de aproximativ 18 milioane de euro. Edilul a descris investi\u021bia drept una esen\u021bial\u0103 \u0219i mult a\u0219teptat\u0103 de comunitate, dup\u0103 decenii de blocaje.<\/p>\n<p>Podul Solventul face parte din Inelul IV Vest, o arter\u0103 strategic\u0103 pentru decongestionarea traficului \u0219i redistribuirea fluxurilor de circula\u021bie din zona central\u0103 c\u0103tre periferie. Construc\u021bia va include patru benzi de circula\u021bie, linie dubl\u0103 de tramvai, piste pentru biciclete, trotuare generoase \u0219i spa\u021bii verzi, fiind g\u00e2ndit\u0103 \u00een linie cu principiile mobilit\u0103\u021bii urbane sustenabile.<\/p>\n<p>Proiectul mai prevede reconfigurarea intersec\u021biei cu Bulevardul D\u00e2mbovi\u021ba \u0219i conectarea direct\u0103 la re\u021beaua de piste de biciclete de pe malul Beg\u0103i, contribuind la integrarea transportului alternativ \u00een infrastructura ora\u0219ului.<\/p>\n<figure class=\"wp-block-gallery has-nested-images columns-default is-cropped wp-block-gallery-1 is-layout-flex wp-block-gallery-is-layout-flex\">\n<figure class=\"wp-block-image size-large\"><img loading=\"lazy\" decoding=\"async\" width=\"1920\" height=\"1257\" data-id=\"38270\" src=\"https:\/\/orasul-timisoara.ro\/wp-content\/uploads\/2026\/04\/podul-solventul-1-1920x1257.jpg\" alt class=\"wp-image-38270\"><\/figure>\n<figure class=\"wp-block-image size-large\"><img loading=\"lazy\" decoding=\"async\" width=\"1920\" height=\"1134\" data-id=\"38266\" src=\"https:\/\/orasul-timisoara.ro\/wp-content\/uploads\/2026\/04\/podul-solventul-2-1920x1134.jpg\" alt class=\"wp-image-38266\"><\/figure>\n<figure class=\"wp-block-image size-large\"><img loading=\"lazy\" decoding=\"async\" width=\"1920\" height=\"1125\" data-id=\"38267\" src=\"https:\/\/orasul-timisoara.ro\/wp-content\/uploads\/2026\/04\/podul-solventul-3-1920x1125.jpg\" alt class=\"wp-image-38267\"><\/figure>\n<figure class=\"wp-block-image size-large\"><img decoding=\"async\" loading=\"lazy\" width=\"1920\" height=\"1214\" data-id=\"38269\" src=\"https:\/\/orasul-timisoara.ro\/wp-content\/uploads\/2026\/04\/podul-solventul-4-1920x1214.jpg\" alt class=\"wp-image-38269\"><\/figure>\n<figure class=\"wp-block-image size-large\"><img decoding=\"async\" loading=\"lazy\" width=\"1245\" height=\"1245\" data-id=\"38268\" src=\"https:\/\/orasul-timisoara.ro\/wp-content\/uploads\/2026\/04\/podul-solventul-5.jpg\" alt class=\"wp-image-38268\"><\/figure>\n<\/figure>\n<p>Investi\u021bia se ridic\u0103 la 133,5 milioane de lei, din care 93 de milioane de lei sunt fonduri europene nerambursabile, ob\u021binute prin Programul Regional Vest 2021\u20132027, \u00een cadrul componentei dedicate mobilit\u0103\u021bii urbane sustenabile. Contractul de execu\u021bie, \u00een valoare de 96.076.330 lei (cu TVA), prevede un termen de realizare de 24 de luni de la emiterea ordinului de \u00eencepere a lucr\u0103rilor.<\/p>\n<p>Podul Solventul, al\u0103turi de Pasajul Solventul \u0219i Noua Radial\u0103 Vest, face parte din strategia administra\u021biei locale de a crea o infrastructur\u0103 modern\u0103, capabil\u0103 s\u0103 conecteze eficient cartierele ora\u0219ului \u0219i s\u0103 sus\u021bin\u0103 dezvoltarea economic\u0103 pe termen lung.<\/p>\n<p>Titluri propuse:<\/p>\n<\/div>\n<footer>\n<div class=\"td-post-sharing-bottom\">\n<div class=\"td-post-sharing-classic\"><iframe title=\"bottomFacebookLike\" frameborder src=\"https:\/\/www.facebook.com\/plugins\/like.php?href=https:\/\/orasul-timisoara.ro\/local-38265\/&amp;layout=button_count&amp;show_faces=false&amp;width=105&amp;action=like&amp;colorscheme=light&amp;height=21\"><\/iframe><\/div>\n<div id=\"td_social_sharing_article_bottom\" class=\"td-post-sharing td-ps-bg td-ps-notext td-post-sharing-style1 \">\n<div class=\"td-post-sharing-visible\"><a class=\"td-social-sharing-button td-social-sharing-button-js td-social-network td-social-facebook\" href=\"https:\/\/www.facebook.com\/sharer.php?u=https%3A%2F%2Forasul-timisoara.ro%2Flocal-38265%2F\" title=\"Facebook\"><\/p>\n<div class=\"td-social-but-text\">Facebook<\/div>\n<p><\/a><a class=\"td-social-sharing-button td-social-sharing-button-js td-social-network td-social-twitter\" href=\"https:\/\/twitter.com\/intent\/tweet?text=Prim%C4%83ria+Timi%C8%99oara+a+desemnat+c%C3%A2%C8%99tig%C4%83torul+licita%C8%9Biei+pentru+lucr%C4%83rile+la+Podul+Solventul%2C+primul+ce+va+fi+construit+%C3%AEn+ultimii+50+de+ani+%C3%AEn+ora%C8%99+%28foto%29&amp;url=https%3A%2F%2Forasul-timisoara.ro%2Flocal-38265%2F&amp;via=orasultm\" title=\"Twitter\"><\/p>\n<div class=\"td-social-but-text\">Twitter<\/div>\n<p><\/a><a class=\"td-social-sharing-button td-social-sharing-button-js td-social-network td-social-whatsapp\" href=\"https:\/\/api.whatsapp.com\/send?text=Prim%C4%83ria+Timi%C8%99oara+a+desemnat+c%C3%A2%C8%99tig%C4%83torul+licita%C8%9Biei+pentru+lucr%C4%83rile+la+Podul+Solventul%2C+primul+ce+va+fi+construit+%C3%AEn+ultimii+50+de+ani+%C3%AEn+ora%C8%99+%28foto%29%20%0A%0A%20https:\/\/orasul-timisoara.ro\/local-38265\/\" title=\"WhatsApp\"><\/p>\n<div class=\"td-social-but-text\">WhatsApp<\/div>\n<p><\/a><a class=\"td-social-sharing-button td-social-sharing-button-js td-social-network td-social-linkedin\" href=\"https:\/\/www.linkedin.com\/shareArticle?mini=true&amp;url=https:\/\/orasul-timisoara.ro\/local-38265\/&amp;title=Prim%C4%83ria+Timi%C8%99oara+a+desemnat+c%C3%A2%C8%99tig%C4%83torul+licita%C8%9Biei+pentru+lucr%C4%83rile+la+Podul+Solventul%2C+primul+ce+va+fi+construit+%C3%AEn+ultimii+50+de+ani+%C3%AEn+ora%C8%99+%28foto%29\" title=\"Linkedin\"><\/p>\n<div class=\"td-social-but-text\">Linkedin<\/div>\n<p><\/a><a class=\"td-social-sharing-button td-social-sharing-button-js td-social-network td-social-reddit\" href=\"https:\/\/reddit.com\/submit?url=https:\/\/orasul-timisoara.ro\/local-38265\/&amp;title=Prim%C4%83ria+Timi%C8%99oara+a+desemnat+c%C3%A2%C8%99tig%C4%83torul+licita%C8%9Biei+pentru+lucr%C4%83rile+la+Podul+Solventul%2C+primul+ce+va+fi+construit+%C3%AEn+ultimii+50+de+ani+%C3%AEn+ora%C8%99+%28foto%29\" title=\"ReddIt\"><\/p>\n<div class=\"td-social-but-text\">ReddIt<\/div>\n<p><\/a><a class=\"td-social-sharing-button td-social-sharing-button-js td-social-network td-social-mail\" href=\"mailto:?subject=Prim%C4%83ria%20Timi%C8%99oara%20a%20desemnat%20c%C3%A2%C8%99tig%C4%83torul%20licita%C8%9Biei%20pentru%20lucr%C4%83rile%20la%20Podul%20Solventul,%20primul%20ce%20va%20fi%20construit%20%C3%AEn%20ultimii%2050%20de%20ani%20%C3%AEn%20ora%C8%99%20(foto)&amp;body=https:\/\/orasul-timisoara.ro\/local-38265\/\" title=\"Email\"><\/p>\n<div class=\"td-social-but-text\">Email<\/div>\n<p><\/a><a class=\"td-social-sharing-button td-social-sharing-button-js td-social-network td-social-print\" href=\"https:\/\/orasul-timisoara.ro\/local-38265\/\" title=\"Imprimare\"><\/p>\n<div class=\"td-social-but-text\">Imprimare<\/div>\n<p><\/a><\/div>\n<\/div>\n<\/div>\n<div class=\"td-block-row td-post-next-prev\">\n<div class=\"td-block-span6 td-post-prev-post\">\n<div class=\"td-post-next-prev-content\"><span>Articolul precedent<\/span><a href=\"https:\/\/orasul-timisoara.ro\/local-38253\/\">\u201eRide &amp; Ride &amp; Ride\u201d adun\u0103 100 de bicicli\u0219ti la Timi\u0219oara: succes pentru mobilitatea urban\u0103<\/a><\/div>\n<\/div>\n<div class=\"td-block-span6 td-post-next-post\">\n<div class=\"td-post-next-prev-content\"><span>Articolul urm\u0103tor<\/span><a href=\"https:\/\/orasul-timisoara.ro\/local-38273\/\">Timi\u0219ul, invitat de onoare la Bruxelles: tradi\u021bie \u0219i modernitate la Arthis Fest 2026<\/a><\/div>\n<\/div>\n<\/div>\n<div class=\"td-author-name vcard author\"><span class=\"fn\"><a href=\"https:\/\/orasul-timisoara.ro\/author\/timisoara\/\">redactia<\/a><\/span><\/div>\n<p><span class=\"td-page-meta\"><\/span><span class=\"td-page-meta\"><span class=\"td-page-meta\"><\/span><\/span><span class=\"td-page-meta\"><\/span><\/footer>\n<div class=\"comments\" id=\"comments\">\n<div id=\"respond\" class=\"comment-respond\">\n<h3 id=\"reply-title\" class=\"comment-reply-title\">L\u0102SA\u021aI UN MESAJ<\/h3>\n<div class=\"comment-form-input-wrap td-form-comment\">\n<div class=\"td-warning-comment\">V\u0103 rug\u0103m s\u0103 introduce\u021bi comentariul dvs.!<\/div>\n<\/div>\n<div class=\"comment-form-input-wrap td-form-author\">\n<div class=\"td-warning-author\">Introduce\u021bi aici numele dvs.<\/div>\n<\/div>\n<div class=\"comment-form-input-wrap td-form-email\">\n<div class=\"td-warning-email-error\">A\u021bi introdus o adres\u0103 de e-mail incorect\u0103!<\/div>\n<div class=\"td-warning-email\">V\u0103 rug\u0103m s\u0103 introduce\u021bi adresa dvs. de e-mail aici<\/div>\n<\/div>\n<\/div>\n<p class=\"akismet_comment_form_privacy_notice\">Acest site folose\u0219te Akismet pentru a reduce spamul. <a href=\"https:\/\/akismet.com\/privacy\/\" target=\"_blank\" rel=\"nofollow noopener\">Afl\u0103 cum sunt procesate datele comentariilor tale<\/a>.<\/p>\n<\/div>\n<\/div>\n<\/div>\n<div class=\"td-pb-span4 td-main-sidebar\" role=\"complementary\">\n<div class=\"td-ss-main-sidebar\">\n<aside id=\"block-4\" class=\"td_block_template_8 widget block-4 widget_block widget_media_image\">\n<figure class=\"wp-block-image size-full\"><img decoding=\"async\" loading=\"lazy\" width=\"336\" height=\"280\" src=\"https:\/\/orasul-timisoara.ro\/wp-content\/uploads\/2024\/11\/ReTIM-Abonamentul-Verde-Google-Ads-336x280px.gif\" alt class=\"wp-image-29257\"><\/figure>\n<\/aside>\n<div class=\"td_block_wrap td_block_social_counter td_block_widget tdi_3 td-social-style5 td-social-boxed td-pb-border-top td_block_template_8\">\n<div class=\"td-block-title-wrap\">\n<h4 class=\"td-block-title\"><span>Urm\u0103re\u0219te-ne pe Social Media<\/span><\/h4>\n<\/div>\n<div class=\"td-social-list\">\n<div class=\"td_social_type td-pb-margin-side td_social_facebook\">\n<div class=\"td-social-box\"><span class=\"td_social_info td_social_info_counter\">344,595<\/span><span class=\"td_social_info td_social_info_name\">Fani<\/span><span class=\"td_social_button\"><a href=\"https:\/\/www.facebook.com\/247timisoara\" target=\"_blank\" rel=\"nofollow\">\u00cemi place<\/a><\/span><\/div>\n<\/div>\n<div class=\"td_social_type td-pb-margin-side td_social_instagram\">\n<div class=\"td-social-box\"><span class=\"td_social_info td_social_info_counter\">4,416<\/span><span class=\"td_social_info td_social_info_name\">Cititori<\/span><span class=\"td_social_button\"><a href=\"https:\/\/instagram.com\/orasultimisoararo\/\" target=\"_blank\" rel=\"nofollow\">Conecta\u021bi-v\u0103<\/a><\/span><\/div>\n<\/div>\n<div class=\"td_social_type td-pb-margin-side td_social_rss\">\n<div class=\"td-social-box\"><span class=\"td_social_info td_social_info_counter\">12,506<\/span><span class=\"td_social_info td_social_info_name\">Cititori<\/span><span class=\"td_social_button\"><a href=\"https:\/\/orasul-timisoara.ro\/feed\/\" target=\"_blank\" rel=\"nofollow\">Conecta\u021bi-v\u0103<\/a><\/span><\/div>\n<\/div>\n<div class=\"td_social_type td-pb-margin-side td_social_tiktok\">\n<div class=\"td-social-box\"><span class=\"td_social_info td_social_info_counter\">1,500<\/span><span class=\"td_social_info td_social_info_name\">Cititori<\/span><span class=\"td_social_button\"><a href=\"https:\/\/www.tiktok.com\/@orasultimisoara\" target=\"_blank\" rel=\"nofollow\">Conecta\u021bi-v\u0103<\/a><\/span><\/div>\n<\/div>\n<div class=\"td_social_type td-pb-margin-side td_social_twitter\">\n<div class=\"td-social-box\"><span class=\"td_social_info td_social_info_counter\">1,595<\/span><span class=\"td_social_info td_social_info_name\">Cititori<\/span><span class=\"td_social_button\"><a href=\"https:\/\/twitter.com\/orasultm\" target=\"_blank\" rel=\"nofollow\">Conecta\u021bi-v\u0103<\/a><\/span><\/div>\n<\/div>\n<div class=\"td_social_type td-pb-margin-side td_social_youtube\">\n<div class=\"td-social-box\"><span class=\"td_social_info td_social_info_counter\">3,506<\/span><span class=\"td_social_info td_social_info_name\">Abona\u021bi<\/span><span class=\"td_social_button\"><a href=\"https:\/\/www.youtube.com\/channel\/UCQNsQvs2XCSIm1Z-AHRturw?sub_confirmation=1\" target=\"_blank\" rel=\"nofollow\">Abona\u021bi-v\u0103<\/a><\/span><\/div>\n<\/div>\n<\/div>\n<\/div>\n<aside id=\"text-7\" class=\"td_block_template_8 widget text-7 widget_text\">\n<h4 class=\"td-block-title\"><span>C\u0103ut\u0103ri populare pe OTM<\/span><\/h4>\n<div class=\"textwidget\"><a href=\"https:\/\/orasul-timisoara.ro\/?s=timisoara\"><span>Timisoara<\/span><\/a><a href=\"https:\/\/orasul-timisoara.ro\/?s=calin+dobra\"><span>Calin Dobra<\/span><\/a><a href=\"https:\/\/orasul-timisoara.ro\/?s=primaria+timisoara\"><span>Primaria Timisoara<\/span><\/a><a href=\"https:\/\/orasul-timisoara.ro\/?s=dominic+fritz\"><span>Dominic Fritz<\/span><\/a><a href=\"https:\/\/orasul-timisoara.ro\/?s=nicolae+robu\"><span>Nicolae Robu<\/span><\/a><a href=\"https:\/\/orasul-timisoara.ro\/?s=consiliul+local+timisoara\">Consiliul Local Timisoara<\/a><a href=\"https:\/\/orasul-timisoara.ro\/?s=consiliul+judetean+timis\"><span>Consiliul Judetean Timis<\/span><\/a><a href=\"https:\/\/orasul-timisoara.ro\/?s=cjt\"><span>CJT<\/span><\/a><a href=\"https:\/\/orasul-timisoara.ro\/?s=Alfred+Simonis\"><span>Alfred Simonis<\/span><\/a><a href=\"https:\/\/orasul-timisoara.ro\/?s=PNL\"><span>PNL<\/span><\/a><a href=\"https:\/\/orasul-timisoara.ro\/?s=coronavirus\"><span>coronavirus<\/span><\/a><a href=\"https:\/\/orasul-timisoara.ro\/?s=teatru+timisoara\">teatru Timisoara<\/a><a href=\"https:\/\/orasul-timisoara.ro\/?s=restaurante\"><span>restaurante Timisoara<\/span><\/a><a href=\"https:\/\/orasul-timisoara.ro\/?s=diskoteka\"><span>Diskoteka<\/span><\/a><a href=\"https:\/\/orasul-timisoara.ro\/?s=iulius+town\"><span>Iulius Town<\/span><\/a><a href=\"https:\/\/orasul-timisoara.ro\/?s=iulius+mall\"><span>Iulius Mall<\/span><\/a><a href=\"https:\/\/orasul-timisoara.ro\/?s=stpt\"><span>STPT<\/span><\/a><a href=\"https:\/\/orasul-timisoara.ro\/?s=alin+nica\"><span>Alin Nica<\/span><\/a><a href=\"https:\/\/orasul-timisoara.ro\/?s=psd\"><span>PSD<\/span><\/a><a href=\"https:\/\/orasul-timisoara.ro\/?s=aeroport\"><span>Aeroportul International Timisoara<\/span><\/a><a href=\"https:\/\/orasul-timisoara.ro\/?s=babes\"><span>Spitalul Victor Babes Timisoara<\/span><\/a><a href=\"https:\/\/orasul-timisoara.ro\/?s=poli\"><span>Poli Timi\u0219oara<\/span><\/a><a href=\"https:\/\/orasul-timisoara.ro\/?s=carantina\"><span>carantina<\/span><\/a><a href=\"https:\/\/orasul-timisoara.ro\/?s=aquatim\"><span>Aquatim<\/span><\/a><a href=\"https:\/\/orasul-timisoara.ro\/local-category\/stiri-timisoara\/\"><span>Stiri Timisoara<\/span><\/a><a href=\"https:\/\/orasul-timisoara.ro\/local-category\/investitii-in-timisoara\/\"><span>Investi\u021bii in Timi\u0219oara<\/span><\/a><a href=\"https:\/\/orasul-timisoara.ro\/local-9463\/\"><span>shaorma<\/span><\/a><a href=\"https:\/\/orasul-timisoara.ro\/?s=trafic\"><span>trafic rutier<\/span><\/a><a href=\"https:\/\/orasul-timisoara.ro\/?s=politia\"><span>politia locala timisoara<\/span><\/a><a href=\"https:\/\/orasul-timisoara.ro\/?s=roxana\"><span>Roxana Iliescu<\/span><\/a><a href=\"https:\/\/orasul-timisoara.ro\/?s=colterm\"><span>Colterm<\/span><\/a><a href=\"https:\/\/orasul-timisoara.ro\/?s=latcau\"><span>Ruben La\u021bc\u0103u<\/span><\/a><a href=\"https:\/\/orasul-timisoara.ro\/?s=timis\"><span>\u0218tiri din Timi\u0219<\/span><\/a><a href=\"https:\/\/orasul-timisoara.ro\/?s=spital\"><span>Spitale din Timi\u0219oara<\/span><\/a><a href=\"https:\/\/orasul-timisoara.ro\/?s=tabara\"><span>Cosmin Tab\u0103r\u0103<\/span><\/a><\/div>\n<\/aside>\n<aside id=\"rss-2\" class=\"td_block_template_8 widget rss-2 widget_rss\">\n<h4 class=\"td-block-title\"><span><a class=\"rsswidget rss-widget-feed\" href=\"https:\/\/fashionfridays.ro\/feed\"><img decoding=\"async\" class=\"rss-widget-icon\" width=\"14\" height=\"14\" src=\"https:\/\/orasul-timisoara.ro\/wp-includes\/images\/rss.png\" alt=\"RSS\" loading=\"lazy\"><\/a><a class=\"rsswidget rss-widget-title\" href=\"https:\/\/fashionfridays.ro\/\">Fashion Fridays<\/a><\/span><\/h4>\n<ul>\n<li><a class=\"rsswidget\" href=\"https:\/\/fashionfridays.ro\/crocs-lanseaza-crocband-gum-clog-confort-iconic-cu-influente-retro-sport-pentru-primavara\/\">Crocs lanseaz\u0103 Crocband Gum Clog: confort iconic cu influen\u021be retro-sport pentru prim\u0103var\u0103<\/a>\n<div class=\"rssSummary\">Martie marcheaz\u0103 acel moment al anului \u00een care stilul \u00eencepe s\u0103 se relaxeze. Zilele devin mai lungi, ritmul ora\u0219ului se schimb\u0103, iar garderoba face tranzi\u021bia c\u0103tre piese care pun confortul pe primul loc, f\u0103r\u0103 s\u0103 renun\u021be la atitudine. Este sezonul \u00een care autenticitatea devine declara\u021bie de stil, iar alegerile vestimentare reflect\u0103 mai mult ca oric\u00e2nd [\u2026]<\/div>\n<\/li>\n<\/ul>\n<\/aside>\n<aside id=\"rss-4\" class=\"td_block_template_8 widget rss-4 widget_rss\">\n<h4 class=\"td-block-title\"><span><a class=\"rsswidget rss-widget-feed\" href=\"https:\/\/emasini.ro\/feed\"><img decoding=\"async\" class=\"rss-widget-icon\" width=\"14\" height=\"14\" src=\"https:\/\/orasul-timisoara.ro\/wp-includes\/images\/rss.png\" alt=\"RSS\" loading=\"lazy\"><\/a><a class=\"rsswidget rss-widget-title\" href=\"https:\/\/emasini.ro\/\">eMasini<\/a><\/span><\/h4>\n<ul>\n<li><a class=\"rsswidget\" href=\"https:\/\/emasini.ro\/traficul-rutier-sub-analiza-recensamant-national-pentru-modernizarea-infrastructurii\/\">Traficul rutier, sub analiz\u0103: recens\u0103m\u00e2nt na\u021bional pentru modernizarea infrastructurii<\/a>\n<div class=\"rssSummary\">Compania Na\u021bional\u0103 de Administrare a Infrastructurii Rutiere, prin Centrul de Studii Tehnice Rutiere \u0219i Informatic\u0103, preg\u0103te\u0219te una dintre cele mai importante ac\u021biuni de colectare de date din domeniul transporturilor: Recens\u0103m\u00e2ntul General de Circula\u021bie Rutier\u0103. Demersul are un rol strategic \u00een fundamentarea deciziilor privind dezvoltarea \u0219i modernizarea infrastructurii rutiere din Rom\u00e2nia. Ac\u021biunea este coordonat\u0103 de CNAIR, [\u2026]<\/div>\n<\/li>\n<\/ul>\n<\/aside>\n<\/div>\n<\/div>\n<\/div>\n<\/div>\n<\/article>\n<div class=\"td-post-content tagdiv-type\">\n<p>Prim\u0103ria Timi\u0219oara face un pas decisiv pentru modernizarea infrastructurii urbane, dup\u0103 finalizarea licita\u021biei pentru construirea Podului Solventul, unul dintre cele mai a\u0219teptate proiecte de mobilitate din ora\u0219. Contractul de execu\u021bie va fi semnat cu asocierea format\u0103 din FREYROM SA, \u00een calitate de lider, \u0219i PROCONS GROUP SRL, ca asociat.<\/p>\n<p>Proiectul marcheaz\u0103 construc\u021bia primului pod nou peste Canalul Bega realizat integral dup\u0103 1989 \u0219i reprezint\u0103 o pies\u0103-cheie \u00een dezvoltarea infrastructurii rutiere din Timi\u0219oara. Noua leg\u0103tur\u0103 va conecta Bulevardul D\u00e2mbovi\u021ba de Calea Bogd\u0103ne\u0219tilor, travers\u00e2nd fosta platform\u0103 industrial\u0103 Solventul \u0219i integr\u00e2ndu-se \u00eentr-un proiect mai amplu ce include Pasajul Solventul \u0219i un drum de leg\u0103tur\u0103 modern.<\/p>\n<p>Primarul Dominic Fritz a subliniat complexitatea procesului administrativ care a precedat atribuirea contractului, men\u021bion\u00e2nd c\u0103 proiectul a implicat documenta\u021bii tehnice elaborate, proceduri birocratice extinse, exproprieri \u0219i atragerea de fonduri europene \u00een valoare de aproximativ 18 milioane de euro. Edilul a descris investi\u021bia drept una esen\u021bial\u0103 \u0219i mult a\u0219teptat\u0103 de comunitate, dup\u0103 decenii de blocaje.<\/p>\n<p>Podul Solventul face parte din Inelul IV Vest, o arter\u0103 strategic\u0103 pentru decongestionarea traficului \u0219i redistribuirea fluxurilor de circula\u021bie din zona central\u0103 c\u0103tre periferie. Construc\u021bia va include patru benzi de circula\u021bie, linie dubl\u0103 de tramvai, piste pentru biciclete, trotuare generoase \u0219i spa\u021bii verzi, fiind g\u00e2ndit\u0103 \u00een linie cu principiile mobilit\u0103\u021bii urbane sustenabile.<\/p>\n<p>Proiectul mai prevede reconfigurarea intersec\u021biei cu Bulevardul D\u00e2mbovi\u021ba \u0219i conectarea direct\u0103 la re\u021beaua de piste de biciclete de pe malul Beg\u0103i, contribuind la integrarea transportului alternativ \u00een infrastructura ora\u0219ului.<\/p>\n<figure class=\"wp-block-gallery has-nested-images columns-default is-cropped wp-block-gallery-1 is-layout-flex wp-block-gallery-is-layout-flex\">\n<figure class=\"wp-block-image size-large\"><img loading=\"lazy\" decoding=\"async\" width=\"1920\" height=\"1257\" data-id=\"38270\" src=\"https:\/\/orasul-timisoara.ro\/wp-content\/uploads\/2026\/04\/podul-solventul-1-1920x1257.jpg\" alt class=\"wp-image-38270\"><\/figure>\n<figure class=\"wp-block-image size-large\"><img loading=\"lazy\" decoding=\"async\" width=\"1920\" height=\"1134\" data-id=\"38266\" src=\"https:\/\/orasul-timisoara.ro\/wp-content\/uploads\/2026\/04\/podul-solventul-2-1920x1134.jpg\" alt class=\"wp-image-38266\"><\/figure>\n<figure class=\"wp-block-image size-large\"><img loading=\"lazy\" decoding=\"async\" width=\"1920\" height=\"1125\" data-id=\"38267\" src=\"https:\/\/orasul-timisoara.ro\/wp-content\/uploads\/2026\/04\/podul-solventul-3-1920x1125.jpg\" alt class=\"wp-image-38267\"><\/figure>\n<figure class=\"wp-block-image size-large\"><img decoding=\"async\" loading=\"lazy\" width=\"1920\" height=\"1214\" data-id=\"38269\" src=\"https:\/\/orasul-timisoara.ro\/wp-content\/uploads\/2026\/04\/podul-solventul-4-1920x1214.jpg\" alt class=\"wp-image-38269\"><\/figure>\n<figure class=\"wp-block-image size-large\"><img decoding=\"async\" loading=\"lazy\" width=\"1245\" height=\"1245\" data-id=\"38268\" src=\"https:\/\/orasul-timisoara.ro\/wp-content\/uploads\/2026\/04\/podul-solventul-5.jpg\" alt class=\"wp-image-38268\"><\/figure>\n<\/figure>\n<p>Investi\u021bia se ridic\u0103 la 133,5 milioane de lei, din care 93 de milioane de lei sunt fonduri europene nerambursabile, ob\u021binute prin Programul Regional Vest 2021\u20132027, \u00een cadrul componentei dedicate mobilit\u0103\u021bii urbane sustenabile. Contractul de execu\u021bie, \u00een valoare de 96.076.330 lei (cu TVA), prevede un termen de realizare de 24 de luni de la emiterea ordinului de \u00eencepere a lucr\u0103rilor.<\/p>\n<p>Podul Solventul, al\u0103turi de Pasajul Solventul \u0219i Noua Radial\u0103 Vest, face parte din strategia administra\u021biei locale de a crea o infrastructur\u0103 modern\u0103, capabil\u0103 s\u0103 conecteze eficient cartierele ora\u0219ului \u0219i s\u0103 sus\u021bin\u0103 dezvoltarea economic\u0103 pe termen lung.<\/p>\n<p>Titluri propuse:<\/p>\n<\/div>\n<p>[analyse_source url=&#8221;https:\/\/orasul-timisoara.ro\/local-38265\/&#8221;]<\/p>\n","protected":false},"excerpt":{"rendered":"<p>[analyse_image type=&#8221;featured&#8221; src=&#8221;https:\/\/orasul-timisoara.ro\/wp-content\/uploads\/2026\/04\/podul-solventul-4-1.jpg&#8221;] \u0218tiri LocalePrim\u0103ria Timi\u0219oara a desemnat c\u00e2\u0219tig\u0103torul licita\u021biei pentru lucr\u0103rile la Podul Solventul, primul&#8230; \u0218tiri Locale Prim\u0103ria Timi\u0219oara a desemnat c\u00e2\u0219tig\u0103torul licita\u021biei pentru lucr\u0103rile la Podul Solventul, primul ce va fi construit \u00een ultimii 50 de ani \u00een ora\u0219 (foto) De c\u0103tre redactia &#8211; 20\/04\/2026 Facebook Twitter WhatsApp Linkedin ReddIt Email Imprimare Prim\u0103ria [&hellip;]<\/p>\n","protected":false},"author":1,"featured_media":0,"comment_status":"open","ping_status":"","sticky":false,"template":"","format":"standard","meta":{"footnotes":""},"categories":[89],"tags":[226,189],"class_list":["post-1895524","post","type-post","status-publish","format-standard","hentry","category-romania","tag-crawlmanager","tag-orasul-timisoara-ro"],"_links":{"self":[{"href":"https:\/\/analyse.optim.biz\/index.php?rest_route=\/wp\/v2\/posts\/1895524","targetHints":{"allow":["GET"]}}],"collection":[{"href":"https:\/\/analyse.optim.biz\/index.php?rest_route=\/wp\/v2\/posts"}],"about":[{"href":"https:\/\/analyse.optim.biz\/index.php?rest_route=\/wp\/v2\/types\/post"}],"author":[{"embeddable":true,"href":"https:\/\/analyse.optim.biz\/index.php?rest_route=\/wp\/v2\/users\/1"}],"replies":[{"embeddable":true,"href":"https:\/\/analyse.optim.biz\/index.php?rest_route=%2Fwp%2Fv2%2Fcomments&post=1895524"}],"version-history":[{"count":0,"href":"https:\/\/analyse.optim.biz\/index.php?rest_route=\/wp\/v2\/posts\/1895524\/revisions"}],"wp:attachment":[{"href":"https:\/\/analyse.optim.biz\/index.php?rest_route=%2Fwp%2Fv2%2Fmedia&parent=1895524"}],"wp:term":[{"taxonomy":"category","embeddable":true,"href":"https:\/\/analyse.optim.biz\/index.php?rest_route=%2Fwp%2Fv2%2Fcategories&post=1895524"},{"taxonomy":"post_tag","embeddable":true,"href":"https:\/\/analyse.optim.biz\/index.php?rest_route=%2Fwp%2Fv2%2Ftags&post=1895524"}],"curies":[{"name":"wp","href":"https:\/\/api.w.org\/{rel}","templated":true}]}}