{"id":1895365,"date":"2026-04-20T07:50:26","date_gmt":"2026-04-20T04:50:26","guid":{"rendered":"https:\/\/analyse.optim.biz\/?p=1895365"},"modified":"2026-04-20T07:50:26","modified_gmt":"2026-04-20T04:50:26","slug":"accident-pe-dn1-in-zona-aeroportului-otopeni-o-masina-s-a-rasturnat-dupa-ce-a-lovit-un-parapet","status":"publish","type":"post","link":"https:\/\/analyse.optim.biz\/?p=1895365","title":{"rendered":"Accident pe DN1, \u00een zona Aeroportului Otopeni: o ma\u0219in\u0103 s-a r\u0103sturnat dup\u0103 ce a lovit un parapet"},"content":{"rendered":"<p>[analyse_image type=&#8221;featured&#8221; src=&#8221;https:\/\/media.realitatea.net\/multimedia\/image\/202501\/w1920\/ID258218_INQUAM_Photos_Alex-Nicodim__f864772e17.jpg&#8221;]<\/p>\n<div class=\"article-box-content\">\n&lt;!&#8211;            <\/p>\n<div class=\"article-box-content\" role=\"section\" aria-label=\"Con&#539;inutul articolului\">&#8211;&gt;<\/p>\n<div id=\"digital-atelier-mobile\"><\/div>\n<div id=\"permanent-position-before-content\"><\/div>\n<div id=\"digital-atelier-desktop\"><\/div>\n<div class=\"realitatea-article-content-box\">\n<p>Potrivit IPJ Ilfov, accidentul a avut loc luni diminea\u021b\u0103, \u00een jurul orei 06:20. Poli\u021bi\u0219tii din cadrul Poli\u021biei Ora\u0219ului Otopeni au fost sesiza\u021bi cu privire la producerea unui eveniment rutier pe DN1.<\/p>\n<div id=\"adocean-mobile-positon\">\n<div data-ao-pid=\"1s3nVeO8d7fVQQxZ8qBwmwF8nJdHUjAHhp2PqUhQfRb.D7\"><\/div>\n<\/p><\/div>\n<p>Primele verific\u0103ri arat\u0103 c\u0103 \u0219oferul, \u00een v\u00e2rst\u0103 de 51 de ani, \u00een timp ce conducea un autoturism \u00een zona Aeroportului &#8220;Henri Coand\u0103&#8221;, nu ar fi adaptat viteza la condi\u021biile de drum \u00eentr-o curb\u0103 la dreapta. Autoturismul a acro\u0219at o bordur\u0103 \u0219i un parapet metalic, dup\u0103 care s-a r\u0103sturnat pe plafon, pe prima band\u0103 a sensului de mers.<\/p>\n<p>Conduc\u0103torul auto nu a necesitat \u00eengrijiri medicale, iar testarea cu aparatul alcooltest a ar\u0103tat c\u0103 nu consumase alcool.<\/p>\n<p>&#8221; \u00cen urma evenimentului, conduc\u0103torul auto nu a necesitat \u00eengrijiri medicale de specialitate. Acesta a fost testat cu aparatul alcooltest, rezultatul fiind negativ&#8221;, a transmis IPJ Ilfov.<\/p>\n<div id=\"truvid-mobile-postion\"><\/div>\n<div id=\"adocean-desktop-positon\">\n<div data-ao-pid=\"1s3nVeO8d7fVQQxZ8qBwmwF8nJdHUjAHhp2PqUhQfRb.D7\"><\/div>\n<\/div>\n<p>Poli\u021bi\u0219tii rutieri continu\u0103 cercet\u0103rile pentru a stabili cu exactitate cauzele \u0219i \u00eemprejur\u0103rile producerii accidentului.<\/p>\n<div id=\"truvid-desktop-postion\"><\/div>\n<\/div>\n<div data-ao-pid=\"acVcznEUnS79iL7oRf2OfNAAE8XviPKkQ6AW09XriFv.87\"><\/div>\n<div class=\"realitatea-add\">\n<div class=\"realitatea-in-article-partner\"><\/div>\n<\/div>\n<div class=\"realitatea-partners-news realitatea-partners-design\">\n<hr class=\"realitatea-partners-news-hr\">\n<div class=\"d-flex justify-content-center w-100 flex-row mt-5 mb-5\">\n                                <!--  &amp; \/32628511\/Realitatea.netV2_articol_mobile\/300x250_1 --><\/p>\n<div id=\"div-gpt-ad-1625071005196-0\"><\/div>\n<\/p><\/div>\n<hr class=\"realitatea-partners-news-hr\">\n<article class>\n<div class=\"article-box-image\">\n<figure>\n                    <a href=\"https:\/\/www.tabu.ro\/tinuta-andreei-balan-de-la-cununia-civila-a-starnit-controverse-nu-a-iesit-din-era-andre\/\" data-href=\"\/\/locale.realitatea.net\/2026\/04\/3311b46d287451e9eb97f30796b87b66.jpg\" class=\"progressive replace\" title=\"\u021ainuta Andreei B\u0103lan de la cununia civil\u0103 a st\u00e2rnit controverse: \u201eNu a ie\u0219it din era Andre\u201d\" rel=\"noopener external nofollow\" target=\"_blank\"><br \/>\n                                    <img decoding=\"async\" src=\"https:\/\/media.realitatea.net\/multimedia\/placeholder\/placeholder-article.webp\" class=\"preview w-100\" alt=\"Articol partener\"><br \/>\n                    <\/a><br \/>\n                <\/figure>\n<\/p><\/div>\n<div class=\"article-box-section\">\n<h3>TABU.RO<\/h3>\n<\/p><\/div>\n<div class=\"article-box-title\">\n                <a href=\"https:\/\/www.tabu.ro\/tinuta-andreei-balan-de-la-cununia-civila-a-starnit-controverse-nu-a-iesit-din-era-andre\/\" title=\"\u021ainuta Andreei B\u0103lan de la cununia civil\u0103 a st\u00e2rnit controverse: \u201eNu a ie\u0219it din era Andre\u201d\" rel=\"noopener external nofollow\" target=\"_blank\"><br \/>\n                    <span>\u021ainuta Andreei B\u0103lan de la cununia civil\u0103 a st\u00e2rnit controverse: \u201eNu a ie\u0219it din era Andre\u201d<\/span><br \/>\n                <\/a>\n            <\/div>\n<\/article>\n<hr class=\"realitatea-partners-news-hr\">\n            <\/div>\n<\/p><\/div>\n<div class=\"articleBody\" data-key=\"articleBody\">Potrivit IPJ Ilfov, accidentul a avut loc luni dimineata, in jurul orei 06:20. Politistii din cadrul Politiei Orasului Otopeni au fost sesizati cu privire la producerea unui eveniment rutier pe DN1.Primele verificari arata ca soferul, in varsta de 51 de ani, in timp ce conducea un autoturism in zona Aeroportului &#8220;Henri Coanda&#8221;, nu ar fi adaptat viteza la conditiile de drum intr-o curba la dreapta. Autoturismul a acrosat o bordura si un parapet metalic, dupa care s-a rasturnat pe plafon, pe prima banda a sensului de mers.Conducatorul auto nu a necesitat ingrijiri medicale, iar testarea cu aparatul alcooltest a aratat ca nu consumase alcool.&#8221; In urma evenimentului, conducatorul auto nu a necesitat ingrijiri medicale de specialitate. Acesta a fost testat cu aparatul alcooltest, rezultatul fiind negativ&#8221;, a transmis IPJ Ilfov.Politistii rutieri continua cercetarile pentru a stabili cu exactitate cauzele si imprejurarile producerii accidentului.<\/div>\n<\/p>\n<p>[analyse_source url=&#8221;https:\/\/www.realitatea.net\/stiri\/actual\/accident-pe-dn1-in-zona-aeroportului-otopeni-o-masina-sa-rasturnat-dupa-ce-a-lovit-un-parapet_69e5dac2b1dbd609533f8da2&#8243;]<\/p>\n","protected":false},"excerpt":{"rendered":"<p>[analyse_image type=&#8221;featured&#8221; src=&#8221;https:\/\/media.realitatea.net\/multimedia\/image\/202501\/w1920\/ID258218_INQUAM_Photos_Alex-Nicodim__f864772e17.jpg&#8221;] &lt;!&#8211; &#8211;&gt; Potrivit IPJ Ilfov, accidentul a avut loc luni diminea\u021b\u0103, \u00een jurul orei 06:20. Poli\u021bi\u0219tii din cadrul Poli\u021biei Ora\u0219ului Otopeni au fost sesiza\u021bi cu privire la producerea unui eveniment rutier pe DN1. Primele verific\u0103ri arat\u0103 c\u0103 \u0219oferul, \u00een v\u00e2rst\u0103 de 51 de ani, \u00een timp ce conducea un autoturism \u00een zona [&hellip;]<\/p>\n","protected":false},"author":1,"featured_media":0,"comment_status":"open","ping_status":"","sticky":false,"template":"","format":"standard","meta":{"footnotes":""},"categories":[89],"tags":[226,15],"class_list":["post-1895365","post","type-post","status-publish","format-standard","hentry","category-romania","tag-crawlmanager","tag-realitatea-net"],"_links":{"self":[{"href":"https:\/\/analyse.optim.biz\/index.php?rest_route=\/wp\/v2\/posts\/1895365","targetHints":{"allow":["GET"]}}],"collection":[{"href":"https:\/\/analyse.optim.biz\/index.php?rest_route=\/wp\/v2\/posts"}],"about":[{"href":"https:\/\/analyse.optim.biz\/index.php?rest_route=\/wp\/v2\/types\/post"}],"author":[{"embeddable":true,"href":"https:\/\/analyse.optim.biz\/index.php?rest_route=\/wp\/v2\/users\/1"}],"replies":[{"embeddable":true,"href":"https:\/\/analyse.optim.biz\/index.php?rest_route=%2Fwp%2Fv2%2Fcomments&post=1895365"}],"version-history":[{"count":0,"href":"https:\/\/analyse.optim.biz\/index.php?rest_route=\/wp\/v2\/posts\/1895365\/revisions"}],"wp:attachment":[{"href":"https:\/\/analyse.optim.biz\/index.php?rest_route=%2Fwp%2Fv2%2Fmedia&parent=1895365"}],"wp:term":[{"taxonomy":"category","embeddable":true,"href":"https:\/\/analyse.optim.biz\/index.php?rest_route=%2Fwp%2Fv2%2Fcategories&post=1895365"},{"taxonomy":"post_tag","embeddable":true,"href":"https:\/\/analyse.optim.biz\/index.php?rest_route=%2Fwp%2Fv2%2Ftags&post=1895365"}],"curies":[{"name":"wp","href":"https:\/\/api.w.org\/{rel}","templated":true}]}}