{"id":1895358,"date":"2026-04-20T07:14:39","date_gmt":"2026-04-20T04:14:39","guid":{"rendered":"https:\/\/analyse.optim.biz\/?p=1895358"},"modified":"2026-04-20T07:14:39","modified_gmt":"2026-04-20T04:14:39","slug":"interventie-de-urgenta-in-prahova-barbat-disparut-dupa-ce-a-cazut-din-barca-pe-o-balta-piscicola","status":"publish","type":"post","link":"https:\/\/analyse.optim.biz\/?p=1895358","title":{"rendered":"Interven\u021bie de urgen\u021b\u0103 \u00een Prahova: b\u0103rbat disp\u0103rut dup\u0103 ce a c\u0103zut din barc\u0103 pe o balt\u0103 piscicol\u0103"},"content":{"rendered":"<p>[analyse_image type=&#8221;featured&#8221; src=&#8221;https:\/\/media.realitatea.net\/multimedia\/image\/202604\/w1920\/PTc4MCZoPTQ0MCZoYXNoPTA0OWYzMWRjNTUzNGNmNGM5MWZlNTEwZTk1MWVlMTc5thumb_ecae1e9e55.jpg&#8221;]<\/p>\n<div class=\"article-box-content\">\n&lt;!&#8211;            <\/p>\n<div class=\"article-box-content\" role=\"section\" aria-label=\"Con&#539;inutul articolului\">&#8211;&gt;<\/p>\n<div id=\"digital-atelier-mobile\"><\/div>\n<div id=\"permanent-position-before-content\"><\/div>\n<div id=\"digital-atelier-desktop\"><\/div>\n<div class=\"realitatea-article-content-box\">\n<h2>Cum s-a produs incidentul?<\/h2>\n<p><a href=\"https:\/\/www.realitatea.net\/stiri\/actual\/tragedie-in-pitesi-barbat-gasit-inecat-in-raul-arges-nicolae-avea-doar-42-de-ani_69aeb737425fc2717e56a532\" target=\"_blank\" rel=\"noopener\">Incidentul a fost semnalat<\/a> luni diminea\u021b\u0103, \u00een jurul orei 07:40, printr-un apel la Serviciul de Urgen\u021b\u0103 112, \u00een care s-a anun\u021bat c\u0103 o persoan\u0103 a c\u0103zut dintr-o barc\u0103 \u0219i nu a mai reu\u0219it s\u0103 ajung\u0103 la mal.<\/p>\n<div id=\"adocean-mobile-positon\">\n<div data-ao-pid=\"1s3nVeO8d7fVQQxZ8qBwmwF8nJdHUjAHhp2PqUhQfRb.D7\"><\/div>\n<\/p><\/div>\n<p>La fa\u021ba locului au fost mobilizate echipaje ale ISU Prahova, inclusiv pompieri din cadrul Deta\u0219amentului Mizil, care intervin cu o autospecial\u0103 de stingere, o ambulan\u021b\u0103 SMURD \u0219i o barc\u0103 de salvare. De asemenea, a fost solicitat sprijinul unui echipaj de scafandri pentru efectuarea c\u0103ut\u0103rilor subacvatice.<\/p>\n<p><a href=\"https:\/\/www.realitatea.net\/stiri\/actual\/sesiune-de-pescuit-incheiata-tragic-un-barbat-a-vrut-sa-se-racoreasca-dar-nu-a-mai-iesit-din-apa_689f7804d609a3728009c8c2\" target=\"_blank\" rel=\"noopener\">Potrivit primelor informa\u021bii<\/a> furnizate de autorit\u0103\u021bi, este vorba despre un b\u0103rbat \u00een v\u00e2rst\u0103 de aproximativ 47 de ani, care ar fi c\u0103zut \u00een ap\u0103 \u00een timp ce desf\u0103\u0219ura activit\u0103\u021bi de verificare pe balta piscicol\u0103. Acesta nu a mai fost v\u0103zut ie\u0219ind la suprafa\u021b\u0103, iar echipele de interven\u021bie au reu\u0219it s\u0103 recupereze doar ambarca\u021biunea, adus\u0103 ulterior la mal.<\/p>\n<div id=\"truvid-mobile-postion\"><\/div>\n<div id=\"adocean-desktop-positon\">\n<div data-ao-pid=\"1s3nVeO8d7fVQQxZ8qBwmwF8nJdHUjAHhp2PqUhQfRb.D7\"><\/div>\n<\/div>\n<p>Surse locale indic\u0103 faptul c\u0103 b\u0103rbatul ar fi angajat al firmei care administreaz\u0103 balta piscicol\u0103 privat\u0103, iar incidentul s-ar fi produs \u00een timpul unor activit\u0103\u021bi de rutin\u0103.<\/p>\n<p>La momentul redact\u0103rii acestei \u0219tiri, opera\u021biunea de c\u0103utare \u0219i salvare este \u00een plin\u0103 desf\u0103\u0219urare, iar autorit\u0103\u021bile continu\u0103 interven\u021bia \u00een speran\u021ba g\u0103sirii victimei.<\/p>\n<div id=\"truvid-desktop-postion\"><\/div>\n<\/div>\n<div data-ao-pid=\"acVcznEUnS79iL7oRf2OfNAAE8XviPKkQ6AW09XriFv.87\"><\/div>\n<div class=\"realitatea-add\">\n<div class=\"realitatea-in-article-partner\"><\/div>\n<\/div>\n<div class=\"realitatea-partners-news realitatea-partners-design\">\n<hr class=\"realitatea-partners-news-hr\">\n<div class=\"d-flex justify-content-center w-100 flex-row mt-5 mb-5\">\n                                <!--  &amp; \/32628511\/Realitatea.netV2_articol_mobile\/300x250_1 --><\/p>\n<div id=\"div-gpt-ad-1625071005196-0\"><\/div>\n<\/p><\/div>\n<hr class=\"realitatea-partners-news-hr\">\n<article class>\n<div class=\"article-box-image\">\n<figure>\n                    <a href=\"https:\/\/www.tabu.ro\/tinuta-andreei-balan-de-la-cununia-civila-a-starnit-controverse-nu-a-iesit-din-era-andre\/\" data-href=\"\/\/locale.realitatea.net\/2026\/04\/3311b46d287451e9eb97f30796b87b66.jpg\" class=\"progressive replace\" title=\"\u021ainuta Andreei B\u0103lan de la cununia civil\u0103 a st\u00e2rnit controverse: \u201eNu a ie\u0219it din era Andre\u201d\" rel=\"noopener external nofollow\" target=\"_blank\"><br \/>\n                                    <img decoding=\"async\" src=\"https:\/\/media.realitatea.net\/multimedia\/placeholder\/placeholder-article.webp\" class=\"preview w-100\" alt=\"Articol partener\"><br \/>\n                    <\/a><br \/>\n                <\/figure>\n<\/p><\/div>\n<div class=\"article-box-section\">\n<h3>TABU.RO<\/h3>\n<\/p><\/div>\n<div class=\"article-box-title\">\n                <a href=\"https:\/\/www.tabu.ro\/tinuta-andreei-balan-de-la-cununia-civila-a-starnit-controverse-nu-a-iesit-din-era-andre\/\" title=\"\u021ainuta Andreei B\u0103lan de la cununia civil\u0103 a st\u00e2rnit controverse: \u201eNu a ie\u0219it din era Andre\u201d\" rel=\"noopener external nofollow\" target=\"_blank\"><br \/>\n                    <span>\u021ainuta Andreei B\u0103lan de la cununia civil\u0103 a st\u00e2rnit controverse: \u201eNu a ie\u0219it din era Andre\u201d<\/span><br \/>\n                <\/a>\n            <\/div>\n<\/article>\n<hr class=\"realitatea-partners-news-hr\">\n            <\/div>\n<\/p><\/div>\n<div class=\"articleBody\" data-key=\"articleBody\">Cum s-a produs incidentul?Incidentul a fost semnalat luni dimineata, in jurul orei 07:40, printr-un apel la Serviciul de Urgenta 112, in care s-a anuntat ca o persoana a cazut dintr-o barca si nu a mai reusit sa ajunga la mal.La fata locului au fost mobilizate echipaje ale ISU Prahova, inclusiv pompieri din cadrul Detasamentului Mizil, care intervin cu o autospeciala de stingere, o ambulanta SMURD si o barca de salvare. De asemenea, a fost solicitat sprijinul unui echipaj de scafandri pentru efectuarea cautarilor subacvatice.Potrivit primelor informatii furnizate de autoritati, este vorba despre un barbat in varsta de aproximativ 47 de ani, care ar fi cazut in apa in timp ce desfasura activitati de verificare pe balta piscicola. Acesta nu a mai fost vazut iesind la suprafata, iar echipele de interventie au reusit sa recupereze doar ambarcatiunea, adusa ulterior la mal.Surse locale indica faptul ca barbatul ar fi angajat al firmei care administreaza balta piscicola privata, iar incidentul s-ar fi produs in timpul unor activitati de rutina.La momentul redactarii acestei stiri, operatiunea de cautare si salvare este in plina desfasurare, iar autoritatile continua interventia in speranta gasirii victimei.<\/div>\n<\/p>\n<p>[analyse_source url=&#8221;https:\/\/www.realitatea.net\/stiri\/actual\/interventie-de-urgenta-in-prahova-barbat-disparut-dupa-ce-a-cazut-din-barca-pe-o-balta-piscicola_69e5d25f82e4eb7ce2181907&#8243;]<\/p>\n","protected":false},"excerpt":{"rendered":"<p>[analyse_image type=&#8221;featured&#8221; src=&#8221;https:\/\/media.realitatea.net\/multimedia\/image\/202604\/w1920\/PTc4MCZoPTQ0MCZoYXNoPTA0OWYzMWRjNTUzNGNmNGM5MWZlNTEwZTk1MWVlMTc5thumb_ecae1e9e55.jpg&#8221;] &lt;!&#8211; &#8211;&gt; Cum s-a produs incidentul? Incidentul a fost semnalat luni diminea\u021b\u0103, \u00een jurul orei 07:40, printr-un apel la Serviciul de Urgen\u021b\u0103 112, \u00een care s-a anun\u021bat c\u0103 o persoan\u0103 a c\u0103zut dintr-o barc\u0103 \u0219i nu a mai reu\u0219it s\u0103 ajung\u0103 la mal. La fa\u021ba locului au fost mobilizate echipaje ale ISU [&hellip;]<\/p>\n","protected":false},"author":1,"featured_media":0,"comment_status":"open","ping_status":"","sticky":false,"template":"","format":"standard","meta":{"footnotes":""},"categories":[89],"tags":[226,15],"class_list":["post-1895358","post","type-post","status-publish","format-standard","hentry","category-romania","tag-crawlmanager","tag-realitatea-net"],"_links":{"self":[{"href":"https:\/\/analyse.optim.biz\/index.php?rest_route=\/wp\/v2\/posts\/1895358","targetHints":{"allow":["GET"]}}],"collection":[{"href":"https:\/\/analyse.optim.biz\/index.php?rest_route=\/wp\/v2\/posts"}],"about":[{"href":"https:\/\/analyse.optim.biz\/index.php?rest_route=\/wp\/v2\/types\/post"}],"author":[{"embeddable":true,"href":"https:\/\/analyse.optim.biz\/index.php?rest_route=\/wp\/v2\/users\/1"}],"replies":[{"embeddable":true,"href":"https:\/\/analyse.optim.biz\/index.php?rest_route=%2Fwp%2Fv2%2Fcomments&post=1895358"}],"version-history":[{"count":0,"href":"https:\/\/analyse.optim.biz\/index.php?rest_route=\/wp\/v2\/posts\/1895358\/revisions"}],"wp:attachment":[{"href":"https:\/\/analyse.optim.biz\/index.php?rest_route=%2Fwp%2Fv2%2Fmedia&parent=1895358"}],"wp:term":[{"taxonomy":"category","embeddable":true,"href":"https:\/\/analyse.optim.biz\/index.php?rest_route=%2Fwp%2Fv2%2Fcategories&post=1895358"},{"taxonomy":"post_tag","embeddable":true,"href":"https:\/\/analyse.optim.biz\/index.php?rest_route=%2Fwp%2Fv2%2Ftags&post=1895358"}],"curies":[{"name":"wp","href":"https:\/\/api.w.org\/{rel}","templated":true}]}}