{"id":1895343,"date":"2026-04-21T18:47:41","date_gmt":"2026-04-21T15:47:41","guid":{"rendered":"https:\/\/analyse.optim.biz\/?p=1895343"},"modified":"2026-04-21T18:47:41","modified_gmt":"2026-04-21T15:47:41","slug":"copiii-au-facut-miscare-pentru-salvarea-terenului-manusarul","status":"publish","type":"post","link":"https:\/\/analyse.optim.biz\/?p=1895343","title":{"rendered":"Copiii au f\u0103cut mi\u0219care pentru salvarea terenului &#8220;M\u0103nu\u0219arul&#8221;"},"content":{"rendered":"<p>[analyse_image type=&#8221;featured&#8221; src=&#8221;https:\/\/focustim.ro\/wp-content\/uploads\/2026\/04\/Manusarul.jpeg&#8221;]<\/p>\n<article id=\"post-40054\" class=\"penci-single-artcontent noloaddisqus post-40054 post type-post status-publish format-standard has-post-thumbnail hentry category-sport penci-post-item\">\n<header class=\"entry-header penci-entry-header penci-title-\">\n<div class=\"penci-entry-categories\"><span class=\"penci-cat-links\"><a href=\"https:\/\/focustim.ro\/category\/sport\/\" rel=\"category tag\">Sport<\/a><\/span><\/div>\n<h1 class=\"entry-title penci-entry-title penci-title-\">Copiii au f\u0103cut mi\u0219care pentru salvarea terenului \u201eM\u0103nu\u0219arul\u201d<\/h1>\n<div class=\"entry-meta penci-entry-meta\"><span class=\"entry-meta-item penci-posted-on\"><time class=\"entry-date published\" datetime=\"2026-04-21T21:47:41+03:00\">21\/04\/2026<\/time><time class=\"updated\" datetime=\"2026-04-21T21:47:47+03:00\">21\/04\/2026<\/time><\/span><span class=\"entry-meta-item penci-comment-count\"><a class=\"penci_pmeta-link\" href=\"https:\/\/focustim.ro\/copiii-au-facut-miscare-pentru-salvarea-terenului-manusarul\/#respond\">0<\/a><\/span><\/div>\n<p><span class=\"penci-social-buttons penci-social-share-footer\"><span class=\"penci-social-share-text\">Distribuie<\/span><a href=\"https:\/\/focustim.ro\/copiii-au-facut-miscare-pentru-salvarea-terenului-manusarul\/\" class=\"penci-post-like penci_post-meta_item  single-like-button penci-social-item like\" data-post_id=\"40054\" title=\"Like\" data-like=\"Like\" data-unlike=\"Unlike\"><span class=\"penci-share-number\">0<\/span><\/a><\/span><\/header>\n<div class=\"entry-media penci-entry-media\">\n<div class=\"post-format-meta \">\n<div class=\"post-image penci-standard-format\"><img decoding=\"async\" width=\"960\" height=\"720\" src=\"https:\/\/focustim.ro\/wp-content\/uploads\/2026\/04\/Manusarul-960x720.jpeg\" class=\"attachment-penci-thumb-960-auto size-penci-thumb-960-auto wp-post-image\" alt loading=\"lazy\"><\/div>\n<\/div>\n<\/div>\n<div class=\"penci-entry-content entry-content\">\n<p>Aproape 300 de elevi \u015fi pre\u015fcolari din cartierul Ciarda Ro\u015fie au alergat \u0219i au pedalat luni pe strada Theodor Pallady pentru o cauz\u0103 concret\u0103: s\u0103 nu se construiasc\u0103 blocuri pe terenul de sport al cartierului lor.<\/p>\n<p>Prin mi\u015fcare \u015fi sport, copiii din aceast\u0103 zon\u0103 a Timi\u0219oarei au oferit un exemplu de implicare civic\u0103. Evenimentul a \u00eenceput cu energie maxim\u0103.<\/p>\n<p>O sesiune de Zumba animat\u0103 de Ana \u015fi Cory de la TipTop Club i-a \u00eenc\u0103lzit pe participan\u021bi \u015fi a f\u0103cut uitate temperatura sc\u0103zut\u0103 \u015fi ploaia.<\/p>\n<p>De acolo, copiii s-au aliniat la start pe categorii de v\u00e2rst\u0103 \u015fi au concurat la trei probe: crosul de 100 de metri, crosul de 300 de metri \u015fi ciclism pe distan\u021ba de 300 de metri.<\/p>\n<p>Au alergat cu z\u00e2mbetul pe fa\u021b\u0103, sus\u021binu\u021bi de \u00eenv\u0103\u021b\u0103tori, p\u0103rin\u021bi, colegi \u015fi voluntari. Primii trei clasa\u021bi din fiecare clas\u0103 \u015fi grup\u0103 s-au calificat la etapa urm\u0103toare, \u00een care vor reprezenta cartierul Ciarda Ro\u015fie la Timotion, pe 10 mai, unde vor alerga din nou pentru proiectul comunit\u0103\u021bii \u201cCiarda Ro\u015fie se mi\u015fc\u0103 pentru terenul M\u0103nu\u015farul\u201d.<\/p>\n<p>Evenimentul de luni a fost organizat de Grupul de Ini\u021biativ\u0103 Civic\u0103 Ciarda Ro\u015fie \u015fi \u015ecoala Gimnazial\u0103 nr. 20, cu participarea copiilor de la \u015ecoala Gimnazial\u0103 nr. 20, Gr\u0103dini\u021ba PP nr. 8, Gr\u0103dini\u021ba Madagascar Kids Club \u015fi Gr\u0103dini\u021ba Piticilor din Vest.<\/p>\n<p>Sprijinul logistic a fost asigurat de CS Asocia\u021bia Alergotura.<\/p>\n<p>Terenul \u201cM\u0103nu\u015farul\u201d se afl\u0103 \u00een cartierul Ciarda Ro\u015fie \u015fi are o istorie \u00eendelungat\u0103 ca spa\u021biu destinat sportului.<\/p>\n<p>Cartea Funciar\u0103 \u00eel atest\u0103 ca teren sportiv, iar Legea sportului prevede c\u0103 schimbarea destina\u021biei se poate face doar printr-o Hot\u0103r\u00e2re de Guvern, care nu a existat niciodat\u0103.<\/p>\n<p>Cu toate acestea, terenul a fost cump\u0103rat \u00een 2006 de o societate comercial\u0103, iar doi ani mai t\u00e2rziu i s-a aprobat un PUZ pentru un ansamblu reziden\u021bial de 210 apartamente.<\/p>\n<p>\u00cen decembrie 2019, prim\u0103ria a aprobat proiectul de construc\u021bie.<\/p>\n<p>Comunitatea a aflat abia \u00een 2020 \u015fi a \u00eenceput de \u00eendat\u0103 demersurile juridice pentru oprirea acestor construc\u021bii.<\/p>\n<p>Procesele sunt \u00eenc\u0103 \u00een curs, iar oamenii str\u00e2ng fonduri pentru exper\u021bi judiciari \u015fi avoca\u021bi.<\/p>\n<p>Proiectul poate fi sus\u021binut la Timotion 2026: timotion.ro\/ciarda-rosie.<\/p>\n<p>Mai multe detalii despre proiect: manusarul.eu.<\/p>\n<div class=\"sharedaddy sd-sharing-enabled\">\n<div class=\"robots-nocontent sd-block sd-social sd-social-icon-text sd-sharing\">\n<h3 class=\"sd-title\">Partajeaz\u0103 asta:<\/h3>\n<div class=\"sd-content\">\n<ul>\n<li class=\"share-twitter\"><a rel=\"nofollow noopener noreferrer\" data-shared=\"sharing-twitter-40054\" class=\"share-twitter sd-button share-icon\" href=\"https:\/\/focustim.ro\/copiii-au-facut-miscare-pentru-salvarea-terenului-manusarul\/?share=twitter\" target=\"_blank\" title=\"D\u0103 clic pentru a partaja pe Twitter\"><span>Twitter<\/span><\/a><\/li>\n<li class=\"share-facebook\"><a rel=\"nofollow noopener noreferrer\" data-shared=\"sharing-facebook-40054\" class=\"share-facebook sd-button share-icon\" href=\"https:\/\/focustim.ro\/copiii-au-facut-miscare-pentru-salvarea-terenului-manusarul\/?share=facebook\" target=\"_blank\" title=\"D\u0103 clic pentru a partaja pe Facebook\"><span>Facebook<\/span><\/a><\/li>\n<li class=\"share-end\"><\/ul>\n<\/div>\n<\/div>\n<\/div>\n<div class=\"sharedaddy sd-block sd-like jetpack-likes-widget-wrapper jetpack-likes-widget-unloaded\" id=\"like-post-wrapper-167025405-40054-69e7c90c9f1cc\" data-src=\"https:\/\/widgets.wp.com\/likes\/#blog_id=167025405&amp;post_id=40054&amp;origin=focustim.ro&amp;obj_id=167025405-40054-69e7c90c9f1cc\" data-name=\"like-post-frame-167025405-40054-69e7c90c9f1cc\" data-title=\"Apreciaz\u0103 sau republic\u0103\">\n<h3 class=\"sd-title\">Apreciaz\u0103:<\/h3>\n<div class=\"likes-widget-placeholder post-likes-widget-placeholder\"><span class=\"button\"><span>Apreciere<\/span><\/span><span class=\"loading\">\u00cencarc&#8230;<\/span><\/div>\n<\/div>\n<\/div>\n<footer class=\"penci-entry-footer\"><span class=\"penci-social-buttons penci-social-share-footer\"><span class=\"penci-social-share-text\">Distribuie<\/span><a href=\"https:\/\/focustim.ro\/copiii-au-facut-miscare-pentru-salvarea-terenului-manusarul\/\" class=\"penci-post-like penci_post-meta_item  single-like-button penci-social-item like\" data-post_id=\"40054\" title=\"Like\" data-like=\"Like\" data-unlike=\"Unlike\"><span class=\"penci-share-number\">0<\/span><\/a><\/span><\/footer>\n<\/article>\n<div class=\"penci-entry-content entry-content\">\n<p>Aproape 300 de elevi \u015fi pre\u015fcolari din cartierul Ciarda Ro\u015fie au alergat \u0219i au pedalat luni pe strada Theodor Pallady pentru o cauz\u0103 concret\u0103: s\u0103 nu se construiasc\u0103 blocuri pe terenul de sport al cartierului lor.<\/p>\n<p>Prin mi\u015fcare \u015fi sport, copiii din aceast\u0103 zon\u0103 a Timi\u0219oarei au oferit un exemplu de implicare civic\u0103. Evenimentul a \u00eenceput cu energie maxim\u0103.<\/p>\n<p>O sesiune de Zumba animat\u0103 de Ana \u015fi Cory de la TipTop Club i-a \u00eenc\u0103lzit pe participan\u021bi \u015fi a f\u0103cut uitate temperatura sc\u0103zut\u0103 \u015fi ploaia.<\/p>\n<p>De acolo, copiii s-au aliniat la start pe categorii de v\u00e2rst\u0103 \u015fi au concurat la trei probe: crosul de 100 de metri, crosul de 300 de metri \u015fi ciclism pe distan\u021ba de 300 de metri.<\/p>\n<p>Au alergat cu z\u00e2mbetul pe fa\u021b\u0103, sus\u021binu\u021bi de \u00eenv\u0103\u021b\u0103tori, p\u0103rin\u021bi, colegi \u015fi voluntari. Primii trei clasa\u021bi din fiecare clas\u0103 \u015fi grup\u0103 s-au calificat la etapa urm\u0103toare, \u00een care vor reprezenta cartierul Ciarda Ro\u015fie la Timotion, pe 10 mai, unde vor alerga din nou pentru proiectul comunit\u0103\u021bii \u201cCiarda Ro\u015fie se mi\u015fc\u0103 pentru terenul M\u0103nu\u015farul\u201d.<\/p>\n<p>Evenimentul de luni a fost organizat de Grupul de Ini\u021biativ\u0103 Civic\u0103 Ciarda Ro\u015fie \u015fi \u015ecoala Gimnazial\u0103 nr. 20, cu participarea copiilor de la \u015ecoala Gimnazial\u0103 nr. 20, Gr\u0103dini\u021ba PP nr. 8, Gr\u0103dini\u021ba Madagascar Kids Club \u015fi Gr\u0103dini\u021ba Piticilor din Vest.<\/p>\n<p>Sprijinul logistic a fost asigurat de CS Asocia\u021bia Alergotura.<\/p>\n<p>Terenul \u201cM\u0103nu\u015farul\u201d se afl\u0103 \u00een cartierul Ciarda Ro\u015fie \u015fi are o istorie \u00eendelungat\u0103 ca spa\u021biu destinat sportului.<\/p>\n<p>Cartea Funciar\u0103 \u00eel atest\u0103 ca teren sportiv, iar Legea sportului prevede c\u0103 schimbarea destina\u021biei se poate face doar printr-o Hot\u0103r\u00e2re de Guvern, care nu a existat niciodat\u0103.<\/p>\n<p>Cu toate acestea, terenul a fost cump\u0103rat \u00een 2006 de o societate comercial\u0103, iar doi ani mai t\u00e2rziu i s-a aprobat un PUZ pentru un ansamblu reziden\u021bial de 210 apartamente.<\/p>\n<p>\u00cen decembrie 2019, prim\u0103ria a aprobat proiectul de construc\u021bie.<\/p>\n<p>Comunitatea a aflat abia \u00een 2020 \u015fi a \u00eenceput de \u00eendat\u0103 demersurile juridice pentru oprirea acestor construc\u021bii.<\/p>\n<p>Procesele sunt \u00eenc\u0103 \u00een curs, iar oamenii str\u00e2ng fonduri pentru exper\u021bi judiciari \u015fi avoca\u021bi.<\/p>\n<p>Proiectul poate fi sus\u021binut la Timotion 2026: timotion.ro\/ciarda-rosie.<\/p>\n<p>Mai multe detalii despre proiect: manusarul.eu.<\/p>\n<div class=\"sharedaddy sd-sharing-enabled\">\n<div class=\"robots-nocontent sd-block sd-social sd-social-icon-text sd-sharing\">\n<h3 class=\"sd-title\">Partajeaz\u0103 asta:<\/h3>\n<div class=\"sd-content\">\n<ul>\n<li class=\"share-twitter\"><a rel=\"nofollow noopener noreferrer\" data-shared=\"sharing-twitter-40054\" class=\"share-twitter sd-button share-icon\" href=\"https:\/\/focustim.ro\/copiii-au-facut-miscare-pentru-salvarea-terenului-manusarul\/?share=twitter\" target=\"_blank\" title=\"D\u0103 clic pentru a partaja pe Twitter\"><span>Twitter<\/span><\/a><\/li>\n<li class=\"share-facebook\"><a rel=\"nofollow noopener noreferrer\" data-shared=\"sharing-facebook-40054\" class=\"share-facebook sd-button share-icon\" href=\"https:\/\/focustim.ro\/copiii-au-facut-miscare-pentru-salvarea-terenului-manusarul\/?share=facebook\" target=\"_blank\" title=\"D\u0103 clic pentru a partaja pe Facebook\"><span>Facebook<\/span><\/a><\/li>\n<li class=\"share-end\"><\/ul>\n<\/div>\n<\/div>\n<\/div>\n<div class=\"sharedaddy sd-block sd-like jetpack-likes-widget-wrapper jetpack-likes-widget-unloaded\" id=\"like-post-wrapper-167025405-40054-69e7c90c9f1cc\" data-src=\"https:\/\/widgets.wp.com\/likes\/#blog_id=167025405&amp;post_id=40054&amp;origin=focustim.ro&amp;obj_id=167025405-40054-69e7c90c9f1cc\" data-name=\"like-post-frame-167025405-40054-69e7c90c9f1cc\" data-title=\"Apreciaz\u0103 sau republic\u0103\">\n<h3 class=\"sd-title\">Apreciaz\u0103:<\/h3>\n<div class=\"likes-widget-placeholder post-likes-widget-placeholder\"><span class=\"button\"><span>Apreciere<\/span><\/span><span class=\"loading\">\u00cencarc&#8230;<\/span><\/div>\n<\/div>\n<\/div>\n<p>[analyse_source url=&#8221;https:\/\/focustim.ro\/copiii-au-facut-miscare-pentru-salvarea-terenului-manusarul\/&#8221;]<\/p>\n","protected":false},"excerpt":{"rendered":"<p>[analyse_image type=&#8221;featured&#8221; src=&#8221;https:\/\/focustim.ro\/wp-content\/uploads\/2026\/04\/Manusarul.jpeg&#8221;] Sport Copiii au f\u0103cut mi\u0219care pentru salvarea terenului \u201eM\u0103nu\u0219arul\u201d 21\/04\/202621\/04\/20260 Distribuie0 Aproape 300 de elevi \u015fi pre\u015fcolari din cartierul Ciarda Ro\u015fie au alergat \u0219i au pedalat luni pe strada Theodor Pallady pentru o cauz\u0103 concret\u0103: s\u0103 nu se construiasc\u0103 blocuri pe terenul de sport al cartierului lor. Prin mi\u015fcare \u015fi sport, copiii [&hellip;]<\/p>\n","protected":false},"author":1,"featured_media":0,"comment_status":"open","ping_status":"","sticky":false,"template":"","format":"standard","meta":{"footnotes":""},"categories":[89],"tags":[226,197],"class_list":["post-1895343","post","type-post","status-publish","format-standard","hentry","category-romania","tag-crawlmanager","tag-focustim-ro"],"_links":{"self":[{"href":"https:\/\/analyse.optim.biz\/index.php?rest_route=\/wp\/v2\/posts\/1895343","targetHints":{"allow":["GET"]}}],"collection":[{"href":"https:\/\/analyse.optim.biz\/index.php?rest_route=\/wp\/v2\/posts"}],"about":[{"href":"https:\/\/analyse.optim.biz\/index.php?rest_route=\/wp\/v2\/types\/post"}],"author":[{"embeddable":true,"href":"https:\/\/analyse.optim.biz\/index.php?rest_route=\/wp\/v2\/users\/1"}],"replies":[{"embeddable":true,"href":"https:\/\/analyse.optim.biz\/index.php?rest_route=%2Fwp%2Fv2%2Fcomments&post=1895343"}],"version-history":[{"count":0,"href":"https:\/\/analyse.optim.biz\/index.php?rest_route=\/wp\/v2\/posts\/1895343\/revisions"}],"wp:attachment":[{"href":"https:\/\/analyse.optim.biz\/index.php?rest_route=%2Fwp%2Fv2%2Fmedia&parent=1895343"}],"wp:term":[{"taxonomy":"category","embeddable":true,"href":"https:\/\/analyse.optim.biz\/index.php?rest_route=%2Fwp%2Fv2%2Fcategories&post=1895343"},{"taxonomy":"post_tag","embeddable":true,"href":"https:\/\/analyse.optim.biz\/index.php?rest_route=%2Fwp%2Fv2%2Ftags&post=1895343"}],"curies":[{"name":"wp","href":"https:\/\/api.w.org\/{rel}","templated":true}]}}