{"id":1895342,"date":"2026-04-21T18:57:05","date_gmt":"2026-04-21T15:57:05","guid":{"rendered":"https:\/\/analyse.optim.biz\/?p=1895342"},"modified":"2026-04-21T18:57:05","modified_gmt":"2026-04-21T15:57:05","slug":"darian-corlan-isi-continua-ascensiunea","status":"publish","type":"post","link":"https:\/\/analyse.optim.biz\/?p=1895342","title":{"rendered":"Darian Corlan \u00ee\u0219i continu\u0103 ascensiunea"},"content":{"rendered":"<p>[analyse_image type=&#8221;featured&#8221; src=&#8221;https:\/\/focustim.ro\/wp-content\/uploads\/2026\/04\/Darian-Corlan-automobilism-2-scaled.jpg&#8221;]<\/p>\n<article id=\"post-40057\" class=\"penci-single-artcontent noloaddisqus post-40057 post type-post status-publish format-standard has-post-thumbnail hentry category-sport penci-post-item\">\n<header class=\"entry-header penci-entry-header penci-title-\">\n<div class=\"penci-entry-categories\"><span class=\"penci-cat-links\"><a href=\"https:\/\/focustim.ro\/category\/sport\/\" rel=\"category tag\">Sport<\/a><\/span><\/div>\n<h1 class=\"entry-title penci-entry-title penci-title-\">Darian Corlan \u00ee\u0219i continu\u0103 ascensiunea<\/h1>\n<div class=\"entry-meta penci-entry-meta\"><span class=\"entry-meta-item penci-posted-on\"><time class=\"entry-date published\" datetime=\"2026-04-21T21:57:05+03:00\">21\/04\/2026<\/time><time class=\"updated\" datetime=\"2026-04-21T21:57:50+03:00\">21\/04\/2026<\/time><\/span><span class=\"entry-meta-item penci-comment-count\"><a class=\"penci_pmeta-link\" href=\"https:\/\/focustim.ro\/darian-corlan-isi-continua-ascensiunea\/#respond\">0<\/a><\/span><\/div>\n<p><span class=\"penci-social-buttons penci-social-share-footer\"><span class=\"penci-social-share-text\">Distribuie<\/span><a href=\"https:\/\/focustim.ro\/darian-corlan-isi-continua-ascensiunea\/\" class=\"penci-post-like penci_post-meta_item  single-like-button penci-social-item like\" data-post_id=\"40057\" title=\"Like\" data-like=\"Like\" data-unlike=\"Unlike\"><span class=\"penci-share-number\">0<\/span><\/a><\/span><\/header>\n<div class=\"entry-media penci-entry-media\">\n<div class=\"post-format-meta \">\n<div class=\"post-image penci-standard-format\"><img decoding=\"async\" width=\"960\" height=\"494\" src=\"https:\/\/focustim.ro\/wp-content\/uploads\/2026\/04\/Darian-Corlan-automobilism-2-960x494.jpg\" class=\"attachment-penci-thumb-960-auto size-penci-thumb-960-auto wp-post-image\" alt loading=\"lazy\"><\/div>\n<\/div>\n<\/div>\n<div class=\"penci-entry-content entry-content\">\n<p>Dup\u0103 dou\u0103 clas\u0103ri pe locul al treilea \u00een Campionatul Jude\u021bean de Automobilism \u0219i Karting Timi\u0219, pentru t\u00e2n\u0103rul pilot Darian Corlan a urmat o clasare superioar\u0103, pe pozi\u021bia a doua, \u00een etapa de la Dumbr\u0103vi\u021ba.<\/p>\n<p>Doar o gre\u0219eal\u0103 de traseu a f\u0103cut ca el s\u0103 nu ob\u021bin\u0103 cel mai bun timp la clasa Juniori.<\/p>\n<p>Toate aceste rezultate vin la doar trei luni de c\u00e2nd Darian Corlan a pus pentru prima dat\u0103 m\u00e2na pe volan.<\/p>\n<p>Sub directa \u00eendrumare a experimentatului Alexandru Krepelka, multiplu campion na\u021bional de vitez\u0103 \u00een coast\u0103 \u0219i maestru al sportului \u00een automobilism sportiv, drumul spre victorie pare mai u\u0219or pentru t\u00e2n\u0103rul pilot timi\u0219orean.<\/p>\n<p>Deoarece urm\u0103toarea etap\u0103 \u2013 de la Deta \u2013 se suprapune cu prima rund\u0103 din Campionatul Na\u021bional de Vitez\u0103 \u00een Coast\u0103, de la R\u00e2nca, unde Krepelka va fi prezent pe traseu, Corlan va fi nevoit s\u0103 se prezinte \u00een dreapta cu un alt instructor.<\/p>\n<p>Ma\u0219ina cu care el a concurat a fost preg\u0103tit\u0103 din nou exemplar de c\u0103tre Alexandru Krepelka, care se ocup\u0103 permanent de instruirea pilotului, de preg\u0103tirea materialului de concurs \u0219i de strategia competi\u021bional\u0103.<\/p>\n<figure class=\"wp-block-gallery has-nested-images columns-default is-cropped\">\n<figure class=\"wp-block-image size-medium\"><a href=\"https:\/\/focustim.ro\/wp-content\/uploads\/2026\/04\/Darian-Corlan-automobilism-1.jpg\" target=\"_blank\" rel=\"noopener\"><img decoding=\"async\" loading=\"lazy\" width=\"720\" height=\"960\" data-id=\"40058\" src=\"https:\/\/focustim.ro\/wp-content\/uploads\/2026\/04\/Darian-Corlan-automobilism-1-720x960.jpg\" alt class=\"wp-image-40058\"><\/a><\/figure>\n<figure class=\"wp-block-image size-medium\"><a href=\"https:\/\/focustim.ro\/wp-content\/uploads\/2026\/04\/Darian-Corlan-automobilism-3.jpg\" target=\"_blank\" rel=\"noopener\"><img decoding=\"async\" loading=\"lazy\" width=\"720\" height=\"960\" data-id=\"40059\" src=\"https:\/\/focustim.ro\/wp-content\/uploads\/2026\/04\/Darian-Corlan-automobilism-3-720x960.jpg\" alt class=\"wp-image-40059\"><\/a><\/figure>\n<\/figure>\n<div class=\"sharedaddy sd-sharing-enabled\">\n<div class=\"robots-nocontent sd-block sd-social sd-social-icon-text sd-sharing\">\n<h3 class=\"sd-title\">Partajeaz\u0103 asta:<\/h3>\n<div class=\"sd-content\">\n<ul>\n<li class=\"share-twitter\"><a rel=\"nofollow noopener noreferrer\" data-shared=\"sharing-twitter-40057\" class=\"share-twitter sd-button share-icon\" href=\"https:\/\/focustim.ro\/darian-corlan-isi-continua-ascensiunea\/?share=twitter\" target=\"_blank\" title=\"D\u0103 clic pentru a partaja pe Twitter\"><span>Twitter<\/span><\/a><\/li>\n<li class=\"share-facebook\"><a rel=\"nofollow noopener noreferrer\" data-shared=\"sharing-facebook-40057\" class=\"share-facebook sd-button share-icon\" href=\"https:\/\/focustim.ro\/darian-corlan-isi-continua-ascensiunea\/?share=facebook\" target=\"_blank\" title=\"D\u0103 clic pentru a partaja pe Facebook\"><span>Facebook<\/span><\/a><\/li>\n<li class=\"share-end\"><\/ul>\n<\/div>\n<\/div>\n<\/div>\n<div class=\"sharedaddy sd-block sd-like jetpack-likes-widget-wrapper jetpack-likes-widget-unloaded\" id=\"like-post-wrapper-167025405-40057-69e7c8b95f316\" data-src=\"https:\/\/widgets.wp.com\/likes\/#blog_id=167025405&amp;post_id=40057&amp;origin=focustim.ro&amp;obj_id=167025405-40057-69e7c8b95f316\" data-name=\"like-post-frame-167025405-40057-69e7c8b95f316\" data-title=\"Apreciaz\u0103 sau republic\u0103\">\n<h3 class=\"sd-title\">Apreciaz\u0103:<\/h3>\n<div class=\"likes-widget-placeholder post-likes-widget-placeholder\"><span class=\"button\"><span>Apreciere<\/span><\/span><span class=\"loading\">\u00cencarc&#8230;<\/span><\/div>\n<\/div>\n<\/div>\n<footer class=\"penci-entry-footer\"><span class=\"penci-social-buttons penci-social-share-footer\"><span class=\"penci-social-share-text\">Distribuie<\/span><a href=\"https:\/\/focustim.ro\/darian-corlan-isi-continua-ascensiunea\/\" class=\"penci-post-like penci_post-meta_item  single-like-button penci-social-item like\" data-post_id=\"40057\" title=\"Like\" data-like=\"Like\" data-unlike=\"Unlike\"><span class=\"penci-share-number\">0<\/span><\/a><\/span><\/footer>\n<\/article>\n<div class=\"penci-entry-content entry-content\">\n<p>Dup\u0103 dou\u0103 clas\u0103ri pe locul al treilea \u00een Campionatul Jude\u021bean de Automobilism \u0219i Karting Timi\u0219, pentru t\u00e2n\u0103rul pilot Darian Corlan a urmat o clasare superioar\u0103, pe pozi\u021bia a doua, \u00een etapa de la Dumbr\u0103vi\u021ba.<\/p>\n<p>Doar o gre\u0219eal\u0103 de traseu a f\u0103cut ca el s\u0103 nu ob\u021bin\u0103 cel mai bun timp la clasa Juniori.<\/p>\n<p>Toate aceste rezultate vin la doar trei luni de c\u00e2nd Darian Corlan a pus pentru prima dat\u0103 m\u00e2na pe volan.<\/p>\n<p>Sub directa \u00eendrumare a experimentatului Alexandru Krepelka, multiplu campion na\u021bional de vitez\u0103 \u00een coast\u0103 \u0219i maestru al sportului \u00een automobilism sportiv, drumul spre victorie pare mai u\u0219or pentru t\u00e2n\u0103rul pilot timi\u0219orean.<\/p>\n<p>Deoarece urm\u0103toarea etap\u0103 \u2013 de la Deta \u2013 se suprapune cu prima rund\u0103 din Campionatul Na\u021bional de Vitez\u0103 \u00een Coast\u0103, de la R\u00e2nca, unde Krepelka va fi prezent pe traseu, Corlan va fi nevoit s\u0103 se prezinte \u00een dreapta cu un alt instructor.<\/p>\n<p>Ma\u0219ina cu care el a concurat a fost preg\u0103tit\u0103 din nou exemplar de c\u0103tre Alexandru Krepelka, care se ocup\u0103 permanent de instruirea pilotului, de preg\u0103tirea materialului de concurs \u0219i de strategia competi\u021bional\u0103.<\/p>\n<figure class=\"wp-block-gallery has-nested-images columns-default is-cropped\">\n<figure class=\"wp-block-image size-medium\"><a href=\"https:\/\/focustim.ro\/wp-content\/uploads\/2026\/04\/Darian-Corlan-automobilism-1.jpg\" target=\"_blank\" rel=\"noopener\"><img decoding=\"async\" loading=\"lazy\" width=\"720\" height=\"960\" data-id=\"40058\" src=\"https:\/\/focustim.ro\/wp-content\/uploads\/2026\/04\/Darian-Corlan-automobilism-1-720x960.jpg\" alt class=\"wp-image-40058\"><\/a><\/figure>\n<figure class=\"wp-block-image size-medium\"><a href=\"https:\/\/focustim.ro\/wp-content\/uploads\/2026\/04\/Darian-Corlan-automobilism-3.jpg\" target=\"_blank\" rel=\"noopener\"><img decoding=\"async\" loading=\"lazy\" width=\"720\" height=\"960\" data-id=\"40059\" src=\"https:\/\/focustim.ro\/wp-content\/uploads\/2026\/04\/Darian-Corlan-automobilism-3-720x960.jpg\" alt class=\"wp-image-40059\"><\/a><\/figure>\n<\/figure>\n<div class=\"sharedaddy sd-sharing-enabled\">\n<div class=\"robots-nocontent sd-block sd-social sd-social-icon-text sd-sharing\">\n<h3 class=\"sd-title\">Partajeaz\u0103 asta:<\/h3>\n<div class=\"sd-content\">\n<ul>\n<li class=\"share-twitter\"><a rel=\"nofollow noopener noreferrer\" data-shared=\"sharing-twitter-40057\" class=\"share-twitter sd-button share-icon\" href=\"https:\/\/focustim.ro\/darian-corlan-isi-continua-ascensiunea\/?share=twitter\" target=\"_blank\" title=\"D\u0103 clic pentru a partaja pe Twitter\"><span>Twitter<\/span><\/a><\/li>\n<li class=\"share-facebook\"><a rel=\"nofollow noopener noreferrer\" data-shared=\"sharing-facebook-40057\" class=\"share-facebook sd-button share-icon\" href=\"https:\/\/focustim.ro\/darian-corlan-isi-continua-ascensiunea\/?share=facebook\" target=\"_blank\" title=\"D\u0103 clic pentru a partaja pe Facebook\"><span>Facebook<\/span><\/a><\/li>\n<li class=\"share-end\"><\/ul>\n<\/div>\n<\/div>\n<\/div>\n<div class=\"sharedaddy sd-block sd-like jetpack-likes-widget-wrapper jetpack-likes-widget-unloaded\" id=\"like-post-wrapper-167025405-40057-69e7c8b95f316\" data-src=\"https:\/\/widgets.wp.com\/likes\/#blog_id=167025405&amp;post_id=40057&amp;origin=focustim.ro&amp;obj_id=167025405-40057-69e7c8b95f316\" data-name=\"like-post-frame-167025405-40057-69e7c8b95f316\" data-title=\"Apreciaz\u0103 sau republic\u0103\">\n<h3 class=\"sd-title\">Apreciaz\u0103:<\/h3>\n<div class=\"likes-widget-placeholder post-likes-widget-placeholder\"><span class=\"button\"><span>Apreciere<\/span><\/span><span class=\"loading\">\u00cencarc&#8230;<\/span><\/div>\n<\/div>\n<\/div>\n<p>[analyse_source url=&#8221;https:\/\/focustim.ro\/darian-corlan-isi-continua-ascensiunea\/&#8221;]<\/p>\n","protected":false},"excerpt":{"rendered":"<p>[analyse_image type=&#8221;featured&#8221; src=&#8221;https:\/\/focustim.ro\/wp-content\/uploads\/2026\/04\/Darian-Corlan-automobilism-2-scaled.jpg&#8221;] Sport Darian Corlan \u00ee\u0219i continu\u0103 ascensiunea 21\/04\/202621\/04\/20260 Distribuie0 Dup\u0103 dou\u0103 clas\u0103ri pe locul al treilea \u00een Campionatul Jude\u021bean de Automobilism \u0219i Karting Timi\u0219, pentru t\u00e2n\u0103rul pilot Darian Corlan a urmat o clasare superioar\u0103, pe pozi\u021bia a doua, \u00een etapa de la Dumbr\u0103vi\u021ba. Doar o gre\u0219eal\u0103 de traseu a f\u0103cut ca el s\u0103 [&hellip;]<\/p>\n","protected":false},"author":1,"featured_media":0,"comment_status":"open","ping_status":"","sticky":false,"template":"","format":"standard","meta":{"footnotes":""},"categories":[89],"tags":[226,197],"class_list":["post-1895342","post","type-post","status-publish","format-standard","hentry","category-romania","tag-crawlmanager","tag-focustim-ro"],"_links":{"self":[{"href":"https:\/\/analyse.optim.biz\/index.php?rest_route=\/wp\/v2\/posts\/1895342","targetHints":{"allow":["GET"]}}],"collection":[{"href":"https:\/\/analyse.optim.biz\/index.php?rest_route=\/wp\/v2\/posts"}],"about":[{"href":"https:\/\/analyse.optim.biz\/index.php?rest_route=\/wp\/v2\/types\/post"}],"author":[{"embeddable":true,"href":"https:\/\/analyse.optim.biz\/index.php?rest_route=\/wp\/v2\/users\/1"}],"replies":[{"embeddable":true,"href":"https:\/\/analyse.optim.biz\/index.php?rest_route=%2Fwp%2Fv2%2Fcomments&post=1895342"}],"version-history":[{"count":0,"href":"https:\/\/analyse.optim.biz\/index.php?rest_route=\/wp\/v2\/posts\/1895342\/revisions"}],"wp:attachment":[{"href":"https:\/\/analyse.optim.biz\/index.php?rest_route=%2Fwp%2Fv2%2Fmedia&parent=1895342"}],"wp:term":[{"taxonomy":"category","embeddable":true,"href":"https:\/\/analyse.optim.biz\/index.php?rest_route=%2Fwp%2Fv2%2Fcategories&post=1895342"},{"taxonomy":"post_tag","embeddable":true,"href":"https:\/\/analyse.optim.biz\/index.php?rest_route=%2Fwp%2Fv2%2Ftags&post=1895342"}],"curies":[{"name":"wp","href":"https:\/\/api.w.org\/{rel}","templated":true}]}}