{"id":1895337,"date":"2026-04-21T11:14:53","date_gmt":"2026-04-21T08:14:53","guid":{"rendered":"https:\/\/analyse.optim.biz\/?p=1895337"},"modified":"2026-04-21T11:14:53","modified_gmt":"2026-04-21T08:14:53","slug":"primaria-lugoj-incepe-ridicarea-masinilor-abandonate-de-pe-domeniul-public","status":"publish","type":"post","link":"https:\/\/analyse.optim.biz\/?p=1895337","title":{"rendered":"Prim\u0103ria Lugoj \u00eencepe ridicarea ma\u0219inilor abandonate de pe domeniul public"},"content":{"rendered":"<p>[analyse_image type=&#8221;featured&#8221; src=&#8221;https:\/\/orasul-timisoara.ro\/wp-content\/uploads\/2026\/04\/masini-abandonate-x.jpg&#8221;]<\/p>\n<article id=\"post-38304\" class=\"td-post-template-7 post-38304 post type-post status-publish format-standard has-post-thumbnail category-administratie category-featured category-stiri-timisoara tag-asigurare-rca tag-autovehicule-fara-proprietar tag-domeniu-public tag-itp-expirat tag-lugoj tag-masini-abandonate tag-politie-locala tag-regulament-local tag-ridicare-masini td-container-wrap\">\n<div class=\"td-full-screen-header-image-wrap\">\n<div class=\"td-container td-post-header\">\n<div class=\"td-crumb-container\">\n<div class=\"entry-crumbs\"><span><a title=\"Vede\u021bi toate articolele \u00een Administra\u021bie local\u0103\" class=\"entry-crumb\" href=\"https:\/\/orasul-timisoara.ro\/local-category\/administratie\/\">Administra\u021bie local\u0103<\/a><\/span><span class=\"td-bred-no-url-last\">Prim\u0103ria Lugoj \u00eencepe ridicarea ma\u0219inilor abandonate de pe domeniul public<\/span><\/div>\n<\/div>\n<div class=\"td-post-header-holder\">\n<div class=\"td-parallax-header\">\n<header class=\"td-post-title\">\n<ul class=\"td-category\">\n<li class=\"entry-category\"><a href=\"https:\/\/orasul-timisoara.ro\/local-category\/administratie\/\">Administra\u021bie local\u0103<\/a><\/li>\n<li class=\"entry-category\"><a href=\"https:\/\/orasul-timisoara.ro\/local-category\/stiri-timisoara\/\">\u0218tiri Locale<\/a><\/li>\n<\/ul>\n<h1 class=\"entry-title\">Prim\u0103ria Lugoj \u00eencepe ridicarea ma\u0219inilor abandonate de pe domeniul public<\/h1>\n<div class=\"td-module-meta-info\">\n<div class=\"td-post-author-name\">\n<div class=\"td-author-by\">De c\u0103tre<\/div>\n<p><a href=\"https:\/\/orasul-timisoara.ro\/author\/timisoara\/\">redactia<\/a><\/p>\n<div class=\"td-author-line\"> &#8211; <\/div>\n<\/div>\n<p><span class=\"td-post-date\"><time class=\"entry-date updated td-module-date\" datetime=\"2026-04-21T14:14:53+03:00\">21\/04\/2026<\/time><\/span><\/div>\n<\/header>\n<\/div>\n<\/div>\n<\/div>\n<div id=\"td-full-screen-header-image\" class=\"td-image-gradient-style7\"><img decoding=\"async\" class=\"td-backstretch\" src=\"https:\/\/orasul-timisoara.ro\/wp-content\/uploads\/2026\/04\/masini-abandonate-x.jpg\"><\/div>\n<\/div>\n<div class=\"td-container\">\n<div class=\"td-pb-row\">\n<div class=\"td-pb-span8 td-main-content\" role=\"main\">\n<div class=\"td-ss-main-content\">\n<div class=\"td-post-sharing-top\">\n<div class=\"td-post-sharing-classic\"><iframe title=\"topFacebookLike\" frameborder src=\"https:\/\/www.facebook.com\/plugins\/like.php?href=https:\/\/orasul-timisoara.ro\/local-38304\/&amp;layout=button_count&amp;show_faces=false&amp;width=105&amp;action=like&amp;colorscheme=light&amp;height=21\"><\/iframe><\/div>\n<div id=\"td_social_sharing_article_top\" class=\"td-post-sharing td-ps-bg td-ps-notext td-post-sharing-style1 \">\n<div class=\"td-post-sharing-visible\"><a class=\"td-social-sharing-button td-social-sharing-button-js td-social-network td-social-facebook\" href=\"https:\/\/www.facebook.com\/sharer.php?u=https%3A%2F%2Forasul-timisoara.ro%2Flocal-38304%2F\" title=\"Facebook\"><\/p>\n<div class=\"td-social-but-text\">Facebook<\/div>\n<p><\/a><a class=\"td-social-sharing-button td-social-sharing-button-js td-social-network td-social-twitter\" href=\"https:\/\/twitter.com\/intent\/tweet?text=Prim%C4%83ria+Lugoj+%C3%AEncepe+ridicarea+ma%C8%99inilor+abandonate+de+pe+domeniul+public&amp;url=https%3A%2F%2Forasul-timisoara.ro%2Flocal-38304%2F&amp;via=orasultm\" title=\"Twitter\"><\/p>\n<div class=\"td-social-but-text\">Twitter<\/div>\n<p><\/a><a class=\"td-social-sharing-button td-social-sharing-button-js td-social-network td-social-whatsapp\" href=\"https:\/\/api.whatsapp.com\/send?text=Prim%C4%83ria+Lugoj+%C3%AEncepe+ridicarea+ma%C8%99inilor+abandonate+de+pe+domeniul+public%20%0A%0A%20https:\/\/orasul-timisoara.ro\/local-38304\/\" title=\"WhatsApp\"><\/p>\n<div class=\"td-social-but-text\">WhatsApp<\/div>\n<p><\/a><a class=\"td-social-sharing-button td-social-sharing-button-js td-social-network td-social-linkedin\" href=\"https:\/\/www.linkedin.com\/shareArticle?mini=true&amp;url=https:\/\/orasul-timisoara.ro\/local-38304\/&amp;title=Prim%C4%83ria+Lugoj+%C3%AEncepe+ridicarea+ma%C8%99inilor+abandonate+de+pe+domeniul+public\" title=\"Linkedin\"><\/p>\n<div class=\"td-social-but-text\">Linkedin<\/div>\n<p><\/a><a class=\"td-social-sharing-button td-social-sharing-button-js td-social-network td-social-reddit\" href=\"https:\/\/reddit.com\/submit?url=https:\/\/orasul-timisoara.ro\/local-38304\/&amp;title=Prim%C4%83ria+Lugoj+%C3%AEncepe+ridicarea+ma%C8%99inilor+abandonate+de+pe+domeniul+public\" title=\"ReddIt\"><\/p>\n<div class=\"td-social-but-text\">ReddIt<\/div>\n<p><\/a><a class=\"td-social-sharing-button td-social-sharing-button-js td-social-network td-social-mail\" href=\"mailto:?subject=Prim%C4%83ria%20Lugoj%20%C3%AEncepe%20ridicarea%20ma%C8%99inilor%20abandonate%20de%20pe%20domeniul%20public&amp;body=https:\/\/orasul-timisoara.ro\/local-38304\/\" title=\"Email\"><\/p>\n<div class=\"td-social-but-text\">Email<\/div>\n<p><\/a><a class=\"td-social-sharing-button td-social-sharing-button-js td-social-network td-social-print\" href=\"https:\/\/orasul-timisoara.ro\/local-38304\/\" title=\"Imprimare\"><\/p>\n<div class=\"td-social-but-text\">Imprimare<\/div>\n<p><\/a><\/div>\n<\/div>\n<\/div>\n<div class=\"td-post-content tagdiv-type\">\n<p>Prim\u0103ria municipiului Lugoj a demarat o ampl\u0103 ac\u021biune de identificare \u0219i sanc\u021bionare a autovehiculelor abandonate sau f\u0103r\u0103 proprietar, aflate pe domeniul public. Anun\u021bul a fost f\u0103cut de primarul C\u0103lin Dobra, care a precizat c\u0103 Poli\u021bia Local\u0103 a \u00eenceput deja aplicarea primelor soma\u021bii \u00een teren.<\/p>\n<p>M\u0103sura vine \u00een baza unui regulament aprobat de Consiliul Local Lugoj, care stabile\u0219te clar condi\u021biile \u00een care un autovehicul poate fi considerat abandonat sau f\u0103r\u0103 proprietar. Astfel, ma\u0219inile care nu de\u021bin Inspec\u021bie Tehnic\u0103 Periodic\u0103 (ITP) valabil\u0103 sau poli\u021b\u0103 de asigurare obligatorie RCA sunt vizate de aceast\u0103 ac\u021biune, indiferent dac\u0103 proprietarul este cunoscut sau nu.<\/p>\n<p>Potrivit autorit\u0103\u021bilor, proprietarii soma\u021bi au la dispozi\u021bie un termen de 10 zile pentru a elibera domeniul public sau pentru a aduce vehiculul \u00een stare legal\u0103 de circula\u021bie. \u00cen cazul \u00een care nu se conformeaz\u0103, autovehiculele vor fi ridicate de autorit\u0103\u021bi \u0219i vor intra \u00een proprietatea municipiului Lugoj, conform legisla\u021biei \u00een vigoare.<\/p>\n<figure class=\"wp-block-gallery has-nested-images columns-4 is-cropped td-modal-on-gallery wp-block-gallery-1 is-layout-flex wp-block-gallery-is-layout-flex\">\n<figure class=\"wp-block-image size-full\"><img loading=\"lazy\" decoding=\"async\" width=\"1080\" height=\"1440\" data-id=\"38305\" src=\"https:\/\/orasul-timisoara.ro\/wp-content\/uploads\/2026\/04\/678402013_1506700824159040_5826208692942818802_n.jpg\" alt class=\"wp-image-38305\"><\/figure>\n<figure class=\"wp-block-image size-full\"><img loading=\"lazy\" decoding=\"async\" width=\"1080\" height=\"1440\" data-id=\"38309\" src=\"https:\/\/orasul-timisoara.ro\/wp-content\/uploads\/2026\/04\/678110550_1506700800825709_4215306628568829507_n.jpg\" alt class=\"wp-image-38309\"><\/figure>\n<figure class=\"wp-block-image size-full\"><img loading=\"lazy\" decoding=\"async\" width=\"1440\" height=\"1080\" data-id=\"38306\" src=\"https:\/\/orasul-timisoara.ro\/wp-content\/uploads\/2026\/04\/678164764_1506700764159046_504517307700373499_n.jpg\" alt class=\"wp-image-38306\"><\/figure>\n<figure class=\"wp-block-image size-full\"><img decoding=\"async\" loading=\"lazy\" width=\"1440\" height=\"1080\" data-id=\"38307\" src=\"https:\/\/orasul-timisoara.ro\/wp-content\/uploads\/2026\/04\/678600480_1506700734159049_3068919062961887837_n.jpg\" alt class=\"wp-image-38307\"><\/figure>\n<figure class=\"wp-block-image size-full\"><img decoding=\"async\" loading=\"lazy\" width=\"1440\" height=\"1080\" data-id=\"38308\" src=\"https:\/\/orasul-timisoara.ro\/wp-content\/uploads\/2026\/04\/677822517_1506700730825716_2365704916717480864_n.jpg\" alt class=\"wp-image-38308\"><\/figure>\n<\/figure>\n<p>Reprezentan\u021bii administra\u021biei locale subliniaz\u0103 c\u0103 aceast\u0103 ini\u021biativ\u0103 are ca scop eliberarea spa\u021biilor publice, \u00eembun\u0103t\u0103\u021birea aspectului urban \u0219i cre\u0219terea siguran\u021bei cet\u0103\u021benilor. \u00cen multe cartiere din ora\u0219, ma\u0219inile abandonate ocup\u0103 locuri de parcare valoroase \u0219i pot deveni surse de poluare sau pericol.<\/p>\n<p>Ac\u021biunea Poli\u021biei Locale Lugoj va continua zilnic, urm\u00e2nd s\u0103 acopere toate zonele ora\u0219ului. Autorit\u0103\u021bile \u00eei \u00eendeamn\u0103 pe cet\u0103\u021beni s\u0103 verifice starea legal\u0103 a autovehiculelor \u0219i s\u0103 respecte reglement\u0103rile \u00een vigoare pentru a evita sanc\u021biunile.<\/p>\n<\/div>\n<footer>\n<div class=\"td-post-source-tags\">\n<ul class=\"td-tags td-post-small-box clearfix\">\n<li><span>ETICHETE<\/span><\/li>\n<li><a href=\"https:\/\/orasul-timisoara.ro\/local-tag\/asigurare-rca\/\">asigurare rca<\/a><\/li>\n<li><a href=\"https:\/\/orasul-timisoara.ro\/local-tag\/autovehicule-fara-proprietar\/\">autovehicule fara proprietar<\/a><\/li>\n<li><a href=\"https:\/\/orasul-timisoara.ro\/local-tag\/domeniu-public\/\">domeniu public<\/a><\/li>\n<li><a href=\"https:\/\/orasul-timisoara.ro\/local-tag\/itp-expirat\/\">ITP expirat<\/a><\/li>\n<li><a href=\"https:\/\/orasul-timisoara.ro\/local-tag\/lugoj\/\">lugoj<\/a><\/li>\n<li><a href=\"https:\/\/orasul-timisoara.ro\/local-tag\/masini-abandonate\/\">masini abandonate<\/a><\/li>\n<li><a href=\"https:\/\/orasul-timisoara.ro\/local-tag\/politie-locala\/\">politie locala<\/a><\/li>\n<li><a href=\"https:\/\/orasul-timisoara.ro\/local-tag\/regulament-local\/\">regulament local<\/a><\/li>\n<li><a href=\"https:\/\/orasul-timisoara.ro\/local-tag\/ridicare-masini\/\">ridicare masini<\/a><\/li>\n<\/ul>\n<\/div>\n<div class=\"td-post-sharing-bottom\">\n<div class=\"td-post-sharing-classic\"><iframe title=\"bottomFacebookLike\" frameborder src=\"https:\/\/www.facebook.com\/plugins\/like.php?href=https:\/\/orasul-timisoara.ro\/local-38304\/&amp;layout=button_count&amp;show_faces=false&amp;width=105&amp;action=like&amp;colorscheme=light&amp;height=21\"><\/iframe><\/div>\n<div id=\"td_social_sharing_article_bottom\" class=\"td-post-sharing td-ps-bg td-ps-notext td-post-sharing-style1 \">\n<div class=\"td-post-sharing-visible\"><a class=\"td-social-sharing-button td-social-sharing-button-js td-social-network td-social-facebook\" href=\"https:\/\/www.facebook.com\/sharer.php?u=https%3A%2F%2Forasul-timisoara.ro%2Flocal-38304%2F\" title=\"Facebook\"><\/p>\n<div class=\"td-social-but-text\">Facebook<\/div>\n<p><\/a><a class=\"td-social-sharing-button td-social-sharing-button-js td-social-network td-social-twitter\" href=\"https:\/\/twitter.com\/intent\/tweet?text=Prim%C4%83ria+Lugoj+%C3%AEncepe+ridicarea+ma%C8%99inilor+abandonate+de+pe+domeniul+public&amp;url=https%3A%2F%2Forasul-timisoara.ro%2Flocal-38304%2F&amp;via=orasultm\" title=\"Twitter\"><\/p>\n<div class=\"td-social-but-text\">Twitter<\/div>\n<p><\/a><a class=\"td-social-sharing-button td-social-sharing-button-js td-social-network td-social-whatsapp\" href=\"https:\/\/api.whatsapp.com\/send?text=Prim%C4%83ria+Lugoj+%C3%AEncepe+ridicarea+ma%C8%99inilor+abandonate+de+pe+domeniul+public%20%0A%0A%20https:\/\/orasul-timisoara.ro\/local-38304\/\" title=\"WhatsApp\"><\/p>\n<div class=\"td-social-but-text\">WhatsApp<\/div>\n<p><\/a><a class=\"td-social-sharing-button td-social-sharing-button-js td-social-network td-social-linkedin\" href=\"https:\/\/www.linkedin.com\/shareArticle?mini=true&amp;url=https:\/\/orasul-timisoara.ro\/local-38304\/&amp;title=Prim%C4%83ria+Lugoj+%C3%AEncepe+ridicarea+ma%C8%99inilor+abandonate+de+pe+domeniul+public\" title=\"Linkedin\"><\/p>\n<div class=\"td-social-but-text\">Linkedin<\/div>\n<p><\/a><a class=\"td-social-sharing-button td-social-sharing-button-js td-social-network td-social-reddit\" href=\"https:\/\/reddit.com\/submit?url=https:\/\/orasul-timisoara.ro\/local-38304\/&amp;title=Prim%C4%83ria+Lugoj+%C3%AEncepe+ridicarea+ma%C8%99inilor+abandonate+de+pe+domeniul+public\" title=\"ReddIt\"><\/p>\n<div class=\"td-social-but-text\">ReddIt<\/div>\n<p><\/a><a class=\"td-social-sharing-button td-social-sharing-button-js td-social-network td-social-mail\" href=\"mailto:?subject=Prim%C4%83ria%20Lugoj%20%C3%AEncepe%20ridicarea%20ma%C8%99inilor%20abandonate%20de%20pe%20domeniul%20public&amp;body=https:\/\/orasul-timisoara.ro\/local-38304\/\" title=\"Email\"><\/p>\n<div class=\"td-social-but-text\">Email<\/div>\n<p><\/a><a class=\"td-social-sharing-button td-social-sharing-button-js td-social-network td-social-print\" href=\"https:\/\/orasul-timisoara.ro\/local-38304\/\" title=\"Imprimare\"><\/p>\n<div class=\"td-social-but-text\">Imprimare<\/div>\n<p><\/a><\/div>\n<\/div>\n<\/div>\n<div class=\"td-block-row td-post-next-prev\">\n<div class=\"td-block-span6 td-post-prev-post\">\n<div class=\"td-post-next-prev-content\"><span>Articolul precedent<\/span><a href=\"https:\/\/orasul-timisoara.ro\/local-38301\/\">Dominic Fritz atac\u0103 PSD: \u201eAu declan\u0219at o criz\u0103 politic\u0103 \u00eentr-un moment critic\u201d<\/a><\/div>\n<\/div>\n<div class=\"td-block-span6 td-post-next-post\">\n<div class=\"td-post-next-prev-content\"><span>Articolul urm\u0103tor<\/span><a href=\"https:\/\/orasul-timisoara.ro\/local-38312\/\">\u00centreruperi de ap\u0103 \u0219i presiune sc\u0103zut\u0103 \u00een Timi\u0219: lucr\u0103ri programate de Aquatim<\/a><\/div>\n<\/div>\n<\/div>\n<div class=\"td-author-name vcard author\"><span class=\"fn\"><a href=\"https:\/\/orasul-timisoara.ro\/author\/timisoara\/\">redactia<\/a><\/span><\/div>\n<p><span class=\"td-page-meta\"><\/span><span class=\"td-page-meta\"><span class=\"td-page-meta\"><\/span><\/span><span class=\"td-page-meta\"><\/span><\/footer>\n<div class=\"td_block_wrap td_block_related_posts tdi_3 td_with_ajax_pagination td-pb-border-top td_block_template_8\" data-td-block-uid=\"tdi_3\">\n<h4 class=\"td-related-title td-block-title\"><a id=\"tdi_4\" class=\"td-related-left td-cur-simple-item\" data-td_filter_value data-td_block_id=\"tdi_3\" href=\"https:\/\/orasul-timisoara.ro\/local-38304\/\">ARTICOLE SIMILARE<\/a><a id=\"tdi_5\" class=\"td-related-right\" data-td_filter_value=\"td_related_more_from_author\" data-td_block_id=\"tdi_3\" href=\"https:\/\/orasul-timisoara.ro\/local-38304\/\">DE LA ACELA\u0218I AUTOR<\/a><\/h4>\n<div id=\"tdi_3\" class=\"td_block_inner\">\n<div class=\"td-related-row\">\n<div class=\"td-related-span4\">\n<div class=\"td_module_related_posts td-animation-stack td_mod_related_posts\">\n<div class=\"td-module-image\">\n<div class=\"td-module-thumb\"><a href=\"https:\/\/orasul-timisoara.ro\/local-38312\/\" rel=\"bookmark\" class=\"td-image-wrap \" title=\"\u00centreruperi de ap\u0103 \u0219i presiune sc\u0103zut\u0103 \u00een Timi\u0219: lucr\u0103ri programate de Aquatim\"><img loading=\"lazy\" decoding=\"async\" class=\"entry-thumb\" src=\"https:\/\/orasul-timisoara.ro\/wp-content\/uploads\/2021\/04\/apa-pahar.jpg\" alt title=\"\u00centreruperi de ap\u0103 \u0219i presiune sc\u0103zut\u0103 \u00een Timi\u0219: lucr\u0103ri programate de Aquatim\" width=\"218\" height=\"150\"><\/a><\/div>\n<\/div>\n<div class=\"item-details\">\n<h3 class=\"entry-title td-module-title\"><a href=\"https:\/\/orasul-timisoara.ro\/local-38312\/\" rel=\"bookmark\" title=\"\u00centreruperi de ap\u0103 \u0219i presiune sc\u0103zut\u0103 \u00een Timi\u0219: lucr\u0103ri programate de Aquatim\">\u00centreruperi de ap\u0103 \u0219i presiune sc\u0103zut\u0103 \u00een Timi\u0219: lucr\u0103ri programate de Aquatim<\/a><\/h3>\n<\/div>\n<\/div>\n<\/div>\n<div class=\"td-related-span4\">\n<div class=\"td_module_related_posts td-animation-stack td_mod_related_posts\">\n<div class=\"td-module-image\">\n<div class=\"td-module-thumb\"><a href=\"https:\/\/orasul-timisoara.ro\/local-38136\/\" rel=\"bookmark\" class=\"td-image-wrap \" title=\"Lucr\u0103ri Aquatim \u00een vestul \u021b\u0103rii: lista complet\u0103 a zonelor afectate \u0219i intervalele orare\"><img loading=\"lazy\" decoding=\"async\" class=\"entry-thumb\" src=\"https:\/\/orasul-timisoara.ro\/wp-content\/uploads\/2020\/05\/aquatm-apa.jpg\" alt title=\"Lucr\u0103ri Aquatim \u00een vestul \u021b\u0103rii: lista complet\u0103 a zonelor afectate \u0219i intervalele orare\" width=\"218\" height=\"150\"><\/a><\/div>\n<\/div>\n<div class=\"item-details\">\n<h3 class=\"entry-title td-module-title\"><a href=\"https:\/\/orasul-timisoara.ro\/local-38136\/\" rel=\"bookmark\" title=\"Lucr\u0103ri Aquatim \u00een vestul \u021b\u0103rii: lista complet\u0103 a zonelor afectate \u0219i intervalele orare\">Lucr\u0103ri Aquatim \u00een vestul \u021b\u0103rii: lista complet\u0103 a zonelor afectate \u0219i intervalele orare<\/a><\/h3>\n<\/div>\n<\/div>\n<\/div>\n<div class=\"td-related-span4\">\n<div class=\"td_module_related_posts td-animation-stack td_mod_related_posts\">\n<div class=\"td-module-image\">\n<div class=\"td-module-thumb\"><a href=\"https:\/\/orasul-timisoara.ro\/local-37983\/\" rel=\"bookmark\" class=\"td-image-wrap \" title=\"C\u0103lin Dobra: centru nou pentru de\u0219euri din construc\u021bii, deschis la Lugoj\"><img loading=\"lazy\" decoding=\"async\" class=\"entry-thumb\" src=\"https:\/\/orasul-timisoara.ro\/wp-content\/uploads\/2026\/04\/centru-deseuri-436x300.jpg\" alt title=\"C\u0103lin Dobra: centru nou pentru de\u0219euri din construc\u021bii, deschis la Lugoj\" width=\"218\" height=\"150\"><\/a><\/div>\n<\/div>\n<div class=\"item-details\">\n<h3 class=\"entry-title td-module-title\"><a href=\"https:\/\/orasul-timisoara.ro\/local-37983\/\" rel=\"bookmark\" title=\"C\u0103lin Dobra: centru nou pentru de\u0219euri din construc\u021bii, deschis la Lugoj\">C\u0103lin Dobra: centru nou pentru de\u0219euri din construc\u021bii, deschis la Lugoj<\/a><\/h3>\n<\/div>\n<\/div>\n<\/div>\n<\/div>\n<\/div>\n<\/div>\n<div class=\"comments\" id=\"comments\">\n<div id=\"respond\" class=\"comment-respond\">\n<h3 id=\"reply-title\" class=\"comment-reply-title\">L\u0102SA\u021aI UN MESAJ<\/h3>\n<div class=\"comment-form-input-wrap td-form-comment\">\n<div class=\"td-warning-comment\">V\u0103 rug\u0103m s\u0103 introduce\u021bi comentariul dvs.!<\/div>\n<\/div>\n<div class=\"comment-form-input-wrap td-form-author\">\n<div class=\"td-warning-author\">Introduce\u021bi aici numele dvs.<\/div>\n<\/div>\n<div class=\"comment-form-input-wrap td-form-email\">\n<div class=\"td-warning-email-error\">A\u021bi introdus o adres\u0103 de e-mail incorect\u0103!<\/div>\n<div class=\"td-warning-email\">V\u0103 rug\u0103m s\u0103 introduce\u021bi adresa dvs. de e-mail aici<\/div>\n<\/div>\n<\/div>\n<p class=\"akismet_comment_form_privacy_notice\">Acest site folose\u0219te Akismet pentru a reduce spamul. <a href=\"https:\/\/akismet.com\/privacy\/\" target=\"_blank\" rel=\"nofollow noopener\">Afl\u0103 cum sunt procesate datele comentariilor tale<\/a>.<\/p>\n<\/div>\n<\/div>\n<\/div>\n<div class=\"td-pb-span4 td-main-sidebar\" role=\"complementary\">\n<div class=\"td-ss-main-sidebar\">\n<aside id=\"block-4\" class=\"td_block_template_8 widget block-4 widget_block widget_media_image\">\n<figure class=\"wp-block-image size-full\"><img decoding=\"async\" loading=\"lazy\" width=\"336\" height=\"280\" src=\"https:\/\/orasul-timisoara.ro\/wp-content\/uploads\/2024\/11\/ReTIM-Abonamentul-Verde-Google-Ads-336x280px.gif\" alt class=\"wp-image-29257\"><\/figure>\n<\/aside>\n<div class=\"td_block_wrap td_block_social_counter td_block_widget tdi_6 td-social-style5 td-social-boxed td-pb-border-top td_block_template_8\">\n<div class=\"td-block-title-wrap\">\n<h4 class=\"td-block-title\"><span>Urm\u0103re\u0219te-ne pe Social Media<\/span><\/h4>\n<\/div>\n<div class=\"td-social-list\">\n<div class=\"td_social_type td-pb-margin-side td_social_facebook\">\n<div class=\"td-social-box\"><span class=\"td_social_info td_social_info_counter\">344,595<\/span><span class=\"td_social_info td_social_info_name\">Fani<\/span><span class=\"td_social_button\"><a href=\"https:\/\/www.facebook.com\/247timisoara\" target=\"_blank\" rel=\"nofollow\">\u00cemi place<\/a><\/span><\/div>\n<\/div>\n<div class=\"td_social_type td-pb-margin-side td_social_instagram\">\n<div class=\"td-social-box\"><span class=\"td_social_info td_social_info_counter\">4,416<\/span><span class=\"td_social_info td_social_info_name\">Cititori<\/span><span class=\"td_social_button\"><a href=\"https:\/\/instagram.com\/orasultimisoararo\/\" target=\"_blank\" rel=\"nofollow\">Conecta\u021bi-v\u0103<\/a><\/span><\/div>\n<\/div>\n<div class=\"td_social_type td-pb-margin-side td_social_rss\">\n<div class=\"td-social-box\"><span class=\"td_social_info td_social_info_counter\">12,506<\/span><span class=\"td_social_info td_social_info_name\">Cititori<\/span><span class=\"td_social_button\"><a href=\"https:\/\/orasul-timisoara.ro\/feed\/\" target=\"_blank\" rel=\"nofollow\">Conecta\u021bi-v\u0103<\/a><\/span><\/div>\n<\/div>\n<div class=\"td_social_type td-pb-margin-side td_social_tiktok\">\n<div class=\"td-social-box\"><span class=\"td_social_info td_social_info_counter\">1,500<\/span><span class=\"td_social_info td_social_info_name\">Cititori<\/span><span class=\"td_social_button\"><a href=\"https:\/\/www.tiktok.com\/@orasultimisoara\" target=\"_blank\" rel=\"nofollow\">Conecta\u021bi-v\u0103<\/a><\/span><\/div>\n<\/div>\n<div class=\"td_social_type td-pb-margin-side td_social_twitter\">\n<div class=\"td-social-box\"><span class=\"td_social_info td_social_info_counter\">1,595<\/span><span class=\"td_social_info td_social_info_name\">Cititori<\/span><span class=\"td_social_button\"><a href=\"https:\/\/twitter.com\/orasultm\" target=\"_blank\" rel=\"nofollow\">Conecta\u021bi-v\u0103<\/a><\/span><\/div>\n<\/div>\n<div class=\"td_social_type td-pb-margin-side td_social_youtube\">\n<div class=\"td-social-box\"><span class=\"td_social_info td_social_info_counter\">3,506<\/span><span class=\"td_social_info td_social_info_name\">Abona\u021bi<\/span><span class=\"td_social_button\"><a href=\"https:\/\/www.youtube.com\/channel\/UCQNsQvs2XCSIm1Z-AHRturw?sub_confirmation=1\" target=\"_blank\" rel=\"nofollow\">Abona\u021bi-v\u0103<\/a><\/span><\/div>\n<\/div>\n<\/div>\n<\/div>\n<aside id=\"text-7\" class=\"td_block_template_8 widget text-7 widget_text\">\n<h4 class=\"td-block-title\"><span>C\u0103ut\u0103ri populare pe OTM<\/span><\/h4>\n<div class=\"textwidget\"><a href=\"https:\/\/orasul-timisoara.ro\/?s=timisoara\"><span>Timisoara<\/span><\/a><a href=\"https:\/\/orasul-timisoara.ro\/?s=calin+dobra\"><span>Calin Dobra<\/span><\/a><a href=\"https:\/\/orasul-timisoara.ro\/?s=primaria+timisoara\"><span>Primaria Timisoara<\/span><\/a><a href=\"https:\/\/orasul-timisoara.ro\/?s=dominic+fritz\"><span>Dominic Fritz<\/span><\/a><a href=\"https:\/\/orasul-timisoara.ro\/?s=nicolae+robu\"><span>Nicolae Robu<\/span><\/a><a href=\"https:\/\/orasul-timisoara.ro\/?s=consiliul+local+timisoara\">Consiliul Local Timisoara<\/a><a href=\"https:\/\/orasul-timisoara.ro\/?s=consiliul+judetean+timis\"><span>Consiliul Judetean Timis<\/span><\/a><a href=\"https:\/\/orasul-timisoara.ro\/?s=cjt\"><span>CJT<\/span><\/a><a href=\"https:\/\/orasul-timisoara.ro\/?s=Alfred+Simonis\"><span>Alfred Simonis<\/span><\/a><a href=\"https:\/\/orasul-timisoara.ro\/?s=PNL\"><span>PNL<\/span><\/a><a href=\"https:\/\/orasul-timisoara.ro\/?s=coronavirus\"><span>coronavirus<\/span><\/a><a href=\"https:\/\/orasul-timisoara.ro\/?s=teatru+timisoara\">teatru Timisoara<\/a><a href=\"https:\/\/orasul-timisoara.ro\/?s=restaurante\"><span>restaurante Timisoara<\/span><\/a><a href=\"https:\/\/orasul-timisoara.ro\/?s=diskoteka\"><span>Diskoteka<\/span><\/a><a href=\"https:\/\/orasul-timisoara.ro\/?s=iulius+town\"><span>Iulius Town<\/span><\/a><a href=\"https:\/\/orasul-timisoara.ro\/?s=iulius+mall\"><span>Iulius Mall<\/span><\/a><a href=\"https:\/\/orasul-timisoara.ro\/?s=stpt\"><span>STPT<\/span><\/a><a href=\"https:\/\/orasul-timisoara.ro\/?s=alin+nica\"><span>Alin Nica<\/span><\/a><a href=\"https:\/\/orasul-timisoara.ro\/?s=psd\"><span>PSD<\/span><\/a><a href=\"https:\/\/orasul-timisoara.ro\/?s=aeroport\"><span>Aeroportul International Timisoara<\/span><\/a><a href=\"https:\/\/orasul-timisoara.ro\/?s=babes\"><span>Spitalul Victor Babes Timisoara<\/span><\/a><a href=\"https:\/\/orasul-timisoara.ro\/?s=poli\"><span>Poli Timi\u0219oara<\/span><\/a><a href=\"https:\/\/orasul-timisoara.ro\/?s=carantina\"><span>carantina<\/span><\/a><a href=\"https:\/\/orasul-timisoara.ro\/?s=aquatim\"><span>Aquatim<\/span><\/a><a href=\"https:\/\/orasul-timisoara.ro\/local-category\/stiri-timisoara\/\"><span>Stiri Timisoara<\/span><\/a><a href=\"https:\/\/orasul-timisoara.ro\/local-category\/investitii-in-timisoara\/\"><span>Investi\u021bii in Timi\u0219oara<\/span><\/a><a href=\"https:\/\/orasul-timisoara.ro\/local-9463\/\"><span>shaorma<\/span><\/a><a href=\"https:\/\/orasul-timisoara.ro\/?s=trafic\"><span>trafic rutier<\/span><\/a><a href=\"https:\/\/orasul-timisoara.ro\/?s=politia\"><span>politia locala timisoara<\/span><\/a><a href=\"https:\/\/orasul-timisoara.ro\/?s=roxana\"><span>Roxana Iliescu<\/span><\/a><a href=\"https:\/\/orasul-timisoara.ro\/?s=colterm\"><span>Colterm<\/span><\/a><a href=\"https:\/\/orasul-timisoara.ro\/?s=latcau\"><span>Ruben La\u021bc\u0103u<\/span><\/a><a href=\"https:\/\/orasul-timisoara.ro\/?s=timis\"><span>\u0218tiri din Timi\u0219<\/span><\/a><a href=\"https:\/\/orasul-timisoara.ro\/?s=spital\"><span>Spitale din Timi\u0219oara<\/span><\/a><a href=\"https:\/\/orasul-timisoara.ro\/?s=tabara\"><span>Cosmin Tab\u0103r\u0103<\/span><\/a><\/div>\n<\/aside>\n<aside id=\"rss-2\" class=\"td_block_template_8 widget rss-2 widget_rss\">\n<h4 class=\"td-block-title\"><span><a class=\"rsswidget rss-widget-feed\" href=\"https:\/\/fashionfridays.ro\/feed\"><img decoding=\"async\" class=\"rss-widget-icon\" width=\"14\" height=\"14\" src=\"https:\/\/orasul-timisoara.ro\/wp-includes\/images\/rss.png\" alt=\"RSS\" loading=\"lazy\"><\/a><a class=\"rsswidget rss-widget-title\" href=\"https:\/\/fashionfridays.ro\/\">Fashion Fridays<\/a><\/span><\/h4>\n<ul>\n<li><a class=\"rsswidget\" href=\"https:\/\/fashionfridays.ro\/crocs-lanseaza-crocband-gum-clog-confort-iconic-cu-influente-retro-sport-pentru-primavara\/\">Crocs lanseaz\u0103 Crocband Gum Clog: confort iconic cu influen\u021be retro-sport pentru prim\u0103var\u0103<\/a>\n<div class=\"rssSummary\">Martie marcheaz\u0103 acel moment al anului \u00een care stilul \u00eencepe s\u0103 se relaxeze. Zilele devin mai lungi, ritmul ora\u0219ului se schimb\u0103, iar garderoba face tranzi\u021bia c\u0103tre piese care pun confortul pe primul loc, f\u0103r\u0103 s\u0103 renun\u021be la atitudine. Este sezonul \u00een care autenticitatea devine declara\u021bie de stil, iar alegerile vestimentare reflect\u0103 mai mult ca oric\u00e2nd [\u2026]<\/div>\n<\/li>\n<\/ul>\n<\/aside>\n<aside id=\"rss-4\" class=\"td_block_template_8 widget rss-4 widget_rss\">\n<h4 class=\"td-block-title\"><span><a class=\"rsswidget rss-widget-feed\" href=\"https:\/\/emasini.ro\/feed\"><img decoding=\"async\" class=\"rss-widget-icon\" width=\"14\" height=\"14\" src=\"https:\/\/orasul-timisoara.ro\/wp-includes\/images\/rss.png\" alt=\"RSS\" loading=\"lazy\"><\/a><a class=\"rsswidget rss-widget-title\" href=\"https:\/\/emasini.ro\/\">eMasini<\/a><\/span><\/h4>\n<ul>\n<li><a class=\"rsswidget\" href=\"https:\/\/emasini.ro\/traficul-rutier-sub-analiza-recensamant-national-pentru-modernizarea-infrastructurii\/\">Traficul rutier, sub analiz\u0103: recens\u0103m\u00e2nt na\u021bional pentru modernizarea infrastructurii<\/a>\n<div class=\"rssSummary\">Compania Na\u021bional\u0103 de Administrare a Infrastructurii Rutiere, prin Centrul de Studii Tehnice Rutiere \u0219i Informatic\u0103, preg\u0103te\u0219te una dintre cele mai importante ac\u021biuni de colectare de date din domeniul transporturilor: Recens\u0103m\u00e2ntul General de Circula\u021bie Rutier\u0103. Demersul are un rol strategic \u00een fundamentarea deciziilor privind dezvoltarea \u0219i modernizarea infrastructurii rutiere din Rom\u00e2nia. Ac\u021biunea este coordonat\u0103 de CNAIR, [\u2026]<\/div>\n<\/li>\n<\/ul>\n<\/aside>\n<\/div>\n<\/div>\n<\/div>\n<\/div>\n<\/article>\n<div class=\"td-post-content tagdiv-type\">\n<p>Prim\u0103ria municipiului Lugoj a demarat o ampl\u0103 ac\u021biune de identificare \u0219i sanc\u021bionare a autovehiculelor abandonate sau f\u0103r\u0103 proprietar, aflate pe domeniul public. Anun\u021bul a fost f\u0103cut de primarul C\u0103lin Dobra, care a precizat c\u0103 Poli\u021bia Local\u0103 a \u00eenceput deja aplicarea primelor soma\u021bii \u00een teren.<\/p>\n<p>M\u0103sura vine \u00een baza unui regulament aprobat de Consiliul Local Lugoj, care stabile\u0219te clar condi\u021biile \u00een care un autovehicul poate fi considerat abandonat sau f\u0103r\u0103 proprietar. Astfel, ma\u0219inile care nu de\u021bin Inspec\u021bie Tehnic\u0103 Periodic\u0103 (ITP) valabil\u0103 sau poli\u021b\u0103 de asigurare obligatorie RCA sunt vizate de aceast\u0103 ac\u021biune, indiferent dac\u0103 proprietarul este cunoscut sau nu.<\/p>\n<p>Potrivit autorit\u0103\u021bilor, proprietarii soma\u021bi au la dispozi\u021bie un termen de 10 zile pentru a elibera domeniul public sau pentru a aduce vehiculul \u00een stare legal\u0103 de circula\u021bie. \u00cen cazul \u00een care nu se conformeaz\u0103, autovehiculele vor fi ridicate de autorit\u0103\u021bi \u0219i vor intra \u00een proprietatea municipiului Lugoj, conform legisla\u021biei \u00een vigoare.<\/p>\n<figure class=\"wp-block-gallery has-nested-images columns-4 is-cropped td-modal-on-gallery wp-block-gallery-1 is-layout-flex wp-block-gallery-is-layout-flex\">\n<figure class=\"wp-block-image size-full\"><img loading=\"lazy\" decoding=\"async\" width=\"1080\" height=\"1440\" data-id=\"38305\" src=\"https:\/\/orasul-timisoara.ro\/wp-content\/uploads\/2026\/04\/678402013_1506700824159040_5826208692942818802_n.jpg\" alt class=\"wp-image-38305\"><\/figure>\n<figure class=\"wp-block-image size-full\"><img loading=\"lazy\" decoding=\"async\" width=\"1080\" height=\"1440\" data-id=\"38309\" src=\"https:\/\/orasul-timisoara.ro\/wp-content\/uploads\/2026\/04\/678110550_1506700800825709_4215306628568829507_n.jpg\" alt class=\"wp-image-38309\"><\/figure>\n<figure class=\"wp-block-image size-full\"><img loading=\"lazy\" decoding=\"async\" width=\"1440\" height=\"1080\" data-id=\"38306\" src=\"https:\/\/orasul-timisoara.ro\/wp-content\/uploads\/2026\/04\/678164764_1506700764159046_504517307700373499_n.jpg\" alt class=\"wp-image-38306\"><\/figure>\n<figure class=\"wp-block-image size-full\"><img decoding=\"async\" loading=\"lazy\" width=\"1440\" height=\"1080\" data-id=\"38307\" src=\"https:\/\/orasul-timisoara.ro\/wp-content\/uploads\/2026\/04\/678600480_1506700734159049_3068919062961887837_n.jpg\" alt class=\"wp-image-38307\"><\/figure>\n<figure class=\"wp-block-image size-full\"><img decoding=\"async\" loading=\"lazy\" width=\"1440\" height=\"1080\" data-id=\"38308\" src=\"https:\/\/orasul-timisoara.ro\/wp-content\/uploads\/2026\/04\/677822517_1506700730825716_2365704916717480864_n.jpg\" alt class=\"wp-image-38308\"><\/figure>\n<\/figure>\n<p>Reprezentan\u021bii administra\u021biei locale subliniaz\u0103 c\u0103 aceast\u0103 ini\u021biativ\u0103 are ca scop eliberarea spa\u021biilor publice, \u00eembun\u0103t\u0103\u021birea aspectului urban \u0219i cre\u0219terea siguran\u021bei cet\u0103\u021benilor. \u00cen multe cartiere din ora\u0219, ma\u0219inile abandonate ocup\u0103 locuri de parcare valoroase \u0219i pot deveni surse de poluare sau pericol.<\/p>\n<p>Ac\u021biunea Poli\u021biei Locale Lugoj va continua zilnic, urm\u00e2nd s\u0103 acopere toate zonele ora\u0219ului. Autorit\u0103\u021bile \u00eei \u00eendeamn\u0103 pe cet\u0103\u021beni s\u0103 verifice starea legal\u0103 a autovehiculelor \u0219i s\u0103 respecte reglement\u0103rile \u00een vigoare pentru a evita sanc\u021biunile.<\/p>\n<\/div>\n<p>[analyse_source url=&#8221;https:\/\/orasul-timisoara.ro\/local-38304\/&#8221;]<\/p>\n","protected":false},"excerpt":{"rendered":"<p>[analyse_image type=&#8221;featured&#8221; src=&#8221;https:\/\/orasul-timisoara.ro\/wp-content\/uploads\/2026\/04\/masini-abandonate-x.jpg&#8221;] Administra\u021bie local\u0103Prim\u0103ria Lugoj \u00eencepe ridicarea ma\u0219inilor abandonate de pe domeniul public Administra\u021bie local\u0103 \u0218tiri Locale Prim\u0103ria Lugoj \u00eencepe ridicarea ma\u0219inilor abandonate de pe domeniul public De c\u0103tre redactia &#8211; 21\/04\/2026 Facebook Twitter WhatsApp Linkedin ReddIt Email Imprimare Prim\u0103ria municipiului Lugoj a demarat o ampl\u0103 ac\u021biune de identificare \u0219i sanc\u021bionare a autovehiculelor abandonate [&hellip;]<\/p>\n","protected":false},"author":1,"featured_media":0,"comment_status":"open","ping_status":"","sticky":false,"template":"","format":"standard","meta":{"footnotes":""},"categories":[89],"tags":[226,189],"class_list":["post-1895337","post","type-post","status-publish","format-standard","hentry","category-romania","tag-crawlmanager","tag-orasul-timisoara-ro"],"_links":{"self":[{"href":"https:\/\/analyse.optim.biz\/index.php?rest_route=\/wp\/v2\/posts\/1895337","targetHints":{"allow":["GET"]}}],"collection":[{"href":"https:\/\/analyse.optim.biz\/index.php?rest_route=\/wp\/v2\/posts"}],"about":[{"href":"https:\/\/analyse.optim.biz\/index.php?rest_route=\/wp\/v2\/types\/post"}],"author":[{"embeddable":true,"href":"https:\/\/analyse.optim.biz\/index.php?rest_route=\/wp\/v2\/users\/1"}],"replies":[{"embeddable":true,"href":"https:\/\/analyse.optim.biz\/index.php?rest_route=%2Fwp%2Fv2%2Fcomments&post=1895337"}],"version-history":[{"count":0,"href":"https:\/\/analyse.optim.biz\/index.php?rest_route=\/wp\/v2\/posts\/1895337\/revisions"}],"wp:attachment":[{"href":"https:\/\/analyse.optim.biz\/index.php?rest_route=%2Fwp%2Fv2%2Fmedia&parent=1895337"}],"wp:term":[{"taxonomy":"category","embeddable":true,"href":"https:\/\/analyse.optim.biz\/index.php?rest_route=%2Fwp%2Fv2%2Fcategories&post=1895337"},{"taxonomy":"post_tag","embeddable":true,"href":"https:\/\/analyse.optim.biz\/index.php?rest_route=%2Fwp%2Fv2%2Ftags&post=1895337"}],"curies":[{"name":"wp","href":"https:\/\/api.w.org\/{rel}","templated":true}]}}