{"id":1895333,"date":"2026-04-20T12:34:03","date_gmt":"2026-04-20T09:34:03","guid":{"rendered":"https:\/\/analyse.optim.biz\/?p=1895333"},"modified":"2026-04-20T12:34:03","modified_gmt":"2026-04-20T09:34:03","slug":"ride-ride-ride-aduna-100-de-biciclisti-la-timisoara-succes-pentru-mobilitatea-urbana","status":"publish","type":"post","link":"https:\/\/analyse.optim.biz\/?p=1895333","title":{"rendered":"\u201eRide &amp; Ride &amp; Ride\u201d adun\u0103 100 de bicicli\u0219ti la Timi\u0219oara: succes pentru mobilitatea urban\u0103"},"content":{"rendered":"<p>[analyse_image type=&#8221;featured&#8221; src=&#8221;https:\/\/orasul-timisoara.ro\/wp-content\/uploads\/2026\/04\/Foto_Gabriel_Amza-4-1.jpg&#8221;]<\/p>\n<article id=\"post-38253\" class=\"td-post-template-7 post-38253 post type-post status-publish format-standard has-post-thumbnail category-evenimente-in-timisoara category-featured category-stiri-timisoara tag-anul-bicicletei tag-ciclism-timisoara tag-comunitate-ciclism tag-evenimente-sport tag-mobilitate-urbana tag-pedale-app-2 tag-pedallez tag-ride-and-ride tag-trasee-biciclete td-container-wrap\">\n<div class=\"td-full-screen-header-image-wrap\">\n<div class=\"td-container td-post-header\">\n<div class=\"td-crumb-container\">\n<div class=\"entry-crumbs\"><span><a title=\"Vede\u021bi toate articolele \u00een Evenimente in Timisoara\" class=\"entry-crumb\" href=\"https:\/\/orasul-timisoara.ro\/local-category\/evenimente-in-timisoara\/\">Evenimente in Timisoara<\/a><\/span><span class=\"td-bred-no-url-last\">\u201eRide &amp; Ride &amp; Ride\u201d adun\u0103 100 de bicicli\u0219ti la Timi\u0219oara: succes&#8230;<\/span><\/div>\n<\/div>\n<div class=\"td-post-header-holder\">\n<div class=\"td-parallax-header\">\n<header class=\"td-post-title\">\n<ul class=\"td-category\">\n<li class=\"entry-category\"><a href=\"https:\/\/orasul-timisoara.ro\/local-category\/evenimente-in-timisoara\/\">Evenimente in Timisoara<\/a><\/li>\n<li class=\"entry-category\"><a href=\"https:\/\/orasul-timisoara.ro\/local-category\/stiri-timisoara\/\">\u0218tiri Locale<\/a><\/li>\n<\/ul>\n<h1 class=\"entry-title\">\u201eRide &amp; Ride &amp; Ride\u201d adun\u0103 100 de bicicli\u0219ti la Timi\u0219oara: succes pentru mobilitatea urban\u0103<\/h1>\n<div class=\"td-module-meta-info\">\n<div class=\"td-post-author-name\">\n<div class=\"td-author-by\">De c\u0103tre<\/div>\n<p><a href=\"https:\/\/orasul-timisoara.ro\/author\/timisoara\/\">redactia<\/a><\/p>\n<div class=\"td-author-line\"> &#8211; <\/div>\n<\/div>\n<p><span class=\"td-post-date\"><time class=\"entry-date updated td-module-date\" datetime=\"2026-04-20T15:34:03+03:00\">20\/04\/2026<\/time><\/span><\/div>\n<\/header>\n<\/div>\n<\/div>\n<\/div>\n<div id=\"td-full-screen-header-image\" class=\"td-image-gradient-style7\"><img decoding=\"async\" class=\"td-backstretch\" src=\"https:\/\/orasul-timisoara.ro\/wp-content\/uploads\/2026\/04\/Foto_Gabriel_Amza-4-1.jpg\"><\/div>\n<\/div>\n<div class=\"td-container\">\n<div class=\"td-pb-row\">\n<div class=\"td-pb-span8 td-main-content\" role=\"main\">\n<div class=\"td-ss-main-content\">\n<div class=\"td-post-sharing-top\">\n<div class=\"td-post-sharing-classic\"><iframe title=\"topFacebookLike\" frameborder src=\"https:\/\/www.facebook.com\/plugins\/like.php?href=https:\/\/orasul-timisoara.ro\/local-38253\/&amp;layout=button_count&amp;show_faces=false&amp;width=105&amp;action=like&amp;colorscheme=light&amp;height=21\"><\/iframe><\/div>\n<div id=\"td_social_sharing_article_top\" class=\"td-post-sharing td-ps-bg td-ps-notext td-post-sharing-style1 \">\n<div class=\"td-post-sharing-visible\"><a class=\"td-social-sharing-button td-social-sharing-button-js td-social-network td-social-facebook\" href=\"https:\/\/www.facebook.com\/sharer.php?u=https%3A%2F%2Forasul-timisoara.ro%2Flocal-38253%2F\" title=\"Facebook\"><\/p>\n<div class=\"td-social-but-text\">Facebook<\/div>\n<p><\/a><a class=\"td-social-sharing-button td-social-sharing-button-js td-social-network td-social-twitter\" href=\"https:\/\/twitter.com\/intent\/tweet?text=%E2%80%9ERide+%26+Ride+%26+Ride%E2%80%9D+adun%C4%83+100+de+bicicli%C8%99ti+la+Timi%C8%99oara%3A+succes+pentru+mobilitatea+urban%C4%83&amp;url=https%3A%2F%2Forasul-timisoara.ro%2Flocal-38253%2F&amp;via=orasultm\" title=\"Twitter\"><\/p>\n<div class=\"td-social-but-text\">Twitter<\/div>\n<p><\/a><a class=\"td-social-sharing-button td-social-sharing-button-js td-social-network td-social-whatsapp\" href=\"https:\/\/api.whatsapp.com\/send?text=%E2%80%9ERide+%26+Ride+%26+Ride%E2%80%9D+adun%C4%83+100+de+bicicli%C8%99ti+la+Timi%C8%99oara%3A+succes+pentru+mobilitatea+urban%C4%83%20%0A%0A%20https:\/\/orasul-timisoara.ro\/local-38253\/\" title=\"WhatsApp\"><\/p>\n<div class=\"td-social-but-text\">WhatsApp<\/div>\n<p><\/a><a class=\"td-social-sharing-button td-social-sharing-button-js td-social-network td-social-linkedin\" href=\"https:\/\/www.linkedin.com\/shareArticle?mini=true&amp;url=https:\/\/orasul-timisoara.ro\/local-38253\/&amp;title=%E2%80%9ERide+%26+Ride+%26+Ride%E2%80%9D+adun%C4%83+100+de+bicicli%C8%99ti+la+Timi%C8%99oara%3A+succes+pentru+mobilitatea+urban%C4%83\" title=\"Linkedin\"><\/p>\n<div class=\"td-social-but-text\">Linkedin<\/div>\n<p><\/a><a class=\"td-social-sharing-button td-social-sharing-button-js td-social-network td-social-reddit\" href=\"https:\/\/reddit.com\/submit?url=https:\/\/orasul-timisoara.ro\/local-38253\/&amp;title=%E2%80%9ERide+%26+Ride+%26+Ride%E2%80%9D+adun%C4%83+100+de+bicicli%C8%99ti+la+Timi%C8%99oara%3A+succes+pentru+mobilitatea+urban%C4%83\" title=\"ReddIt\"><\/p>\n<div class=\"td-social-but-text\">ReddIt<\/div>\n<p><\/a><a class=\"td-social-sharing-button td-social-sharing-button-js td-social-network td-social-mail\" href=\"mailto:?subject=%E2%80%9ERide%20&amp;%20Ride%20&amp;%20Ride%E2%80%9D%20adun%C4%83%20100%20de%20bicicli%C8%99ti%20la%20Timi%C8%99oara:%20succes%20pentru%20mobilitatea%20urban%C4%83&amp;body=https:\/\/orasul-timisoara.ro\/local-38253\/\" title=\"Email\"><\/p>\n<div class=\"td-social-but-text\">Email<\/div>\n<p><\/a><a class=\"td-social-sharing-button td-social-sharing-button-js td-social-network td-social-print\" href=\"https:\/\/orasul-timisoara.ro\/local-38253\/\" title=\"Imprimare\"><\/p>\n<div class=\"td-social-but-text\">Imprimare<\/div>\n<p><\/a><\/div>\n<\/div>\n<\/div>\n<div class=\"td-post-content tagdiv-type\">\n<p>Evenimentul \u201eRide &amp; Ride &amp; Ride\u201d, organizat pe 18 aprilie \u00een cadrul programului Anul Bicicletei \u00een Timi\u0219oara 2026, a reconfirmat interesul tot mai ridicat al timi\u0219orenilor pentru ciclism \u0219i mobilitate urban\u0103 alternativ\u0103. Ini\u021biativa a reunit o comunitate divers\u0103 de participan\u021bi, de la amatori p\u00e2n\u0103 la cicli\u0219ti experimenta\u021bi, demonstr\u00e2nd c\u0103 bicicleta devine tot mai mult un element central al vie\u021bii urbane.<\/p>\n<p>Evenimentul, organizat de Pedale App. \u0219i Pedallez, a \u00eenregistrat un interes ridicat \u00eenc\u0103 din faza de \u00eenscriere. Cele 100 de locuri disponibile au fost ocupate rapid, semn al unei comunit\u0103\u021bi active \u0219i \u00een cre\u0219tere. Participan\u021bii au transformat traseele din jurul ora\u0219ului \u00eentr-un veritabil tur al energiei \u0219i al mi\u0219c\u0103rii \u00een aer liber.<\/p>\n<p>Pentru a r\u0103spunde nivelurilor diferite de preg\u0103tire, organizatorii au propus trei rute distincte, fiecare adaptat\u0103 unui stil de pedalat:<br \/>\u2013 Ruta Pro, cu o lungime de 84 de kilometri, a fost destinat\u0103 cicli\u0219tilor experimenta\u021bi, fiind integral pe asfalt \u0219i travers\u00e2nd localit\u0103\u021bi precum S\u00e2nmihaiu Rom\u00e2n \u0219i Peciu Nou.<br \/>\u2013 Ruta Mixt\u0103, de 74 de kilometri, a combinat asfaltul cu segmente de gravel \u00een zona Dinia\u0219, oferind o experien\u021b\u0103 mai tehnic\u0103 pentru participan\u021bii \u00een c\u0103utare de diversitate.<br \/>\u2013 Ruta Accesibil\u0103, de 64 de kilometri, a fost g\u00e2ndit\u0103 pentru un ritm relaxat, incluz\u00e2nd \u0219i por\u021biuni pitore\u0219ti de-a lungul Canalul Bega, una dintre cele mai apreciate zone de agrement din apropierea Timi\u0219oara.<\/p>\n<p>Siguran\u021ba \u0219i confortul participan\u021bilor au fost prioritare. Grupurile au fost organizate \u00een func\u021bie de ritmul de deplasare, cu dou\u0103 categorii principale: un ritm sus\u021binut, pentru cicli\u0219tii experimenta\u021bi, \u0219i unul moderat, orientat spre socializare \u0219i explorare. Aceast\u0103 structur\u0103 a contribuit la un eveniment incluziv, \u00een care fiecare participant a putut pedala \u00een condi\u021bii optime.<\/p>\n<figure class=\"wp-block-gallery has-nested-images columns-7 is-cropped wp-block-gallery-1 is-layout-flex wp-block-gallery-is-layout-flex\">\n<figure class=\"wp-block-image size-large\"><img loading=\"lazy\" decoding=\"async\" width=\"1667\" height=\"2500\" data-id=\"38254\" src=\"https:\/\/orasul-timisoara.ro\/wp-content\/uploads\/2026\/04\/Foto.-Alexandrina-Ciortuz-2-1667x2500.jpg\" alt class=\"wp-image-38254\"><\/figure>\n<figure class=\"wp-block-image size-large\"><img loading=\"lazy\" decoding=\"async\" width=\"1667\" height=\"2500\" data-id=\"38256\" src=\"https:\/\/orasul-timisoara.ro\/wp-content\/uploads\/2026\/04\/Foto.-Alexandrina-Ciortuz-1667x2500.jpg\" alt class=\"wp-image-38256\"><\/figure>\n<figure class=\"wp-block-image size-large\"><img loading=\"lazy\" decoding=\"async\" width=\"1667\" height=\"2500\" data-id=\"38259\" src=\"https:\/\/orasul-timisoara.ro\/wp-content\/uploads\/2026\/04\/Foto.Alexandrina-Ciortuz-4-1667x2500.jpg\" alt class=\"wp-image-38259\"><\/figure>\n<figure class=\"wp-block-image size-large\"><img decoding=\"async\" loading=\"lazy\" width=\"1920\" height=\"1280\" data-id=\"38255\" src=\"https:\/\/orasul-timisoara.ro\/wp-content\/uploads\/2026\/04\/Foto_Gabriel_Amza-2.jpg\" alt class=\"wp-image-38255\"><\/figure>\n<figure class=\"wp-block-image size-large\"><img decoding=\"async\" loading=\"lazy\" width=\"1667\" height=\"2500\" data-id=\"38260\" src=\"https:\/\/orasul-timisoara.ro\/wp-content\/uploads\/2026\/04\/Foto_Gabriel_Amza-1667x2500.jpg\" alt class=\"wp-image-38260\"><\/figure>\n<figure class=\"wp-block-image size-large\"><img decoding=\"async\" loading=\"lazy\" width=\"1920\" height=\"1280\" data-id=\"38258\" src=\"https:\/\/orasul-timisoara.ro\/wp-content\/uploads\/2026\/04\/Foto_Gabriel_Amza-4.jpg\" alt class=\"wp-image-38258\"><\/figure>\n<figure class=\"wp-block-image size-large\"><img decoding=\"async\" loading=\"lazy\" width=\"1666\" height=\"2500\" data-id=\"38261\" src=\"https:\/\/orasul-timisoara.ro\/wp-content\/uploads\/2026\/04\/Foto_Gabriel_Amza-copy-5-1666x2500.jpg\" alt class=\"wp-image-38261\"><\/figure>\n<figure class=\"wp-block-image size-large\"><img decoding=\"async\" loading=\"lazy\" width=\"1920\" height=\"1280\" data-id=\"38257\" src=\"https:\/\/orasul-timisoara.ro\/wp-content\/uploads\/2026\/04\/Echipa-organizatori.jpg\" alt class=\"wp-image-38257\"><\/figure>\n<figure class=\"wp-block-image size-large\"><img decoding=\"async\" loading=\"lazy\" width=\"1920\" height=\"1280\" data-id=\"38262\" src=\"https:\/\/orasul-timisoara.ro\/wp-content\/uploads\/2026\/04\/Foto_Gabriel_Amza-3.jpg\" alt class=\"wp-image-38262\"><\/figure>\n<\/figure>\n<p>Ziua s-a \u00eencheiat \u00eentr-o atmosfer\u0103 festiv\u0103 la Brick by Brick, unde participan\u021bii au socializat \u0219i au celebrat reu\u0219ita evenimentului pe muzica artistului Serjio Malagamba.<\/p>\n<p>Succesul \u201eRide &amp; Ride &amp; Ride\u201d confirm\u0103 nu doar popularitatea ciclismului \u00een r\u00e2ndul timi\u0219orenilor, ci \u0219i poten\u021bialul ora\u0219ului de a dezvolta infrastructuri \u0219i ini\u021biative dedicate mobilit\u0103\u021bii sustenabile. Evenimentul se \u00eenscrie \u00eentr-o serie mai ampl\u0103 de ac\u021biuni menite s\u0103 promoveze un stil de via\u021b\u0103 activ \u0219i transportul ecologic, \u00een contextul \u00een care Timi\u0219oara \u00ee\u0219i consolideaz\u0103 statutul de ora\u0219 prietenos cu bicicli\u0219tii.<\/p>\n<\/div>\n<footer>\n<div class=\"td-post-source-tags\">\n<ul class=\"td-tags td-post-small-box clearfix\">\n<li><span>ETICHETE<\/span><\/li>\n<li><a href=\"https:\/\/orasul-timisoara.ro\/local-tag\/anul-bicicletei\/\">Anul Bicicletei<\/a><\/li>\n<li><a href=\"https:\/\/orasul-timisoara.ro\/local-tag\/ciclism-timisoara\/\">ciclism timisoara<\/a><\/li>\n<li><a href=\"https:\/\/orasul-timisoara.ro\/local-tag\/comunitate-ciclism\/\">comunitate ciclism<\/a><\/li>\n<li><a href=\"https:\/\/orasul-timisoara.ro\/local-tag\/evenimente-sport\/\">evenimente sport<\/a><\/li>\n<li><a href=\"https:\/\/orasul-timisoara.ro\/local-tag\/mobilitate-urbana\/\">mobilitate urbana<\/a><\/li>\n<li><a href=\"https:\/\/orasul-timisoara.ro\/local-tag\/pedale-app-2\/\">Pedale App<\/a><\/li>\n<li><a href=\"https:\/\/orasul-timisoara.ro\/local-tag\/pedallez\/\">Pedallez<\/a><\/li>\n<li><a href=\"https:\/\/orasul-timisoara.ro\/local-tag\/ride-and-ride\/\">Ride and Ride<\/a><\/li>\n<li><a href=\"https:\/\/orasul-timisoara.ro\/local-tag\/trasee-biciclete\/\">trasee biciclete<\/a><\/li>\n<\/ul>\n<\/div>\n<div class=\"td-post-sharing-bottom\">\n<div class=\"td-post-sharing-classic\"><iframe title=\"bottomFacebookLike\" frameborder src=\"https:\/\/www.facebook.com\/plugins\/like.php?href=https:\/\/orasul-timisoara.ro\/local-38253\/&amp;layout=button_count&amp;show_faces=false&amp;width=105&amp;action=like&amp;colorscheme=light&amp;height=21\"><\/iframe><\/div>\n<div id=\"td_social_sharing_article_bottom\" class=\"td-post-sharing td-ps-bg td-ps-notext td-post-sharing-style1 \">\n<div class=\"td-post-sharing-visible\"><a class=\"td-social-sharing-button td-social-sharing-button-js td-social-network td-social-facebook\" href=\"https:\/\/www.facebook.com\/sharer.php?u=https%3A%2F%2Forasul-timisoara.ro%2Flocal-38253%2F\" title=\"Facebook\"><\/p>\n<div class=\"td-social-but-text\">Facebook<\/div>\n<p><\/a><a class=\"td-social-sharing-button td-social-sharing-button-js td-social-network td-social-twitter\" href=\"https:\/\/twitter.com\/intent\/tweet?text=%E2%80%9ERide+%26+Ride+%26+Ride%E2%80%9D+adun%C4%83+100+de+bicicli%C8%99ti+la+Timi%C8%99oara%3A+succes+pentru+mobilitatea+urban%C4%83&amp;url=https%3A%2F%2Forasul-timisoara.ro%2Flocal-38253%2F&amp;via=orasultm\" title=\"Twitter\"><\/p>\n<div class=\"td-social-but-text\">Twitter<\/div>\n<p><\/a><a class=\"td-social-sharing-button td-social-sharing-button-js td-social-network td-social-whatsapp\" href=\"https:\/\/api.whatsapp.com\/send?text=%E2%80%9ERide+%26+Ride+%26+Ride%E2%80%9D+adun%C4%83+100+de+bicicli%C8%99ti+la+Timi%C8%99oara%3A+succes+pentru+mobilitatea+urban%C4%83%20%0A%0A%20https:\/\/orasul-timisoara.ro\/local-38253\/\" title=\"WhatsApp\"><\/p>\n<div class=\"td-social-but-text\">WhatsApp<\/div>\n<p><\/a><a class=\"td-social-sharing-button td-social-sharing-button-js td-social-network td-social-linkedin\" href=\"https:\/\/www.linkedin.com\/shareArticle?mini=true&amp;url=https:\/\/orasul-timisoara.ro\/local-38253\/&amp;title=%E2%80%9ERide+%26+Ride+%26+Ride%E2%80%9D+adun%C4%83+100+de+bicicli%C8%99ti+la+Timi%C8%99oara%3A+succes+pentru+mobilitatea+urban%C4%83\" title=\"Linkedin\"><\/p>\n<div class=\"td-social-but-text\">Linkedin<\/div>\n<p><\/a><a class=\"td-social-sharing-button td-social-sharing-button-js td-social-network td-social-reddit\" href=\"https:\/\/reddit.com\/submit?url=https:\/\/orasul-timisoara.ro\/local-38253\/&amp;title=%E2%80%9ERide+%26+Ride+%26+Ride%E2%80%9D+adun%C4%83+100+de+bicicli%C8%99ti+la+Timi%C8%99oara%3A+succes+pentru+mobilitatea+urban%C4%83\" title=\"ReddIt\"><\/p>\n<div class=\"td-social-but-text\">ReddIt<\/div>\n<p><\/a><a class=\"td-social-sharing-button td-social-sharing-button-js td-social-network td-social-mail\" href=\"mailto:?subject=%E2%80%9ERide%20&amp;%20Ride%20&amp;%20Ride%E2%80%9D%20adun%C4%83%20100%20de%20bicicli%C8%99ti%20la%20Timi%C8%99oara:%20succes%20pentru%20mobilitatea%20urban%C4%83&amp;body=https:\/\/orasul-timisoara.ro\/local-38253\/\" title=\"Email\"><\/p>\n<div class=\"td-social-but-text\">Email<\/div>\n<p><\/a><a class=\"td-social-sharing-button td-social-sharing-button-js td-social-network td-social-print\" href=\"https:\/\/orasul-timisoara.ro\/local-38253\/\" title=\"Imprimare\"><\/p>\n<div class=\"td-social-but-text\">Imprimare<\/div>\n<p><\/a><\/div>\n<\/div>\n<\/div>\n<div class=\"td-block-row td-post-next-prev\">\n<div class=\"td-block-span6 td-post-prev-post\">\n<div class=\"td-post-next-prev-content\"><span>Articolul precedent<\/span><a href=\"https:\/\/orasul-timisoara.ro\/local-38250\/\">Marilen Gabriel Pirtea, rectorul UVT, indic\u0103 principalele concluzii rezultate din studiul Deloitte 2026 asupra calit\u0103\u021bii vie\u021bii \u0219i bun\u0103st\u0103rii sociale \u00een Rom\u00e2nia<\/a><\/div>\n<\/div>\n<div class=\"td-block-span6 td-post-next-post\">\n<div class=\"td-post-next-prev-content\"><span>Articolul urm\u0103tor<\/span><a href=\"https:\/\/orasul-timisoara.ro\/local-38265\/\">Prim\u0103ria Timi\u0219oara a desemnat c\u00e2\u0219tig\u0103torul licita\u021biei pentru lucr\u0103rile la Podul Solventul, primul ce va fi construit \u00een ultimii 50 de ani \u00een ora\u0219 (foto)<\/a><\/div>\n<\/div>\n<\/div>\n<div class=\"td-author-name vcard author\"><span class=\"fn\"><a href=\"https:\/\/orasul-timisoara.ro\/author\/timisoara\/\">redactia<\/a><\/span><\/div>\n<p><span class=\"td-page-meta\"><\/span><span class=\"td-page-meta\"><span class=\"td-page-meta\"><\/span><\/span><span class=\"td-page-meta\"><\/span><\/footer>\n<div class=\"td_block_wrap td_block_related_posts tdi_3 td_with_ajax_pagination td-pb-border-top td_block_template_8\" data-td-block-uid=\"tdi_3\">\n<h4 class=\"td-related-title td-block-title\"><a id=\"tdi_4\" class=\"td-related-left td-cur-simple-item\" data-td_filter_value data-td_block_id=\"tdi_3\" href=\"https:\/\/orasul-timisoara.ro\/local-38253\/\">ARTICOLE SIMILARE<\/a><a id=\"tdi_5\" class=\"td-related-right\" data-td_filter_value=\"td_related_more_from_author\" data-td_block_id=\"tdi_3\" href=\"https:\/\/orasul-timisoara.ro\/local-38253\/\">DE LA ACELA\u0218I AUTOR<\/a><\/h4>\n<div id=\"tdi_3\" class=\"td_block_inner\">\n<div class=\"td-related-row\">\n<div class=\"td-related-span4\">\n<div class=\"td_module_related_posts td-animation-stack td_mod_related_posts\">\n<div class=\"td-module-image\">\n<div class=\"td-module-thumb\"><a href=\"https:\/\/orasul-timisoara.ro\/local-37953\/\" rel=\"bookmark\" class=\"td-image-wrap \" title=\"Dominic Fritz anun\u021b\u0103 c\u0103 a semnat contracte de 50 milioane de euro pentru transformarea Timi\u0219oarei\"><img loading=\"lazy\" decoding=\"async\" class=\"entry-thumb\" src=\"https:\/\/orasul-timisoara.ro\/wp-content\/uploads\/2026\/04\/dominic-fritz-006-436x300.jpg\" alt title=\"Dominic Fritz anun\u021b\u0103 c\u0103 a semnat contracte de 50 milioane de euro pentru transformarea Timi\u0219oarei\" width=\"218\" height=\"150\"><\/a><\/div>\n<\/div>\n<div class=\"item-details\">\n<h3 class=\"entry-title td-module-title\"><a href=\"https:\/\/orasul-timisoara.ro\/local-37953\/\" rel=\"bookmark\" title=\"Dominic Fritz anun\u021b\u0103 c\u0103 a semnat contracte de 50 milioane de euro pentru transformarea Timi\u0219oarei\">Dominic Fritz anun\u021b\u0103 c\u0103 a semnat contracte de 50 milioane de euro pentru transformarea Timi\u0219oarei<\/a><\/h3>\n<\/div>\n<\/div>\n<\/div>\n<div class=\"td-related-span4\">\n<div class=\"td_module_related_posts td-animation-stack td_mod_related_posts\">\n<div class=\"td-module-image\">\n<div class=\"td-module-thumb\"><a href=\"https:\/\/orasul-timisoara.ro\/local-37946\/\" rel=\"bookmark\" class=\"td-image-wrap \" title=\"Modernizare important\u0103 la Timi\u0219oara: podul de la Fabrica de \u021aig\u0103ri va fi complet ref\u0103cut\"><img loading=\"lazy\" decoding=\"async\" class=\"entry-thumb\" src=\"https:\/\/orasul-timisoara.ro\/wp-content\/uploads\/2026\/04\/658926074_1471346361027509_83233523392822369_n-436x300.jpg\" alt title=\"Modernizare important\u0103 la Timi\u0219oara: podul de la Fabrica de \u021aig\u0103ri va fi complet ref\u0103cut\" width=\"218\" height=\"150\"><\/a><\/div>\n<\/div>\n<div class=\"item-details\">\n<h3 class=\"entry-title td-module-title\"><a href=\"https:\/\/orasul-timisoara.ro\/local-37946\/\" rel=\"bookmark\" title=\"Modernizare important\u0103 la Timi\u0219oara: podul de la Fabrica de \u021aig\u0103ri va fi complet ref\u0103cut\">Modernizare important\u0103 la Timi\u0219oara: podul de la Fabrica de \u021aig\u0103ri va fi complet ref\u0103cut<\/a><\/h3>\n<\/div>\n<\/div>\n<\/div>\n<div class=\"td-related-span4\">\n<div class=\"td_module_related_posts td-animation-stack td_mod_related_posts\">\n<div class=\"td-module-image\">\n<div class=\"td-module-thumb\"><a href=\"https:\/\/orasul-timisoara.ro\/local-37745\/\" rel=\"bookmark\" class=\"td-image-wrap \" title=\"Timi\u0219oara introduce e-ticketing: pl\u0103\u021bi rapide \u0219i trasee inteligente \u00een transportul public\"><img loading=\"lazy\" decoding=\"async\" class=\"entry-thumb\" src=\"https:\/\/orasul-timisoara.ro\/wp-content\/uploads\/2026\/03\/eticcketing-tramvai-tm-436x300.jpg\" alt title=\"Timi\u0219oara introduce e-ticketing: pl\u0103\u021bi rapide \u0219i trasee inteligente \u00een transportul public\" width=\"218\" height=\"150\"><\/a><\/div>\n<\/div>\n<div class=\"item-details\">\n<h3 class=\"entry-title td-module-title\"><a href=\"https:\/\/orasul-timisoara.ro\/local-37745\/\" rel=\"bookmark\" title=\"Timi\u0219oara introduce e-ticketing: pl\u0103\u021bi rapide \u0219i trasee inteligente \u00een transportul public\">Timi\u0219oara introduce e-ticketing: pl\u0103\u021bi rapide \u0219i trasee inteligente \u00een transportul public<\/a><\/h3>\n<\/div>\n<\/div>\n<\/div>\n<\/div>\n<\/div>\n<\/div>\n<div class=\"comments\" id=\"comments\">\n<div id=\"respond\" class=\"comment-respond\">\n<h3 id=\"reply-title\" class=\"comment-reply-title\">L\u0102SA\u021aI UN MESAJ<\/h3>\n<div class=\"comment-form-input-wrap td-form-comment\">\n<div class=\"td-warning-comment\">V\u0103 rug\u0103m s\u0103 introduce\u021bi comentariul dvs.!<\/div>\n<\/div>\n<div class=\"comment-form-input-wrap td-form-author\">\n<div class=\"td-warning-author\">Introduce\u021bi aici numele dvs.<\/div>\n<\/div>\n<div class=\"comment-form-input-wrap td-form-email\">\n<div class=\"td-warning-email-error\">A\u021bi introdus o adres\u0103 de e-mail incorect\u0103!<\/div>\n<div class=\"td-warning-email\">V\u0103 rug\u0103m s\u0103 introduce\u021bi adresa dvs. de e-mail aici<\/div>\n<\/div>\n<\/div>\n<p class=\"akismet_comment_form_privacy_notice\">Acest site folose\u0219te Akismet pentru a reduce spamul. <a href=\"https:\/\/akismet.com\/privacy\/\" target=\"_blank\" rel=\"nofollow noopener\">Afl\u0103 cum sunt procesate datele comentariilor tale<\/a>.<\/p>\n<\/div>\n<\/div>\n<\/div>\n<div class=\"td-pb-span4 td-main-sidebar\" role=\"complementary\">\n<div class=\"td-ss-main-sidebar\">\n<aside id=\"block-4\" class=\"td_block_template_8 widget block-4 widget_block widget_media_image\">\n<figure class=\"wp-block-image size-full\"><img decoding=\"async\" loading=\"lazy\" width=\"336\" height=\"280\" src=\"https:\/\/orasul-timisoara.ro\/wp-content\/uploads\/2024\/11\/ReTIM-Abonamentul-Verde-Google-Ads-336x280px.gif\" alt class=\"wp-image-29257\"><\/figure>\n<\/aside>\n<div class=\"td_block_wrap td_block_social_counter td_block_widget tdi_6 td-social-style5 td-social-boxed td-pb-border-top td_block_template_8\">\n<div class=\"td-block-title-wrap\">\n<h4 class=\"td-block-title\"><span>Urm\u0103re\u0219te-ne pe Social Media<\/span><\/h4>\n<\/div>\n<div class=\"td-social-list\">\n<div class=\"td_social_type td-pb-margin-side td_social_facebook\">\n<div class=\"td-social-box\"><span class=\"td_social_info td_social_info_counter\">344,595<\/span><span class=\"td_social_info td_social_info_name\">Fani<\/span><span class=\"td_social_button\"><a href=\"https:\/\/www.facebook.com\/247timisoara\" target=\"_blank\" rel=\"nofollow\">\u00cemi place<\/a><\/span><\/div>\n<\/div>\n<div class=\"td_social_type td-pb-margin-side td_social_instagram\">\n<div class=\"td-social-box\"><span class=\"td_social_info td_social_info_counter\">4,416<\/span><span class=\"td_social_info td_social_info_name\">Cititori<\/span><span class=\"td_social_button\"><a href=\"https:\/\/instagram.com\/orasultimisoararo\/\" target=\"_blank\" rel=\"nofollow\">Conecta\u021bi-v\u0103<\/a><\/span><\/div>\n<\/div>\n<div class=\"td_social_type td-pb-margin-side td_social_rss\">\n<div class=\"td-social-box\"><span class=\"td_social_info td_social_info_counter\">12,506<\/span><span class=\"td_social_info td_social_info_name\">Cititori<\/span><span class=\"td_social_button\"><a href=\"https:\/\/orasul-timisoara.ro\/feed\/\" target=\"_blank\" rel=\"nofollow\">Conecta\u021bi-v\u0103<\/a><\/span><\/div>\n<\/div>\n<div class=\"td_social_type td-pb-margin-side td_social_tiktok\">\n<div class=\"td-social-box\"><span class=\"td_social_info td_social_info_counter\">1,500<\/span><span class=\"td_social_info td_social_info_name\">Cititori<\/span><span class=\"td_social_button\"><a href=\"https:\/\/www.tiktok.com\/@orasultimisoara\" target=\"_blank\" rel=\"nofollow\">Conecta\u021bi-v\u0103<\/a><\/span><\/div>\n<\/div>\n<div class=\"td_social_type td-pb-margin-side td_social_twitter\">\n<div class=\"td-social-box\"><span class=\"td_social_info td_social_info_counter\">1,595<\/span><span class=\"td_social_info td_social_info_name\">Cititori<\/span><span class=\"td_social_button\"><a href=\"https:\/\/twitter.com\/orasultm\" target=\"_blank\" rel=\"nofollow\">Conecta\u021bi-v\u0103<\/a><\/span><\/div>\n<\/div>\n<div class=\"td_social_type td-pb-margin-side td_social_youtube\">\n<div class=\"td-social-box\"><span class=\"td_social_info td_social_info_counter\">3,506<\/span><span class=\"td_social_info td_social_info_name\">Abona\u021bi<\/span><span class=\"td_social_button\"><a href=\"https:\/\/www.youtube.com\/channel\/UCQNsQvs2XCSIm1Z-AHRturw?sub_confirmation=1\" target=\"_blank\" rel=\"nofollow\">Abona\u021bi-v\u0103<\/a><\/span><\/div>\n<\/div>\n<\/div>\n<\/div>\n<aside id=\"text-7\" class=\"td_block_template_8 widget text-7 widget_text\">\n<h4 class=\"td-block-title\"><span>C\u0103ut\u0103ri populare pe OTM<\/span><\/h4>\n<div class=\"textwidget\"><a href=\"https:\/\/orasul-timisoara.ro\/?s=timisoara\"><span>Timisoara<\/span><\/a><a href=\"https:\/\/orasul-timisoara.ro\/?s=calin+dobra\"><span>Calin Dobra<\/span><\/a><a href=\"https:\/\/orasul-timisoara.ro\/?s=primaria+timisoara\"><span>Primaria Timisoara<\/span><\/a><a href=\"https:\/\/orasul-timisoara.ro\/?s=dominic+fritz\"><span>Dominic Fritz<\/span><\/a><a href=\"https:\/\/orasul-timisoara.ro\/?s=nicolae+robu\"><span>Nicolae Robu<\/span><\/a><a href=\"https:\/\/orasul-timisoara.ro\/?s=consiliul+local+timisoara\">Consiliul Local Timisoara<\/a><a href=\"https:\/\/orasul-timisoara.ro\/?s=consiliul+judetean+timis\"><span>Consiliul Judetean Timis<\/span><\/a><a href=\"https:\/\/orasul-timisoara.ro\/?s=cjt\"><span>CJT<\/span><\/a><a href=\"https:\/\/orasul-timisoara.ro\/?s=Alfred+Simonis\"><span>Alfred Simonis<\/span><\/a><a href=\"https:\/\/orasul-timisoara.ro\/?s=PNL\"><span>PNL<\/span><\/a><a href=\"https:\/\/orasul-timisoara.ro\/?s=coronavirus\"><span>coronavirus<\/span><\/a><a href=\"https:\/\/orasul-timisoara.ro\/?s=teatru+timisoara\">teatru Timisoara<\/a><a href=\"https:\/\/orasul-timisoara.ro\/?s=restaurante\"><span>restaurante Timisoara<\/span><\/a><a href=\"https:\/\/orasul-timisoara.ro\/?s=diskoteka\"><span>Diskoteka<\/span><\/a><a href=\"https:\/\/orasul-timisoara.ro\/?s=iulius+town\"><span>Iulius Town<\/span><\/a><a href=\"https:\/\/orasul-timisoara.ro\/?s=iulius+mall\"><span>Iulius Mall<\/span><\/a><a href=\"https:\/\/orasul-timisoara.ro\/?s=stpt\"><span>STPT<\/span><\/a><a href=\"https:\/\/orasul-timisoara.ro\/?s=alin+nica\"><span>Alin Nica<\/span><\/a><a href=\"https:\/\/orasul-timisoara.ro\/?s=psd\"><span>PSD<\/span><\/a><a href=\"https:\/\/orasul-timisoara.ro\/?s=aeroport\"><span>Aeroportul International Timisoara<\/span><\/a><a href=\"https:\/\/orasul-timisoara.ro\/?s=babes\"><span>Spitalul Victor Babes Timisoara<\/span><\/a><a href=\"https:\/\/orasul-timisoara.ro\/?s=poli\"><span>Poli Timi\u0219oara<\/span><\/a><a href=\"https:\/\/orasul-timisoara.ro\/?s=carantina\"><span>carantina<\/span><\/a><a href=\"https:\/\/orasul-timisoara.ro\/?s=aquatim\"><span>Aquatim<\/span><\/a><a href=\"https:\/\/orasul-timisoara.ro\/local-category\/stiri-timisoara\/\"><span>Stiri Timisoara<\/span><\/a><a href=\"https:\/\/orasul-timisoara.ro\/local-category\/investitii-in-timisoara\/\"><span>Investi\u021bii in Timi\u0219oara<\/span><\/a><a href=\"https:\/\/orasul-timisoara.ro\/local-9463\/\"><span>shaorma<\/span><\/a><a href=\"https:\/\/orasul-timisoara.ro\/?s=trafic\"><span>trafic rutier<\/span><\/a><a href=\"https:\/\/orasul-timisoara.ro\/?s=politia\"><span>politia locala timisoara<\/span><\/a><a href=\"https:\/\/orasul-timisoara.ro\/?s=roxana\"><span>Roxana Iliescu<\/span><\/a><a href=\"https:\/\/orasul-timisoara.ro\/?s=colterm\"><span>Colterm<\/span><\/a><a href=\"https:\/\/orasul-timisoara.ro\/?s=latcau\"><span>Ruben La\u021bc\u0103u<\/span><\/a><a href=\"https:\/\/orasul-timisoara.ro\/?s=timis\"><span>\u0218tiri din Timi\u0219<\/span><\/a><a href=\"https:\/\/orasul-timisoara.ro\/?s=spital\"><span>Spitale din Timi\u0219oara<\/span><\/a><a href=\"https:\/\/orasul-timisoara.ro\/?s=tabara\"><span>Cosmin Tab\u0103r\u0103<\/span><\/a><\/div>\n<\/aside>\n<aside id=\"rss-2\" class=\"td_block_template_8 widget rss-2 widget_rss\">\n<h4 class=\"td-block-title\"><span><a class=\"rsswidget rss-widget-feed\" href=\"https:\/\/fashionfridays.ro\/feed\"><img decoding=\"async\" class=\"rss-widget-icon\" width=\"14\" height=\"14\" src=\"https:\/\/orasul-timisoara.ro\/wp-includes\/images\/rss.png\" alt=\"RSS\" loading=\"lazy\"><\/a><a class=\"rsswidget rss-widget-title\" href=\"https:\/\/fashionfridays.ro\/\">Fashion Fridays<\/a><\/span><\/h4>\n<ul>\n<li><a class=\"rsswidget\" href=\"https:\/\/fashionfridays.ro\/crocs-lanseaza-crocband-gum-clog-confort-iconic-cu-influente-retro-sport-pentru-primavara\/\">Crocs lanseaz\u0103 Crocband Gum Clog: confort iconic cu influen\u021be retro-sport pentru prim\u0103var\u0103<\/a>\n<div class=\"rssSummary\">Martie marcheaz\u0103 acel moment al anului \u00een care stilul \u00eencepe s\u0103 se relaxeze. Zilele devin mai lungi, ritmul ora\u0219ului se schimb\u0103, iar garderoba face tranzi\u021bia c\u0103tre piese care pun confortul pe primul loc, f\u0103r\u0103 s\u0103 renun\u021be la atitudine. Este sezonul \u00een care autenticitatea devine declara\u021bie de stil, iar alegerile vestimentare reflect\u0103 mai mult ca oric\u00e2nd [\u2026]<\/div>\n<\/li>\n<\/ul>\n<\/aside>\n<aside id=\"rss-4\" class=\"td_block_template_8 widget rss-4 widget_rss\">\n<h4 class=\"td-block-title\"><span><a class=\"rsswidget rss-widget-feed\" href=\"https:\/\/emasini.ro\/feed\"><img decoding=\"async\" class=\"rss-widget-icon\" width=\"14\" height=\"14\" src=\"https:\/\/orasul-timisoara.ro\/wp-includes\/images\/rss.png\" alt=\"RSS\" loading=\"lazy\"><\/a><a class=\"rsswidget rss-widget-title\" href=\"https:\/\/emasini.ro\/\">eMasini<\/a><\/span><\/h4>\n<ul>\n<li><a class=\"rsswidget\" href=\"https:\/\/emasini.ro\/traficul-rutier-sub-analiza-recensamant-national-pentru-modernizarea-infrastructurii\/\">Traficul rutier, sub analiz\u0103: recens\u0103m\u00e2nt na\u021bional pentru modernizarea infrastructurii<\/a>\n<div class=\"rssSummary\">Compania Na\u021bional\u0103 de Administrare a Infrastructurii Rutiere, prin Centrul de Studii Tehnice Rutiere \u0219i Informatic\u0103, preg\u0103te\u0219te una dintre cele mai importante ac\u021biuni de colectare de date din domeniul transporturilor: Recens\u0103m\u00e2ntul General de Circula\u021bie Rutier\u0103. Demersul are un rol strategic \u00een fundamentarea deciziilor privind dezvoltarea \u0219i modernizarea infrastructurii rutiere din Rom\u00e2nia. Ac\u021biunea este coordonat\u0103 de CNAIR, [\u2026]<\/div>\n<\/li>\n<\/ul>\n<\/aside>\n<\/div>\n<\/div>\n<\/div>\n<\/div>\n<\/article>\n<div class=\"td-post-content tagdiv-type\">\n<p>Evenimentul \u201eRide &amp; Ride &amp; Ride\u201d, organizat pe 18 aprilie \u00een cadrul programului Anul Bicicletei \u00een Timi\u0219oara 2026, a reconfirmat interesul tot mai ridicat al timi\u0219orenilor pentru ciclism \u0219i mobilitate urban\u0103 alternativ\u0103. Ini\u021biativa a reunit o comunitate divers\u0103 de participan\u021bi, de la amatori p\u00e2n\u0103 la cicli\u0219ti experimenta\u021bi, demonstr\u00e2nd c\u0103 bicicleta devine tot mai mult un element central al vie\u021bii urbane.<\/p>\n<p>Evenimentul, organizat de Pedale App. \u0219i Pedallez, a \u00eenregistrat un interes ridicat \u00eenc\u0103 din faza de \u00eenscriere. Cele 100 de locuri disponibile au fost ocupate rapid, semn al unei comunit\u0103\u021bi active \u0219i \u00een cre\u0219tere. Participan\u021bii au transformat traseele din jurul ora\u0219ului \u00eentr-un veritabil tur al energiei \u0219i al mi\u0219c\u0103rii \u00een aer liber.<\/p>\n<p>Pentru a r\u0103spunde nivelurilor diferite de preg\u0103tire, organizatorii au propus trei rute distincte, fiecare adaptat\u0103 unui stil de pedalat:<br \/>\u2013 Ruta Pro, cu o lungime de 84 de kilometri, a fost destinat\u0103 cicli\u0219tilor experimenta\u021bi, fiind integral pe asfalt \u0219i travers\u00e2nd localit\u0103\u021bi precum S\u00e2nmihaiu Rom\u00e2n \u0219i Peciu Nou.<br \/>\u2013 Ruta Mixt\u0103, de 74 de kilometri, a combinat asfaltul cu segmente de gravel \u00een zona Dinia\u0219, oferind o experien\u021b\u0103 mai tehnic\u0103 pentru participan\u021bii \u00een c\u0103utare de diversitate.<br \/>\u2013 Ruta Accesibil\u0103, de 64 de kilometri, a fost g\u00e2ndit\u0103 pentru un ritm relaxat, incluz\u00e2nd \u0219i por\u021biuni pitore\u0219ti de-a lungul Canalul Bega, una dintre cele mai apreciate zone de agrement din apropierea Timi\u0219oara.<\/p>\n<p>Siguran\u021ba \u0219i confortul participan\u021bilor au fost prioritare. Grupurile au fost organizate \u00een func\u021bie de ritmul de deplasare, cu dou\u0103 categorii principale: un ritm sus\u021binut, pentru cicli\u0219tii experimenta\u021bi, \u0219i unul moderat, orientat spre socializare \u0219i explorare. Aceast\u0103 structur\u0103 a contribuit la un eveniment incluziv, \u00een care fiecare participant a putut pedala \u00een condi\u021bii optime.<\/p>\n<figure class=\"wp-block-gallery has-nested-images columns-7 is-cropped wp-block-gallery-1 is-layout-flex wp-block-gallery-is-layout-flex\">\n<figure class=\"wp-block-image size-large\"><img loading=\"lazy\" decoding=\"async\" width=\"1667\" height=\"2500\" data-id=\"38254\" src=\"https:\/\/orasul-timisoara.ro\/wp-content\/uploads\/2026\/04\/Foto.-Alexandrina-Ciortuz-2-1667x2500.jpg\" alt class=\"wp-image-38254\"><\/figure>\n<figure class=\"wp-block-image size-large\"><img loading=\"lazy\" decoding=\"async\" width=\"1667\" height=\"2500\" data-id=\"38256\" src=\"https:\/\/orasul-timisoara.ro\/wp-content\/uploads\/2026\/04\/Foto.-Alexandrina-Ciortuz-1667x2500.jpg\" alt class=\"wp-image-38256\"><\/figure>\n<figure class=\"wp-block-image size-large\"><img loading=\"lazy\" decoding=\"async\" width=\"1667\" height=\"2500\" data-id=\"38259\" src=\"https:\/\/orasul-timisoara.ro\/wp-content\/uploads\/2026\/04\/Foto.Alexandrina-Ciortuz-4-1667x2500.jpg\" alt class=\"wp-image-38259\"><\/figure>\n<figure class=\"wp-block-image size-large\"><img decoding=\"async\" loading=\"lazy\" width=\"1920\" height=\"1280\" data-id=\"38255\" src=\"https:\/\/orasul-timisoara.ro\/wp-content\/uploads\/2026\/04\/Foto_Gabriel_Amza-2.jpg\" alt class=\"wp-image-38255\"><\/figure>\n<figure class=\"wp-block-image size-large\"><img decoding=\"async\" loading=\"lazy\" width=\"1667\" height=\"2500\" data-id=\"38260\" src=\"https:\/\/orasul-timisoara.ro\/wp-content\/uploads\/2026\/04\/Foto_Gabriel_Amza-1667x2500.jpg\" alt class=\"wp-image-38260\"><\/figure>\n<figure class=\"wp-block-image size-large\"><img decoding=\"async\" loading=\"lazy\" width=\"1920\" height=\"1280\" data-id=\"38258\" src=\"https:\/\/orasul-timisoara.ro\/wp-content\/uploads\/2026\/04\/Foto_Gabriel_Amza-4.jpg\" alt class=\"wp-image-38258\"><\/figure>\n<figure class=\"wp-block-image size-large\"><img decoding=\"async\" loading=\"lazy\" width=\"1666\" height=\"2500\" data-id=\"38261\" src=\"https:\/\/orasul-timisoara.ro\/wp-content\/uploads\/2026\/04\/Foto_Gabriel_Amza-copy-5-1666x2500.jpg\" alt class=\"wp-image-38261\"><\/figure>\n<figure class=\"wp-block-image size-large\"><img decoding=\"async\" loading=\"lazy\" width=\"1920\" height=\"1280\" data-id=\"38257\" src=\"https:\/\/orasul-timisoara.ro\/wp-content\/uploads\/2026\/04\/Echipa-organizatori.jpg\" alt class=\"wp-image-38257\"><\/figure>\n<figure class=\"wp-block-image size-large\"><img decoding=\"async\" loading=\"lazy\" width=\"1920\" height=\"1280\" data-id=\"38262\" src=\"https:\/\/orasul-timisoara.ro\/wp-content\/uploads\/2026\/04\/Foto_Gabriel_Amza-3.jpg\" alt class=\"wp-image-38262\"><\/figure>\n<\/figure>\n<p>Ziua s-a \u00eencheiat \u00eentr-o atmosfer\u0103 festiv\u0103 la Brick by Brick, unde participan\u021bii au socializat \u0219i au celebrat reu\u0219ita evenimentului pe muzica artistului Serjio Malagamba.<\/p>\n<p>Succesul \u201eRide &amp; Ride &amp; Ride\u201d confirm\u0103 nu doar popularitatea ciclismului \u00een r\u00e2ndul timi\u0219orenilor, ci \u0219i poten\u021bialul ora\u0219ului de a dezvolta infrastructuri \u0219i ini\u021biative dedicate mobilit\u0103\u021bii sustenabile. Evenimentul se \u00eenscrie \u00eentr-o serie mai ampl\u0103 de ac\u021biuni menite s\u0103 promoveze un stil de via\u021b\u0103 activ \u0219i transportul ecologic, \u00een contextul \u00een care Timi\u0219oara \u00ee\u0219i consolideaz\u0103 statutul de ora\u0219 prietenos cu bicicli\u0219tii.<\/p>\n<\/div>\n<p>[analyse_source url=&#8221;https:\/\/orasul-timisoara.ro\/local-38253\/&#8221;]<\/p>\n","protected":false},"excerpt":{"rendered":"<p>[analyse_image type=&#8221;featured&#8221; src=&#8221;https:\/\/orasul-timisoara.ro\/wp-content\/uploads\/2026\/04\/Foto_Gabriel_Amza-4-1.jpg&#8221;] Evenimente in Timisoara\u201eRide &amp; Ride &amp; Ride\u201d adun\u0103 100 de bicicli\u0219ti la Timi\u0219oara: succes&#8230; Evenimente in Timisoara \u0218tiri Locale \u201eRide &amp; Ride &amp; Ride\u201d adun\u0103 100 de bicicli\u0219ti la Timi\u0219oara: succes pentru mobilitatea urban\u0103 De c\u0103tre redactia &#8211; 20\/04\/2026 Facebook Twitter WhatsApp Linkedin ReddIt Email Imprimare Evenimentul \u201eRide &amp; Ride &amp; Ride\u201d, [&hellip;]<\/p>\n","protected":false},"author":1,"featured_media":0,"comment_status":"open","ping_status":"","sticky":false,"template":"","format":"standard","meta":{"footnotes":""},"categories":[89],"tags":[226,189],"class_list":["post-1895333","post","type-post","status-publish","format-standard","hentry","category-romania","tag-crawlmanager","tag-orasul-timisoara-ro"],"_links":{"self":[{"href":"https:\/\/analyse.optim.biz\/index.php?rest_route=\/wp\/v2\/posts\/1895333","targetHints":{"allow":["GET"]}}],"collection":[{"href":"https:\/\/analyse.optim.biz\/index.php?rest_route=\/wp\/v2\/posts"}],"about":[{"href":"https:\/\/analyse.optim.biz\/index.php?rest_route=\/wp\/v2\/types\/post"}],"author":[{"embeddable":true,"href":"https:\/\/analyse.optim.biz\/index.php?rest_route=\/wp\/v2\/users\/1"}],"replies":[{"embeddable":true,"href":"https:\/\/analyse.optim.biz\/index.php?rest_route=%2Fwp%2Fv2%2Fcomments&post=1895333"}],"version-history":[{"count":0,"href":"https:\/\/analyse.optim.biz\/index.php?rest_route=\/wp\/v2\/posts\/1895333\/revisions"}],"wp:attachment":[{"href":"https:\/\/analyse.optim.biz\/index.php?rest_route=%2Fwp%2Fv2%2Fmedia&parent=1895333"}],"wp:term":[{"taxonomy":"category","embeddable":true,"href":"https:\/\/analyse.optim.biz\/index.php?rest_route=%2Fwp%2Fv2%2Fcategories&post=1895333"},{"taxonomy":"post_tag","embeddable":true,"href":"https:\/\/analyse.optim.biz\/index.php?rest_route=%2Fwp%2Fv2%2Ftags&post=1895333"}],"curies":[{"name":"wp","href":"https:\/\/api.w.org\/{rel}","templated":true}]}}