{"id":1895331,"date":"2026-04-19T17:23:21","date_gmt":"2026-04-19T14:23:21","guid":{"rendered":"https:\/\/analyse.optim.biz\/?p=1895331"},"modified":"2026-04-19T17:23:21","modified_gmt":"2026-04-19T14:23:21","slug":"copiii-din-ciarda-rosie-alearga-pentru-salvarea-terenului-manusarul","status":"publish","type":"post","link":"https:\/\/analyse.optim.biz\/?p=1895331","title":{"rendered":"Copiii din Ciarda Ro\u0219ie alearg\u0103 pentru salvarea terenului M\u0103nu\u0219arul"},"content":{"rendered":"<p>[analyse_image type=&#8221;featured&#8221; src=&#8221;https:\/\/orasul-timisoara.ro\/wp-content\/uploads\/2026\/04\/Screenshot-2026-04-19-201901.jpg&#8221;]<\/p>\n<article id=\"post-38237\" class=\"td-post-template-7 post-38237 post type-post status-publish format-standard has-post-thumbnail category-evenimente-in-timisoara category-featured category-sport-local category-stiri-timisoara tag-alergare-copii tag-ciarda-rosie-2 tag-comunitate-locala tag-cros tag-eveniment-sportiv tag-sport-copii tag-teren-manusarul tag-timisoara-2 tag-timotion td-container-wrap\">\n<div class=\"td-full-screen-header-image-wrap\">\n<div class=\"td-container td-post-header\">\n<div class=\"td-crumb-container\">\n<div class=\"entry-crumbs\"><span><a title=\"Vede\u021bi toate articolele \u00een Evenimente in Timisoara\" class=\"entry-crumb\" href=\"https:\/\/orasul-timisoara.ro\/local-category\/evenimente-in-timisoara\/\">Evenimente in Timisoara<\/a><\/span><span class=\"td-bred-no-url-last\">Copiii din Ciarda Ro\u0219ie alearg\u0103 pentru salvarea terenului M\u0103nu\u0219arul<\/span><\/div>\n<\/div>\n<div class=\"td-post-header-holder\">\n<div class=\"td-parallax-header\">\n<header class=\"td-post-title\">\n<ul class=\"td-category\">\n<li class=\"entry-category\"><a href=\"https:\/\/orasul-timisoara.ro\/local-category\/evenimente-in-timisoara\/\">Evenimente in Timisoara<\/a><\/li>\n<li class=\"entry-category\"><a href=\"https:\/\/orasul-timisoara.ro\/local-category\/sport-local\/\">Sport Local<\/a><\/li>\n<li class=\"entry-category\"><a href=\"https:\/\/orasul-timisoara.ro\/local-category\/stiri-timisoara\/\">\u0218tiri Locale<\/a><\/li>\n<\/ul>\n<h1 class=\"entry-title\">Copiii din Ciarda Ro\u0219ie alearg\u0103 pentru salvarea terenului M\u0103nu\u0219arul<\/h1>\n<div class=\"td-module-meta-info\">\n<div class=\"td-post-author-name\">\n<div class=\"td-author-by\">De c\u0103tre<\/div>\n<p><a href=\"https:\/\/orasul-timisoara.ro\/author\/timisoara\/\">redactia<\/a><\/p>\n<div class=\"td-author-line\"> &#8211; <\/div>\n<\/div>\n<p><span class=\"td-post-date\"><time class=\"entry-date updated td-module-date\" datetime=\"2026-04-19T20:23:21+03:00\">19\/04\/2026<\/time><\/span><\/div>\n<\/header>\n<\/div>\n<\/div>\n<\/div>\n<div id=\"td-full-screen-header-image\" class=\"td-image-gradient-style7\"><img decoding=\"async\" class=\"td-backstretch\" src=\"https:\/\/orasul-timisoara.ro\/wp-content\/uploads\/2026\/04\/Screenshot-2026-04-19-201901.jpg\"><\/div>\n<\/div>\n<div class=\"td-container\">\n<div class=\"td-pb-row\">\n<div class=\"td-pb-span8 td-main-content\" role=\"main\">\n<div class=\"td-ss-main-content\">\n<div class=\"td-post-sharing-top\">\n<div class=\"td-post-sharing-classic\"><iframe title=\"topFacebookLike\" frameborder src=\"https:\/\/www.facebook.com\/plugins\/like.php?href=https:\/\/orasul-timisoara.ro\/local-38237\/&amp;layout=button_count&amp;show_faces=false&amp;width=105&amp;action=like&amp;colorscheme=light&amp;height=21\"><\/iframe><\/div>\n<div id=\"td_social_sharing_article_top\" class=\"td-post-sharing td-ps-bg td-ps-notext td-post-sharing-style1 \">\n<div class=\"td-post-sharing-visible\"><a class=\"td-social-sharing-button td-social-sharing-button-js td-social-network td-social-facebook\" href=\"https:\/\/www.facebook.com\/sharer.php?u=https%3A%2F%2Forasul-timisoara.ro%2Flocal-38237%2F\" title=\"Facebook\"><\/p>\n<div class=\"td-social-but-text\">Facebook<\/div>\n<p><\/a><a class=\"td-social-sharing-button td-social-sharing-button-js td-social-network td-social-twitter\" href=\"https:\/\/twitter.com\/intent\/tweet?text=Copiii+din+Ciarda+Ro%C8%99ie+alearg%C4%83+pentru+salvarea+terenului+M%C4%83nu%C8%99arul&amp;url=https%3A%2F%2Forasul-timisoara.ro%2Flocal-38237%2F&amp;via=orasultm\" title=\"Twitter\"><\/p>\n<div class=\"td-social-but-text\">Twitter<\/div>\n<p><\/a><a class=\"td-social-sharing-button td-social-sharing-button-js td-social-network td-social-whatsapp\" href=\"https:\/\/api.whatsapp.com\/send?text=Copiii+din+Ciarda+Ro%C8%99ie+alearg%C4%83+pentru+salvarea+terenului+M%C4%83nu%C8%99arul%20%0A%0A%20https:\/\/orasul-timisoara.ro\/local-38237\/\" title=\"WhatsApp\"><\/p>\n<div class=\"td-social-but-text\">WhatsApp<\/div>\n<p><\/a><a class=\"td-social-sharing-button td-social-sharing-button-js td-social-network td-social-linkedin\" href=\"https:\/\/www.linkedin.com\/shareArticle?mini=true&amp;url=https:\/\/orasul-timisoara.ro\/local-38237\/&amp;title=Copiii+din+Ciarda+Ro%C8%99ie+alearg%C4%83+pentru+salvarea+terenului+M%C4%83nu%C8%99arul\" title=\"Linkedin\"><\/p>\n<div class=\"td-social-but-text\">Linkedin<\/div>\n<p><\/a><a class=\"td-social-sharing-button td-social-sharing-button-js td-social-network td-social-reddit\" href=\"https:\/\/reddit.com\/submit?url=https:\/\/orasul-timisoara.ro\/local-38237\/&amp;title=Copiii+din+Ciarda+Ro%C8%99ie+alearg%C4%83+pentru+salvarea+terenului+M%C4%83nu%C8%99arul\" title=\"ReddIt\"><\/p>\n<div class=\"td-social-but-text\">ReddIt<\/div>\n<p><\/a><a class=\"td-social-sharing-button td-social-sharing-button-js td-social-network td-social-mail\" href=\"mailto:?subject=Copiii%20din%20Ciarda%20Ro%C8%99ie%20alearg%C4%83%20pentru%20salvarea%20terenului%20M%C4%83nu%C8%99arul&amp;body=https:\/\/orasul-timisoara.ro\/local-38237\/\" title=\"Email\"><\/p>\n<div class=\"td-social-but-text\">Email<\/div>\n<p><\/a><a class=\"td-social-sharing-button td-social-sharing-button-js td-social-network td-social-print\" href=\"https:\/\/orasul-timisoara.ro\/local-38237\/\" title=\"Imprimare\"><\/p>\n<div class=\"td-social-but-text\">Imprimare<\/div>\n<p><\/a><\/div>\n<\/div>\n<\/div>\n<div class=\"td-post-content tagdiv-type\">\n<p>Cartierul Ciarda Rosie devine, luni, 20 aprilie 2026, scena unui eveniment sportiv dedicat copiilor \u0219i comunit\u0103\u021bii locale. \u201eAlergarea de 10. Ducem M\u0103nu\u0219arul la Timotion\u201d marcheaz\u0103 prima edi\u021bie a unei ini\u021biative care \u00eembin\u0103 mi\u0219carea \u00een aer liber cu implicarea civic\u0103, av\u00e2nd ca obiectiv salvarea terenului de fotbal M\u0103nu\u0219arul.<\/p>\n<p>Competi\u021bia se va desf\u0103\u0219ura pe strada Theodor Pallady, \u00een imediata apropiere a terenului, \u0219i include trei probe adaptate v\u00e2rstei participan\u021bilor: cros de 100 de metri pentru pre\u0219colari \u0219i elevii din clasele 0\u2013I, cros de 300 de metri pentru clasele II\u2013VII \u0219i o prob\u0103 de ciclism pe aceea\u0219i distan\u021b\u0103. Startul primei curse este programat la ora 10:00.<\/p>\n<p>Festivitatea de premiere va avea loc la ora 11:30, \u00een curtea Scoala Gimnaziala nr. 20 Timisoara, iar evenimentul se va \u00eencheia \u00een jurul orei 12:00.<\/p>\n<p>Dincolo de componenta sportiv\u0103, evenimentul are \u0219i o miz\u0103 comunitar\u0103 important\u0103. Primii trei clasa\u021bi din fiecare categorie vor reprezenta cartierul la Timotion, programat pe 10 mai 2026. Participarea acestora va sus\u021bine proiectul \u201eCiarda Ro\u0219ie se mi\u0219c\u0103 pentru terenul M\u0103nu\u0219arul\u201d, care urm\u0103re\u0219te p\u0103strarea spa\u021biului ca zon\u0103 verde \u0219i de sport pentru comunitate.<\/p>\n<p>Evenimentul este organizat de Grupul de Ini\u021biativ\u0103 Civic\u0103 Ciarda Ro\u0219ie, \u00een parteneriat cu Scoala Gimnaziala nr. 20 Timisoara, \u0219i reune\u0219te copii de la mai multe unit\u0103\u021bi de \u00eenv\u0103\u021b\u0103m\u00e2nt: Gr\u0103dini\u021ba PP nr. 8, Gr\u0103dini\u021ba Madagascar Kids Club \u0219i Gr\u0103dini\u021ba Piticilor din Vest. Organizatorii estimeaz\u0103 participarea a peste 300 de copii, \u00eenso\u021bi\u021bi de cadre didactice, voluntari \u0219i sus\u021bin\u0103tori din cartier.<\/p>\n<p>Pentru buna desf\u0103\u0219urare a competi\u021biei, traficul rutier pe strada Theodor Pallady va fi restric\u021bionat \u00eentre orele 9:30 \u0219i 12:00, \u00een baza avizului emis de Primaria Municipiului Timisoara. Traseul va fi delimitat \u0219i supravegheat de voluntari, pentru siguran\u021ba participan\u021bilor.<\/p>\n<p>Ini\u021biativa reflect\u0103 implicarea comunit\u0103\u021bii locale \u00een promovarea unui stil de via\u021b\u0103 activ \u0219i \u00een protejarea spa\u021biilor dedicate sportului \u0219i recreerii, \u00eentr-un ora\u0219 \u00een care astfel de proiecte devin tot mai relevante.<\/p>\n<\/div>\n<footer>\n<div class=\"td-post-source-tags\">\n<ul class=\"td-tags td-post-small-box clearfix\">\n<li><span>ETICHETE<\/span><\/li>\n<li><a href=\"https:\/\/orasul-timisoara.ro\/local-tag\/alergare-copii\/\">alergare copii<\/a><\/li>\n<li><a href=\"https:\/\/orasul-timisoara.ro\/local-tag\/ciarda-rosie-2\/\">Ciarda Ro\u0219ie<\/a><\/li>\n<li><a href=\"https:\/\/orasul-timisoara.ro\/local-tag\/comunitate-locala\/\">comunitate local\u0103<\/a><\/li>\n<li><a href=\"https:\/\/orasul-timisoara.ro\/local-tag\/cros\/\">cros<\/a><\/li>\n<li><a href=\"https:\/\/orasul-timisoara.ro\/local-tag\/eveniment-sportiv\/\">eveniment sportiv<\/a><\/li>\n<li><a href=\"https:\/\/orasul-timisoara.ro\/local-tag\/sport-copii\/\">sport copii<\/a><\/li>\n<li><a href=\"https:\/\/orasul-timisoara.ro\/local-tag\/teren-manusarul\/\">teren M\u0103nu\u0219arul<\/a><\/li>\n<li><a href=\"https:\/\/orasul-timisoara.ro\/local-tag\/timisoara-2\/\">timi\u0219oara<\/a><\/li>\n<li><a href=\"https:\/\/orasul-timisoara.ro\/local-tag\/timotion\/\">timotion<\/a><\/li>\n<\/ul>\n<\/div>\n<div class=\"td-post-sharing-bottom\">\n<div class=\"td-post-sharing-classic\"><iframe title=\"bottomFacebookLike\" frameborder src=\"https:\/\/www.facebook.com\/plugins\/like.php?href=https:\/\/orasul-timisoara.ro\/local-38237\/&amp;layout=button_count&amp;show_faces=false&amp;width=105&amp;action=like&amp;colorscheme=light&amp;height=21\"><\/iframe><\/div>\n<div id=\"td_social_sharing_article_bottom\" class=\"td-post-sharing td-ps-bg td-ps-notext td-post-sharing-style1 \">\n<div class=\"td-post-sharing-visible\"><a class=\"td-social-sharing-button td-social-sharing-button-js td-social-network td-social-facebook\" href=\"https:\/\/www.facebook.com\/sharer.php?u=https%3A%2F%2Forasul-timisoara.ro%2Flocal-38237%2F\" title=\"Facebook\"><\/p>\n<div class=\"td-social-but-text\">Facebook<\/div>\n<p><\/a><a class=\"td-social-sharing-button td-social-sharing-button-js td-social-network td-social-twitter\" href=\"https:\/\/twitter.com\/intent\/tweet?text=Copiii+din+Ciarda+Ro%C8%99ie+alearg%C4%83+pentru+salvarea+terenului+M%C4%83nu%C8%99arul&amp;url=https%3A%2F%2Forasul-timisoara.ro%2Flocal-38237%2F&amp;via=orasultm\" title=\"Twitter\"><\/p>\n<div class=\"td-social-but-text\">Twitter<\/div>\n<p><\/a><a class=\"td-social-sharing-button td-social-sharing-button-js td-social-network td-social-whatsapp\" href=\"https:\/\/api.whatsapp.com\/send?text=Copiii+din+Ciarda+Ro%C8%99ie+alearg%C4%83+pentru+salvarea+terenului+M%C4%83nu%C8%99arul%20%0A%0A%20https:\/\/orasul-timisoara.ro\/local-38237\/\" title=\"WhatsApp\"><\/p>\n<div class=\"td-social-but-text\">WhatsApp<\/div>\n<p><\/a><a class=\"td-social-sharing-button td-social-sharing-button-js td-social-network td-social-linkedin\" href=\"https:\/\/www.linkedin.com\/shareArticle?mini=true&amp;url=https:\/\/orasul-timisoara.ro\/local-38237\/&amp;title=Copiii+din+Ciarda+Ro%C8%99ie+alearg%C4%83+pentru+salvarea+terenului+M%C4%83nu%C8%99arul\" title=\"Linkedin\"><\/p>\n<div class=\"td-social-but-text\">Linkedin<\/div>\n<p><\/a><a class=\"td-social-sharing-button td-social-sharing-button-js td-social-network td-social-reddit\" href=\"https:\/\/reddit.com\/submit?url=https:\/\/orasul-timisoara.ro\/local-38237\/&amp;title=Copiii+din+Ciarda+Ro%C8%99ie+alearg%C4%83+pentru+salvarea+terenului+M%C4%83nu%C8%99arul\" title=\"ReddIt\"><\/p>\n<div class=\"td-social-but-text\">ReddIt<\/div>\n<p><\/a><a class=\"td-social-sharing-button td-social-sharing-button-js td-social-network td-social-mail\" href=\"mailto:?subject=Copiii%20din%20Ciarda%20Ro%C8%99ie%20alearg%C4%83%20pentru%20salvarea%20terenului%20M%C4%83nu%C8%99arul&amp;body=https:\/\/orasul-timisoara.ro\/local-38237\/\" title=\"Email\"><\/p>\n<div class=\"td-social-but-text\">Email<\/div>\n<p><\/a><a class=\"td-social-sharing-button td-social-sharing-button-js td-social-network td-social-print\" href=\"https:\/\/orasul-timisoara.ro\/local-38237\/\" title=\"Imprimare\"><\/p>\n<div class=\"td-social-but-text\">Imprimare<\/div>\n<p><\/a><\/div>\n<\/div>\n<\/div>\n<div class=\"td-block-row td-post-next-prev\">\n<div class=\"td-block-span6 td-post-prev-post\">\n<div class=\"td-post-next-prev-content\"><span>Articolul precedent<\/span><a href=\"https:\/\/orasul-timisoara.ro\/local-38234\/\">Harp\u0103, chitar\u0103 \u0219i art\u0103 vizual\u0103: concertul \u201eMetamorphosis\u201d ajunge la Timi\u0219oara<\/a><\/div>\n<\/div>\n<div class=\"td-block-span6 td-post-next-post\">\n<div class=\"td-post-next-prev-content\"><span>Articolul urm\u0103tor<\/span><a href=\"https:\/\/orasul-timisoara.ro\/local-38240\/\">Dominic Fritz : \u201ePrin declan\u0219area unei crize politice, ve\u021bi s\u0103r\u0103ci \u021bara \u0219i mai tare\u201d. Rom\u00e2nia ar pierde zeci de miliarde de euro \u00eentr-o criz\u0103 politic\u0103 declan\u0219at\u0103 de PSD<\/a><\/div>\n<\/div>\n<\/div>\n<div class=\"td-author-name vcard author\"><span class=\"fn\"><a href=\"https:\/\/orasul-timisoara.ro\/author\/timisoara\/\">redactia<\/a><\/span><\/div>\n<p><span class=\"td-page-meta\"><\/span><span class=\"td-page-meta\"><span class=\"td-page-meta\"><\/span><\/span><span class=\"td-page-meta\"><\/span><\/footer>\n<div class=\"td_block_wrap td_block_related_posts tdi_3 td_with_ajax_pagination td-pb-border-top td_block_template_8\" data-td-block-uid=\"tdi_3\">\n<h4 class=\"td-related-title td-block-title\"><a id=\"tdi_4\" class=\"td-related-left td-cur-simple-item\" data-td_filter_value data-td_block_id=\"tdi_3\" href=\"https:\/\/orasul-timisoara.ro\/local-38237\/\">ARTICOLE SIMILARE<\/a><a id=\"tdi_5\" class=\"td-related-right\" data-td_filter_value=\"td_related_more_from_author\" data-td_block_id=\"tdi_3\" href=\"https:\/\/orasul-timisoara.ro\/local-38237\/\">DE LA ACELA\u0218I AUTOR<\/a><\/h4>\n<div id=\"tdi_3\" class=\"td_block_inner\">\n<div class=\"td-related-row\">\n<div class=\"td-related-span4\">\n<div class=\"td_module_related_posts td-animation-stack td_mod_related_posts\">\n<div class=\"td-module-image\">\n<div class=\"td-module-thumb\"><a href=\"https:\/\/orasul-timisoara.ro\/local-37877\/\" rel=\"bookmark\" class=\"td-image-wrap \" title=\"Alergare cu scop: Giarmata \u00een Mi\u0219care str\u00e2nge fonduri pentru proiecte sociale\"><img loading=\"lazy\" decoding=\"async\" class=\"entry-thumb\" src=\"https:\/\/orasul-timisoara.ro\/wp-content\/uploads\/2026\/03\/giarmata-in-miscare-4-436x300.jpg\" alt title=\"Alergare cu scop: Giarmata \u00een Mi\u0219care str\u00e2nge fonduri pentru proiecte sociale\" width=\"218\" height=\"150\"><\/a><\/div>\n<\/div>\n<div class=\"item-details\">\n<h3 class=\"entry-title td-module-title\"><a href=\"https:\/\/orasul-timisoara.ro\/local-37877\/\" rel=\"bookmark\" title=\"Alergare cu scop: Giarmata \u00een Mi\u0219care str\u00e2nge fonduri pentru proiecte sociale\">Alergare cu scop: Giarmata \u00een Mi\u0219care str\u00e2nge fonduri pentru proiecte sociale<\/a><\/h3>\n<\/div>\n<\/div>\n<\/div>\n<div class=\"td-related-span4\">\n<div class=\"td_module_related_posts td-animation-stack td_mod_related_posts\">\n<div class=\"td-module-image\">\n<div class=\"td-module-thumb\"><a href=\"https:\/\/orasul-timisoara.ro\/local-37111\/\" rel=\"bookmark\" class=\"td-image-wrap \" title=\"Timi\u0219oara marcheaz\u0103 patru ani de la \u00eenceputul r\u0103zboiului din Ucraina printr-o sear\u0103 de comemorare \u0219i solidaritate. Comunitatea este invitat\u0103 s\u0103 aprind\u0103 o lum\u00e2nare \u0219i s\u0103 fie al\u0103turi de refugia\u021bii ucraineni din ora\u0219.\"><img loading=\"lazy\" decoding=\"async\" class=\"entry-thumb\" src=\"https:\/\/orasul-timisoara.ro\/wp-content\/uploads\/2026\/02\/2-5-1-436x300.jpg\" alt title=\"Timi\u0219oara marcheaz\u0103 patru ani de la \u00eenceputul r\u0103zboiului din Ucraina printr-o sear\u0103 de comemorare \u0219i solidaritate. Comunitatea este invitat\u0103 s\u0103 aprind\u0103 o lum\u00e2nare \u0219i s\u0103 fie al\u0103turi de refugia\u021bii ucraineni din ora\u0219.\" width=\"218\" height=\"150\"><\/a><\/div>\n<\/div>\n<div class=\"item-details\">\n<h3 class=\"entry-title td-module-title\"><a href=\"https:\/\/orasul-timisoara.ro\/local-37111\/\" rel=\"bookmark\" title=\"Timi\u0219oara marcheaz\u0103 patru ani de la \u00eenceputul r\u0103zboiului din Ucraina printr-o sear\u0103 de comemorare \u0219i solidaritate. Comunitatea este invitat\u0103 s\u0103 aprind\u0103 o lum\u00e2nare \u0219i s\u0103 fie al\u0103turi de refugia\u021bii ucraineni din ora\u0219.\">Timi\u0219oara marcheaz\u0103 patru ani de la \u00eenceputul r\u0103zboiului din Ucraina printr-o sear\u0103 de comemorare \u0219i solidaritate. Comunitatea este invitat\u0103 s\u0103 aprind\u0103 o lum\u00e2nare \u0219i&#8230;<\/a><\/h3>\n<\/div>\n<\/div>\n<\/div>\n<div class=\"td-related-span4\">\n<div class=\"td_module_related_posts td-animation-stack td_mod_related_posts\">\n<div class=\"td-module-image\">\n<div class=\"td-module-thumb\"><a href=\"https:\/\/orasul-timisoara.ro\/local-37016\/\" rel=\"bookmark\" class=\"td-image-wrap \" title=\"Comunitatea din vestul \u021b\u0103rii alearg\u0103 din nou pentru bine: Timotion 12, pe 10 mai, la Timi\u0219oara\"><img loading=\"lazy\" decoding=\"async\" class=\"entry-thumb\" src=\"https:\/\/orasul-timisoara.ro\/wp-content\/uploads\/2026\/02\/Start-Timotion-12-436x300.jpg\" alt title=\"Comunitatea din vestul \u021b\u0103rii alearg\u0103 din nou pentru bine: Timotion 12, pe 10 mai, la Timi\u0219oara\" width=\"218\" height=\"150\"><\/a><\/div>\n<\/div>\n<div class=\"item-details\">\n<h3 class=\"entry-title td-module-title\"><a href=\"https:\/\/orasul-timisoara.ro\/local-37016\/\" rel=\"bookmark\" title=\"Comunitatea din vestul \u021b\u0103rii alearg\u0103 din nou pentru bine: Timotion 12, pe 10 mai, la Timi\u0219oara\">Comunitatea din vestul \u021b\u0103rii alearg\u0103 din nou pentru bine: Timotion 12, pe 10 mai, la Timi\u0219oara<\/a><\/h3>\n<\/div>\n<\/div>\n<\/div>\n<\/div>\n<\/div>\n<\/div>\n<div class=\"comments\" id=\"comments\">\n<div id=\"respond\" class=\"comment-respond\">\n<h3 id=\"reply-title\" class=\"comment-reply-title\">L\u0102SA\u021aI UN MESAJ<\/h3>\n<div class=\"comment-form-input-wrap td-form-comment\">\n<div class=\"td-warning-comment\">V\u0103 rug\u0103m s\u0103 introduce\u021bi comentariul dvs.!<\/div>\n<\/div>\n<div class=\"comment-form-input-wrap td-form-author\">\n<div class=\"td-warning-author\">Introduce\u021bi aici numele dvs.<\/div>\n<\/div>\n<div class=\"comment-form-input-wrap td-form-email\">\n<div class=\"td-warning-email-error\">A\u021bi introdus o adres\u0103 de e-mail incorect\u0103!<\/div>\n<div class=\"td-warning-email\">V\u0103 rug\u0103m s\u0103 introduce\u021bi adresa dvs. de e-mail aici<\/div>\n<\/div>\n<\/div>\n<p class=\"akismet_comment_form_privacy_notice\">Acest site folose\u0219te Akismet pentru a reduce spamul. <a href=\"https:\/\/akismet.com\/privacy\/\" target=\"_blank\" rel=\"nofollow noopener\">Afl\u0103 cum sunt procesate datele comentariilor tale<\/a>.<\/p>\n<\/div>\n<\/div>\n<\/div>\n<div class=\"td-pb-span4 td-main-sidebar\" role=\"complementary\">\n<div class=\"td-ss-main-sidebar\">\n<aside id=\"block-4\" class=\"td_block_template_8 widget block-4 widget_block widget_media_image\">\n<figure class=\"wp-block-image size-full\"><img loading=\"lazy\" decoding=\"async\" width=\"336\" height=\"280\" src=\"https:\/\/orasul-timisoara.ro\/wp-content\/uploads\/2024\/11\/ReTIM-Abonamentul-Verde-Google-Ads-336x280px.gif\" alt class=\"wp-image-29257\"><\/figure>\n<\/aside>\n<div class=\"td_block_wrap td_block_social_counter td_block_widget tdi_6 td-social-style5 td-social-boxed td-pb-border-top td_block_template_8\">\n<div class=\"td-block-title-wrap\">\n<h4 class=\"td-block-title\"><span>Urm\u0103re\u0219te-ne pe Social Media<\/span><\/h4>\n<\/div>\n<div class=\"td-social-list\">\n<div class=\"td_social_type td-pb-margin-side td_social_facebook\">\n<div class=\"td-social-box\"><span class=\"td_social_info td_social_info_counter\">344,595<\/span><span class=\"td_social_info td_social_info_name\">Fani<\/span><span class=\"td_social_button\"><a href=\"https:\/\/www.facebook.com\/247timisoara\" target=\"_blank\" rel=\"nofollow\">\u00cemi place<\/a><\/span><\/div>\n<\/div>\n<div class=\"td_social_type td-pb-margin-side td_social_instagram\">\n<div class=\"td-social-box\"><span class=\"td_social_info td_social_info_counter\">4,416<\/span><span class=\"td_social_info td_social_info_name\">Cititori<\/span><span class=\"td_social_button\"><a href=\"https:\/\/instagram.com\/orasultimisoararo\/\" target=\"_blank\" rel=\"nofollow\">Conecta\u021bi-v\u0103<\/a><\/span><\/div>\n<\/div>\n<div class=\"td_social_type td-pb-margin-side td_social_rss\">\n<div class=\"td-social-box\"><span class=\"td_social_info td_social_info_counter\">12,506<\/span><span class=\"td_social_info td_social_info_name\">Cititori<\/span><span class=\"td_social_button\"><a href=\"https:\/\/orasul-timisoara.ro\/feed\/\" target=\"_blank\" rel=\"nofollow\">Conecta\u021bi-v\u0103<\/a><\/span><\/div>\n<\/div>\n<div class=\"td_social_type td-pb-margin-side td_social_tiktok\">\n<div class=\"td-social-box\"><span class=\"td_social_info td_social_info_counter\">1,500<\/span><span class=\"td_social_info td_social_info_name\">Cititori<\/span><span class=\"td_social_button\"><a href=\"https:\/\/www.tiktok.com\/@orasultimisoara\" target=\"_blank\" rel=\"nofollow\">Conecta\u021bi-v\u0103<\/a><\/span><\/div>\n<\/div>\n<div class=\"td_social_type td-pb-margin-side td_social_twitter\">\n<div class=\"td-social-box\"><span class=\"td_social_info td_social_info_counter\">1,595<\/span><span class=\"td_social_info td_social_info_name\">Cititori<\/span><span class=\"td_social_button\"><a href=\"https:\/\/twitter.com\/orasultm\" target=\"_blank\" rel=\"nofollow\">Conecta\u021bi-v\u0103<\/a><\/span><\/div>\n<\/div>\n<div class=\"td_social_type td-pb-margin-side td_social_youtube\">\n<div class=\"td-social-box\"><span class=\"td_social_info td_social_info_counter\">3,506<\/span><span class=\"td_social_info td_social_info_name\">Abona\u021bi<\/span><span class=\"td_social_button\"><a href=\"https:\/\/www.youtube.com\/channel\/UCQNsQvs2XCSIm1Z-AHRturw?sub_confirmation=1\" target=\"_blank\" rel=\"nofollow\">Abona\u021bi-v\u0103<\/a><\/span><\/div>\n<\/div>\n<\/div>\n<\/div>\n<aside id=\"text-7\" class=\"td_block_template_8 widget text-7 widget_text\">\n<h4 class=\"td-block-title\"><span>C\u0103ut\u0103ri populare pe OTM<\/span><\/h4>\n<div class=\"textwidget\"><a href=\"https:\/\/orasul-timisoara.ro\/?s=timisoara\"><span>Timisoara<\/span><\/a><a href=\"https:\/\/orasul-timisoara.ro\/?s=calin+dobra\"><span>Calin Dobra<\/span><\/a><a href=\"https:\/\/orasul-timisoara.ro\/?s=primaria+timisoara\"><span>Primaria Timisoara<\/span><\/a><a href=\"https:\/\/orasul-timisoara.ro\/?s=dominic+fritz\"><span>Dominic Fritz<\/span><\/a><a href=\"https:\/\/orasul-timisoara.ro\/?s=nicolae+robu\"><span>Nicolae Robu<\/span><\/a><a href=\"https:\/\/orasul-timisoara.ro\/?s=consiliul+local+timisoara\">Consiliul Local Timisoara<\/a><a href=\"https:\/\/orasul-timisoara.ro\/?s=consiliul+judetean+timis\"><span>Consiliul Judetean Timis<\/span><\/a><a href=\"https:\/\/orasul-timisoara.ro\/?s=cjt\"><span>CJT<\/span><\/a><a href=\"https:\/\/orasul-timisoara.ro\/?s=Alfred+Simonis\"><span>Alfred Simonis<\/span><\/a><a href=\"https:\/\/orasul-timisoara.ro\/?s=PNL\"><span>PNL<\/span><\/a><a href=\"https:\/\/orasul-timisoara.ro\/?s=coronavirus\"><span>coronavirus<\/span><\/a><a href=\"https:\/\/orasul-timisoara.ro\/?s=teatru+timisoara\">teatru Timisoara<\/a><a href=\"https:\/\/orasul-timisoara.ro\/?s=restaurante\"><span>restaurante Timisoara<\/span><\/a><a href=\"https:\/\/orasul-timisoara.ro\/?s=diskoteka\"><span>Diskoteka<\/span><\/a><a href=\"https:\/\/orasul-timisoara.ro\/?s=iulius+town\"><span>Iulius Town<\/span><\/a><a href=\"https:\/\/orasul-timisoara.ro\/?s=iulius+mall\"><span>Iulius Mall<\/span><\/a><a href=\"https:\/\/orasul-timisoara.ro\/?s=stpt\"><span>STPT<\/span><\/a><a href=\"https:\/\/orasul-timisoara.ro\/?s=alin+nica\"><span>Alin Nica<\/span><\/a><a href=\"https:\/\/orasul-timisoara.ro\/?s=psd\"><span>PSD<\/span><\/a><a href=\"https:\/\/orasul-timisoara.ro\/?s=aeroport\"><span>Aeroportul International Timisoara<\/span><\/a><a href=\"https:\/\/orasul-timisoara.ro\/?s=babes\"><span>Spitalul Victor Babes Timisoara<\/span><\/a><a href=\"https:\/\/orasul-timisoara.ro\/?s=poli\"><span>Poli Timi\u0219oara<\/span><\/a><a href=\"https:\/\/orasul-timisoara.ro\/?s=carantina\"><span>carantina<\/span><\/a><a href=\"https:\/\/orasul-timisoara.ro\/?s=aquatim\"><span>Aquatim<\/span><\/a><a href=\"https:\/\/orasul-timisoara.ro\/local-category\/stiri-timisoara\/\"><span>Stiri Timisoara<\/span><\/a><a href=\"https:\/\/orasul-timisoara.ro\/local-category\/investitii-in-timisoara\/\"><span>Investi\u021bii in Timi\u0219oara<\/span><\/a><a href=\"https:\/\/orasul-timisoara.ro\/local-9463\/\"><span>shaorma<\/span><\/a><a href=\"https:\/\/orasul-timisoara.ro\/?s=trafic\"><span>trafic rutier<\/span><\/a><a href=\"https:\/\/orasul-timisoara.ro\/?s=politia\"><span>politia locala timisoara<\/span><\/a><a href=\"https:\/\/orasul-timisoara.ro\/?s=roxana\"><span>Roxana Iliescu<\/span><\/a><a href=\"https:\/\/orasul-timisoara.ro\/?s=colterm\"><span>Colterm<\/span><\/a><a href=\"https:\/\/orasul-timisoara.ro\/?s=latcau\"><span>Ruben La\u021bc\u0103u<\/span><\/a><a href=\"https:\/\/orasul-timisoara.ro\/?s=timis\"><span>\u0218tiri din Timi\u0219<\/span><\/a><a href=\"https:\/\/orasul-timisoara.ro\/?s=spital\"><span>Spitale din Timi\u0219oara<\/span><\/a><a href=\"https:\/\/orasul-timisoara.ro\/?s=tabara\"><span>Cosmin Tab\u0103r\u0103<\/span><\/a><\/div>\n<\/aside>\n<aside id=\"rss-2\" class=\"td_block_template_8 widget rss-2 widget_rss\">\n<h4 class=\"td-block-title\"><span><a class=\"rsswidget rss-widget-feed\" href=\"https:\/\/fashionfridays.ro\/feed\"><img decoding=\"async\" class=\"rss-widget-icon\" width=\"14\" height=\"14\" src=\"https:\/\/orasul-timisoara.ro\/wp-includes\/images\/rss.png\" alt=\"RSS\" loading=\"lazy\"><\/a><a class=\"rsswidget rss-widget-title\" href=\"https:\/\/fashionfridays.ro\/\">Fashion Fridays<\/a><\/span><\/h4>\n<ul>\n<li><a class=\"rsswidget\" href=\"https:\/\/fashionfridays.ro\/crocs-lanseaza-crocband-gum-clog-confort-iconic-cu-influente-retro-sport-pentru-primavara\/\">Crocs lanseaz\u0103 Crocband Gum Clog: confort iconic cu influen\u021be retro-sport pentru prim\u0103var\u0103<\/a>\n<div class=\"rssSummary\">Martie marcheaz\u0103 acel moment al anului \u00een care stilul \u00eencepe s\u0103 se relaxeze. Zilele devin mai lungi, ritmul ora\u0219ului se schimb\u0103, iar garderoba face tranzi\u021bia c\u0103tre piese care pun confortul pe primul loc, f\u0103r\u0103 s\u0103 renun\u021be la atitudine. Este sezonul \u00een care autenticitatea devine declara\u021bie de stil, iar alegerile vestimentare reflect\u0103 mai mult ca oric\u00e2nd [\u2026]<\/div>\n<\/li>\n<\/ul>\n<\/aside>\n<aside id=\"rss-4\" class=\"td_block_template_8 widget rss-4 widget_rss\">\n<h4 class=\"td-block-title\"><span><a class=\"rsswidget rss-widget-feed\" href=\"https:\/\/emasini.ro\/feed\"><img decoding=\"async\" class=\"rss-widget-icon\" width=\"14\" height=\"14\" src=\"https:\/\/orasul-timisoara.ro\/wp-includes\/images\/rss.png\" alt=\"RSS\" loading=\"lazy\"><\/a><a class=\"rsswidget rss-widget-title\" href=\"https:\/\/emasini.ro\/\">eMasini<\/a><\/span><\/h4>\n<ul>\n<li><a class=\"rsswidget\" href=\"https:\/\/emasini.ro\/traficul-rutier-sub-analiza-recensamant-national-pentru-modernizarea-infrastructurii\/\">Traficul rutier, sub analiz\u0103: recens\u0103m\u00e2nt na\u021bional pentru modernizarea infrastructurii<\/a>\n<div class=\"rssSummary\">Compania Na\u021bional\u0103 de Administrare a Infrastructurii Rutiere, prin Centrul de Studii Tehnice Rutiere \u0219i Informatic\u0103, preg\u0103te\u0219te una dintre cele mai importante ac\u021biuni de colectare de date din domeniul transporturilor: Recens\u0103m\u00e2ntul General de Circula\u021bie Rutier\u0103. Demersul are un rol strategic \u00een fundamentarea deciziilor privind dezvoltarea \u0219i modernizarea infrastructurii rutiere din Rom\u00e2nia. Ac\u021biunea este coordonat\u0103 de CNAIR, [\u2026]<\/div>\n<\/li>\n<\/ul>\n<\/aside>\n<\/div>\n<\/div>\n<\/div>\n<\/div>\n<\/article>\n<div class=\"td-post-content tagdiv-type\">\n<p>Cartierul Ciarda Rosie devine, luni, 20 aprilie 2026, scena unui eveniment sportiv dedicat copiilor \u0219i comunit\u0103\u021bii locale. \u201eAlergarea de 10. Ducem M\u0103nu\u0219arul la Timotion\u201d marcheaz\u0103 prima edi\u021bie a unei ini\u021biative care \u00eembin\u0103 mi\u0219carea \u00een aer liber cu implicarea civic\u0103, av\u00e2nd ca obiectiv salvarea terenului de fotbal M\u0103nu\u0219arul.<\/p>\n<p>Competi\u021bia se va desf\u0103\u0219ura pe strada Theodor Pallady, \u00een imediata apropiere a terenului, \u0219i include trei probe adaptate v\u00e2rstei participan\u021bilor: cros de 100 de metri pentru pre\u0219colari \u0219i elevii din clasele 0\u2013I, cros de 300 de metri pentru clasele II\u2013VII \u0219i o prob\u0103 de ciclism pe aceea\u0219i distan\u021b\u0103. Startul primei curse este programat la ora 10:00.<\/p>\n<p>Festivitatea de premiere va avea loc la ora 11:30, \u00een curtea Scoala Gimnaziala nr. 20 Timisoara, iar evenimentul se va \u00eencheia \u00een jurul orei 12:00.<\/p>\n<p>Dincolo de componenta sportiv\u0103, evenimentul are \u0219i o miz\u0103 comunitar\u0103 important\u0103. Primii trei clasa\u021bi din fiecare categorie vor reprezenta cartierul la Timotion, programat pe 10 mai 2026. Participarea acestora va sus\u021bine proiectul \u201eCiarda Ro\u0219ie se mi\u0219c\u0103 pentru terenul M\u0103nu\u0219arul\u201d, care urm\u0103re\u0219te p\u0103strarea spa\u021biului ca zon\u0103 verde \u0219i de sport pentru comunitate.<\/p>\n<p>Evenimentul este organizat de Grupul de Ini\u021biativ\u0103 Civic\u0103 Ciarda Ro\u0219ie, \u00een parteneriat cu Scoala Gimnaziala nr. 20 Timisoara, \u0219i reune\u0219te copii de la mai multe unit\u0103\u021bi de \u00eenv\u0103\u021b\u0103m\u00e2nt: Gr\u0103dini\u021ba PP nr. 8, Gr\u0103dini\u021ba Madagascar Kids Club \u0219i Gr\u0103dini\u021ba Piticilor din Vest. Organizatorii estimeaz\u0103 participarea a peste 300 de copii, \u00eenso\u021bi\u021bi de cadre didactice, voluntari \u0219i sus\u021bin\u0103tori din cartier.<\/p>\n<p>Pentru buna desf\u0103\u0219urare a competi\u021biei, traficul rutier pe strada Theodor Pallady va fi restric\u021bionat \u00eentre orele 9:30 \u0219i 12:00, \u00een baza avizului emis de Primaria Municipiului Timisoara. Traseul va fi delimitat \u0219i supravegheat de voluntari, pentru siguran\u021ba participan\u021bilor.<\/p>\n<p>Ini\u021biativa reflect\u0103 implicarea comunit\u0103\u021bii locale \u00een promovarea unui stil de via\u021b\u0103 activ \u0219i \u00een protejarea spa\u021biilor dedicate sportului \u0219i recreerii, \u00eentr-un ora\u0219 \u00een care astfel de proiecte devin tot mai relevante.<\/p>\n<\/div>\n<p>[analyse_source url=&#8221;https:\/\/orasul-timisoara.ro\/local-38237\/&#8221;]<\/p>\n","protected":false},"excerpt":{"rendered":"<p>[analyse_image type=&#8221;featured&#8221; src=&#8221;https:\/\/orasul-timisoara.ro\/wp-content\/uploads\/2026\/04\/Screenshot-2026-04-19-201901.jpg&#8221;] Evenimente in TimisoaraCopiii din Ciarda Ro\u0219ie alearg\u0103 pentru salvarea terenului M\u0103nu\u0219arul Evenimente in Timisoara Sport Local \u0218tiri Locale Copiii din Ciarda Ro\u0219ie alearg\u0103 pentru salvarea terenului M\u0103nu\u0219arul De c\u0103tre redactia &#8211; 19\/04\/2026 Facebook Twitter WhatsApp Linkedin ReddIt Email Imprimare Cartierul Ciarda Rosie devine, luni, 20 aprilie 2026, scena unui eveniment sportiv dedicat [&hellip;]<\/p>\n","protected":false},"author":1,"featured_media":0,"comment_status":"open","ping_status":"","sticky":false,"template":"","format":"standard","meta":{"footnotes":""},"categories":[89],"tags":[226,189],"class_list":["post-1895331","post","type-post","status-publish","format-standard","hentry","category-romania","tag-crawlmanager","tag-orasul-timisoara-ro"],"_links":{"self":[{"href":"https:\/\/analyse.optim.biz\/index.php?rest_route=\/wp\/v2\/posts\/1895331","targetHints":{"allow":["GET"]}}],"collection":[{"href":"https:\/\/analyse.optim.biz\/index.php?rest_route=\/wp\/v2\/posts"}],"about":[{"href":"https:\/\/analyse.optim.biz\/index.php?rest_route=\/wp\/v2\/types\/post"}],"author":[{"embeddable":true,"href":"https:\/\/analyse.optim.biz\/index.php?rest_route=\/wp\/v2\/users\/1"}],"replies":[{"embeddable":true,"href":"https:\/\/analyse.optim.biz\/index.php?rest_route=%2Fwp%2Fv2%2Fcomments&post=1895331"}],"version-history":[{"count":0,"href":"https:\/\/analyse.optim.biz\/index.php?rest_route=\/wp\/v2\/posts\/1895331\/revisions"}],"wp:attachment":[{"href":"https:\/\/analyse.optim.biz\/index.php?rest_route=%2Fwp%2Fv2%2Fmedia&parent=1895331"}],"wp:term":[{"taxonomy":"category","embeddable":true,"href":"https:\/\/analyse.optim.biz\/index.php?rest_route=%2Fwp%2Fv2%2Fcategories&post=1895331"},{"taxonomy":"post_tag","embeddable":true,"href":"https:\/\/analyse.optim.biz\/index.php?rest_route=%2Fwp%2Fv2%2Ftags&post=1895331"}],"curies":[{"name":"wp","href":"https:\/\/api.w.org\/{rel}","templated":true}]}}