{"id":1895095,"date":"2026-04-21T07:45:38","date_gmt":"2026-04-21T04:45:38","guid":{"rendered":"https:\/\/analyse.optim.biz\/?p=1895095"},"modified":"2026-04-21T07:45:38","modified_gmt":"2026-04-21T04:45:38","slug":"frumusetea-pisicii-din-romania-care-continua-sa-cucereasca-lumea-kira-kiralina-vedeta-felisei-bucovina-devine-scandinavian-winner-2026","status":"publish","type":"post","link":"https:\/\/analyse.optim.biz\/?p=1895095","title":{"rendered":"Frumuse\u021bea pisicii din Rom\u00e2nia care continu\u0103 s\u0103 cucereasc\u0103 lumea: Kira Kiralina, vedeta Felisei Bucovina, devine Scandinavian Winner 2026"},"content":{"rendered":"<p>[analyse_image type=&#8221;featured&#8221; src=&#8221;https:\/\/www.newsbucovina.ro\/wp-content\/uploads\/2026\/04\/Kira-Kiralina-Campioana-Europeana-2026.jpg-1.jpeghttps:\/\/cdn.newsbucovina.ro\/wp-content\/uploads\/2026\/04\/Kira-Kiralina-Campioana-Europeana-2026.jpg-1.jpeg&#8221;]<\/p>\n<div class=\"td-post-content tagdiv-type\">\n<div class=\"td-a-rec td-a-rec-id-content_top  tdi_3 td_block_template_1\"><strong>Intr\u0103 acum \u0219i \u00een grupul de <\/p>\n<div class=\"wp-block-button\"><a class=\"wp-block-button__link wp-element-button\" href=\"https:\/\/t.me\/+TH8wcfnp8fw5NWI0\">Telegram News Bucovina<\/a><\/div>\n<p><\/strong><\/div>\n<p>Kira Kiralina, vedeta Felisei Bucovina \u0219i una dintre cele mai titrate pisici de ras\u0103 din Rom\u00e2nia, continu\u0103 s\u0103 uimeasc\u0103 lumea felin\u0103 interna\u021bional\u0103. Dup\u0103 ce \u00een 2025 a fost desemnat\u0103 <strong>cea mai frumoas\u0103 pisic\u0103 din lume<\/strong> \u0219i a devenit Campioan\u0103 Mondial\u0103 FIFe, \u00eenceputul anului 2026 o g\u0103se\u0219te din nou pe cele mai \u00eenalte trepte ale podiumului.<\/p>\n<figure class=\"wp-block-gallery has-nested-images columns-default is-cropped wp-block-gallery-1 is-layout-flex wp-block-gallery-is-layout-flex\">\n<figure class=\"wp-block-image size-large\"><a href=\"https:\/\/cdn.newsbucovina.ro\/wp-content\/uploads\/2026\/04\/Kira-Kiralina-Campioana-Europeana-2026.jpg.jpeg\"><img loading=\"lazy\" decoding=\"async\" width=\"1024\" height=\"705\" data-id=\"436643\" src=\"https:\/\/cdn.newsbucovina.ro\/wp-content\/uploads\/2026\/04\/Kira-Kiralina-Campioana-Europeana-2026.jpg-1024x705.jpeg\" alt class=\"wp-image-436643\"><\/a><\/figure>\n<figure class=\"wp-block-image size-large\"><a href=\"https:\/\/cdn.newsbucovina.ro\/wp-content\/uploads\/2026\/04\/Kira-Kiralina-Campioana-Mondiala-2025.jpg.jpeg\"><img loading=\"lazy\" decoding=\"async\" width=\"1024\" height=\"683\" data-id=\"436644\" src=\"https:\/\/cdn.newsbucovina.ro\/wp-content\/uploads\/2026\/04\/Kira-Kiralina-Campioana-Mondiala-2025.jpg-1024x683.jpeg\" alt class=\"wp-image-436644\"><\/a><\/figure>\n<figure class=\"wp-block-image size-large\"><a href=\"https:\/\/cdn.newsbucovina.ro\/wp-content\/uploads\/2026\/04\/Kira-Kiralina-Ursoaica-de-Bucovina.jpeg\"><img loading=\"lazy\" decoding=\"async\" width=\"683\" height=\"1024\" data-id=\"436642\" src=\"https:\/\/cdn.newsbucovina.ro\/wp-content\/uploads\/2026\/04\/Kira-Kiralina-Ursoaica-de-Bucovina-683x1024.jpeg\" alt class=\"wp-image-436642\"><\/a><\/figure>\n<\/figure>\n<p>\u00cen februarie, la competi\u021bia din Austria, Kira Kiralina a c\u00e2\u0219tigat titlul de <strong>Central European Winner 2026<\/strong>. Weekendul trecut, \u00een Danemarca, \u0219i-a reconfirmat suprema\u021bia la cel mai \u00eenalt nivel european, devenind <strong>FIFe Scandinavian Winner 2026<\/strong> \u2013 unul dintre cele mai prestigioase \u0219i mai dificile titluri din Europa.<\/p>\n<p>Competi\u021bia a reunit <strong>798 de pisici<\/strong>, dintre care <strong>212<\/strong> doar \u00een categoria ei, iar standardele scandinave sunt recunoscute ca fiind printre cele mai exigente din lume, datorit\u0103 tradi\u021biei de peste 100 de ani \u00een selec\u021bia \u0219i cre\u0219terea felinelor.<\/p>\n<p>Supranumit\u0103 \u0219i \u201eursoaica de Bucovina\u201d, Kira Kiralina este n\u0103scut\u0103 la Ia\u0219i \u0219i reprezint\u0103 cu m\u00e2ndrie excelen\u021ba cresc\u0103torilor rom\u00e2ni. Performan\u021bele sale din ultimul an \u0219i jum\u0103tate demonstreaz\u0103 c\u0103, \u00een doar dou\u0103 decenii, Rom\u00e2nia a ajuns la un nivel de competi\u021bie care atrage admira\u021bia \u00eentregii comunit\u0103\u021bi interna\u021bionale a iubitorilor de pisici.<\/p>\n<p>Ie\u0219enii vor avea ocazia s\u0103 o admire pe Kira Kiralina pe <strong>17 mai 2026<\/strong>, la Moldova Mall din Ia\u0219i, \u00eentr-un turneu special de prezentare al\u0103turi de alte pisici rom\u00e2ne\u0219ti de top, din rase diferite, care \u0219i-au afirmat frumuse\u021bea \u00een competi\u021biile interna\u021bionale.<\/p>\n<figure class=\"wp-block-embed is-type-video is-provider-youtube wp-block-embed-youtube wp-embed-aspect-16-9 wp-has-aspect-ratio\">\n<div class=\"wp-block-embed__wrapper\">\n<div class=\"youtube-embed\" data-video_id=\"9_OWzkg4Pxg\"><iframe loading=\"lazy\" title=\"Cum Transformi o r\u00e2p\u0103 \u00een Raiul b\u0103rba\u021bilor - CE AR FI S\u0102 ... bei bere afumat\u0103 ..cu gust de afine?\" width=\"696\" height=\"392\" src=\"https:\/\/www.youtube.com\/embed\/9_OWzkg4Pxg?start=2&amp;feature=oembed\" frameborder allow=\"accelerometer; autoplay; clipboard-write; encrypted-media; gyroscope; picture-in-picture; web-share\" referrerpolicy=\"strict-origin-when-cross-origin\" allowfullscreen><\/iframe><\/div>\n<\/div>\n<\/figure>\n<div class=\"td-a-rec td-a-rec-id-content_bottom  tdi_4 td_block_template_1\"><strong>Intr\u0103 acum \u0219i \u00een grupul de <\/p>\n<div class=\"wp-block-button\"><a class=\"wp-block-button__link wp-element-button\" href=\"https:\/\/t.me\/+TH8wcfnp8fw5NWI0\">Telegram News Bucovina<\/a><\/div>\n<p><\/strong><\/div>\n<\/div>\n<div class=\"td-post-content tagdiv-type\">\n<div class=\"td-a-rec td-a-rec-id-content_top  tdi_3 td_block_template_1\"><strong>Intr\u0103 acum \u0219i \u00een grupul de <\/p>\n<div class=\"wp-block-button\"><a class=\"wp-block-button__link wp-element-button\" href=\"https:\/\/t.me\/+TH8wcfnp8fw5NWI0\">Telegram News Bucovina<\/a><\/div>\n<p><\/strong><\/div>\n<p>Kira Kiralina, vedeta Felisei Bucovina \u0219i una dintre cele mai titrate pisici de ras\u0103 din Rom\u00e2nia, continu\u0103 s\u0103 uimeasc\u0103 lumea felin\u0103 interna\u021bional\u0103. Dup\u0103 ce \u00een 2025 a fost desemnat\u0103 <strong>cea mai frumoas\u0103 pisic\u0103 din lume<\/strong> \u0219i a devenit Campioan\u0103 Mondial\u0103 FIFe, \u00eenceputul anului 2026 o g\u0103se\u0219te din nou pe cele mai \u00eenalte trepte ale podiumului.<\/p>\n<figure class=\"wp-block-gallery has-nested-images columns-default is-cropped wp-block-gallery-1 is-layout-flex wp-block-gallery-is-layout-flex\">\n<figure class=\"wp-block-image size-large\"><a href=\"https:\/\/cdn.newsbucovina.ro\/wp-content\/uploads\/2026\/04\/Kira-Kiralina-Campioana-Europeana-2026.jpg.jpeg\"><img loading=\"lazy\" decoding=\"async\" width=\"1024\" height=\"705\" data-id=\"436643\" src=\"https:\/\/cdn.newsbucovina.ro\/wp-content\/uploads\/2026\/04\/Kira-Kiralina-Campioana-Europeana-2026.jpg-1024x705.jpeg\" alt class=\"wp-image-436643\"><\/a><\/figure>\n<figure class=\"wp-block-image size-large\"><a href=\"https:\/\/cdn.newsbucovina.ro\/wp-content\/uploads\/2026\/04\/Kira-Kiralina-Campioana-Mondiala-2025.jpg.jpeg\"><img loading=\"lazy\" decoding=\"async\" width=\"1024\" height=\"683\" data-id=\"436644\" src=\"https:\/\/cdn.newsbucovina.ro\/wp-content\/uploads\/2026\/04\/Kira-Kiralina-Campioana-Mondiala-2025.jpg-1024x683.jpeg\" alt class=\"wp-image-436644\"><\/a><\/figure>\n<figure class=\"wp-block-image size-large\"><a href=\"https:\/\/cdn.newsbucovina.ro\/wp-content\/uploads\/2026\/04\/Kira-Kiralina-Ursoaica-de-Bucovina.jpeg\"><img loading=\"lazy\" decoding=\"async\" width=\"683\" height=\"1024\" data-id=\"436642\" src=\"https:\/\/cdn.newsbucovina.ro\/wp-content\/uploads\/2026\/04\/Kira-Kiralina-Ursoaica-de-Bucovina-683x1024.jpeg\" alt class=\"wp-image-436642\"><\/a><\/figure>\n<\/figure>\n<p>\u00cen februarie, la competi\u021bia din Austria, Kira Kiralina a c\u00e2\u0219tigat titlul de <strong>Central European Winner 2026<\/strong>. Weekendul trecut, \u00een Danemarca, \u0219i-a reconfirmat suprema\u021bia la cel mai \u00eenalt nivel european, devenind <strong>FIFe Scandinavian Winner 2026<\/strong> \u2013 unul dintre cele mai prestigioase \u0219i mai dificile titluri din Europa.<\/p>\n<p>Competi\u021bia a reunit <strong>798 de pisici<\/strong>, dintre care <strong>212<\/strong> doar \u00een categoria ei, iar standardele scandinave sunt recunoscute ca fiind printre cele mai exigente din lume, datorit\u0103 tradi\u021biei de peste 100 de ani \u00een selec\u021bia \u0219i cre\u0219terea felinelor.<\/p>\n<p>Supranumit\u0103 \u0219i \u201eursoaica de Bucovina\u201d, Kira Kiralina este n\u0103scut\u0103 la Ia\u0219i \u0219i reprezint\u0103 cu m\u00e2ndrie excelen\u021ba cresc\u0103torilor rom\u00e2ni. Performan\u021bele sale din ultimul an \u0219i jum\u0103tate demonstreaz\u0103 c\u0103, \u00een doar dou\u0103 decenii, Rom\u00e2nia a ajuns la un nivel de competi\u021bie care atrage admira\u021bia \u00eentregii comunit\u0103\u021bi interna\u021bionale a iubitorilor de pisici.<\/p>\n<p>Ie\u0219enii vor avea ocazia s\u0103 o admire pe Kira Kiralina pe <strong>17 mai 2026<\/strong>, la Moldova Mall din Ia\u0219i, \u00eentr-un turneu special de prezentare al\u0103turi de alte pisici rom\u00e2ne\u0219ti de top, din rase diferite, care \u0219i-au afirmat frumuse\u021bea \u00een competi\u021biile interna\u021bionale.<\/p>\n<figure class=\"wp-block-embed is-type-video is-provider-youtube wp-block-embed-youtube wp-embed-aspect-16-9 wp-has-aspect-ratio\">\n<div class=\"wp-block-embed__wrapper\">\n<div class=\"youtube-embed\" data-video_id=\"9_OWzkg4Pxg\"><iframe loading=\"lazy\" title=\"Cum Transformi o r\u00e2p\u0103 \u00een Raiul b\u0103rba\u021bilor - CE AR FI S\u0102 ... bei bere afumat\u0103 ..cu gust de afine?\" width=\"696\" height=\"392\" src=\"https:\/\/www.youtube.com\/embed\/9_OWzkg4Pxg?start=2&amp;feature=oembed\" frameborder allow=\"accelerometer; autoplay; clipboard-write; encrypted-media; gyroscope; picture-in-picture; web-share\" referrerpolicy=\"strict-origin-when-cross-origin\" allowfullscreen><\/iframe><\/div>\n<\/div>\n<\/figure>\n<div class=\"td-a-rec td-a-rec-id-content_bottom  tdi_4 td_block_template_1\"><strong>Intr\u0103 acum \u0219i \u00een grupul de <\/p>\n<div class=\"wp-block-button\"><a class=\"wp-block-button__link wp-element-button\" href=\"https:\/\/t.me\/+TH8wcfnp8fw5NWI0\">Telegram News Bucovina<\/a><\/div>\n<p><\/strong><\/div>\n<\/div>\n<p>[analyse_source url=&#8221;https:\/\/www.newsbucovina.ro\/monden\/436641\/frumusetea-pisicii-din-romania-care-continua-sa-cucereasca-lumea-kira-kiralina-vedeta-felisei-bucovina-devine-scandinavian-winner-2026&#8243;]<\/p>\n","protected":false},"excerpt":{"rendered":"<p>[analyse_image type=&#8221;featured&#8221; src=&#8221;https:\/\/www.newsbucovina.ro\/wp-content\/uploads\/2026\/04\/Kira-Kiralina-Campioana-Europeana-2026.jpg-1.jpeghttps:\/\/cdn.newsbucovina.ro\/wp-content\/uploads\/2026\/04\/Kira-Kiralina-Campioana-Europeana-2026.jpg-1.jpeg&#8221;] Intr\u0103 acum \u0219i \u00een grupul de Telegram News Bucovina Kira Kiralina, vedeta Felisei Bucovina \u0219i una dintre cele mai titrate pisici de ras\u0103 din Rom\u00e2nia, continu\u0103 s\u0103 uimeasc\u0103 lumea felin\u0103 interna\u021bional\u0103. Dup\u0103 ce \u00een 2025 a fost desemnat\u0103 cea mai frumoas\u0103 pisic\u0103 din lume \u0219i a devenit Campioan\u0103 Mondial\u0103 FIFe, \u00eenceputul anului [&hellip;]<\/p>\n","protected":false},"author":1,"featured_media":0,"comment_status":"open","ping_status":"","sticky":false,"template":"","format":"standard","meta":{"footnotes":""},"categories":[89],"tags":[226,165],"class_list":["post-1895095","post","type-post","status-publish","format-standard","hentry","category-romania","tag-crawlmanager","tag-newsbucovina-ro"],"_links":{"self":[{"href":"https:\/\/analyse.optim.biz\/index.php?rest_route=\/wp\/v2\/posts\/1895095","targetHints":{"allow":["GET"]}}],"collection":[{"href":"https:\/\/analyse.optim.biz\/index.php?rest_route=\/wp\/v2\/posts"}],"about":[{"href":"https:\/\/analyse.optim.biz\/index.php?rest_route=\/wp\/v2\/types\/post"}],"author":[{"embeddable":true,"href":"https:\/\/analyse.optim.biz\/index.php?rest_route=\/wp\/v2\/users\/1"}],"replies":[{"embeddable":true,"href":"https:\/\/analyse.optim.biz\/index.php?rest_route=%2Fwp%2Fv2%2Fcomments&post=1895095"}],"version-history":[{"count":0,"href":"https:\/\/analyse.optim.biz\/index.php?rest_route=\/wp\/v2\/posts\/1895095\/revisions"}],"wp:attachment":[{"href":"https:\/\/analyse.optim.biz\/index.php?rest_route=%2Fwp%2Fv2%2Fmedia&parent=1895095"}],"wp:term":[{"taxonomy":"category","embeddable":true,"href":"https:\/\/analyse.optim.biz\/index.php?rest_route=%2Fwp%2Fv2%2Fcategories&post=1895095"},{"taxonomy":"post_tag","embeddable":true,"href":"https:\/\/analyse.optim.biz\/index.php?rest_route=%2Fwp%2Fv2%2Ftags&post=1895095"}],"curies":[{"name":"wp","href":"https:\/\/api.w.org\/{rel}","templated":true}]}}