{"id":1894874,"date":"2026-04-21T12:34:10","date_gmt":"2026-04-21T09:34:10","guid":{"rendered":"https:\/\/analyse.optim.biz\/?p=1894874"},"modified":"2026-04-21T12:34:10","modified_gmt":"2026-04-21T09:34:10","slug":"lacrimi-si-regrete-pentru-ivanoiu-florin-liviu-tanarul-politist-din-tulcea-care-s-a-impuscat","status":"publish","type":"post","link":"https:\/\/analyse.optim.biz\/?p=1894874","title":{"rendered":"Lacrimi \u0219i regrete pentru Iv\u0103noiu Florin Liviu, t\u00e2n\u0103rul poli\u021bist din Tulcea care s-a \u00eempu\u0219cat"},"content":{"rendered":"<p>[analyse_image type=&#8221;featured&#8221; src=&#8221;https:\/\/dobrogeanews.b-cdn.net\/wp-content\/uploads\/2026\/04\/Ivanoiu-Florin-Liviu.jpg&#8221;]<\/p>\n<div id=\"post-70120\" class=\"entry single-default post-70120 post type-post status-publish format-standard has-post-thumbnail hentry category-info\">\n<div>\n<div class=\"ss-follow-wrapper ss-clearfix ss-regular-buttons ss-columns-1 ss-default-style\">\n<div class=\"ss-follow-column\" data-ss-sf-network-id='\"facebook\"'><a href=\"https:\/\/www.facebook.com\/dobrogeanews\" class=\"ss-follow-network ss-facebook-color\" rel=\"nofollow noopener\" aria-label=\"facebook\" target=\"_blank\"><span class=\"ss-follow-network-label\">Urm\u0103re\u015fte-ne \u015fi pe Facebook!<\/span><span class=\"ss-follow-network-count\"><span class=\"ss-follow-network-count-number\">57K<\/span><span class=\"ss-follow-network-count-label\">Followers<\/span><\/span><\/a><\/div>\n<\/div>\n<\/div>\n<p>Inspectoratul de Poli\u021bie Jude\u021bean Tulcea \u00ee\u0219i exprim\u0103 regretul pentru pierderea la netimp a (prea) t\u00e2n\u0103rului coleg, agent de poli\u021bie Iv\u0103noiu Florin Liviu.<\/p>\n<figure class=\"wp-block-image size-full is-resized\">\n<source type=\"image\/webp\" data-lazy-srcset=\"https:\/\/dobrogeanews.b-cdn.net\/wp-content\/uploads\/2026\/04\/Ivanoiu-Florin-Liviu.jpg.webp 2560w, https:\/\/dobrogeanews.b-cdn.net\/wp-content\/uploads\/2026\/04\/Ivanoiu-Florin-Liviu-300x246.jpg.webp 300w, https:\/\/dobrogeanews.b-cdn.net\/wp-content\/uploads\/2026\/04\/Ivanoiu-Florin-Liviu-1024x840.jpg.webp 1024w, https:\/\/dobrogeanews.b-cdn.net\/wp-content\/uploads\/2026\/04\/Ivanoiu-Florin-Liviu-768x630.jpg.webp 768w, https:\/\/dobrogeanews.b-cdn.net\/wp-content\/uploads\/2026\/04\/Ivanoiu-Florin-Liviu-1536x1260.jpg.webp 1536w, https:\/\/dobrogeanews.b-cdn.net\/wp-content\/uploads\/2026\/04\/Ivanoiu-Florin-Liviu-2048x1680.jpg.webp 2048w\" sizes=\"(max-width: 640px) 100vw, 640px\" \/><br \/>\n<img loading=\"lazy\" decoding=\"async\" src=\"https:\/\/dobrogeanews.b-cdn.net\/wp-content\/uploads\/2026\/04\/Ivanoiu-Florin-Liviu.jpg\" alt=\"Iv\u0103noiu Florin Liviu t\u00e2n\u0103rul poli\u021bist din Tulcea care s a \u00eempu\u0219cat\" width=\"640\" height=\"525\"><\/figure>\n<p>\u201eCu profund regret, Inspectoratul de Poli\u021bie Jude\u021bean Tulcea anun\u021b\u0103 trecerea \u00een nefiin\u021b\u0103 a colegului nostru, <a href=\"https:\/\/www.dobrogeanews.ro\/un-tanar-politist-din-tulcea-s-a-impuscat-mortal-la-marginea-orasului\/\" title=\"\">agent de poli\u021bie Iv\u0103noiu Florin Liviu<\/a>.<\/p>\n<p>Prea devreme, am pierdut un coleg t\u00e2n\u0103r, aflat la \u00eenceput de drum. Amintirea lui va r\u0103m\u00e2ne vie \u00een sufletele noastre. \u00cen aceste momente grele, suntem al\u0103turi de familia \u00eendurerat\u0103 \u0219i de to\u021bi cei care l-au cunoscut.<\/p>\n<p><strong>Dumnezeu s\u0103-l odihneasc\u0103 \u00een pace!<\/strong>\u201d (IPJ Tulcea)<\/p>\n<div class=\"monsterinsights-inline-popular-posts monsterinsights-inline-popular-posts-charlie monsterinsights-popular-posts-styled\">\n<div class=\"monsterinsights-inline-popular-posts-text\"><span class=\"monsterinsights-inline-popular-posts-label\">Vezi \u0219i:<\/span><\/p>\n<div class=\"monsterinsights-inline-popular-posts-post\"><a class=\"monsterinsights-inline-popular-posts-title\" href=\"https:\/\/www.dobrogeanews.ro\/la-babadag-eleviii-continua-sa-primeasca-pachetele-alimentare-prin-programul-national-masa-sanatoasa\/\">La Babadag, elevii continu\u0103 s\u0103 primeasc\u0103 pachetele alimentare prin Programul Na\u021bional \u201eMas\u0103 s\u0103n\u0103toas\u0103\u201d<\/a><\/div>\n<div class=\"monsterinsights-inline-popular-posts-post\"><a class=\"monsterinsights-inline-popular-posts-title\" href=\"https:\/\/www.dobrogeanews.ro\/video-primarul-stefan-ilie-raspunde-intrebarilor-privind-reabilitarea-strazilor-din-municipiul-tulcea\/\">(Video) Primarul \u0218tefan Ilie, r\u0103spunde \u00eentreb\u0103rilor privind reabilitarea Str\u0103zilor din Municipiul Tulcea<\/a><\/div>\n<div class=\"monsterinsights-inline-popular-posts-post\"><a class=\"monsterinsights-inline-popular-posts-title\" href=\"https:\/\/www.dobrogeanews.ro\/impozitul-pe-imobile-2026-in-municipiul-tulcea-pe-intelesul-tuturor-cine-benefiaza-de-reduceri-informatii-detaliate\/\">Impozitul pe imobile\/2026 \u00een Municipiul Tulcea, pe \u00een\u021belesul tuturor. Cine benefiaz\u0103 de reduceri. Informa\u021bii detaliate<\/a><\/div>\n<\/div>\n<\/div>\n<p class=\"has-text-align-center has-white-color has-text-color has-background\"><span><a href=\"https:\/\/news.google.com\/publications\/CAAqBwgKMIu5pgsw88O-Aw?ceid=RO:ro&amp;oc=3\">Urm\u0103ri\u0163i \u015etirile Dobrogeanews \u015fi pe Google News<\/a><\/span><\/p>\n<\/div>\n<div id=\"post-70120\" class=\"entry single-default post-70120 post type-post status-publish format-standard has-post-thumbnail hentry category-info\">\n<div>\n<div class=\"ss-follow-wrapper ss-clearfix ss-regular-buttons ss-columns-1 ss-default-style\">\n<div class=\"ss-follow-column\" data-ss-sf-network-id='\"facebook\"'><a href=\"https:\/\/www.facebook.com\/dobrogeanews\" class=\"ss-follow-network ss-facebook-color\" rel=\"nofollow noopener\" aria-label=\"facebook\" target=\"_blank\"><span class=\"ss-follow-network-label\">Urm\u0103re\u015fte-ne \u015fi pe Facebook!<\/span><span class=\"ss-follow-network-count\"><span class=\"ss-follow-network-count-number\">57K<\/span><span class=\"ss-follow-network-count-label\">Followers<\/span><\/span><\/a><\/div>\n<\/div>\n<\/div>\n<p>Inspectoratul de Poli\u021bie Jude\u021bean Tulcea \u00ee\u0219i exprim\u0103 regretul pentru pierderea la netimp a (prea) t\u00e2n\u0103rului coleg, agent de poli\u021bie Iv\u0103noiu Florin Liviu.<\/p>\n<figure class=\"wp-block-image size-full is-resized\">\n<source type=\"image\/webp\" data-lazy-srcset=\"https:\/\/dobrogeanews.b-cdn.net\/wp-content\/uploads\/2026\/04\/Ivanoiu-Florin-Liviu.jpg.webp 2560w, https:\/\/dobrogeanews.b-cdn.net\/wp-content\/uploads\/2026\/04\/Ivanoiu-Florin-Liviu-300x246.jpg.webp 300w, https:\/\/dobrogeanews.b-cdn.net\/wp-content\/uploads\/2026\/04\/Ivanoiu-Florin-Liviu-1024x840.jpg.webp 1024w, https:\/\/dobrogeanews.b-cdn.net\/wp-content\/uploads\/2026\/04\/Ivanoiu-Florin-Liviu-768x630.jpg.webp 768w, https:\/\/dobrogeanews.b-cdn.net\/wp-content\/uploads\/2026\/04\/Ivanoiu-Florin-Liviu-1536x1260.jpg.webp 1536w, https:\/\/dobrogeanews.b-cdn.net\/wp-content\/uploads\/2026\/04\/Ivanoiu-Florin-Liviu-2048x1680.jpg.webp 2048w\" sizes=\"(max-width: 640px) 100vw, 640px\" \/><br \/>\n<img loading=\"lazy\" decoding=\"async\" src=\"https:\/\/dobrogeanews.b-cdn.net\/wp-content\/uploads\/2026\/04\/Ivanoiu-Florin-Liviu.jpg\" alt=\"Iv\u0103noiu Florin Liviu t\u00e2n\u0103rul poli\u021bist din Tulcea care s a \u00eempu\u0219cat\" width=\"640\" height=\"525\"><\/figure>\n<p>\u201eCu profund regret, Inspectoratul de Poli\u021bie Jude\u021bean Tulcea anun\u021b\u0103 trecerea \u00een nefiin\u021b\u0103 a colegului nostru, <a href=\"https:\/\/www.dobrogeanews.ro\/un-tanar-politist-din-tulcea-s-a-impuscat-mortal-la-marginea-orasului\/\" title=\"\">agent de poli\u021bie Iv\u0103noiu Florin Liviu<\/a>.<\/p>\n<p>Prea devreme, am pierdut un coleg t\u00e2n\u0103r, aflat la \u00eenceput de drum. Amintirea lui va r\u0103m\u00e2ne vie \u00een sufletele noastre. \u00cen aceste momente grele, suntem al\u0103turi de familia \u00eendurerat\u0103 \u0219i de to\u021bi cei care l-au cunoscut.<\/p>\n<p><strong>Dumnezeu s\u0103-l odihneasc\u0103 \u00een pace!<\/strong>\u201d (IPJ Tulcea)<\/p>\n<div class=\"monsterinsights-inline-popular-posts monsterinsights-inline-popular-posts-charlie monsterinsights-popular-posts-styled\">\n<div class=\"monsterinsights-inline-popular-posts-text\"><span class=\"monsterinsights-inline-popular-posts-label\">Vezi \u0219i:<\/span><\/p>\n<div class=\"monsterinsights-inline-popular-posts-post\"><a class=\"monsterinsights-inline-popular-posts-title\" href=\"https:\/\/www.dobrogeanews.ro\/la-babadag-eleviii-continua-sa-primeasca-pachetele-alimentare-prin-programul-national-masa-sanatoasa\/\">La Babadag, elevii continu\u0103 s\u0103 primeasc\u0103 pachetele alimentare prin Programul Na\u021bional \u201eMas\u0103 s\u0103n\u0103toas\u0103\u201d<\/a><\/div>\n<div class=\"monsterinsights-inline-popular-posts-post\"><a class=\"monsterinsights-inline-popular-posts-title\" href=\"https:\/\/www.dobrogeanews.ro\/video-primarul-stefan-ilie-raspunde-intrebarilor-privind-reabilitarea-strazilor-din-municipiul-tulcea\/\">(Video) Primarul \u0218tefan Ilie, r\u0103spunde \u00eentreb\u0103rilor privind reabilitarea Str\u0103zilor din Municipiul Tulcea<\/a><\/div>\n<div class=\"monsterinsights-inline-popular-posts-post\"><a class=\"monsterinsights-inline-popular-posts-title\" href=\"https:\/\/www.dobrogeanews.ro\/impozitul-pe-imobile-2026-in-municipiul-tulcea-pe-intelesul-tuturor-cine-benefiaza-de-reduceri-informatii-detaliate\/\">Impozitul pe imobile\/2026 \u00een Municipiul Tulcea, pe \u00een\u021belesul tuturor. Cine benefiaz\u0103 de reduceri. Informa\u021bii detaliate<\/a><\/div>\n<\/div>\n<\/div>\n<p class=\"has-text-align-center has-white-color has-text-color has-background\"><span><a href=\"https:\/\/news.google.com\/publications\/CAAqBwgKMIu5pgsw88O-Aw?ceid=RO:ro&amp;oc=3\">Urm\u0103ri\u0163i \u015etirile Dobrogeanews \u015fi pe Google News<\/a><\/span><\/p>\n<\/div>\n<p>[analyse_source url=&#8221;https:\/\/www.dobrogeanews.ro\/lacrimi-si-regrete-pentru-ivanoiu-florin-liviu-tanarul-politist-din-tulcea-care-s-a-impuscat\/&#8221;]<\/p>\n","protected":false},"excerpt":{"rendered":"<p>[analyse_image type=&#8221;featured&#8221; src=&#8221;https:\/\/dobrogeanews.b-cdn.net\/wp-content\/uploads\/2026\/04\/Ivanoiu-Florin-Liviu.jpg&#8221;] Urm\u0103re\u015fte-ne \u015fi pe Facebook!57KFollowers Inspectoratul de Poli\u021bie Jude\u021bean Tulcea \u00ee\u0219i exprim\u0103 regretul pentru pierderea la netimp a (prea) t\u00e2n\u0103rului coleg, agent de poli\u021bie Iv\u0103noiu Florin Liviu. \u201eCu profund regret, Inspectoratul de Poli\u021bie Jude\u021bean Tulcea anun\u021b\u0103 trecerea \u00een nefiin\u021b\u0103 a colegului nostru, agent de poli\u021bie Iv\u0103noiu Florin Liviu. Prea devreme, am pierdut un [&hellip;]<\/p>\n","protected":false},"author":1,"featured_media":0,"comment_status":"open","ping_status":"","sticky":false,"template":"","format":"standard","meta":{"footnotes":""},"categories":[89],"tags":[226,223],"class_list":["post-1894874","post","type-post","status-publish","format-standard","hentry","category-romania","tag-crawlmanager","tag-dobrogeanews-ro"],"_links":{"self":[{"href":"https:\/\/analyse.optim.biz\/index.php?rest_route=\/wp\/v2\/posts\/1894874","targetHints":{"allow":["GET"]}}],"collection":[{"href":"https:\/\/analyse.optim.biz\/index.php?rest_route=\/wp\/v2\/posts"}],"about":[{"href":"https:\/\/analyse.optim.biz\/index.php?rest_route=\/wp\/v2\/types\/post"}],"author":[{"embeddable":true,"href":"https:\/\/analyse.optim.biz\/index.php?rest_route=\/wp\/v2\/users\/1"}],"replies":[{"embeddable":true,"href":"https:\/\/analyse.optim.biz\/index.php?rest_route=%2Fwp%2Fv2%2Fcomments&post=1894874"}],"version-history":[{"count":0,"href":"https:\/\/analyse.optim.biz\/index.php?rest_route=\/wp\/v2\/posts\/1894874\/revisions"}],"wp:attachment":[{"href":"https:\/\/analyse.optim.biz\/index.php?rest_route=%2Fwp%2Fv2%2Fmedia&parent=1894874"}],"wp:term":[{"taxonomy":"category","embeddable":true,"href":"https:\/\/analyse.optim.biz\/index.php?rest_route=%2Fwp%2Fv2%2Fcategories&post=1894874"},{"taxonomy":"post_tag","embeddable":true,"href":"https:\/\/analyse.optim.biz\/index.php?rest_route=%2Fwp%2Fv2%2Ftags&post=1894874"}],"curies":[{"name":"wp","href":"https:\/\/api.w.org\/{rel}","templated":true}]}}